{"id":50370,"date":"2011-08-29T13:02:52","date_gmt":"2011-08-29T12:02:52","guid":{"rendered":"http:\/\/www.visit-ulcinj.com\/blog\/?p=50370"},"modified":"2011-08-30T13:39:15","modified_gmt":"2011-08-30T12:39:15","slug":"mesazhe-urimi-te-kryetarit-te-ulqinit-gezim-hajdinagaurime-festa-e-fiter-bajramit","status":"publish","type":"post","link":"https:\/\/www.visit-ulcinj.com\/blog\/2011\/08\/29\/mesazhe-urimi-te-kryetarit-te-ulqinit-gezim-hajdinagaurime-festa-e-fiter-bajramit\/","title":{"rendered":"Mesazhe urimi t\u00eb kryetarit t\u00eb Ulqinit G\u00ebzim Hajdinaga;Urime festa e Fit\u00ebr Bajramit"},"content":{"rendered":"<p><a href=\"http:\/\/www.visit-ulcinj.com\/blog\/wp-content\/uploads\/2011\/08\/Urime-Fiter-Bajrami-nga-Gezim-Hajdinaga.jpg\"><img loading=\"lazy\" class=\"alignleft size-full wp-image-50371\" title=\"Urime-Fiter-Bajrami-nga-Gezim-Hajdinaga\" src=\"http:\/\/www.visit-ulcinj.com\/blog\/wp-content\/uploads\/2011\/08\/Urime-Fiter-Bajrami-nga-Gezim-Hajdinaga.jpg\" alt=\"\" width=\"508\" height=\"380\" \/><\/a>Kryetari i Komun\u00ebs s\u00eb Ulqinit z. G\u00ebzim Hajdinaga t\u00eb gjith\u00eb besimtar\u00ebve musliman ua uron fest\u00ebn e Fit\u00ebr Bajramit.<\/p>\n<p>N\u00eb urimin e tij nd\u00ebr t\u00eb tjera thuhet:<\/p>\n<p>N\u00eb k\u00ebto momente t\u00eb fest\u00ebs e t\u00eb g\u00ebzimit p\u00ebr ju dhe familjet tuaja pas nj\u00eb muaji t\u00eb p\u00ebrkushtimit, agj\u00ebriit dhe respektimit t\u00eb besimit,\u00a0 d\u00ebshiroj t\u00eb jem pran\u00eb gjith\u00ebve ju me urimiet m\u00eb t\u00eb ngrohta e t\u00eb p\u00ebrzem\u00ebrta!<\/p>\n<p>G\u00ebzuar fest\u00ebn e Fit\u00ebr Bajramit! Uroj q\u00eb paqa, mir\u00ebkuptimi dhe toleranca gjith\u00ebnje t\u00eb p\u00ebrcjellin familjet tuaja, Zoti ju dh\u00ebnt\u00eb forc\u00eb dhe sh\u00ebndet, fat e begati n\u00eb familje!<\/p>\n<p>Sinqerisht i juaji,<\/p>\n<p>G\u00ebzim Hajdinaga<\/p>\n<p>Kryetari Hajdinaga ka p\u00ebrg\u00ebzuar me rastin e fest\u00ebs dhe reisin e Bashk\u00ebsis\u00eb Islame n\u00eb Mal t\u00eb Zi Rifat ef. Fejziq.<\/p>\n<h3>Municipality of Ulcinj \/ Ulqin<br \/>\nArsllan Hajdinaga<\/h3>\n","protected":false},"excerpt":{"rendered":"<p>Kryetari i Komun\u00ebs s\u00eb Ulqinit z. G\u00ebzim Hajdinaga t\u00eb gjith\u00eb besimtar\u00ebve musliman ua uron fest\u00ebn e Fit\u00ebr Bajramit. N\u00eb urimin e tij nd\u00ebr t\u00eb tjera thuhet: N\u00eb k\u00ebto momente t\u00eb fest\u00ebs e t\u00eb g\u00ebzimit p\u00ebr ju dhe familjet tuaja pas nj\u00eb muaji t\u00eb p\u00ebrkushtimit, agj\u00ebriit dhe respektimit t\u00eb besimit,\u00a0 d\u00ebshiroj t\u00eb jem pran\u00eb gjith\u00ebve ju [&hellip;]<\/p>\n","protected":false},"author":1,"featured_media":0,"comment_status":"open","ping_status":"closed","sticky":false,"template":"","format":"standard","meta":{"spay_email":"","jetpack_publicize_message":"","jetpack_is_tweetstorm":false,"jetpack_publicize_feature_enabled":true},"categories":[4],"tags":[2611,200,18,12464],"jetpack_publicize_connections":[],"yoast_head":"<!-- This site is optimized with the Yoast SEO plugin v19.1 - https:\/\/yoast.com\/wordpress\/plugins\/seo\/ -->\n<title>Mesazhe urimi t\u00eb kryetarit t\u00eb Ulqinit G\u00ebzim Hajdinaga;Urime festa e Fit\u00ebr Bajramit - Lajme nga Ulqini<\/title>\n<meta name=\"description\" content=\"Kryetari i Komun\u00ebs s\u00eb Ulqinit z. G\u00ebzim Hajdinaga t\u00eb gjith\u00eb besimtar\u00ebve musliman ua uron fest\u00ebn e Fit\u00ebr Bajramit. N\u00eb urimin e tij nd\u00ebr t\u00eb tjera thuhet: N\u00eb\" \/>\n<meta name=\"robots\" content=\"index, follow, max-snippet:-1, max-image-preview:large, max-video-preview:-1\" \/>\n<link rel=\"canonical\" href=\"https:\/\/www.visit-ulcinj.com\/blog\/2011\/08\/29\/mesazhe-urimi-te-kryetarit-te-ulqinit-gezim-hajdinagaurime-festa-e-fiter-bajramit\/\" \/>\n<meta property=\"og:locale\" content=\"en_US\" \/>\n<meta property=\"og:type\" content=\"article\" \/>\n<meta property=\"og:title\" content=\"Mesazhe urimi t\u00eb kryetarit t\u00eb Ulqinit G\u00ebzim Hajdinaga;Urime festa e Fit\u00ebr Bajramit - Lajme nga Ulqini\" \/>\n<meta property=\"og:description\" content=\"Kryetari i Komun\u00ebs s\u00eb Ulqinit z. G\u00ebzim Hajdinaga t\u00eb gjith\u00eb besimtar\u00ebve musliman ua uron fest\u00ebn e Fit\u00ebr Bajramit. N\u00eb urimin e tij nd\u00ebr t\u00eb tjera thuhet: N\u00eb\" \/>\n<meta property=\"og:url\" content=\"https:\/\/www.visit-ulcinj.com\/blog\/2011\/08\/29\/mesazhe-urimi-te-kryetarit-te-ulqinit-gezim-hajdinagaurime-festa-e-fiter-bajramit\/\" \/>\n<meta property=\"og:site_name\" content=\"Lajme nga Ulqini\" \/>\n<meta property=\"article:published_time\" content=\"2011-08-29T12:02:52+00:00\" \/>\n<meta property=\"article:modified_time\" content=\"2011-08-30T12:39:15+00:00\" \/>\n<meta property=\"og:image\" content=\"http:\/\/www.visit-ulcinj.com\/blog\/wp-content\/uploads\/2011\/08\/Urime-Fiter-Bajrami-nga-Gezim-Hajdinaga.jpg\" \/>\n<meta name=\"twitter:label1\" content=\"Written by\" \/>\n\t<meta name=\"twitter:data1\" content=\"ulqini\" \/>\n\t<meta name=\"twitter:label2\" content=\"Est. reading time\" \/>\n\t<meta name=\"twitter:data2\" content=\"1 minute\" \/>\n<script type=\"application\/ld+json\" class=\"yoast-schema-graph\">{\"@context\":\"https:\/\/schema.org\",\"@graph\":[{\"@type\":\"WebSite\",\"@id\":\"https:\/\/www.visit-ulcinj.com\/blog\/#website\",\"url\":\"https:\/\/www.visit-ulcinj.com\/blog\/\",\"name\":\"Lajme nga Ulqini\",\"description\":\"Lajme,Vijesti,Ulqini,Ulqin,Crna Gora,Mali i Zi\",\"potentialAction\":[{\"@type\":\"SearchAction\",\"target\":{\"@type\":\"EntryPoint\",\"urlTemplate\":\"https:\/\/www.visit-ulcinj.com\/blog\/?s={search_term_string}\"},\"query-input\":\"required name=search_term_string\"}],\"inLanguage\":\"en-US\"},{\"@type\":\"ImageObject\",\"inLanguage\":\"en-US\",\"@id\":\"https:\/\/www.visit-ulcinj.com\/blog\/2011\/08\/29\/mesazhe-urimi-te-kryetarit-te-ulqinit-gezim-hajdinagaurime-festa-e-fiter-bajramit\/#primaryimage\",\"url\":\"https:\/\/www.visit-ulcinj.com\/blog\/wp-content\/uploads\/2011\/08\/Urime-Fiter-Bajrami-nga-Gezim-Hajdinaga.jpg\",\"contentUrl\":\"https:\/\/www.visit-ulcinj.com\/blog\/wp-content\/uploads\/2011\/08\/Urime-Fiter-Bajrami-nga-Gezim-Hajdinaga.jpg\",\"width\":\"599\",\"height\":\"541\"},{\"@type\":\"WebPage\",\"@id\":\"https:\/\/www.visit-ulcinj.com\/blog\/2011\/08\/29\/mesazhe-urimi-te-kryetarit-te-ulqinit-gezim-hajdinagaurime-festa-e-fiter-bajramit\/#webpage\",\"url\":\"https:\/\/www.visit-ulcinj.com\/blog\/2011\/08\/29\/mesazhe-urimi-te-kryetarit-te-ulqinit-gezim-hajdinagaurime-festa-e-fiter-bajramit\/\",\"name\":\"Mesazhe urimi t\u00eb kryetarit t\u00eb Ulqinit G\u00ebzim Hajdinaga;Urime festa e Fit\u00ebr Bajramit - Lajme nga Ulqini\",\"isPartOf\":{\"@id\":\"https:\/\/www.visit-ulcinj.com\/blog\/#website\"},\"primaryImageOfPage\":{\"@id\":\"https:\/\/www.visit-ulcinj.com\/blog\/2011\/08\/29\/mesazhe-urimi-te-kryetarit-te-ulqinit-gezim-hajdinagaurime-festa-e-fiter-bajramit\/#primaryimage\"},\"datePublished\":\"2011-08-29T12:02:52+00:00\",\"dateModified\":\"2011-08-30T12:39:15+00:00\",\"author\":{\"@id\":\"https:\/\/www.visit-ulcinj.com\/blog\/#\/schema\/person\/dcab619c614d3038751c63bc2aadc06d\"},\"description\":\"Kryetari i Komun\u00ebs s\u00eb Ulqinit z. G\u00ebzim Hajdinaga t\u00eb gjith\u00eb besimtar\u00ebve musliman ua uron fest\u00ebn e Fit\u00ebr Bajramit. N\u00eb urimin e tij nd\u00ebr t\u00eb tjera thuhet: N\u00eb\",\"breadcrumb\":{\"@id\":\"https:\/\/www.visit-ulcinj.com\/blog\/2011\/08\/29\/mesazhe-urimi-te-kryetarit-te-ulqinit-gezim-hajdinagaurime-festa-e-fiter-bajramit\/#breadcrumb\"},\"inLanguage\":\"en-US\",\"potentialAction\":[{\"@type\":\"ReadAction\",\"target\":[\"https:\/\/www.visit-ulcinj.com\/blog\/2011\/08\/29\/mesazhe-urimi-te-kryetarit-te-ulqinit-gezim-hajdinagaurime-festa-e-fiter-bajramit\/\"]}]},{\"@type\":\"BreadcrumbList\",\"@id\":\"https:\/\/www.visit-ulcinj.com\/blog\/2011\/08\/29\/mesazhe-urimi-te-kryetarit-te-ulqinit-gezim-hajdinagaurime-festa-e-fiter-bajramit\/#breadcrumb\",\"itemListElement\":[{\"@type\":\"ListItem\",\"position\":1,\"name\":\"Mesazhe urimi t\u00eb kryetarit t\u00eb Ulqinit G\u00ebzim Hajdinaga;Urime festa e Fit\u00ebr Bajramit\"}]},{\"@type\":\"Person\",\"@id\":\"https:\/\/www.visit-ulcinj.com\/blog\/#\/schema\/person\/dcab619c614d3038751c63bc2aadc06d\",\"name\":\"ulqini\",\"sameAs\":[\"http:\/\/www.visit-ulcinj.com\"],\"url\":\"https:\/\/www.visit-ulcinj.com\/blog\/author\/admin\/\"}]}<\/script>\n<!-- \/ Yoast SEO plugin. -->","yoast_head_json":{"title":"Mesazhe urimi t\u00eb kryetarit t\u00eb Ulqinit G\u00ebzim Hajdinaga;Urime festa e Fit\u00ebr Bajramit - Lajme nga Ulqini","description":"Kryetari i Komun\u00ebs s\u00eb Ulqinit z. G\u00ebzim Hajdinaga t\u00eb gjith\u00eb besimtar\u00ebve musliman ua uron fest\u00ebn e Fit\u00ebr Bajramit. N\u00eb urimin e tij nd\u00ebr t\u00eb tjera thuhet: N\u00eb","robots":{"index":"index","follow":"follow","max-snippet":"max-snippet:-1","max-image-preview":"max-image-preview:large","max-video-preview":"max-video-preview:-1"},"canonical":"https:\/\/www.visit-ulcinj.com\/blog\/2011\/08\/29\/mesazhe-urimi-te-kryetarit-te-ulqinit-gezim-hajdinagaurime-festa-e-fiter-bajramit\/","og_locale":"en_US","og_type":"article","og_title":"Mesazhe urimi t\u00eb kryetarit t\u00eb Ulqinit G\u00ebzim Hajdinaga;Urime festa e Fit\u00ebr Bajramit - Lajme nga Ulqini","og_description":"Kryetari i Komun\u00ebs s\u00eb Ulqinit z. G\u00ebzim Hajdinaga t\u00eb gjith\u00eb besimtar\u00ebve musliman ua uron fest\u00ebn e Fit\u00ebr Bajramit. N\u00eb urimin e tij nd\u00ebr t\u00eb tjera thuhet: N\u00eb","og_url":"https:\/\/www.visit-ulcinj.com\/blog\/2011\/08\/29\/mesazhe-urimi-te-kryetarit-te-ulqinit-gezim-hajdinagaurime-festa-e-fiter-bajramit\/","og_site_name":"Lajme nga Ulqini","article_published_time":"2011-08-29T12:02:52+00:00","article_modified_time":"2011-08-30T12:39:15+00:00","og_image":[{"url":"http:\/\/www.visit-ulcinj.com\/blog\/wp-content\/uploads\/2011\/08\/Urime-Fiter-Bajrami-nga-Gezim-Hajdinaga.jpg"}],"twitter_misc":{"Written by":"ulqini","Est. reading time":"1 minute"},"schema":{"@context":"https:\/\/schema.org","@graph":[{"@type":"WebSite","@id":"https:\/\/www.visit-ulcinj.com\/blog\/#website","url":"https:\/\/www.visit-ulcinj.com\/blog\/","name":"Lajme nga Ulqini","description":"Lajme,Vijesti,Ulqini,Ulqin,Crna Gora,Mali i Zi","potentialAction":[{"@type":"SearchAction","target":{"@type":"EntryPoint","urlTemplate":"https:\/\/www.visit-ulcinj.com\/blog\/?s={search_term_string}"},"query-input":"required name=search_term_string"}],"inLanguage":"en-US"},{"@type":"ImageObject","inLanguage":"en-US","@id":"https:\/\/www.visit-ulcinj.com\/blog\/2011\/08\/29\/mesazhe-urimi-te-kryetarit-te-ulqinit-gezim-hajdinagaurime-festa-e-fiter-bajramit\/#primaryimage","url":"https:\/\/www.visit-ulcinj.com\/blog\/wp-content\/uploads\/2011\/08\/Urime-Fiter-Bajrami-nga-Gezim-Hajdinaga.jpg","contentUrl":"https:\/\/www.visit-ulcinj.com\/blog\/wp-content\/uploads\/2011\/08\/Urime-Fiter-Bajrami-nga-Gezim-Hajdinaga.jpg","width":"599","height":"541"},{"@type":"WebPage","@id":"https:\/\/www.visit-ulcinj.com\/blog\/2011\/08\/29\/mesazhe-urimi-te-kryetarit-te-ulqinit-gezim-hajdinagaurime-festa-e-fiter-bajramit\/#webpage","url":"https:\/\/www.visit-ulcinj.com\/blog\/2011\/08\/29\/mesazhe-urimi-te-kryetarit-te-ulqinit-gezim-hajdinagaurime-festa-e-fiter-bajramit\/","name":"Mesazhe urimi t\u00eb kryetarit t\u00eb Ulqinit G\u00ebzim Hajdinaga;Urime festa e Fit\u00ebr Bajramit - Lajme nga Ulqini","isPartOf":{"@id":"https:\/\/www.visit-ulcinj.com\/blog\/#website"},"primaryImageOfPage":{"@id":"https:\/\/www.visit-ulcinj.com\/blog\/2011\/08\/29\/mesazhe-urimi-te-kryetarit-te-ulqinit-gezim-hajdinagaurime-festa-e-fiter-bajramit\/#primaryimage"},"datePublished":"2011-08-29T12:02:52+00:00","dateModified":"2011-08-30T12:39:15+00:00","author":{"@id":"https:\/\/www.visit-ulcinj.com\/blog\/#\/schema\/person\/dcab619c614d3038751c63bc2aadc06d"},"description":"Kryetari i Komun\u00ebs s\u00eb Ulqinit z. G\u00ebzim Hajdinaga t\u00eb gjith\u00eb besimtar\u00ebve musliman ua uron fest\u00ebn e Fit\u00ebr Bajramit. N\u00eb urimin e tij nd\u00ebr t\u00eb tjera thuhet: N\u00eb","breadcrumb":{"@id":"https:\/\/www.visit-ulcinj.com\/blog\/2011\/08\/29\/mesazhe-urimi-te-kryetarit-te-ulqinit-gezim-hajdinagaurime-festa-e-fiter-bajramit\/#breadcrumb"},"inLanguage":"en-US","potentialAction":[{"@type":"ReadAction","target":["https:\/\/www.visit-ulcinj.com\/blog\/2011\/08\/29\/mesazhe-urimi-te-kryetarit-te-ulqinit-gezim-hajdinagaurime-festa-e-fiter-bajramit\/"]}]},{"@type":"BreadcrumbList","@id":"https:\/\/www.visit-ulcinj.com\/blog\/2011\/08\/29\/mesazhe-urimi-te-kryetarit-te-ulqinit-gezim-hajdinagaurime-festa-e-fiter-bajramit\/#breadcrumb","itemListElement":[{"@type":"ListItem","position":1,"name":"Mesazhe urimi t\u00eb kryetarit t\u00eb Ulqinit G\u00ebzim Hajdinaga;Urime festa e Fit\u00ebr Bajramit"}]},{"@type":"Person","@id":"https:\/\/www.visit-ulcinj.com\/blog\/#\/schema\/person\/dcab619c614d3038751c63bc2aadc06d","name":"ulqini","sameAs":["http:\/\/www.visit-ulcinj.com"],"url":"https:\/\/www.visit-ulcinj.com\/blog\/author\/admin\/"}]}},"jetpack_featured_media_url":"","jetpack_sharing_enabled":true,"jetpack_shortlink":"https:\/\/wp.me\/pe6lTn-d6q","_links":{"self":[{"href":"https:\/\/www.visit-ulcinj.com\/blog\/wp-json\/wp\/v2\/posts\/50370"}],"collection":[{"href":"https:\/\/www.visit-ulcinj.com\/blog\/wp-json\/wp\/v2\/posts"}],"about":[{"href":"https:\/\/www.visit-ulcinj.com\/blog\/wp-json\/wp\/v2\/types\/post"}],"author":[{"embeddable":true,"href":"https:\/\/www.visit-ulcinj.com\/blog\/wp-json\/wp\/v2\/users\/1"}],"replies":[{"embeddable":true,"href":"https:\/\/www.visit-ulcinj.com\/blog\/wp-json\/wp\/v2\/comments?post=50370"}],"version-history":[{"count":2,"href":"https:\/\/www.visit-ulcinj.com\/blog\/wp-json\/wp\/v2\/posts\/50370\/revisions"}],"predecessor-version":[{"id":50490,"href":"https:\/\/www.visit-ulcinj.com\/blog\/wp-json\/wp\/v2\/posts\/50370\/revisions\/50490"}],"wp:attachment":[{"href":"https:\/\/www.visit-ulcinj.com\/blog\/wp-json\/wp\/v2\/media?parent=50370"}],"wp:term":[{"taxonomy":"category","embeddable":true,"href":"https:\/\/www.visit-ulcinj.com\/blog\/wp-json\/wp\/v2\/categories?post=50370"},{"taxonomy":"post_tag","embeddable":true,"href":"https:\/\/www.visit-ulcinj.com\/blog\/wp-json\/wp\/v2\/tags?post=50370"}],"curies":[{"name":"wp","href":"https:\/\/api.w.org\/{rel}","templated":true}]}}