{"id":50390,"date":"2011-08-29T18:44:33","date_gmt":"2011-08-29T17:44:33","guid":{"rendered":"http:\/\/www.visit-ulcinj.com\/blog\/?p=50390"},"modified":"2011-09-03T13:46:52","modified_gmt":"2011-09-03T12:46:52","slug":"udsh-urim-per-festen-e-fiter-bajramit","status":"publish","type":"post","link":"https:\/\/www.visit-ulcinj.com\/blog\/2011\/08\/29\/udsh-urim-per-festen-e-fiter-bajramit\/","title":{"rendered":"UDSH: Urim p\u00ebr  festen e fiter bajramit"},"content":{"rendered":"<h3><img loading=\"lazy\" class=\"alignleft size-thumbnail wp-image-36988\" title=\"UNIONI  DEMOKRATIK I SHQIPTAR\u00cbVE\" src=\"http:\/\/www.visit-ulcinj.com\/blog\/wp-content\/uploads\/2010\/09\/UNIONI-DEMOKRATIK-I-SHQIPTAR\u00cbVE-150x150.jpg\" alt=\"\" width=\"150\" height=\"150\" \/>\u00a0\u00a0\u00a0 UNIONI DEMOKRATIK I SHQIPTAR\u00cbVE<\/h3>\n<h3>\u00a0\u00a0\u00a0 DEMOKRATSKA UNIJA ALBANACA<\/h3>\n<h3><strong>\u00a0\u00a0\u00a0 THE DEMOCRATIC UNION OF ALBANIANS\u00a0<\/strong><\/h3>\n<h4><strong><strong>\u00a0\u00a0\u00a0\u00a0 Ulqin, m\u00eb 29.08.2011<\/strong><\/strong><\/h4>\n<p>&nbsp;<\/p>\n<h3 style=\"text-align: center;\">URIM P\u00cbR\u00a0 FESTEN E FITER BAJRAMIT<\/h3>\n<p>M\u00eb rastin e Festes s\u00eb Fiter Bajramit, Unioni Demokratik i Shqiptar\u00ebve shfryt\u00ebzon rastin q\u00eb t\u00eb gjith\u00eb besimtar\u00ebve t\u00eb Fes\u00eb Islame ti p\u00ebrgezoi p\u00ebrzemrsisht p\u00ebr k\u00ebt\u00eb Fest t\u00eb madhnuar, duke i uru paq\u00eb, shendet dhe mbaresi.<\/p>\n<p>Mbesim m\u00eb shpres\u00eb tek Zoti, q\u00eb k\u00ebto dit\u00eb t\u00eb madhnuara t\u00eb jen\u00eb dit\u00eb t\u00eb p\u00ebrkushtimit, t\u00eb sakrific\u00ebs dhe mir\u00ebb\u00ebr\u00ebsis\u00eb, duke Ju sygjeru toleranc\u00eb ndernjerzore e fetare, mir\u00ebkuptim dhe bashkim nd\u00ebrnjerzor, nj\u00eb sjellje me ndijes\u00eb dhe shpirt\u00ebmir\u00ebsi ndaj njeri tjetrit, dashuri dhe fat\u00eblumturi.<\/p>\n<p>G\u00ebzuar, G\u00ebzuar Festen e Fiter Bajramit, pa\u00e7i fat dhe Zoti Ju shp\u00ebrbleft m\u00eb t\u00eb mira t\u00eb gjith\u00eb sakrificat dhe flijimet e Juaja.<\/p>\n<p>&nbsp;<\/p>\n<p>Kryetari i UDSH-s\u00eb,<\/p>\n<h3 style=\"text-align: right;\">\u00a0\u00a0\u00a0\u00a0\u00a0\u00a0\u00a0\u00a0\u00a0\u00a0\u00a0\u00a0\u00a0\u00a0\u00a0\u00a0\u00a0\u00a0\u00a0\u00a0\u00a0\u00a0\u00a0\u00a0\u00a0\u00a0\u00a0\u00a0\u00a0\u00a0\u00a0\u00a0\u00a0\u00a0\u00a0\u00a0\u00a0\u00a0\u00a0\u00a0\u00a0\u00a0\u00a0\u00a0\u00a0\u00a0\u00a0\u00a0\u00a0\u00a0\u00a0\u00a0\u00a0\u00a0\u00a0\u00a0\u00a0\u00a0\u00a0\u00a0\u00a0\u00a0\u00a0\u00a0\u00a0\u00a0\u00a0\u00a0\u00a0\u00a0\u00a0\u00a0\u00a0\u00a0\u00a0\u00a0\u00a0\u00a0\u00a0\u00a0\u00a0\u00a0\u00a0 \u00a0\u00a0\u00a0\u00a0\u00a0\u00a0\u00a0\u00a0\u00a0\u00a0\u00a0\u00a0\u00a0\u00a0 Ferhat Dinosha\u00a0\u00a0 d.v.<\/h3>\n","protected":false},"excerpt":{"rendered":"<p>\u00a0\u00a0\u00a0 UNIONI DEMOKRATIK I SHQIPTAR\u00cbVE \u00a0\u00a0\u00a0 DEMOKRATSKA UNIJA ALBANACA \u00a0\u00a0\u00a0 THE DEMOCRATIC UNION OF ALBANIANS\u00a0 \u00a0\u00a0\u00a0\u00a0 Ulqin, m\u00eb 29.08.2011 &nbsp; URIM P\u00cbR\u00a0 FESTEN E FITER BAJRAMIT M\u00eb rastin e Festes s\u00eb Fiter Bajramit, Unioni Demokratik i Shqiptar\u00ebve shfryt\u00ebzon rastin q\u00eb t\u00eb gjith\u00eb besimtar\u00ebve t\u00eb Fes\u00eb Islame ti p\u00ebrgezoi p\u00ebrzemrsisht p\u00ebr k\u00ebt\u00eb Fest t\u00eb madhnuar, duke [&hellip;]<\/p>\n","protected":false},"author":1,"featured_media":0,"comment_status":"open","ping_status":"closed","sticky":false,"template":"","format":"standard","meta":{"spay_email":"","jetpack_publicize_message":"","jetpack_is_tweetstorm":false,"jetpack_publicize_feature_enabled":true},"categories":[4],"tags":[12478,4680,200,18],"jetpack_publicize_connections":[],"yoast_head":"<!-- This site is optimized with the Yoast SEO plugin v19.1 - https:\/\/yoast.com\/wordpress\/plugins\/seo\/ -->\n<title>UDSH: Urim p\u00ebr festen e fiter bajramit - Lajme nga Ulqini<\/title>\n<meta name=\"description\" content=\"\u00a0\u00a0\u00a0 UNIONI DEMOKRATIK I SHQIPTAR\u00cbVE \u00a0\u00a0\u00a0 DEMOKRATSKA UNIJA ALBANACA \u00a0\u00a0\u00a0 THE DEMOCRATIC UNION OF ALBANIANS\u00a0 \u00a0\u00a0\u00a0\u00a0 Ulqin, m\u00eb 29.08.2011 &nbsp; URIM P\u00cbR\u00a0\" \/>\n<meta name=\"robots\" content=\"index, follow, max-snippet:-1, max-image-preview:large, max-video-preview:-1\" \/>\n<link rel=\"canonical\" href=\"https:\/\/www.visit-ulcinj.com\/blog\/2011\/08\/29\/udsh-urim-per-festen-e-fiter-bajramit\/\" \/>\n<meta property=\"og:locale\" content=\"en_US\" \/>\n<meta property=\"og:type\" content=\"article\" \/>\n<meta property=\"og:title\" content=\"UDSH: Urim p\u00ebr festen e fiter bajramit - Lajme nga Ulqini\" \/>\n<meta property=\"og:description\" content=\"\u00a0\u00a0\u00a0 UNIONI DEMOKRATIK I SHQIPTAR\u00cbVE \u00a0\u00a0\u00a0 DEMOKRATSKA UNIJA ALBANACA \u00a0\u00a0\u00a0 THE DEMOCRATIC UNION OF ALBANIANS\u00a0 \u00a0\u00a0\u00a0\u00a0 Ulqin, m\u00eb 29.08.2011 &nbsp; URIM P\u00cbR\u00a0\" \/>\n<meta property=\"og:url\" content=\"https:\/\/www.visit-ulcinj.com\/blog\/2011\/08\/29\/udsh-urim-per-festen-e-fiter-bajramit\/\" \/>\n<meta property=\"og:site_name\" content=\"Lajme nga Ulqini\" \/>\n<meta property=\"article:published_time\" content=\"2011-08-29T17:44:33+00:00\" \/>\n<meta property=\"article:modified_time\" content=\"2011-09-03T12:46:52+00:00\" \/>\n<meta name=\"twitter:label1\" content=\"Written by\" \/>\n\t<meta name=\"twitter:data1\" content=\"ulqini\" \/>\n\t<meta name=\"twitter:label2\" content=\"Est. reading time\" \/>\n\t<meta name=\"twitter:data2\" content=\"1 minute\" \/>\n<script type=\"application\/ld+json\" class=\"yoast-schema-graph\">{\"@context\":\"https:\/\/schema.org\",\"@graph\":[{\"@type\":\"WebSite\",\"@id\":\"https:\/\/www.visit-ulcinj.com\/blog\/#website\",\"url\":\"https:\/\/www.visit-ulcinj.com\/blog\/\",\"name\":\"Lajme nga Ulqini\",\"description\":\"Lajme,Vijesti,Ulqini,Ulqin,Crna Gora,Mali i Zi\",\"potentialAction\":[{\"@type\":\"SearchAction\",\"target\":{\"@type\":\"EntryPoint\",\"urlTemplate\":\"https:\/\/www.visit-ulcinj.com\/blog\/?s={search_term_string}\"},\"query-input\":\"required name=search_term_string\"}],\"inLanguage\":\"en-US\"},{\"@type\":\"WebPage\",\"@id\":\"https:\/\/www.visit-ulcinj.com\/blog\/2011\/08\/29\/udsh-urim-per-festen-e-fiter-bajramit\/#webpage\",\"url\":\"https:\/\/www.visit-ulcinj.com\/blog\/2011\/08\/29\/udsh-urim-per-festen-e-fiter-bajramit\/\",\"name\":\"UDSH: Urim p\u00ebr festen e fiter bajramit - Lajme nga Ulqini\",\"isPartOf\":{\"@id\":\"https:\/\/www.visit-ulcinj.com\/blog\/#website\"},\"datePublished\":\"2011-08-29T17:44:33+00:00\",\"dateModified\":\"2011-09-03T12:46:52+00:00\",\"author\":{\"@id\":\"https:\/\/www.visit-ulcinj.com\/blog\/#\/schema\/person\/dcab619c614d3038751c63bc2aadc06d\"},\"description\":\"\u00a0\u00a0\u00a0 UNIONI DEMOKRATIK I SHQIPTAR\u00cbVE \u00a0\u00a0\u00a0 DEMOKRATSKA UNIJA ALBANACA \u00a0\u00a0\u00a0 THE DEMOCRATIC UNION OF ALBANIANS\u00a0 \u00a0\u00a0\u00a0\u00a0 Ulqin, m\u00eb 29.08.2011 &nbsp; URIM P\u00cbR\u00a0\",\"breadcrumb\":{\"@id\":\"https:\/\/www.visit-ulcinj.com\/blog\/2011\/08\/29\/udsh-urim-per-festen-e-fiter-bajramit\/#breadcrumb\"},\"inLanguage\":\"en-US\",\"potentialAction\":[{\"@type\":\"ReadAction\",\"target\":[\"https:\/\/www.visit-ulcinj.com\/blog\/2011\/08\/29\/udsh-urim-per-festen-e-fiter-bajramit\/\"]}]},{\"@type\":\"BreadcrumbList\",\"@id\":\"https:\/\/www.visit-ulcinj.com\/blog\/2011\/08\/29\/udsh-urim-per-festen-e-fiter-bajramit\/#breadcrumb\",\"itemListElement\":[{\"@type\":\"ListItem\",\"position\":1,\"name\":\"UDSH: Urim p\u00ebr festen e fiter bajramit\"}]},{\"@type\":\"Person\",\"@id\":\"https:\/\/www.visit-ulcinj.com\/blog\/#\/schema\/person\/dcab619c614d3038751c63bc2aadc06d\",\"name\":\"ulqini\",\"sameAs\":[\"http:\/\/www.visit-ulcinj.com\"],\"url\":\"https:\/\/www.visit-ulcinj.com\/blog\/author\/admin\/\"}]}<\/script>\n<!-- \/ Yoast SEO plugin. -->","yoast_head_json":{"title":"UDSH: Urim p\u00ebr festen e fiter bajramit - Lajme nga Ulqini","description":"\u00a0\u00a0\u00a0 UNIONI DEMOKRATIK I SHQIPTAR\u00cbVE \u00a0\u00a0\u00a0 DEMOKRATSKA UNIJA ALBANACA \u00a0\u00a0\u00a0 THE DEMOCRATIC UNION OF ALBANIANS\u00a0 \u00a0\u00a0\u00a0\u00a0 Ulqin, m\u00eb 29.08.2011 &nbsp; URIM P\u00cbR\u00a0","robots":{"index":"index","follow":"follow","max-snippet":"max-snippet:-1","max-image-preview":"max-image-preview:large","max-video-preview":"max-video-preview:-1"},"canonical":"https:\/\/www.visit-ulcinj.com\/blog\/2011\/08\/29\/udsh-urim-per-festen-e-fiter-bajramit\/","og_locale":"en_US","og_type":"article","og_title":"UDSH: Urim p\u00ebr festen e fiter bajramit - Lajme nga Ulqini","og_description":"\u00a0\u00a0\u00a0 UNIONI DEMOKRATIK I SHQIPTAR\u00cbVE \u00a0\u00a0\u00a0 DEMOKRATSKA UNIJA ALBANACA \u00a0\u00a0\u00a0 THE DEMOCRATIC UNION OF ALBANIANS\u00a0 \u00a0\u00a0\u00a0\u00a0 Ulqin, m\u00eb 29.08.2011 &nbsp; URIM P\u00cbR\u00a0","og_url":"https:\/\/www.visit-ulcinj.com\/blog\/2011\/08\/29\/udsh-urim-per-festen-e-fiter-bajramit\/","og_site_name":"Lajme nga Ulqini","article_published_time":"2011-08-29T17:44:33+00:00","article_modified_time":"2011-09-03T12:46:52+00:00","twitter_misc":{"Written by":"ulqini","Est. reading time":"1 minute"},"schema":{"@context":"https:\/\/schema.org","@graph":[{"@type":"WebSite","@id":"https:\/\/www.visit-ulcinj.com\/blog\/#website","url":"https:\/\/www.visit-ulcinj.com\/blog\/","name":"Lajme nga Ulqini","description":"Lajme,Vijesti,Ulqini,Ulqin,Crna Gora,Mali i Zi","potentialAction":[{"@type":"SearchAction","target":{"@type":"EntryPoint","urlTemplate":"https:\/\/www.visit-ulcinj.com\/blog\/?s={search_term_string}"},"query-input":"required name=search_term_string"}],"inLanguage":"en-US"},{"@type":"WebPage","@id":"https:\/\/www.visit-ulcinj.com\/blog\/2011\/08\/29\/udsh-urim-per-festen-e-fiter-bajramit\/#webpage","url":"https:\/\/www.visit-ulcinj.com\/blog\/2011\/08\/29\/udsh-urim-per-festen-e-fiter-bajramit\/","name":"UDSH: Urim p\u00ebr festen e fiter bajramit - Lajme nga Ulqini","isPartOf":{"@id":"https:\/\/www.visit-ulcinj.com\/blog\/#website"},"datePublished":"2011-08-29T17:44:33+00:00","dateModified":"2011-09-03T12:46:52+00:00","author":{"@id":"https:\/\/www.visit-ulcinj.com\/blog\/#\/schema\/person\/dcab619c614d3038751c63bc2aadc06d"},"description":"\u00a0\u00a0\u00a0 UNIONI DEMOKRATIK I SHQIPTAR\u00cbVE \u00a0\u00a0\u00a0 DEMOKRATSKA UNIJA ALBANACA \u00a0\u00a0\u00a0 THE DEMOCRATIC UNION OF ALBANIANS\u00a0 \u00a0\u00a0\u00a0\u00a0 Ulqin, m\u00eb 29.08.2011 &nbsp; URIM P\u00cbR\u00a0","breadcrumb":{"@id":"https:\/\/www.visit-ulcinj.com\/blog\/2011\/08\/29\/udsh-urim-per-festen-e-fiter-bajramit\/#breadcrumb"},"inLanguage":"en-US","potentialAction":[{"@type":"ReadAction","target":["https:\/\/www.visit-ulcinj.com\/blog\/2011\/08\/29\/udsh-urim-per-festen-e-fiter-bajramit\/"]}]},{"@type":"BreadcrumbList","@id":"https:\/\/www.visit-ulcinj.com\/blog\/2011\/08\/29\/udsh-urim-per-festen-e-fiter-bajramit\/#breadcrumb","itemListElement":[{"@type":"ListItem","position":1,"name":"UDSH: Urim p\u00ebr festen e fiter bajramit"}]},{"@type":"Person","@id":"https:\/\/www.visit-ulcinj.com\/blog\/#\/schema\/person\/dcab619c614d3038751c63bc2aadc06d","name":"ulqini","sameAs":["http:\/\/www.visit-ulcinj.com"],"url":"https:\/\/www.visit-ulcinj.com\/blog\/author\/admin\/"}]}},"jetpack_featured_media_url":"","jetpack_sharing_enabled":true,"jetpack_shortlink":"https:\/\/wp.me\/pe6lTn-d6K","_links":{"self":[{"href":"https:\/\/www.visit-ulcinj.com\/blog\/wp-json\/wp\/v2\/posts\/50390"}],"collection":[{"href":"https:\/\/www.visit-ulcinj.com\/blog\/wp-json\/wp\/v2\/posts"}],"about":[{"href":"https:\/\/www.visit-ulcinj.com\/blog\/wp-json\/wp\/v2\/types\/post"}],"author":[{"embeddable":true,"href":"https:\/\/www.visit-ulcinj.com\/blog\/wp-json\/wp\/v2\/users\/1"}],"replies":[{"embeddable":true,"href":"https:\/\/www.visit-ulcinj.com\/blog\/wp-json\/wp\/v2\/comments?post=50390"}],"version-history":[{"count":6,"href":"https:\/\/www.visit-ulcinj.com\/blog\/wp-json\/wp\/v2\/posts\/50390\/revisions"}],"predecessor-version":[{"id":50393,"href":"https:\/\/www.visit-ulcinj.com\/blog\/wp-json\/wp\/v2\/posts\/50390\/revisions\/50393"}],"wp:attachment":[{"href":"https:\/\/www.visit-ulcinj.com\/blog\/wp-json\/wp\/v2\/media?parent=50390"}],"wp:term":[{"taxonomy":"category","embeddable":true,"href":"https:\/\/www.visit-ulcinj.com\/blog\/wp-json\/wp\/v2\/categories?post=50390"},{"taxonomy":"post_tag","embeddable":true,"href":"https:\/\/www.visit-ulcinj.com\/blog\/wp-json\/wp\/v2\/tags?post=50390"}],"curies":[{"name":"wp","href":"https:\/\/api.w.org\/{rel}","templated":true}]}}