{"id":5043,"date":"2008-10-22T13:18:26","date_gmt":"2008-10-22T18:18:26","guid":{"rendered":"http:\/\/www.visit-ulcinj.com\/blog\/?p=5043"},"modified":"2008-10-22T13:18:26","modified_gmt":"2008-10-22T18:18:26","slug":"sejdiu-paralajmeroi-hapjen-e-ambasadave-ne-maqedoni-dhe-mal-te-zi","status":"publish","type":"post","link":"https:\/\/www.visit-ulcinj.com\/blog\/2008\/10\/22\/sejdiu-paralajmeroi-hapjen-e-ambasadave-ne-maqedoni-dhe-mal-te-zi\/","title":{"rendered":"Sejdiu paralajm\u00ebroi hapjen e ambasadave n\u00eb Maqedoni dhe Mal t\u00eb Zi"},"content":{"rendered":"<p><a href=\"http:\/\/www.dw-world.de\/image\/0,,3051990_1,00.jpg\"><img loading=\"lazy\" class=\"alignleft\" src=\"http:\/\/www.dw-world.de\/image\/0,,3051990_1,00.jpg\" alt=\"\" width=\"192\" height=\"142\" \/><\/a>Presidenti i Kosov\u00ebs, Fatmir Sejdiu ka paralajm\u00ebruar hapjen e ambasadave t\u00eb Kosov\u00ebs n\u00eb dy shtetet fqinje, Maqedoni dhe Mal t\u00eb Zi, por pa dh\u00ebn\u00eb ndonj\u00eb dat\u00eb t\u00eb p\u00ebraf\u00ebrt se kur do t\u00eb mund t\u00eb ndodh kjo.<br \/>\nDy shtetet fqinje t\u00eb cilat e kan\u00eb njohur pavar\u00ebsin\u00eb e Kosov\u00ebs dy jav\u00eb m\u00eb par\u00eb jan\u00eb n\u00eb list\u00ebn e dyt\u00eb t\u00eb qendrave n\u00eb t\u00eb cilat Kosova do ta shp\u00ebrndaj\u00eb rrjetin diplomatik pasi deri m\u00eb tani k\u00ebt\u00eb e ka b\u00ebr\u00eb me 10 qendrat m\u00eb t\u00eb r\u00ebnd\u00ebsishme politike dhe ekonomike t\u00eb bot\u00ebs. K\u00ebto paralajm\u00ebrime kreu i shtetit t\u00eb Kosov\u00ebs i ka dh\u00ebn\u00eb pas nj\u00eb takimi me Ambasadorin e Suedis\u00eb n\u00eb Kosov\u00eb, Lars Freden, i cili i dor\u00ebzoi Presidentit letrat kredenciale.<br \/>\n&#8220;Ne do t\u00eb shtrihemi n\u00eb rrjetin diplomatik aq sa kemi mund\u00ebsi. Kemi ambicie normale, jo ambicie t\u00eb m\u00ebdha p\u00ebrtej mund\u00ebsive. P\u00ebr ne \u00ebsht\u00eb me r\u00ebnd\u00ebsi q\u00eb edhe n\u00eb pjes\u00ebn skandinave t\u00eb kemi nj\u00eb mbulim (diplomatik) normal dhe t\u00eb shohim cila do t\u00eb jet\u00eb m\u00ebnyra m\u00eb e mir\u00eb edhe e aspekteve logjistike&#8221;, deklaroi president p Kosov\u00ebs Fatmir Sejdiu.<br \/>\nAi nuk ka dashur t\u00eb komentoj\u00eb em\u00ebrimin e Endru Lledllit si nd\u00ebrmjet\u00ebsues I OKB-s\u00eb p\u00ebr dialogun me Beogradin por ka porositur at\u00eb q\u00eb t\u00eb mos b\u00ebj\u00eb as m\u00eb t\u00eb vogl\u00ebn p\u00ebrpjekje p\u00ebr t&#8217;i ringjallur temat politike n\u00eb diskutimet me qeverin\u00eb e Serbis\u00eb.<br \/>\n&#8220;Jemi shum\u00eb t\u00eb interesuar q\u00eb UNMIK-u ta p\u00ebrfundoj\u00eb pun\u00ebn e vet sa m\u00eb shpejt. Gjithmon\u00eb e kemi th\u00ebn\u00eb se jemi t\u00eb interesuat t\u00eb kemi raporte t\u00eb mira me Serbin\u00eb. Nga ana e Kosov\u00ebs nuk do t\u00eb mbajm\u00eb as retorik\u00eb as qasje \u00e7far\u00eb ka Serbia n\u00eb relacion me Kosov\u00ebn. Por secila \u00e7\u00ebshtje q\u00eb mund t\u00eb lidhet me statusin apo nd\u00ebrhyrje t\u00eb brendshme t\u00eb struktur\u00ebs shtet\u00ebrore e kushtetuese t\u00eb Kosov\u00ebs jan\u00eb t\u00eb papranueshme&#8221;, u shpreh Sejdiu.<br \/>\nSipas Sejdiut, Kosova \u00ebsht\u00eb e gatshme t\u00eb ulet dhe t\u00eb bisedoj\u00eb me Serbin\u00eb p\u00ebr \u00e7\u00ebshtje t\u00eb bashk\u00ebpunimit nd\u00ebrkufitar, p\u00ebr ekonomin\u00eb si dhe p\u00ebr t\u00eb drejtat e pakicave n\u00eb t\u00eb dy shtetet.<br \/>\n<strong>P\u00ebrparim Isufi<br \/>\nBurimi \/ALSAT KOSOVA <\/strong><\/p>\n","protected":false},"excerpt":{"rendered":"<p>Presidenti i Kosov\u00ebs, Fatmir Sejdiu ka paralajm\u00ebruar hapjen e ambasadave t\u00eb Kosov\u00ebs n\u00eb dy shtetet fqinje, Maqedoni dhe Mal t\u00eb Zi, por pa dh\u00ebn\u00eb ndonj\u00eb dat\u00eb t\u00eb p\u00ebraf\u00ebrt se kur do t\u00eb mund t\u00eb ndodh kjo. Dy shtetet fqinje t\u00eb cilat e kan\u00eb njohur pavar\u00ebsin\u00eb e Kosov\u00ebs dy jav\u00eb m\u00eb par\u00eb jan\u00eb n\u00eb list\u00ebn e [&hellip;]<\/p>\n","protected":false},"author":1,"featured_media":0,"comment_status":"open","ping_status":"closed","sticky":false,"template":"","format":"standard","meta":{"spay_email":"","jetpack_publicize_message":"","jetpack_is_tweetstorm":false,"jetpack_publicize_feature_enabled":true},"categories":[14,12],"tags":[4826,49,95],"jetpack_publicize_connections":[],"yoast_head":"<!-- This site is optimized with the Yoast SEO plugin v19.1 - https:\/\/yoast.com\/wordpress\/plugins\/seo\/ -->\n<title>Sejdiu paralajm\u00ebroi hapjen e ambasadave n\u00eb Maqedoni dhe Mal t\u00eb Zi - Lajme nga Ulqini<\/title>\n<meta name=\"description\" content=\"Presidenti i Kosov\u00ebs, Fatmir Sejdiu ka paralajm\u00ebruar hapjen e ambasadave t\u00eb Kosov\u00ebs n\u00eb dy shtetet fqinje, Maqedoni dhe Mal t\u00eb Zi, por pa dh\u00ebn\u00eb ndonj\u00eb dat\u00eb\" \/>\n<meta name=\"robots\" content=\"index, follow, max-snippet:-1, max-image-preview:large, max-video-preview:-1\" \/>\n<link rel=\"canonical\" href=\"https:\/\/www.visit-ulcinj.com\/blog\/2008\/10\/22\/sejdiu-paralajmeroi-hapjen-e-ambasadave-ne-maqedoni-dhe-mal-te-zi\/\" \/>\n<meta property=\"og:locale\" content=\"en_US\" \/>\n<meta property=\"og:type\" content=\"article\" \/>\n<meta property=\"og:title\" content=\"Sejdiu paralajm\u00ebroi hapjen e ambasadave n\u00eb Maqedoni dhe Mal t\u00eb Zi - Lajme nga Ulqini\" \/>\n<meta property=\"og:description\" content=\"Presidenti i Kosov\u00ebs, Fatmir Sejdiu ka paralajm\u00ebruar hapjen e ambasadave t\u00eb Kosov\u00ebs n\u00eb dy shtetet fqinje, Maqedoni dhe Mal t\u00eb Zi, por pa dh\u00ebn\u00eb ndonj\u00eb dat\u00eb\" \/>\n<meta property=\"og:url\" content=\"https:\/\/www.visit-ulcinj.com\/blog\/2008\/10\/22\/sejdiu-paralajmeroi-hapjen-e-ambasadave-ne-maqedoni-dhe-mal-te-zi\/\" \/>\n<meta property=\"og:site_name\" content=\"Lajme nga Ulqini\" \/>\n<meta property=\"article:published_time\" content=\"2008-10-22T18:18:26+00:00\" \/>\n<meta property=\"og:image\" content=\"http:\/\/www.dw-world.de\/image\/0,,3051990_1,00.jpg\" \/>\n<meta name=\"twitter:label1\" content=\"Written by\" \/>\n\t<meta name=\"twitter:data1\" content=\"ulqini\" \/>\n\t<meta name=\"twitter:label2\" content=\"Est. reading time\" \/>\n\t<meta name=\"twitter:data2\" content=\"2 minutes\" \/>\n<script type=\"application\/ld+json\" class=\"yoast-schema-graph\">{\"@context\":\"https:\/\/schema.org\",\"@graph\":[{\"@type\":\"WebSite\",\"@id\":\"https:\/\/www.visit-ulcinj.com\/blog\/#website\",\"url\":\"https:\/\/www.visit-ulcinj.com\/blog\/\",\"name\":\"Lajme nga Ulqini\",\"description\":\"Lajme,Vijesti,Ulqini,Ulqin,Crna Gora,Mali i Zi\",\"potentialAction\":[{\"@type\":\"SearchAction\",\"target\":{\"@type\":\"EntryPoint\",\"urlTemplate\":\"https:\/\/www.visit-ulcinj.com\/blog\/?s={search_term_string}\"},\"query-input\":\"required name=search_term_string\"}],\"inLanguage\":\"en-US\"},{\"@type\":\"ImageObject\",\"inLanguage\":\"en-US\",\"@id\":\"https:\/\/www.visit-ulcinj.com\/blog\/2008\/10\/22\/sejdiu-paralajmeroi-hapjen-e-ambasadave-ne-maqedoni-dhe-mal-te-zi\/#primaryimage\",\"url\":\"http:\/\/www.dw-world.de\/image\/0,,3051990_1,00.jpg\",\"contentUrl\":\"http:\/\/www.dw-world.de\/image\/0,,3051990_1,00.jpg\"},{\"@type\":\"WebPage\",\"@id\":\"https:\/\/www.visit-ulcinj.com\/blog\/2008\/10\/22\/sejdiu-paralajmeroi-hapjen-e-ambasadave-ne-maqedoni-dhe-mal-te-zi\/#webpage\",\"url\":\"https:\/\/www.visit-ulcinj.com\/blog\/2008\/10\/22\/sejdiu-paralajmeroi-hapjen-e-ambasadave-ne-maqedoni-dhe-mal-te-zi\/\",\"name\":\"Sejdiu paralajm\u00ebroi hapjen e ambasadave n\u00eb Maqedoni dhe Mal t\u00eb Zi - Lajme nga Ulqini\",\"isPartOf\":{\"@id\":\"https:\/\/www.visit-ulcinj.com\/blog\/#website\"},\"primaryImageOfPage\":{\"@id\":\"https:\/\/www.visit-ulcinj.com\/blog\/2008\/10\/22\/sejdiu-paralajmeroi-hapjen-e-ambasadave-ne-maqedoni-dhe-mal-te-zi\/#primaryimage\"},\"datePublished\":\"2008-10-22T18:18:26+00:00\",\"dateModified\":\"2008-10-22T18:18:26+00:00\",\"author\":{\"@id\":\"https:\/\/www.visit-ulcinj.com\/blog\/#\/schema\/person\/dcab619c614d3038751c63bc2aadc06d\"},\"description\":\"Presidenti i Kosov\u00ebs, Fatmir Sejdiu ka paralajm\u00ebruar hapjen e ambasadave t\u00eb Kosov\u00ebs n\u00eb dy shtetet fqinje, Maqedoni dhe Mal t\u00eb Zi, por pa dh\u00ebn\u00eb ndonj\u00eb dat\u00eb\",\"breadcrumb\":{\"@id\":\"https:\/\/www.visit-ulcinj.com\/blog\/2008\/10\/22\/sejdiu-paralajmeroi-hapjen-e-ambasadave-ne-maqedoni-dhe-mal-te-zi\/#breadcrumb\"},\"inLanguage\":\"en-US\",\"potentialAction\":[{\"@type\":\"ReadAction\",\"target\":[\"https:\/\/www.visit-ulcinj.com\/blog\/2008\/10\/22\/sejdiu-paralajmeroi-hapjen-e-ambasadave-ne-maqedoni-dhe-mal-te-zi\/\"]}]},{\"@type\":\"BreadcrumbList\",\"@id\":\"https:\/\/www.visit-ulcinj.com\/blog\/2008\/10\/22\/sejdiu-paralajmeroi-hapjen-e-ambasadave-ne-maqedoni-dhe-mal-te-zi\/#breadcrumb\",\"itemListElement\":[{\"@type\":\"ListItem\",\"position\":1,\"name\":\"Sejdiu paralajm\u00ebroi hapjen e ambasadave n\u00eb Maqedoni dhe Mal t\u00eb Zi\"}]},{\"@type\":\"Person\",\"@id\":\"https:\/\/www.visit-ulcinj.com\/blog\/#\/schema\/person\/dcab619c614d3038751c63bc2aadc06d\",\"name\":\"ulqini\",\"sameAs\":[\"http:\/\/www.visit-ulcinj.com\"],\"url\":\"https:\/\/www.visit-ulcinj.com\/blog\/author\/admin\/\"}]}<\/script>\n<!-- \/ Yoast SEO plugin. -->","yoast_head_json":{"title":"Sejdiu paralajm\u00ebroi hapjen e ambasadave n\u00eb Maqedoni dhe Mal t\u00eb Zi - Lajme nga Ulqini","description":"Presidenti i Kosov\u00ebs, Fatmir Sejdiu ka paralajm\u00ebruar hapjen e ambasadave t\u00eb Kosov\u00ebs n\u00eb dy shtetet fqinje, Maqedoni dhe Mal t\u00eb Zi, por pa dh\u00ebn\u00eb ndonj\u00eb dat\u00eb","robots":{"index":"index","follow":"follow","max-snippet":"max-snippet:-1","max-image-preview":"max-image-preview:large","max-video-preview":"max-video-preview:-1"},"canonical":"https:\/\/www.visit-ulcinj.com\/blog\/2008\/10\/22\/sejdiu-paralajmeroi-hapjen-e-ambasadave-ne-maqedoni-dhe-mal-te-zi\/","og_locale":"en_US","og_type":"article","og_title":"Sejdiu paralajm\u00ebroi hapjen e ambasadave n\u00eb Maqedoni dhe Mal t\u00eb Zi - Lajme nga Ulqini","og_description":"Presidenti i Kosov\u00ebs, Fatmir Sejdiu ka paralajm\u00ebruar hapjen e ambasadave t\u00eb Kosov\u00ebs n\u00eb dy shtetet fqinje, Maqedoni dhe Mal t\u00eb Zi, por pa dh\u00ebn\u00eb ndonj\u00eb dat\u00eb","og_url":"https:\/\/www.visit-ulcinj.com\/blog\/2008\/10\/22\/sejdiu-paralajmeroi-hapjen-e-ambasadave-ne-maqedoni-dhe-mal-te-zi\/","og_site_name":"Lajme nga Ulqini","article_published_time":"2008-10-22T18:18:26+00:00","og_image":[{"url":"http:\/\/www.dw-world.de\/image\/0,,3051990_1,00.jpg"}],"twitter_misc":{"Written by":"ulqini","Est. reading time":"2 minutes"},"schema":{"@context":"https:\/\/schema.org","@graph":[{"@type":"WebSite","@id":"https:\/\/www.visit-ulcinj.com\/blog\/#website","url":"https:\/\/www.visit-ulcinj.com\/blog\/","name":"Lajme nga Ulqini","description":"Lajme,Vijesti,Ulqini,Ulqin,Crna Gora,Mali i Zi","potentialAction":[{"@type":"SearchAction","target":{"@type":"EntryPoint","urlTemplate":"https:\/\/www.visit-ulcinj.com\/blog\/?s={search_term_string}"},"query-input":"required name=search_term_string"}],"inLanguage":"en-US"},{"@type":"ImageObject","inLanguage":"en-US","@id":"https:\/\/www.visit-ulcinj.com\/blog\/2008\/10\/22\/sejdiu-paralajmeroi-hapjen-e-ambasadave-ne-maqedoni-dhe-mal-te-zi\/#primaryimage","url":"http:\/\/www.dw-world.de\/image\/0,,3051990_1,00.jpg","contentUrl":"http:\/\/www.dw-world.de\/image\/0,,3051990_1,00.jpg"},{"@type":"WebPage","@id":"https:\/\/www.visit-ulcinj.com\/blog\/2008\/10\/22\/sejdiu-paralajmeroi-hapjen-e-ambasadave-ne-maqedoni-dhe-mal-te-zi\/#webpage","url":"https:\/\/www.visit-ulcinj.com\/blog\/2008\/10\/22\/sejdiu-paralajmeroi-hapjen-e-ambasadave-ne-maqedoni-dhe-mal-te-zi\/","name":"Sejdiu paralajm\u00ebroi hapjen e ambasadave n\u00eb Maqedoni dhe Mal t\u00eb Zi - Lajme nga Ulqini","isPartOf":{"@id":"https:\/\/www.visit-ulcinj.com\/blog\/#website"},"primaryImageOfPage":{"@id":"https:\/\/www.visit-ulcinj.com\/blog\/2008\/10\/22\/sejdiu-paralajmeroi-hapjen-e-ambasadave-ne-maqedoni-dhe-mal-te-zi\/#primaryimage"},"datePublished":"2008-10-22T18:18:26+00:00","dateModified":"2008-10-22T18:18:26+00:00","author":{"@id":"https:\/\/www.visit-ulcinj.com\/blog\/#\/schema\/person\/dcab619c614d3038751c63bc2aadc06d"},"description":"Presidenti i Kosov\u00ebs, Fatmir Sejdiu ka paralajm\u00ebruar hapjen e ambasadave t\u00eb Kosov\u00ebs n\u00eb dy shtetet fqinje, Maqedoni dhe Mal t\u00eb Zi, por pa dh\u00ebn\u00eb ndonj\u00eb dat\u00eb","breadcrumb":{"@id":"https:\/\/www.visit-ulcinj.com\/blog\/2008\/10\/22\/sejdiu-paralajmeroi-hapjen-e-ambasadave-ne-maqedoni-dhe-mal-te-zi\/#breadcrumb"},"inLanguage":"en-US","potentialAction":[{"@type":"ReadAction","target":["https:\/\/www.visit-ulcinj.com\/blog\/2008\/10\/22\/sejdiu-paralajmeroi-hapjen-e-ambasadave-ne-maqedoni-dhe-mal-te-zi\/"]}]},{"@type":"BreadcrumbList","@id":"https:\/\/www.visit-ulcinj.com\/blog\/2008\/10\/22\/sejdiu-paralajmeroi-hapjen-e-ambasadave-ne-maqedoni-dhe-mal-te-zi\/#breadcrumb","itemListElement":[{"@type":"ListItem","position":1,"name":"Sejdiu paralajm\u00ebroi hapjen e ambasadave n\u00eb Maqedoni dhe Mal t\u00eb Zi"}]},{"@type":"Person","@id":"https:\/\/www.visit-ulcinj.com\/blog\/#\/schema\/person\/dcab619c614d3038751c63bc2aadc06d","name":"ulqini","sameAs":["http:\/\/www.visit-ulcinj.com"],"url":"https:\/\/www.visit-ulcinj.com\/blog\/author\/admin\/"}]}},"jetpack_featured_media_url":"","jetpack_sharing_enabled":true,"jetpack_shortlink":"https:\/\/wp.me\/pe6lTn-1jl","_links":{"self":[{"href":"https:\/\/www.visit-ulcinj.com\/blog\/wp-json\/wp\/v2\/posts\/5043"}],"collection":[{"href":"https:\/\/www.visit-ulcinj.com\/blog\/wp-json\/wp\/v2\/posts"}],"about":[{"href":"https:\/\/www.visit-ulcinj.com\/blog\/wp-json\/wp\/v2\/types\/post"}],"author":[{"embeddable":true,"href":"https:\/\/www.visit-ulcinj.com\/blog\/wp-json\/wp\/v2\/users\/1"}],"replies":[{"embeddable":true,"href":"https:\/\/www.visit-ulcinj.com\/blog\/wp-json\/wp\/v2\/comments?post=5043"}],"version-history":[{"count":0,"href":"https:\/\/www.visit-ulcinj.com\/blog\/wp-json\/wp\/v2\/posts\/5043\/revisions"}],"wp:attachment":[{"href":"https:\/\/www.visit-ulcinj.com\/blog\/wp-json\/wp\/v2\/media?parent=5043"}],"wp:term":[{"taxonomy":"category","embeddable":true,"href":"https:\/\/www.visit-ulcinj.com\/blog\/wp-json\/wp\/v2\/categories?post=5043"},{"taxonomy":"post_tag","embeddable":true,"href":"https:\/\/www.visit-ulcinj.com\/blog\/wp-json\/wp\/v2\/tags?post=5043"}],"curies":[{"name":"wp","href":"https:\/\/api.w.org\/{rel}","templated":true}]}}