{"id":50455,"date":"2011-08-30T08:44:08","date_gmt":"2011-08-30T07:44:08","guid":{"rendered":"http:\/\/www.visit-ulcinj.com\/blog\/?p=50455"},"modified":"2011-08-30T08:44:08","modified_gmt":"2011-08-30T07:44:08","slug":"saopstenje-sazivanje-skupstine-opstine-ulcinj","status":"publish","type":"post","link":"https:\/\/www.visit-ulcinj.com\/blog\/2011\/08\/30\/saopstenje-sazivanje-skupstine-opstine-ulcinj\/","title":{"rendered":"Saop\u0161tenje, Sazivanje skup\u0161tine Op\u0161tine Ulcinj"},"content":{"rendered":"<p><a href=\"http:\/\/www.visit-ulcinj.com\/blog\/wp-content\/uploads\/2011\/08\/Sazivanje-skupstine-Opstine-Ulcinj.jpg\"><img loading=\"lazy\" class=\"alignleft size-full wp-image-50456\" title=\"Sazivanje skupstine Opstine Ulcinj\" src=\"http:\/\/www.visit-ulcinj.com\/blog\/wp-content\/uploads\/2011\/08\/Sazivanje-skupstine-Opstine-Ulcinj.jpg\" alt=\"\" width=\"508\" height=\"380\" \/><\/a>Inicijativa nove skup\u0161tinske ve\u0107ine u Ulcinju za odr\u017eavanje vanredne sjednice skup\u0161tine dostavljena je u skladu sa ustavom, zakonom i podzakonskim aktima. Ustavom je doredjeno da se redovni sazivi ne mogu odr\u017eavati u periodu od 01.08. do 30.09, i kako se sjednica treba odr\u017eati tokom septembra,\u00a0 tra\u017eili smo odr\u017eavanje vanredne sjednice.<\/p>\n<p>Predsjednik skup\u0161tine, g-din \u0160krelja je javno obe\u0107ao da ne\u0107e vr\u0161iti nikakvu opstrukciju i da \u0107e po prijemu inicijative sa najmanje 17 potpisa, odmah sazvati sjednicu skup\u0161tine. Podsje\u0107amo da je Inicijativa dostavljena 17.08.2011. godine.<\/p>\n<p>\u0160to se ti\u010de krajnjeg datuma odr\u017eavanja sjednice, a vezano za izbor predsjednika op\u0161tine, smatramo da stru\u010dna slu\u017eba skup\u0161tine nije dala odgovaraju\u0107e tuma\u010denje propisa, obzirom da Zakon o lokalnoj samoupravi, vezano za izborne rokove, upu\u0107uje na Zakon o izboru odbornika i poslanika. \u010clanom 14. tog zakona propisano je da se izbori odr\u017eavaju najkasnije 15 dana prije isteka izbornog perioda. Dakle, datum je vezan za istek izbornog perioda, a ne za trajanje mandata predsjednika, kako tuma\u010di Stru\u010dbna slu\u017eba. Zna\u010di, krajnji rok za izbor novog predsjednika op\u0161tine je 09. septembar, odnosno 15 dana prije 24.septembra, kada je odr\u017ean drugi krug za izbor predsjednika u Ulcinju.<\/p>\n<p>Takodje smatramo da stru\u010dna slu\u017eba prilikom davanja stru\u010dnog mi\u0161ljenja u vezi sa izglasavanjem nepovjerenja i izbora novog presjednika skup\u0161tine, nije uzela u obzir osnovni uslov za izbor i obavljanje te funkcije, a to je podr\u0161ka najmanje 17 odbornika. Potpisi 18 odbornika su vi\u0161e nego dovoljan razlog za stavljanje na dnevni red te ta\u010dke ili primjenu \u010dl. 32 Poslovnika SO Ulcinj, koji predvidja mogu\u0107nost da predsjednik skup\u0161tine sam skup\u0161tini postavi pitanje svog povjerenja, ili eventualno podnese ostavku.<\/p>\n<p>O\u010dekujemo da g. \u0160krelja doka\u017ee demokratski kapacitet, i da \u0161to prije sazove sjednicu, kako je to obe\u0107ao vi\u0161e puta, tim prije \u0161to je on kao iskusan politi\u010dar svjestan da svako odugovla\u010denje ide na \u0161tetu ostvarivanja osnovnih funkcija skup\u0161tinske i izvr\u0161ne vlasti i doprinosi stvaranju nepotrebnih politi\u010dkih tenzija.<\/p>\n<p>&nbsp;<\/p>\n<p>Za podnosioca Incijative,<\/p>\n<p>Predsj. Kluba odbornika Force<\/p>\n<p>Xhaudet Cakuli<\/p>\n","protected":false},"excerpt":{"rendered":"<p>Inicijativa nove skup\u0161tinske ve\u0107ine u Ulcinju za odr\u017eavanje vanredne sjednice skup\u0161tine dostavljena je u skladu sa ustavom, zakonom i podzakonskim aktima. Ustavom je doredjeno da se redovni sazivi ne mogu odr\u017eavati u periodu od 01.08. do 30.09, i kako se sjednica treba odr\u017eati tokom septembra,\u00a0 tra\u017eili smo odr\u017eavanje vanredne sjednice. Predsjednik skup\u0161tine, g-din \u0160krelja je [&hellip;]<\/p>\n","protected":false},"author":1,"featured_media":0,"comment_status":"open","ping_status":"closed","sticky":false,"template":"","format":"standard","meta":{"spay_email":"","jetpack_publicize_message":"","jetpack_is_tweetstorm":false,"jetpack_publicize_feature_enabled":true},"categories":[8337],"tags":[2948,19053,19052],"jetpack_publicize_connections":[],"yoast_head":"<!-- This site is optimized with the Yoast SEO plugin v19.1 - https:\/\/yoast.com\/wordpress\/plugins\/seo\/ -->\n<title>Saop\u0161tenje, Sazivanje skup\u0161tine Op\u0161tine Ulcinj - Lajme nga Ulqini<\/title>\n<meta name=\"description\" content=\"Inicijativa nove skup\u0161tinske ve\u0107ine u Ulcinju za odr\u017eavanje vanredne sjednice skup\u0161tine dostavljena je u skladu sa ustavom, zakonom i podzakonskim aktima.\" \/>\n<meta name=\"robots\" content=\"index, follow, max-snippet:-1, max-image-preview:large, max-video-preview:-1\" \/>\n<link rel=\"canonical\" href=\"https:\/\/www.visit-ulcinj.com\/blog\/2011\/08\/30\/saopstenje-sazivanje-skupstine-opstine-ulcinj\/\" \/>\n<meta property=\"og:locale\" content=\"en_US\" \/>\n<meta property=\"og:type\" content=\"article\" \/>\n<meta property=\"og:title\" content=\"Saop\u0161tenje, Sazivanje skup\u0161tine Op\u0161tine Ulcinj - Lajme nga Ulqini\" \/>\n<meta property=\"og:description\" content=\"Inicijativa nove skup\u0161tinske ve\u0107ine u Ulcinju za odr\u017eavanje vanredne sjednice skup\u0161tine dostavljena je u skladu sa ustavom, zakonom i podzakonskim aktima.\" \/>\n<meta property=\"og:url\" content=\"https:\/\/www.visit-ulcinj.com\/blog\/2011\/08\/30\/saopstenje-sazivanje-skupstine-opstine-ulcinj\/\" \/>\n<meta property=\"og:site_name\" content=\"Lajme nga Ulqini\" \/>\n<meta property=\"article:published_time\" content=\"2011-08-30T07:44:08+00:00\" \/>\n<meta property=\"og:image\" content=\"http:\/\/www.visit-ulcinj.com\/blog\/wp-content\/uploads\/2011\/08\/Sazivanje-skupstine-Opstine-Ulcinj.jpg\" \/>\n<meta name=\"twitter:label1\" content=\"Written by\" \/>\n\t<meta name=\"twitter:data1\" content=\"ulqini\" \/>\n\t<meta name=\"twitter:label2\" content=\"Est. reading time\" \/>\n\t<meta name=\"twitter:data2\" content=\"2 minutes\" \/>\n<script type=\"application\/ld+json\" class=\"yoast-schema-graph\">{\"@context\":\"https:\/\/schema.org\",\"@graph\":[{\"@type\":\"WebSite\",\"@id\":\"https:\/\/www.visit-ulcinj.com\/blog\/#website\",\"url\":\"https:\/\/www.visit-ulcinj.com\/blog\/\",\"name\":\"Lajme nga Ulqini\",\"description\":\"Lajme,Vijesti,Ulqini,Ulqin,Crna Gora,Mali i Zi\",\"potentialAction\":[{\"@type\":\"SearchAction\",\"target\":{\"@type\":\"EntryPoint\",\"urlTemplate\":\"https:\/\/www.visit-ulcinj.com\/blog\/?s={search_term_string}\"},\"query-input\":\"required name=search_term_string\"}],\"inLanguage\":\"en-US\"},{\"@type\":\"ImageObject\",\"inLanguage\":\"en-US\",\"@id\":\"https:\/\/www.visit-ulcinj.com\/blog\/2011\/08\/30\/saopstenje-sazivanje-skupstine-opstine-ulcinj\/#primaryimage\",\"url\":\"https:\/\/www.visit-ulcinj.com\/blog\/wp-content\/uploads\/2011\/08\/Sazivanje-skupstine-Opstine-Ulcinj.jpg\",\"contentUrl\":\"https:\/\/www.visit-ulcinj.com\/blog\/wp-content\/uploads\/2011\/08\/Sazivanje-skupstine-Opstine-Ulcinj.jpg\",\"width\":\"640\",\"height\":\"450\"},{\"@type\":\"WebPage\",\"@id\":\"https:\/\/www.visit-ulcinj.com\/blog\/2011\/08\/30\/saopstenje-sazivanje-skupstine-opstine-ulcinj\/#webpage\",\"url\":\"https:\/\/www.visit-ulcinj.com\/blog\/2011\/08\/30\/saopstenje-sazivanje-skupstine-opstine-ulcinj\/\",\"name\":\"Saop\u0161tenje, Sazivanje skup\u0161tine Op\u0161tine Ulcinj - Lajme nga Ulqini\",\"isPartOf\":{\"@id\":\"https:\/\/www.visit-ulcinj.com\/blog\/#website\"},\"primaryImageOfPage\":{\"@id\":\"https:\/\/www.visit-ulcinj.com\/blog\/2011\/08\/30\/saopstenje-sazivanje-skupstine-opstine-ulcinj\/#primaryimage\"},\"datePublished\":\"2011-08-30T07:44:08+00:00\",\"dateModified\":\"2011-08-30T07:44:08+00:00\",\"author\":{\"@id\":\"https:\/\/www.visit-ulcinj.com\/blog\/#\/schema\/person\/dcab619c614d3038751c63bc2aadc06d\"},\"description\":\"Inicijativa nove skup\u0161tinske ve\u0107ine u Ulcinju za odr\u017eavanje vanredne sjednice skup\u0161tine dostavljena je u skladu sa ustavom, zakonom i podzakonskim aktima.\",\"breadcrumb\":{\"@id\":\"https:\/\/www.visit-ulcinj.com\/blog\/2011\/08\/30\/saopstenje-sazivanje-skupstine-opstine-ulcinj\/#breadcrumb\"},\"inLanguage\":\"en-US\",\"potentialAction\":[{\"@type\":\"ReadAction\",\"target\":[\"https:\/\/www.visit-ulcinj.com\/blog\/2011\/08\/30\/saopstenje-sazivanje-skupstine-opstine-ulcinj\/\"]}]},{\"@type\":\"BreadcrumbList\",\"@id\":\"https:\/\/www.visit-ulcinj.com\/blog\/2011\/08\/30\/saopstenje-sazivanje-skupstine-opstine-ulcinj\/#breadcrumb\",\"itemListElement\":[{\"@type\":\"ListItem\",\"position\":1,\"name\":\"Saop\u0161tenje, Sazivanje skup\u0161tine Op\u0161tine Ulcinj\"}]},{\"@type\":\"Person\",\"@id\":\"https:\/\/www.visit-ulcinj.com\/blog\/#\/schema\/person\/dcab619c614d3038751c63bc2aadc06d\",\"name\":\"ulqini\",\"sameAs\":[\"http:\/\/www.visit-ulcinj.com\"],\"url\":\"https:\/\/www.visit-ulcinj.com\/blog\/author\/admin\/\"}]}<\/script>\n<!-- \/ Yoast SEO plugin. -->","yoast_head_json":{"title":"Saop\u0161tenje, Sazivanje skup\u0161tine Op\u0161tine Ulcinj - Lajme nga Ulqini","description":"Inicijativa nove skup\u0161tinske ve\u0107ine u Ulcinju za odr\u017eavanje vanredne sjednice skup\u0161tine dostavljena je u skladu sa ustavom, zakonom i podzakonskim aktima.","robots":{"index":"index","follow":"follow","max-snippet":"max-snippet:-1","max-image-preview":"max-image-preview:large","max-video-preview":"max-video-preview:-1"},"canonical":"https:\/\/www.visit-ulcinj.com\/blog\/2011\/08\/30\/saopstenje-sazivanje-skupstine-opstine-ulcinj\/","og_locale":"en_US","og_type":"article","og_title":"Saop\u0161tenje, Sazivanje skup\u0161tine Op\u0161tine Ulcinj - Lajme nga Ulqini","og_description":"Inicijativa nove skup\u0161tinske ve\u0107ine u Ulcinju za odr\u017eavanje vanredne sjednice skup\u0161tine dostavljena je u skladu sa ustavom, zakonom i podzakonskim aktima.","og_url":"https:\/\/www.visit-ulcinj.com\/blog\/2011\/08\/30\/saopstenje-sazivanje-skupstine-opstine-ulcinj\/","og_site_name":"Lajme nga Ulqini","article_published_time":"2011-08-30T07:44:08+00:00","og_image":[{"url":"http:\/\/www.visit-ulcinj.com\/blog\/wp-content\/uploads\/2011\/08\/Sazivanje-skupstine-Opstine-Ulcinj.jpg"}],"twitter_misc":{"Written by":"ulqini","Est. reading time":"2 minutes"},"schema":{"@context":"https:\/\/schema.org","@graph":[{"@type":"WebSite","@id":"https:\/\/www.visit-ulcinj.com\/blog\/#website","url":"https:\/\/www.visit-ulcinj.com\/blog\/","name":"Lajme nga Ulqini","description":"Lajme,Vijesti,Ulqini,Ulqin,Crna Gora,Mali i Zi","potentialAction":[{"@type":"SearchAction","target":{"@type":"EntryPoint","urlTemplate":"https:\/\/www.visit-ulcinj.com\/blog\/?s={search_term_string}"},"query-input":"required name=search_term_string"}],"inLanguage":"en-US"},{"@type":"ImageObject","inLanguage":"en-US","@id":"https:\/\/www.visit-ulcinj.com\/blog\/2011\/08\/30\/saopstenje-sazivanje-skupstine-opstine-ulcinj\/#primaryimage","url":"https:\/\/www.visit-ulcinj.com\/blog\/wp-content\/uploads\/2011\/08\/Sazivanje-skupstine-Opstine-Ulcinj.jpg","contentUrl":"https:\/\/www.visit-ulcinj.com\/blog\/wp-content\/uploads\/2011\/08\/Sazivanje-skupstine-Opstine-Ulcinj.jpg","width":"640","height":"450"},{"@type":"WebPage","@id":"https:\/\/www.visit-ulcinj.com\/blog\/2011\/08\/30\/saopstenje-sazivanje-skupstine-opstine-ulcinj\/#webpage","url":"https:\/\/www.visit-ulcinj.com\/blog\/2011\/08\/30\/saopstenje-sazivanje-skupstine-opstine-ulcinj\/","name":"Saop\u0161tenje, Sazivanje skup\u0161tine Op\u0161tine Ulcinj - Lajme nga Ulqini","isPartOf":{"@id":"https:\/\/www.visit-ulcinj.com\/blog\/#website"},"primaryImageOfPage":{"@id":"https:\/\/www.visit-ulcinj.com\/blog\/2011\/08\/30\/saopstenje-sazivanje-skupstine-opstine-ulcinj\/#primaryimage"},"datePublished":"2011-08-30T07:44:08+00:00","dateModified":"2011-08-30T07:44:08+00:00","author":{"@id":"https:\/\/www.visit-ulcinj.com\/blog\/#\/schema\/person\/dcab619c614d3038751c63bc2aadc06d"},"description":"Inicijativa nove skup\u0161tinske ve\u0107ine u Ulcinju za odr\u017eavanje vanredne sjednice skup\u0161tine dostavljena je u skladu sa ustavom, zakonom i podzakonskim aktima.","breadcrumb":{"@id":"https:\/\/www.visit-ulcinj.com\/blog\/2011\/08\/30\/saopstenje-sazivanje-skupstine-opstine-ulcinj\/#breadcrumb"},"inLanguage":"en-US","potentialAction":[{"@type":"ReadAction","target":["https:\/\/www.visit-ulcinj.com\/blog\/2011\/08\/30\/saopstenje-sazivanje-skupstine-opstine-ulcinj\/"]}]},{"@type":"BreadcrumbList","@id":"https:\/\/www.visit-ulcinj.com\/blog\/2011\/08\/30\/saopstenje-sazivanje-skupstine-opstine-ulcinj\/#breadcrumb","itemListElement":[{"@type":"ListItem","position":1,"name":"Saop\u0161tenje, Sazivanje skup\u0161tine Op\u0161tine Ulcinj"}]},{"@type":"Person","@id":"https:\/\/www.visit-ulcinj.com\/blog\/#\/schema\/person\/dcab619c614d3038751c63bc2aadc06d","name":"ulqini","sameAs":["http:\/\/www.visit-ulcinj.com"],"url":"https:\/\/www.visit-ulcinj.com\/blog\/author\/admin\/"}]}},"jetpack_featured_media_url":"","jetpack_sharing_enabled":true,"jetpack_shortlink":"https:\/\/wp.me\/pe6lTn-d7N","_links":{"self":[{"href":"https:\/\/www.visit-ulcinj.com\/blog\/wp-json\/wp\/v2\/posts\/50455"}],"collection":[{"href":"https:\/\/www.visit-ulcinj.com\/blog\/wp-json\/wp\/v2\/posts"}],"about":[{"href":"https:\/\/www.visit-ulcinj.com\/blog\/wp-json\/wp\/v2\/types\/post"}],"author":[{"embeddable":true,"href":"https:\/\/www.visit-ulcinj.com\/blog\/wp-json\/wp\/v2\/users\/1"}],"replies":[{"embeddable":true,"href":"https:\/\/www.visit-ulcinj.com\/blog\/wp-json\/wp\/v2\/comments?post=50455"}],"version-history":[{"count":2,"href":"https:\/\/www.visit-ulcinj.com\/blog\/wp-json\/wp\/v2\/posts\/50455\/revisions"}],"predecessor-version":[{"id":50458,"href":"https:\/\/www.visit-ulcinj.com\/blog\/wp-json\/wp\/v2\/posts\/50455\/revisions\/50458"}],"wp:attachment":[{"href":"https:\/\/www.visit-ulcinj.com\/blog\/wp-json\/wp\/v2\/media?parent=50455"}],"wp:term":[{"taxonomy":"category","embeddable":true,"href":"https:\/\/www.visit-ulcinj.com\/blog\/wp-json\/wp\/v2\/categories?post=50455"},{"taxonomy":"post_tag","embeddable":true,"href":"https:\/\/www.visit-ulcinj.com\/blog\/wp-json\/wp\/v2\/tags?post=50455"}],"curies":[{"name":"wp","href":"https:\/\/api.w.org\/{rel}","templated":true}]}}