{"id":50464,"date":"2011-08-30T09:00:50","date_gmt":"2011-08-30T08:00:50","guid":{"rendered":"http:\/\/www.visit-ulcinj.com\/blog\/?p=50464"},"modified":"2011-08-30T18:21:46","modified_gmt":"2011-08-30T17:21:46","slug":"lajme-nga-ulqini-urime-festen-e-fiter-bajramit","status":"publish","type":"post","link":"https:\/\/www.visit-ulcinj.com\/blog\/2011\/08\/30\/lajme-nga-ulqini-urime-festen-e-fiter-bajramit\/","title":{"rendered":"Lajme nga Ulqini: Urime fest\u00ebn e Fit\u00ebr Bajramit"},"content":{"rendered":"<p><a href=\"http:\/\/www.visit-ulcinj.com\/blog\/wp-content\/uploads\/2011\/08\/Me-Fat-Fiter-Bajrami.1.jpg\"><img loading=\"lazy\" class=\"alignleft size-full wp-image-50465\" title=\"Me Fat Fiter Bajrami.1\" src=\"http:\/\/www.visit-ulcinj.com\/blog\/wp-content\/uploads\/2011\/08\/Me-Fat-Fiter-Bajrami.1.jpg\" alt=\"\" width=\"490\" height=\"349\" \/><\/a>Stafi i Lajmeve nga Ulqini ju uron fest\u00ebn e Fit\u00ebr Bajramit t\u00eb gjith\u00eb besimtar\u00ebve t\u00eb fes\u00eb islame.Urojm\u00eb q\u00eb kjo fest\u00eb t\u00eb ju gjej\u00eb me harmoni, sh\u00ebndet,begati e paqe dhe gjith\u00eb t\u00eb mirat me familjet tuaja.<\/p>\n<p><strong>G\u00ebzuar Fit\u00ebr Bajramin<\/strong><\/p>\n<p><strong> Lajme nga Ulqini<\/strong><\/p>\n","protected":false},"excerpt":{"rendered":"<p>Stafi i Lajmeve nga Ulqini ju uron fest\u00ebn e Fit\u00ebr Bajramit t\u00eb gjith\u00eb besimtar\u00ebve t\u00eb fes\u00eb islame.Urojm\u00eb q\u00eb kjo fest\u00eb t\u00eb ju gjej\u00eb me harmoni, sh\u00ebndet,begati e paqe dhe gjith\u00eb t\u00eb mirat me familjet tuaja. G\u00ebzuar Fit\u00ebr Bajramin Lajme nga Ulqini<\/p>\n","protected":false},"author":1,"featured_media":0,"comment_status":"open","ping_status":"closed","sticky":false,"template":"","format":"standard","meta":{"spay_email":"","jetpack_publicize_message":"","jetpack_is_tweetstorm":false,"jetpack_publicize_feature_enabled":true},"categories":[8],"tags":[200,18,12464],"jetpack_publicize_connections":[],"yoast_head":"<!-- This site is optimized with the Yoast SEO plugin v19.1 - https:\/\/yoast.com\/wordpress\/plugins\/seo\/ -->\n<title>Lajme nga Ulqini: Urime fest\u00ebn e Fit\u00ebr Bajramit - Lajme nga Ulqini<\/title>\n<meta name=\"description\" content=\"Stafi i Lajmeve nga Ulqini ju uron fest\u00ebn e Fit\u00ebr Bajramit t\u00eb gjith\u00eb besimtar\u00ebve t\u00eb fes\u00eb islame.Urojm\u00eb q\u00eb kjo fest\u00eb t\u00eb ju gjej\u00eb me harmoni, sh\u00ebndet,begati\" \/>\n<meta name=\"robots\" content=\"index, follow, max-snippet:-1, max-image-preview:large, max-video-preview:-1\" \/>\n<link rel=\"canonical\" href=\"https:\/\/www.visit-ulcinj.com\/blog\/2011\/08\/30\/lajme-nga-ulqini-urime-festen-e-fiter-bajramit\/\" \/>\n<meta property=\"og:locale\" content=\"en_US\" \/>\n<meta property=\"og:type\" content=\"article\" \/>\n<meta property=\"og:title\" content=\"Lajme nga Ulqini: Urime fest\u00ebn e Fit\u00ebr Bajramit - Lajme nga Ulqini\" \/>\n<meta property=\"og:description\" content=\"Stafi i Lajmeve nga Ulqini ju uron fest\u00ebn e Fit\u00ebr Bajramit t\u00eb gjith\u00eb besimtar\u00ebve t\u00eb fes\u00eb islame.Urojm\u00eb q\u00eb kjo fest\u00eb t\u00eb ju gjej\u00eb me harmoni, sh\u00ebndet,begati\" \/>\n<meta property=\"og:url\" content=\"https:\/\/www.visit-ulcinj.com\/blog\/2011\/08\/30\/lajme-nga-ulqini-urime-festen-e-fiter-bajramit\/\" \/>\n<meta property=\"og:site_name\" content=\"Lajme nga Ulqini\" \/>\n<meta property=\"article:published_time\" content=\"2011-08-30T08:00:50+00:00\" \/>\n<meta property=\"article:modified_time\" content=\"2011-08-30T17:21:46+00:00\" \/>\n<meta property=\"og:image\" content=\"http:\/\/www.visit-ulcinj.com\/blog\/wp-content\/uploads\/2011\/08\/Me-Fat-Fiter-Bajrami.1.jpg\" \/>\n<meta name=\"twitter:label1\" content=\"Written by\" \/>\n\t<meta name=\"twitter:data1\" content=\"ulqini\" \/>\n<script type=\"application\/ld+json\" class=\"yoast-schema-graph\">{\"@context\":\"https:\/\/schema.org\",\"@graph\":[{\"@type\":\"WebSite\",\"@id\":\"https:\/\/www.visit-ulcinj.com\/blog\/#website\",\"url\":\"https:\/\/www.visit-ulcinj.com\/blog\/\",\"name\":\"Lajme nga Ulqini\",\"description\":\"Lajme,Vijesti,Ulqini,Ulqin,Crna Gora,Mali i Zi\",\"potentialAction\":[{\"@type\":\"SearchAction\",\"target\":{\"@type\":\"EntryPoint\",\"urlTemplate\":\"https:\/\/www.visit-ulcinj.com\/blog\/?s={search_term_string}\"},\"query-input\":\"required name=search_term_string\"}],\"inLanguage\":\"en-US\"},{\"@type\":\"ImageObject\",\"inLanguage\":\"en-US\",\"@id\":\"https:\/\/www.visit-ulcinj.com\/blog\/2011\/08\/30\/lajme-nga-ulqini-urime-festen-e-fiter-bajramit\/#primaryimage\",\"url\":\"https:\/\/www.visit-ulcinj.com\/blog\/wp-content\/uploads\/2011\/08\/Me-Fat-Fiter-Bajrami.1.jpg\",\"contentUrl\":\"https:\/\/www.visit-ulcinj.com\/blog\/wp-content\/uploads\/2011\/08\/Me-Fat-Fiter-Bajrami.1.jpg\",\"width\":\"400\",\"height\":\"349\"},{\"@type\":\"WebPage\",\"@id\":\"https:\/\/www.visit-ulcinj.com\/blog\/2011\/08\/30\/lajme-nga-ulqini-urime-festen-e-fiter-bajramit\/#webpage\",\"url\":\"https:\/\/www.visit-ulcinj.com\/blog\/2011\/08\/30\/lajme-nga-ulqini-urime-festen-e-fiter-bajramit\/\",\"name\":\"Lajme nga Ulqini: Urime fest\u00ebn e Fit\u00ebr Bajramit - Lajme nga Ulqini\",\"isPartOf\":{\"@id\":\"https:\/\/www.visit-ulcinj.com\/blog\/#website\"},\"primaryImageOfPage\":{\"@id\":\"https:\/\/www.visit-ulcinj.com\/blog\/2011\/08\/30\/lajme-nga-ulqini-urime-festen-e-fiter-bajramit\/#primaryimage\"},\"datePublished\":\"2011-08-30T08:00:50+00:00\",\"dateModified\":\"2011-08-30T17:21:46+00:00\",\"author\":{\"@id\":\"https:\/\/www.visit-ulcinj.com\/blog\/#\/schema\/person\/dcab619c614d3038751c63bc2aadc06d\"},\"description\":\"Stafi i Lajmeve nga Ulqini ju uron fest\u00ebn e Fit\u00ebr Bajramit t\u00eb gjith\u00eb besimtar\u00ebve t\u00eb fes\u00eb islame.Urojm\u00eb q\u00eb kjo fest\u00eb t\u00eb ju gjej\u00eb me harmoni, sh\u00ebndet,begati\",\"breadcrumb\":{\"@id\":\"https:\/\/www.visit-ulcinj.com\/blog\/2011\/08\/30\/lajme-nga-ulqini-urime-festen-e-fiter-bajramit\/#breadcrumb\"},\"inLanguage\":\"en-US\",\"potentialAction\":[{\"@type\":\"ReadAction\",\"target\":[\"https:\/\/www.visit-ulcinj.com\/blog\/2011\/08\/30\/lajme-nga-ulqini-urime-festen-e-fiter-bajramit\/\"]}]},{\"@type\":\"BreadcrumbList\",\"@id\":\"https:\/\/www.visit-ulcinj.com\/blog\/2011\/08\/30\/lajme-nga-ulqini-urime-festen-e-fiter-bajramit\/#breadcrumb\",\"itemListElement\":[{\"@type\":\"ListItem\",\"position\":1,\"name\":\"Lajme nga Ulqini: Urime fest\u00ebn e Fit\u00ebr Bajramit\"}]},{\"@type\":\"Person\",\"@id\":\"https:\/\/www.visit-ulcinj.com\/blog\/#\/schema\/person\/dcab619c614d3038751c63bc2aadc06d\",\"name\":\"ulqini\",\"sameAs\":[\"http:\/\/www.visit-ulcinj.com\"],\"url\":\"https:\/\/www.visit-ulcinj.com\/blog\/author\/admin\/\"}]}<\/script>\n<!-- \/ Yoast SEO plugin. -->","yoast_head_json":{"title":"Lajme nga Ulqini: Urime fest\u00ebn e Fit\u00ebr Bajramit - Lajme nga Ulqini","description":"Stafi i Lajmeve nga Ulqini ju uron fest\u00ebn e Fit\u00ebr Bajramit t\u00eb gjith\u00eb besimtar\u00ebve t\u00eb fes\u00eb islame.Urojm\u00eb q\u00eb kjo fest\u00eb t\u00eb ju gjej\u00eb me harmoni, sh\u00ebndet,begati","robots":{"index":"index","follow":"follow","max-snippet":"max-snippet:-1","max-image-preview":"max-image-preview:large","max-video-preview":"max-video-preview:-1"},"canonical":"https:\/\/www.visit-ulcinj.com\/blog\/2011\/08\/30\/lajme-nga-ulqini-urime-festen-e-fiter-bajramit\/","og_locale":"en_US","og_type":"article","og_title":"Lajme nga Ulqini: Urime fest\u00ebn e Fit\u00ebr Bajramit - Lajme nga Ulqini","og_description":"Stafi i Lajmeve nga Ulqini ju uron fest\u00ebn e Fit\u00ebr Bajramit t\u00eb gjith\u00eb besimtar\u00ebve t\u00eb fes\u00eb islame.Urojm\u00eb q\u00eb kjo fest\u00eb t\u00eb ju gjej\u00eb me harmoni, sh\u00ebndet,begati","og_url":"https:\/\/www.visit-ulcinj.com\/blog\/2011\/08\/30\/lajme-nga-ulqini-urime-festen-e-fiter-bajramit\/","og_site_name":"Lajme nga Ulqini","article_published_time":"2011-08-30T08:00:50+00:00","article_modified_time":"2011-08-30T17:21:46+00:00","og_image":[{"url":"http:\/\/www.visit-ulcinj.com\/blog\/wp-content\/uploads\/2011\/08\/Me-Fat-Fiter-Bajrami.1.jpg"}],"twitter_misc":{"Written by":"ulqini"},"schema":{"@context":"https:\/\/schema.org","@graph":[{"@type":"WebSite","@id":"https:\/\/www.visit-ulcinj.com\/blog\/#website","url":"https:\/\/www.visit-ulcinj.com\/blog\/","name":"Lajme nga Ulqini","description":"Lajme,Vijesti,Ulqini,Ulqin,Crna Gora,Mali i Zi","potentialAction":[{"@type":"SearchAction","target":{"@type":"EntryPoint","urlTemplate":"https:\/\/www.visit-ulcinj.com\/blog\/?s={search_term_string}"},"query-input":"required name=search_term_string"}],"inLanguage":"en-US"},{"@type":"ImageObject","inLanguage":"en-US","@id":"https:\/\/www.visit-ulcinj.com\/blog\/2011\/08\/30\/lajme-nga-ulqini-urime-festen-e-fiter-bajramit\/#primaryimage","url":"https:\/\/www.visit-ulcinj.com\/blog\/wp-content\/uploads\/2011\/08\/Me-Fat-Fiter-Bajrami.1.jpg","contentUrl":"https:\/\/www.visit-ulcinj.com\/blog\/wp-content\/uploads\/2011\/08\/Me-Fat-Fiter-Bajrami.1.jpg","width":"400","height":"349"},{"@type":"WebPage","@id":"https:\/\/www.visit-ulcinj.com\/blog\/2011\/08\/30\/lajme-nga-ulqini-urime-festen-e-fiter-bajramit\/#webpage","url":"https:\/\/www.visit-ulcinj.com\/blog\/2011\/08\/30\/lajme-nga-ulqini-urime-festen-e-fiter-bajramit\/","name":"Lajme nga Ulqini: Urime fest\u00ebn e Fit\u00ebr Bajramit - Lajme nga Ulqini","isPartOf":{"@id":"https:\/\/www.visit-ulcinj.com\/blog\/#website"},"primaryImageOfPage":{"@id":"https:\/\/www.visit-ulcinj.com\/blog\/2011\/08\/30\/lajme-nga-ulqini-urime-festen-e-fiter-bajramit\/#primaryimage"},"datePublished":"2011-08-30T08:00:50+00:00","dateModified":"2011-08-30T17:21:46+00:00","author":{"@id":"https:\/\/www.visit-ulcinj.com\/blog\/#\/schema\/person\/dcab619c614d3038751c63bc2aadc06d"},"description":"Stafi i Lajmeve nga Ulqini ju uron fest\u00ebn e Fit\u00ebr Bajramit t\u00eb gjith\u00eb besimtar\u00ebve t\u00eb fes\u00eb islame.Urojm\u00eb q\u00eb kjo fest\u00eb t\u00eb ju gjej\u00eb me harmoni, sh\u00ebndet,begati","breadcrumb":{"@id":"https:\/\/www.visit-ulcinj.com\/blog\/2011\/08\/30\/lajme-nga-ulqini-urime-festen-e-fiter-bajramit\/#breadcrumb"},"inLanguage":"en-US","potentialAction":[{"@type":"ReadAction","target":["https:\/\/www.visit-ulcinj.com\/blog\/2011\/08\/30\/lajme-nga-ulqini-urime-festen-e-fiter-bajramit\/"]}]},{"@type":"BreadcrumbList","@id":"https:\/\/www.visit-ulcinj.com\/blog\/2011\/08\/30\/lajme-nga-ulqini-urime-festen-e-fiter-bajramit\/#breadcrumb","itemListElement":[{"@type":"ListItem","position":1,"name":"Lajme nga Ulqini: Urime fest\u00ebn e Fit\u00ebr Bajramit"}]},{"@type":"Person","@id":"https:\/\/www.visit-ulcinj.com\/blog\/#\/schema\/person\/dcab619c614d3038751c63bc2aadc06d","name":"ulqini","sameAs":["http:\/\/www.visit-ulcinj.com"],"url":"https:\/\/www.visit-ulcinj.com\/blog\/author\/admin\/"}]}},"jetpack_featured_media_url":"","jetpack_sharing_enabled":true,"jetpack_shortlink":"https:\/\/wp.me\/pe6lTn-d7W","_links":{"self":[{"href":"https:\/\/www.visit-ulcinj.com\/blog\/wp-json\/wp\/v2\/posts\/50464"}],"collection":[{"href":"https:\/\/www.visit-ulcinj.com\/blog\/wp-json\/wp\/v2\/posts"}],"about":[{"href":"https:\/\/www.visit-ulcinj.com\/blog\/wp-json\/wp\/v2\/types\/post"}],"author":[{"embeddable":true,"href":"https:\/\/www.visit-ulcinj.com\/blog\/wp-json\/wp\/v2\/users\/1"}],"replies":[{"embeddable":true,"href":"https:\/\/www.visit-ulcinj.com\/blog\/wp-json\/wp\/v2\/comments?post=50464"}],"version-history":[{"count":2,"href":"https:\/\/www.visit-ulcinj.com\/blog\/wp-json\/wp\/v2\/posts\/50464\/revisions"}],"predecessor-version":[{"id":50495,"href":"https:\/\/www.visit-ulcinj.com\/blog\/wp-json\/wp\/v2\/posts\/50464\/revisions\/50495"}],"wp:attachment":[{"href":"https:\/\/www.visit-ulcinj.com\/blog\/wp-json\/wp\/v2\/media?parent=50464"}],"wp:term":[{"taxonomy":"category","embeddable":true,"href":"https:\/\/www.visit-ulcinj.com\/blog\/wp-json\/wp\/v2\/categories?post=50464"},{"taxonomy":"post_tag","embeddable":true,"href":"https:\/\/www.visit-ulcinj.com\/blog\/wp-json\/wp\/v2\/tags?post=50464"}],"curies":[{"name":"wp","href":"https:\/\/api.w.org\/{rel}","templated":true}]}}