{"id":50468,"date":"2011-08-30T09:14:40","date_gmt":"2011-08-30T08:14:40","guid":{"rendered":"http:\/\/www.visit-ulcinj.com\/blog\/?p=50468"},"modified":"2011-08-30T09:14:40","modified_gmt":"2011-08-30T08:14:40","slug":"kumtese-thirrja-e-kuvendit-te-komunes","status":"publish","type":"post","link":"https:\/\/www.visit-ulcinj.com\/blog\/2011\/08\/30\/kumtese-thirrja-e-kuvendit-te-komunes\/","title":{"rendered":"KUMTESE, Thirrja e Kuvendit te Komunes"},"content":{"rendered":"<p><a href=\"http:\/\/www.visit-ulcinj.com\/blog\/wp-content\/uploads\/2011\/08\/Thirrja-e-Kuvendit-te-Komunes-s%C3%AB-Ulqinit.jpg\"><img loading=\"lazy\" class=\"alignleft size-full wp-image-50469\" title=\"Thirrja e Kuvendit te Komunes s\u00eb Ulqinit\" src=\"http:\/\/www.visit-ulcinj.com\/blog\/wp-content\/uploads\/2011\/08\/Thirrja-e-Kuvendit-te-Komunes-s%C3%AB-Ulqinit.jpg\" alt=\"\" width=\"508\" height=\"380\" \/><\/a>Iniciativa e shumic\u00ebs s\u00eb re parlamentare p\u00ebr mbajtjen e seanc\u00ebs s\u00eb jasht\u00ebzakonshme t\u00eb Kuvendit \u00ebsht\u00eb dor\u00ebzuar sipas Kushtetut\u00ebs, ligjit dhe vendimeve. Kushtetuta p\u00ebrcakton se seancat e rregullta nuk mund t\u00eb thirren n\u00eb periudh\u00ebn prej 01 gusht deri me 30 shtator\u00eb, dhe pasi q\u00eb seanca duhet t\u00eb mbahet gjat\u00eb muajit shtator\u00eb, ne kemi k\u00ebrkuar mbajtjen e seanc\u00ebs s\u00eb jasht\u00ebzakonshme.<\/p>\n<p>Kryetari i Kuvendit zot\u00ebri Shkrela ka premtuar publikisht se nuk do t\u00eb b\u00ebj\u00eb kurrfar\u00eb obstruksioni dhe sapo t\u00eb pranoj iniciativ\u00ebn me 17 n\u00ebnshkrime do t\u00eb th\u00ebrras seanc\u00ebn e Kuvendit. Ne p\u00ebrkujtojm\u00eb se Iniciativ\u00ebn e kemi dor\u00ebzuar m\u00eb 17 gusht 2011.<\/p>\n<p>Sa i p\u00ebrket afatit t\u00eb fundit p\u00ebr mbajtjen e kuvendit, lidhur me zgjedhjen e kryetarit t\u00eb Komun\u00ebs, jemi t\u00eb bindjes se sh\u00ebrbimi i komun\u00ebs ka dh\u00ebn\u00eb shpjegim t\u00eb gabuar t\u00eb akteve ligjore., sepse Ligji p\u00ebr vet\u00ebqeverisje lokale, n\u00eb lidhje me afatet, i referohet Ligjit p\u00ebr zgjedhje t\u00eb k\u00ebshilltar\u00ebve dhe deputet\u00ebve. Neni 14 i k\u00ebtij Ligji parasheh se zgjedhjet mbahen m\u00eb s\u00eb larg\u00ebti 15 dit\u00eb pas skadimit t\u00eb afatit zgjedhor\u00eb. Kjo do t\u00eb thot\u00eb se data lidhet me skadimin e afatit zgjedhor\u00eb dhe jo me zgjatjen e mandatit t\u00eb kryetarit. Pra, data e fundit p\u00ebr zgjedhjen e kryetarit t\u00eb ri \u00ebsht\u00eb 09 shatori, q\u00eb del nga 15 dit\u00eb para 24 shtatorit , kur \u00ebsht\u00eb mbajtur balotazhi p\u00ebr zgjedhjen e kryetarit t\u00eb Ulqinit.<\/p>\n<p>Ne gjithashtu jemi t\u00eb mendimit se sh\u00ebrbimi komunal me rastin e dh\u00ebnies s\u00eb q\u00ebndrimit p\u00ebr \u00e7\u00ebshtjen e zgjedhjes s\u00eb kryetarit t\u00eb ri nuk ka marr para sysh kushtin kryesor\u00eb p\u00ebr zgjedhjen dhe ushtrimin e k\u00ebtij funksioni , e kjo \u00ebsht\u00eb p\u00ebrkrahja e m\u00eb s\u00eb paku 17 k\u00ebshilltar\u00ebve. Pra, n\u00ebnshkrimet e 18 k\u00ebshilltar\u00ebve jan\u00eb m\u00eb se t\u00eb mjaftuesh\u00ebm p\u00ebr aplikimin e nenit 32 t\u00eb Rregullores s\u00eb Kuvendit Komunal t\u00eb Ulqinit, i cili parasheh mund\u00ebsin q\u00eb Kryetari mund t\u00eb shtoj vet\u00eb kuvendit \u00e7\u00ebshtjen e mosbesimit ose eventualisht t\u00eb jap dor\u00ebheqje.<\/p>\n<p>Presim q\u00eb zot\u00ebri Shkrela t\u00eb d\u00ebshmoj\u00eb kapacitetin vet demokratik, dhe sa m\u00eb par\u00eb t\u00eb th\u00ebrras seanc\u00ebn e kuvendit, si\u00e7 ka premtuar disa her\u00eb , aq m\u00eb tep\u00ebr, kur dim\u00eb se ai si politikan me p\u00ebrvoj\u00eb \u00ebsht\u00eb i vet\u00ebdijsh\u00ebm se \u00e7do zvarritje shkon n\u00eb d\u00ebm t\u00eb p\u00ebrmbushjes s\u00eb funksioneve vitale t\u00eb Kuvendit dhe ekzekutivit dhe krijimit t\u00eb tensioneve t\u00eb panevojshme politike.<\/p>\n<p><strong>P\u00ebr bart\u00ebsit e iniciativ\u00ebs,<\/strong><\/p>\n<p><strong>Kryetari i klubit t\u00eb Forc\u00ebs<\/strong><\/p>\n<p><strong>Xhaudet Cakuli<\/strong><\/p>\n","protected":false},"excerpt":{"rendered":"<p>Iniciativa e shumic\u00ebs s\u00eb re parlamentare p\u00ebr mbajtjen e seanc\u00ebs s\u00eb jasht\u00ebzakonshme t\u00eb Kuvendit \u00ebsht\u00eb dor\u00ebzuar sipas Kushtetut\u00ebs, ligjit dhe vendimeve. Kushtetuta p\u00ebrcakton se seancat e rregullta nuk mund t\u00eb thirren n\u00eb periudh\u00ebn prej 01 gusht deri me 30 shtator\u00eb, dhe pasi q\u00eb seanca duhet t\u00eb mbahet gjat\u00eb muajit shtator\u00eb, ne kemi k\u00ebrkuar mbajtjen e [&hellip;]<\/p>\n","protected":false},"author":1,"featured_media":0,"comment_status":"open","ping_status":"closed","sticky":false,"template":"","format":"standard","meta":{"spay_email":"","jetpack_publicize_message":"","jetpack_is_tweetstorm":false,"jetpack_publicize_feature_enabled":true},"categories":[6],"tags":[222,10563,119,13573,118],"jetpack_publicize_connections":[],"yoast_head":"<!-- This site is optimized with the Yoast SEO plugin v19.1 - https:\/\/yoast.com\/wordpress\/plugins\/seo\/ -->\n<title>KUMTESE, Thirrja e Kuvendit te Komunes - Lajme nga Ulqini<\/title>\n<meta name=\"description\" content=\"Iniciativa e shumic\u00ebs s\u00eb re parlamentare p\u00ebr mbajtjen e seanc\u00ebs s\u00eb jasht\u00ebzakonshme t\u00eb Kuvendit \u00ebsht\u00eb dor\u00ebzuar sipas Kushtetut\u00ebs, ligjit dhe vendimeve.\" \/>\n<meta name=\"robots\" content=\"index, follow, max-snippet:-1, max-image-preview:large, max-video-preview:-1\" \/>\n<link rel=\"canonical\" href=\"https:\/\/www.visit-ulcinj.com\/blog\/2011\/08\/30\/kumtese-thirrja-e-kuvendit-te-komunes\/\" \/>\n<meta property=\"og:locale\" content=\"en_US\" \/>\n<meta property=\"og:type\" content=\"article\" \/>\n<meta property=\"og:title\" content=\"KUMTESE, Thirrja e Kuvendit te Komunes - Lajme nga Ulqini\" \/>\n<meta property=\"og:description\" content=\"Iniciativa e shumic\u00ebs s\u00eb re parlamentare p\u00ebr mbajtjen e seanc\u00ebs s\u00eb jasht\u00ebzakonshme t\u00eb Kuvendit \u00ebsht\u00eb dor\u00ebzuar sipas Kushtetut\u00ebs, ligjit dhe vendimeve.\" \/>\n<meta property=\"og:url\" content=\"https:\/\/www.visit-ulcinj.com\/blog\/2011\/08\/30\/kumtese-thirrja-e-kuvendit-te-komunes\/\" \/>\n<meta property=\"og:site_name\" content=\"Lajme nga Ulqini\" \/>\n<meta property=\"article:published_time\" content=\"2011-08-30T08:14:40+00:00\" \/>\n<meta property=\"og:image\" content=\"http:\/\/www.visit-ulcinj.com\/blog\/wp-content\/uploads\/2011\/08\/Thirrja-e-Kuvendit-te-Komunes-s%C3%AB-Ulqinit.jpg\" \/>\n<meta name=\"twitter:label1\" content=\"Written by\" \/>\n\t<meta name=\"twitter:data1\" content=\"ulqini\" \/>\n\t<meta name=\"twitter:label2\" content=\"Est. reading time\" \/>\n\t<meta name=\"twitter:data2\" content=\"2 minutes\" \/>\n<script type=\"application\/ld+json\" class=\"yoast-schema-graph\">{\"@context\":\"https:\/\/schema.org\",\"@graph\":[{\"@type\":\"WebSite\",\"@id\":\"https:\/\/www.visit-ulcinj.com\/blog\/#website\",\"url\":\"https:\/\/www.visit-ulcinj.com\/blog\/\",\"name\":\"Lajme nga Ulqini\",\"description\":\"Lajme,Vijesti,Ulqini,Ulqin,Crna Gora,Mali i Zi\",\"potentialAction\":[{\"@type\":\"SearchAction\",\"target\":{\"@type\":\"EntryPoint\",\"urlTemplate\":\"https:\/\/www.visit-ulcinj.com\/blog\/?s={search_term_string}\"},\"query-input\":\"required name=search_term_string\"}],\"inLanguage\":\"en-US\"},{\"@type\":\"ImageObject\",\"inLanguage\":\"en-US\",\"@id\":\"https:\/\/www.visit-ulcinj.com\/blog\/2011\/08\/30\/kumtese-thirrja-e-kuvendit-te-komunes\/#primaryimage\",\"url\":\"http:\/\/www.visit-ulcinj.com\/blog\/wp-content\/uploads\/2011\/08\/Thirrja-e-Kuvendit-te-Komunes-s%C3%AB-Ulqinit.jpg\",\"contentUrl\":\"http:\/\/www.visit-ulcinj.com\/blog\/wp-content\/uploads\/2011\/08\/Thirrja-e-Kuvendit-te-Komunes-s%C3%AB-Ulqinit.jpg\"},{\"@type\":\"WebPage\",\"@id\":\"https:\/\/www.visit-ulcinj.com\/blog\/2011\/08\/30\/kumtese-thirrja-e-kuvendit-te-komunes\/#webpage\",\"url\":\"https:\/\/www.visit-ulcinj.com\/blog\/2011\/08\/30\/kumtese-thirrja-e-kuvendit-te-komunes\/\",\"name\":\"KUMTESE, Thirrja e Kuvendit te Komunes - Lajme nga Ulqini\",\"isPartOf\":{\"@id\":\"https:\/\/www.visit-ulcinj.com\/blog\/#website\"},\"primaryImageOfPage\":{\"@id\":\"https:\/\/www.visit-ulcinj.com\/blog\/2011\/08\/30\/kumtese-thirrja-e-kuvendit-te-komunes\/#primaryimage\"},\"datePublished\":\"2011-08-30T08:14:40+00:00\",\"dateModified\":\"2011-08-30T08:14:40+00:00\",\"author\":{\"@id\":\"https:\/\/www.visit-ulcinj.com\/blog\/#\/schema\/person\/dcab619c614d3038751c63bc2aadc06d\"},\"description\":\"Iniciativa e shumic\u00ebs s\u00eb re parlamentare p\u00ebr mbajtjen e seanc\u00ebs s\u00eb jasht\u00ebzakonshme t\u00eb Kuvendit \u00ebsht\u00eb dor\u00ebzuar sipas Kushtetut\u00ebs, ligjit dhe vendimeve.\",\"breadcrumb\":{\"@id\":\"https:\/\/www.visit-ulcinj.com\/blog\/2011\/08\/30\/kumtese-thirrja-e-kuvendit-te-komunes\/#breadcrumb\"},\"inLanguage\":\"en-US\",\"potentialAction\":[{\"@type\":\"ReadAction\",\"target\":[\"https:\/\/www.visit-ulcinj.com\/blog\/2011\/08\/30\/kumtese-thirrja-e-kuvendit-te-komunes\/\"]}]},{\"@type\":\"BreadcrumbList\",\"@id\":\"https:\/\/www.visit-ulcinj.com\/blog\/2011\/08\/30\/kumtese-thirrja-e-kuvendit-te-komunes\/#breadcrumb\",\"itemListElement\":[{\"@type\":\"ListItem\",\"position\":1,\"name\":\"KUMTESE, Thirrja e Kuvendit te Komunes\"}]},{\"@type\":\"Person\",\"@id\":\"https:\/\/www.visit-ulcinj.com\/blog\/#\/schema\/person\/dcab619c614d3038751c63bc2aadc06d\",\"name\":\"ulqini\",\"sameAs\":[\"http:\/\/www.visit-ulcinj.com\"],\"url\":\"https:\/\/www.visit-ulcinj.com\/blog\/author\/admin\/\"}]}<\/script>\n<!-- \/ Yoast SEO plugin. -->","yoast_head_json":{"title":"KUMTESE, Thirrja e Kuvendit te Komunes - Lajme nga Ulqini","description":"Iniciativa e shumic\u00ebs s\u00eb re parlamentare p\u00ebr mbajtjen e seanc\u00ebs s\u00eb jasht\u00ebzakonshme t\u00eb Kuvendit \u00ebsht\u00eb dor\u00ebzuar sipas Kushtetut\u00ebs, ligjit dhe vendimeve.","robots":{"index":"index","follow":"follow","max-snippet":"max-snippet:-1","max-image-preview":"max-image-preview:large","max-video-preview":"max-video-preview:-1"},"canonical":"https:\/\/www.visit-ulcinj.com\/blog\/2011\/08\/30\/kumtese-thirrja-e-kuvendit-te-komunes\/","og_locale":"en_US","og_type":"article","og_title":"KUMTESE, Thirrja e Kuvendit te Komunes - Lajme nga Ulqini","og_description":"Iniciativa e shumic\u00ebs s\u00eb re parlamentare p\u00ebr mbajtjen e seanc\u00ebs s\u00eb jasht\u00ebzakonshme t\u00eb Kuvendit \u00ebsht\u00eb dor\u00ebzuar sipas Kushtetut\u00ebs, ligjit dhe vendimeve.","og_url":"https:\/\/www.visit-ulcinj.com\/blog\/2011\/08\/30\/kumtese-thirrja-e-kuvendit-te-komunes\/","og_site_name":"Lajme nga Ulqini","article_published_time":"2011-08-30T08:14:40+00:00","og_image":[{"url":"http:\/\/www.visit-ulcinj.com\/blog\/wp-content\/uploads\/2011\/08\/Thirrja-e-Kuvendit-te-Komunes-s%C3%AB-Ulqinit.jpg"}],"twitter_misc":{"Written by":"ulqini","Est. reading time":"2 minutes"},"schema":{"@context":"https:\/\/schema.org","@graph":[{"@type":"WebSite","@id":"https:\/\/www.visit-ulcinj.com\/blog\/#website","url":"https:\/\/www.visit-ulcinj.com\/blog\/","name":"Lajme nga Ulqini","description":"Lajme,Vijesti,Ulqini,Ulqin,Crna Gora,Mali i Zi","potentialAction":[{"@type":"SearchAction","target":{"@type":"EntryPoint","urlTemplate":"https:\/\/www.visit-ulcinj.com\/blog\/?s={search_term_string}"},"query-input":"required name=search_term_string"}],"inLanguage":"en-US"},{"@type":"ImageObject","inLanguage":"en-US","@id":"https:\/\/www.visit-ulcinj.com\/blog\/2011\/08\/30\/kumtese-thirrja-e-kuvendit-te-komunes\/#primaryimage","url":"http:\/\/www.visit-ulcinj.com\/blog\/wp-content\/uploads\/2011\/08\/Thirrja-e-Kuvendit-te-Komunes-s%C3%AB-Ulqinit.jpg","contentUrl":"http:\/\/www.visit-ulcinj.com\/blog\/wp-content\/uploads\/2011\/08\/Thirrja-e-Kuvendit-te-Komunes-s%C3%AB-Ulqinit.jpg"},{"@type":"WebPage","@id":"https:\/\/www.visit-ulcinj.com\/blog\/2011\/08\/30\/kumtese-thirrja-e-kuvendit-te-komunes\/#webpage","url":"https:\/\/www.visit-ulcinj.com\/blog\/2011\/08\/30\/kumtese-thirrja-e-kuvendit-te-komunes\/","name":"KUMTESE, Thirrja e Kuvendit te Komunes - Lajme nga Ulqini","isPartOf":{"@id":"https:\/\/www.visit-ulcinj.com\/blog\/#website"},"primaryImageOfPage":{"@id":"https:\/\/www.visit-ulcinj.com\/blog\/2011\/08\/30\/kumtese-thirrja-e-kuvendit-te-komunes\/#primaryimage"},"datePublished":"2011-08-30T08:14:40+00:00","dateModified":"2011-08-30T08:14:40+00:00","author":{"@id":"https:\/\/www.visit-ulcinj.com\/blog\/#\/schema\/person\/dcab619c614d3038751c63bc2aadc06d"},"description":"Iniciativa e shumic\u00ebs s\u00eb re parlamentare p\u00ebr mbajtjen e seanc\u00ebs s\u00eb jasht\u00ebzakonshme t\u00eb Kuvendit \u00ebsht\u00eb dor\u00ebzuar sipas Kushtetut\u00ebs, ligjit dhe vendimeve.","breadcrumb":{"@id":"https:\/\/www.visit-ulcinj.com\/blog\/2011\/08\/30\/kumtese-thirrja-e-kuvendit-te-komunes\/#breadcrumb"},"inLanguage":"en-US","potentialAction":[{"@type":"ReadAction","target":["https:\/\/www.visit-ulcinj.com\/blog\/2011\/08\/30\/kumtese-thirrja-e-kuvendit-te-komunes\/"]}]},{"@type":"BreadcrumbList","@id":"https:\/\/www.visit-ulcinj.com\/blog\/2011\/08\/30\/kumtese-thirrja-e-kuvendit-te-komunes\/#breadcrumb","itemListElement":[{"@type":"ListItem","position":1,"name":"KUMTESE, Thirrja e Kuvendit te Komunes"}]},{"@type":"Person","@id":"https:\/\/www.visit-ulcinj.com\/blog\/#\/schema\/person\/dcab619c614d3038751c63bc2aadc06d","name":"ulqini","sameAs":["http:\/\/www.visit-ulcinj.com"],"url":"https:\/\/www.visit-ulcinj.com\/blog\/author\/admin\/"}]}},"jetpack_featured_media_url":"","jetpack_sharing_enabled":true,"jetpack_shortlink":"https:\/\/wp.me\/pe6lTn-d80","_links":{"self":[{"href":"https:\/\/www.visit-ulcinj.com\/blog\/wp-json\/wp\/v2\/posts\/50468"}],"collection":[{"href":"https:\/\/www.visit-ulcinj.com\/blog\/wp-json\/wp\/v2\/posts"}],"about":[{"href":"https:\/\/www.visit-ulcinj.com\/blog\/wp-json\/wp\/v2\/types\/post"}],"author":[{"embeddable":true,"href":"https:\/\/www.visit-ulcinj.com\/blog\/wp-json\/wp\/v2\/users\/1"}],"replies":[{"embeddable":true,"href":"https:\/\/www.visit-ulcinj.com\/blog\/wp-json\/wp\/v2\/comments?post=50468"}],"version-history":[{"count":1,"href":"https:\/\/www.visit-ulcinj.com\/blog\/wp-json\/wp\/v2\/posts\/50468\/revisions"}],"predecessor-version":[{"id":50470,"href":"https:\/\/www.visit-ulcinj.com\/blog\/wp-json\/wp\/v2\/posts\/50468\/revisions\/50470"}],"wp:attachment":[{"href":"https:\/\/www.visit-ulcinj.com\/blog\/wp-json\/wp\/v2\/media?parent=50468"}],"wp:term":[{"taxonomy":"category","embeddable":true,"href":"https:\/\/www.visit-ulcinj.com\/blog\/wp-json\/wp\/v2\/categories?post=50468"},{"taxonomy":"post_tag","embeddable":true,"href":"https:\/\/www.visit-ulcinj.com\/blog\/wp-json\/wp\/v2\/tags?post=50468"}],"curies":[{"name":"wp","href":"https:\/\/api.w.org\/{rel}","templated":true}]}}