{"id":50471,"date":"2011-08-30T09:28:20","date_gmt":"2011-08-30T08:28:20","guid":{"rendered":"http:\/\/www.visit-ulcinj.com\/blog\/?p=50471"},"modified":"2011-08-30T09:28:20","modified_gmt":"2011-08-30T08:28:20","slug":"forca-trazi-zakazivanje-vanrednog-zasjedanje-so-ulcinj","status":"publish","type":"post","link":"https:\/\/www.visit-ulcinj.com\/blog\/2011\/08\/30\/forca-trazi-zakazivanje-vanrednog-zasjedanje-so-ulcinj\/","title":{"rendered":"FORCA tra\u017ei zakazivanje vanrednog zasjedanje SO Ulcinj"},"content":{"rendered":"<p><strong><a href=\"http:\/\/www.visit-ulcinj.com\/blog\/wp-content\/uploads\/2011\/08\/Forca-trazi-vanredno-zasjedanje-SO-Ulcinj.jpg\"><img loading=\"lazy\" class=\"alignleft size-full wp-image-50472\" title=\"Forca trazi vanredno zasjedanje SO Ulcinj\" src=\"http:\/\/www.visit-ulcinj.com\/blog\/wp-content\/uploads\/2011\/08\/Forca-trazi-vanredno-zasjedanje-SO-Ulcinj.jpg\" alt=\"\" width=\"508\" height=\"380\" \/><\/a>\u0160krelja ote\u017ee sa sjednicom<\/strong><br \/>\nOpoziciona Forca koja sa SDP-om, Perspektivom i otcijepljenim krilom Unije Albanaca predstavlja novu ve\u0107inu u op\u0161tinskoj skup\u0161tini, prozvala je ju\u010de \u0161efa ulcinjskog parlamenta Ljui\u0111a \u0160krelju da u skladu sa poslovnikom, odbornicima omogu\u0107i da raspravljaju o povjerenju njemu, ili da u novonastaloj situaciji podnese ostavku. U najja\u010doj ulcinjskoj partiji tvrde da su potpisi 18 odbornika od ukupno 33, koliko broji ulcinjski parlament, dovoljan razlog da \u0160krelja osim predloga o izboru novog predsjednika Op\u0161tine, na dnevni red uvrsti i predloge o svom razrje\u0161enju i izboru nasljednika na toj funkciji.<\/p>\n<p>&#8220;O\u010dekujemo da \u0160krelja poka\u017ee demokratski kapacitet i da \u0161to prije sazove sjednicu kako je to obe\u0107ao vi\u0161e puta, tim prije \u0161to je on, kao iskusan politi\u010dar, svjestan da svako odugovla\u010denje ide na \u0161tetu ostvarivanja osnovnih funkcija skup\u0161tinske i izvr\u0161ne vlasti i doprinosi stvaranju nepotrebnih politi\u010dkih tenzija\u201c, navodi se u saop\u0161tenju Force koji je potpisao predsjednik odborni\u010dkog kluba D\u017eaudet Cakuli.<\/p>\n<p>Posje\u0107a se da je \u0160krelja javno obe\u0107ao da ne\u0107e vr\u0161iti nikakvu opstrukciju i da \u0107e po prijemu inicijative sa najmanje 17 potpisa odmah sazvati sjednicu skup\u0161tine.<\/p>\n<p>\u201cPodsje\u0107amo \u0160krelju da smo mu inicijativu dostavili 17. avgusta\u201d, istakao je Cakuli.<\/p>\n<p>U Forci tvrde da u Zakonu o lokalnoj samoupravi, stoji da izbori za predsjednika Op\u0161tine moraju biti odr\u017eani najmanje 15 dana prije isteka izbornog perioda a ne mandata.<\/p>\n<p>\u201cTako je krajnji rok za izbor novog predsjednika Op\u0161tine, 9. septembar, odnosno, 15 dana prije nego \u0161to je 2006. odr\u017ean drugi krug izbora za predsjednika ulcinjske op\u0161tine\u201c, tvrde u Forci.<\/p>\n<p><a href=\"http:\/\/www.vijesti.me\/vijesti\/forca-trazi-zakazivanje-vanrednog-zasjedanje-so-ulcinj-clanak-35594\" target=\"_blank\"><strong>Samir Adrovi\u0107<\/strong><br \/>\n<strong> Vijesti<\/strong><\/a><\/p>\n","protected":false},"excerpt":{"rendered":"<p>\u0160krelja ote\u017ee sa sjednicom Opoziciona Forca koja sa SDP-om, Perspektivom i otcijepljenim krilom Unije Albanaca predstavlja novu ve\u0107inu u op\u0161tinskoj skup\u0161tini, prozvala je ju\u010de \u0161efa ulcinjskog parlamenta Ljui\u0111a \u0160krelju da u skladu sa poslovnikom, odbornicima omogu\u0107i da raspravljaju o povjerenju njemu, ili da u novonastaloj situaciji podnese ostavku. U najja\u010doj ulcinjskoj partiji tvrde da su [&hellip;]<\/p>\n","protected":false},"author":1,"featured_media":0,"comment_status":"open","ping_status":"closed","sticky":false,"template":"","format":"standard","meta":{"spay_email":"","jetpack_publicize_message":"","jetpack_is_tweetstorm":false,"jetpack_publicize_feature_enabled":true},"categories":[8337],"tags":[19054],"jetpack_publicize_connections":[],"yoast_head":"<!-- This site is optimized with the Yoast SEO plugin v19.1 - https:\/\/yoast.com\/wordpress\/plugins\/seo\/ -->\n<title>FORCA tra\u017ei zakazivanje vanrednog zasjedanje SO Ulcinj - Lajme nga Ulqini<\/title>\n<meta name=\"description\" content=\"\u0160krelja ote\u017ee sa sjednicom Opoziciona Forca koja sa SDP-om, Perspektivom i otcijepljenim krilom Unije Albanaca predstavlja novu ve\u0107inu u op\u0161tinskoj\" \/>\n<meta name=\"robots\" content=\"index, follow, max-snippet:-1, max-image-preview:large, max-video-preview:-1\" \/>\n<link rel=\"canonical\" href=\"https:\/\/www.visit-ulcinj.com\/blog\/2011\/08\/30\/forca-trazi-zakazivanje-vanrednog-zasjedanje-so-ulcinj\/\" \/>\n<meta property=\"og:locale\" content=\"en_US\" \/>\n<meta property=\"og:type\" content=\"article\" \/>\n<meta property=\"og:title\" content=\"FORCA tra\u017ei zakazivanje vanrednog zasjedanje SO Ulcinj - Lajme nga Ulqini\" \/>\n<meta property=\"og:description\" content=\"\u0160krelja ote\u017ee sa sjednicom Opoziciona Forca koja sa SDP-om, Perspektivom i otcijepljenim krilom Unije Albanaca predstavlja novu ve\u0107inu u op\u0161tinskoj\" \/>\n<meta property=\"og:url\" content=\"https:\/\/www.visit-ulcinj.com\/blog\/2011\/08\/30\/forca-trazi-zakazivanje-vanrednog-zasjedanje-so-ulcinj\/\" \/>\n<meta property=\"og:site_name\" content=\"Lajme nga Ulqini\" \/>\n<meta property=\"article:published_time\" content=\"2011-08-30T08:28:20+00:00\" \/>\n<meta property=\"og:image\" content=\"http:\/\/www.visit-ulcinj.com\/blog\/wp-content\/uploads\/2011\/08\/Forca-trazi-vanredno-zasjedanje-SO-Ulcinj.jpg\" \/>\n<meta name=\"twitter:label1\" content=\"Written by\" \/>\n\t<meta name=\"twitter:data1\" content=\"ulqini\" \/>\n\t<meta name=\"twitter:label2\" content=\"Est. reading time\" \/>\n\t<meta name=\"twitter:data2\" content=\"1 minute\" \/>\n<script type=\"application\/ld+json\" class=\"yoast-schema-graph\">{\"@context\":\"https:\/\/schema.org\",\"@graph\":[{\"@type\":\"WebSite\",\"@id\":\"https:\/\/www.visit-ulcinj.com\/blog\/#website\",\"url\":\"https:\/\/www.visit-ulcinj.com\/blog\/\",\"name\":\"Lajme nga Ulqini\",\"description\":\"Lajme,Vijesti,Ulqini,Ulqin,Crna Gora,Mali i Zi\",\"potentialAction\":[{\"@type\":\"SearchAction\",\"target\":{\"@type\":\"EntryPoint\",\"urlTemplate\":\"https:\/\/www.visit-ulcinj.com\/blog\/?s={search_term_string}\"},\"query-input\":\"required name=search_term_string\"}],\"inLanguage\":\"en-US\"},{\"@type\":\"ImageObject\",\"inLanguage\":\"en-US\",\"@id\":\"https:\/\/www.visit-ulcinj.com\/blog\/2011\/08\/30\/forca-trazi-zakazivanje-vanrednog-zasjedanje-so-ulcinj\/#primaryimage\",\"url\":\"https:\/\/www.visit-ulcinj.com\/blog\/wp-content\/uploads\/2011\/08\/Forca-trazi-vanredno-zasjedanje-SO-Ulcinj.jpg\",\"contentUrl\":\"https:\/\/www.visit-ulcinj.com\/blog\/wp-content\/uploads\/2011\/08\/Forca-trazi-vanredno-zasjedanje-SO-Ulcinj.jpg\",\"width\":\"640\",\"height\":\"425\"},{\"@type\":\"WebPage\",\"@id\":\"https:\/\/www.visit-ulcinj.com\/blog\/2011\/08\/30\/forca-trazi-zakazivanje-vanrednog-zasjedanje-so-ulcinj\/#webpage\",\"url\":\"https:\/\/www.visit-ulcinj.com\/blog\/2011\/08\/30\/forca-trazi-zakazivanje-vanrednog-zasjedanje-so-ulcinj\/\",\"name\":\"FORCA tra\u017ei zakazivanje vanrednog zasjedanje SO Ulcinj - Lajme nga Ulqini\",\"isPartOf\":{\"@id\":\"https:\/\/www.visit-ulcinj.com\/blog\/#website\"},\"primaryImageOfPage\":{\"@id\":\"https:\/\/www.visit-ulcinj.com\/blog\/2011\/08\/30\/forca-trazi-zakazivanje-vanrednog-zasjedanje-so-ulcinj\/#primaryimage\"},\"datePublished\":\"2011-08-30T08:28:20+00:00\",\"dateModified\":\"2011-08-30T08:28:20+00:00\",\"author\":{\"@id\":\"https:\/\/www.visit-ulcinj.com\/blog\/#\/schema\/person\/dcab619c614d3038751c63bc2aadc06d\"},\"description\":\"\u0160krelja ote\u017ee sa sjednicom Opoziciona Forca koja sa SDP-om, Perspektivom i otcijepljenim krilom Unije Albanaca predstavlja novu ve\u0107inu u op\u0161tinskoj\",\"breadcrumb\":{\"@id\":\"https:\/\/www.visit-ulcinj.com\/blog\/2011\/08\/30\/forca-trazi-zakazivanje-vanrednog-zasjedanje-so-ulcinj\/#breadcrumb\"},\"inLanguage\":\"en-US\",\"potentialAction\":[{\"@type\":\"ReadAction\",\"target\":[\"https:\/\/www.visit-ulcinj.com\/blog\/2011\/08\/30\/forca-trazi-zakazivanje-vanrednog-zasjedanje-so-ulcinj\/\"]}]},{\"@type\":\"BreadcrumbList\",\"@id\":\"https:\/\/www.visit-ulcinj.com\/blog\/2011\/08\/30\/forca-trazi-zakazivanje-vanrednog-zasjedanje-so-ulcinj\/#breadcrumb\",\"itemListElement\":[{\"@type\":\"ListItem\",\"position\":1,\"name\":\"FORCA tra\u017ei zakazivanje vanrednog zasjedanje SO Ulcinj\"}]},{\"@type\":\"Person\",\"@id\":\"https:\/\/www.visit-ulcinj.com\/blog\/#\/schema\/person\/dcab619c614d3038751c63bc2aadc06d\",\"name\":\"ulqini\",\"sameAs\":[\"http:\/\/www.visit-ulcinj.com\"],\"url\":\"https:\/\/www.visit-ulcinj.com\/blog\/author\/admin\/\"}]}<\/script>\n<!-- \/ Yoast SEO plugin. -->","yoast_head_json":{"title":"FORCA tra\u017ei zakazivanje vanrednog zasjedanje SO Ulcinj - Lajme nga Ulqini","description":"\u0160krelja ote\u017ee sa sjednicom Opoziciona Forca koja sa SDP-om, Perspektivom i otcijepljenim krilom Unije Albanaca predstavlja novu ve\u0107inu u op\u0161tinskoj","robots":{"index":"index","follow":"follow","max-snippet":"max-snippet:-1","max-image-preview":"max-image-preview:large","max-video-preview":"max-video-preview:-1"},"canonical":"https:\/\/www.visit-ulcinj.com\/blog\/2011\/08\/30\/forca-trazi-zakazivanje-vanrednog-zasjedanje-so-ulcinj\/","og_locale":"en_US","og_type":"article","og_title":"FORCA tra\u017ei zakazivanje vanrednog zasjedanje SO Ulcinj - Lajme nga Ulqini","og_description":"\u0160krelja ote\u017ee sa sjednicom Opoziciona Forca koja sa SDP-om, Perspektivom i otcijepljenim krilom Unije Albanaca predstavlja novu ve\u0107inu u op\u0161tinskoj","og_url":"https:\/\/www.visit-ulcinj.com\/blog\/2011\/08\/30\/forca-trazi-zakazivanje-vanrednog-zasjedanje-so-ulcinj\/","og_site_name":"Lajme nga Ulqini","article_published_time":"2011-08-30T08:28:20+00:00","og_image":[{"url":"http:\/\/www.visit-ulcinj.com\/blog\/wp-content\/uploads\/2011\/08\/Forca-trazi-vanredno-zasjedanje-SO-Ulcinj.jpg"}],"twitter_misc":{"Written by":"ulqini","Est. reading time":"1 minute"},"schema":{"@context":"https:\/\/schema.org","@graph":[{"@type":"WebSite","@id":"https:\/\/www.visit-ulcinj.com\/blog\/#website","url":"https:\/\/www.visit-ulcinj.com\/blog\/","name":"Lajme nga Ulqini","description":"Lajme,Vijesti,Ulqini,Ulqin,Crna Gora,Mali i Zi","potentialAction":[{"@type":"SearchAction","target":{"@type":"EntryPoint","urlTemplate":"https:\/\/www.visit-ulcinj.com\/blog\/?s={search_term_string}"},"query-input":"required name=search_term_string"}],"inLanguage":"en-US"},{"@type":"ImageObject","inLanguage":"en-US","@id":"https:\/\/www.visit-ulcinj.com\/blog\/2011\/08\/30\/forca-trazi-zakazivanje-vanrednog-zasjedanje-so-ulcinj\/#primaryimage","url":"https:\/\/www.visit-ulcinj.com\/blog\/wp-content\/uploads\/2011\/08\/Forca-trazi-vanredno-zasjedanje-SO-Ulcinj.jpg","contentUrl":"https:\/\/www.visit-ulcinj.com\/blog\/wp-content\/uploads\/2011\/08\/Forca-trazi-vanredno-zasjedanje-SO-Ulcinj.jpg","width":"640","height":"425"},{"@type":"WebPage","@id":"https:\/\/www.visit-ulcinj.com\/blog\/2011\/08\/30\/forca-trazi-zakazivanje-vanrednog-zasjedanje-so-ulcinj\/#webpage","url":"https:\/\/www.visit-ulcinj.com\/blog\/2011\/08\/30\/forca-trazi-zakazivanje-vanrednog-zasjedanje-so-ulcinj\/","name":"FORCA tra\u017ei zakazivanje vanrednog zasjedanje SO Ulcinj - Lajme nga Ulqini","isPartOf":{"@id":"https:\/\/www.visit-ulcinj.com\/blog\/#website"},"primaryImageOfPage":{"@id":"https:\/\/www.visit-ulcinj.com\/blog\/2011\/08\/30\/forca-trazi-zakazivanje-vanrednog-zasjedanje-so-ulcinj\/#primaryimage"},"datePublished":"2011-08-30T08:28:20+00:00","dateModified":"2011-08-30T08:28:20+00:00","author":{"@id":"https:\/\/www.visit-ulcinj.com\/blog\/#\/schema\/person\/dcab619c614d3038751c63bc2aadc06d"},"description":"\u0160krelja ote\u017ee sa sjednicom Opoziciona Forca koja sa SDP-om, Perspektivom i otcijepljenim krilom Unije Albanaca predstavlja novu ve\u0107inu u op\u0161tinskoj","breadcrumb":{"@id":"https:\/\/www.visit-ulcinj.com\/blog\/2011\/08\/30\/forca-trazi-zakazivanje-vanrednog-zasjedanje-so-ulcinj\/#breadcrumb"},"inLanguage":"en-US","potentialAction":[{"@type":"ReadAction","target":["https:\/\/www.visit-ulcinj.com\/blog\/2011\/08\/30\/forca-trazi-zakazivanje-vanrednog-zasjedanje-so-ulcinj\/"]}]},{"@type":"BreadcrumbList","@id":"https:\/\/www.visit-ulcinj.com\/blog\/2011\/08\/30\/forca-trazi-zakazivanje-vanrednog-zasjedanje-so-ulcinj\/#breadcrumb","itemListElement":[{"@type":"ListItem","position":1,"name":"FORCA tra\u017ei zakazivanje vanrednog zasjedanje SO Ulcinj"}]},{"@type":"Person","@id":"https:\/\/www.visit-ulcinj.com\/blog\/#\/schema\/person\/dcab619c614d3038751c63bc2aadc06d","name":"ulqini","sameAs":["http:\/\/www.visit-ulcinj.com"],"url":"https:\/\/www.visit-ulcinj.com\/blog\/author\/admin\/"}]}},"jetpack_featured_media_url":"","jetpack_sharing_enabled":true,"jetpack_shortlink":"https:\/\/wp.me\/pe6lTn-d83","_links":{"self":[{"href":"https:\/\/www.visit-ulcinj.com\/blog\/wp-json\/wp\/v2\/posts\/50471"}],"collection":[{"href":"https:\/\/www.visit-ulcinj.com\/blog\/wp-json\/wp\/v2\/posts"}],"about":[{"href":"https:\/\/www.visit-ulcinj.com\/blog\/wp-json\/wp\/v2\/types\/post"}],"author":[{"embeddable":true,"href":"https:\/\/www.visit-ulcinj.com\/blog\/wp-json\/wp\/v2\/users\/1"}],"replies":[{"embeddable":true,"href":"https:\/\/www.visit-ulcinj.com\/blog\/wp-json\/wp\/v2\/comments?post=50471"}],"version-history":[{"count":1,"href":"https:\/\/www.visit-ulcinj.com\/blog\/wp-json\/wp\/v2\/posts\/50471\/revisions"}],"predecessor-version":[{"id":50473,"href":"https:\/\/www.visit-ulcinj.com\/blog\/wp-json\/wp\/v2\/posts\/50471\/revisions\/50473"}],"wp:attachment":[{"href":"https:\/\/www.visit-ulcinj.com\/blog\/wp-json\/wp\/v2\/media?parent=50471"}],"wp:term":[{"taxonomy":"category","embeddable":true,"href":"https:\/\/www.visit-ulcinj.com\/blog\/wp-json\/wp\/v2\/categories?post=50471"},{"taxonomy":"post_tag","embeddable":true,"href":"https:\/\/www.visit-ulcinj.com\/blog\/wp-json\/wp\/v2\/tags?post=50471"}],"curies":[{"name":"wp","href":"https:\/\/api.w.org\/{rel}","templated":true}]}}