{"id":50498,"date":"2011-08-30T18:53:22","date_gmt":"2011-08-30T17:53:22","guid":{"rendered":"http:\/\/www.visit-ulcinj.com\/blog\/?p=50498"},"modified":"2011-09-03T13:49:10","modified_gmt":"2011-09-03T12:49:10","slug":"urime-fiter-bajrami-nga-organizata-turistike-e-ulqinit","status":"publish","type":"post","link":"https:\/\/www.visit-ulcinj.com\/blog\/2011\/08\/30\/urime-fiter-bajrami-nga-organizata-turistike-e-ulqinit\/","title":{"rendered":"Urime Fit\u00ebr Bajrami nga Organizata Turistike e Ulqinit"},"content":{"rendered":"<p><a href=\"http:\/\/www.visit-ulcinj.com\/blog\/wp-content\/uploads\/2011\/08\/Organizata-Turistike-e-Ulqinit-.jpg\"><img loading=\"lazy\" class=\"alignleft size-full wp-image-50500\" title=\"Organizata Turistike e Ulqinit\" src=\"http:\/\/www.visit-ulcinj.com\/blog\/wp-content\/uploads\/2011\/08\/Organizata-Turistike-e-Ulqinit-.jpg\" alt=\"\" width=\"508\" height=\"340\" \/><\/a>Ulqin m\u00eb, 30.08.2011<\/p>\n<p>Organizata Turistike e Ulqinit gjith\u00eb mysliman\u00ebve u uron Fest\u00ebn e Fit\u00ebr Bajramit, k\u00ebt\u00eb fest\u00eb te paq\u00ebs, dh\u00ebmbjes, dashuris\u00eb, toleranc\u00ebs dhe e g\u00ebzimit.<\/p>\n","protected":false},"excerpt":{"rendered":"<p>Ulqin m\u00eb, 30.08.2011 Organizata Turistike e Ulqinit gjith\u00eb mysliman\u00ebve u uron Fest\u00ebn e Fit\u00ebr Bajramit, k\u00ebt\u00eb fest\u00eb te paq\u00ebs, dh\u00ebmbjes, dashuris\u00eb, toleranc\u00ebs dhe e g\u00ebzimit.<\/p>\n","protected":false},"author":1,"featured_media":0,"comment_status":"open","ping_status":"closed","sticky":false,"template":"","format":"standard","meta":{"spay_email":"","jetpack_publicize_message":"","jetpack_is_tweetstorm":false,"jetpack_publicize_feature_enabled":true},"categories":[8],"tags":[12478,671,16789],"jetpack_publicize_connections":[],"yoast_head":"<!-- This site is optimized with the Yoast SEO plugin v19.1 - https:\/\/yoast.com\/wordpress\/plugins\/seo\/ -->\n<title>Urime Fit\u00ebr Bajrami nga Organizata Turistike e Ulqinit - Lajme nga Ulqini<\/title>\n<meta name=\"description\" content=\"Ulqin m\u00eb, 30.08.2011 Organizata Turistike e Ulqinit gjith\u00eb mysliman\u00ebve u uron Fest\u00ebn e Fit\u00ebr Bajramit, k\u00ebt\u00eb fest\u00eb te paq\u00ebs, dh\u00ebmbjes, dashuris\u00eb,\" \/>\n<meta name=\"robots\" content=\"index, follow, max-snippet:-1, max-image-preview:large, max-video-preview:-1\" \/>\n<link rel=\"canonical\" href=\"https:\/\/www.visit-ulcinj.com\/blog\/2011\/08\/30\/urime-fiter-bajrami-nga-organizata-turistike-e-ulqinit\/\" \/>\n<meta property=\"og:locale\" content=\"en_US\" \/>\n<meta property=\"og:type\" content=\"article\" \/>\n<meta property=\"og:title\" content=\"Urime Fit\u00ebr Bajrami nga Organizata Turistike e Ulqinit - Lajme nga Ulqini\" \/>\n<meta property=\"og:description\" content=\"Ulqin m\u00eb, 30.08.2011 Organizata Turistike e Ulqinit gjith\u00eb mysliman\u00ebve u uron Fest\u00ebn e Fit\u00ebr Bajramit, k\u00ebt\u00eb fest\u00eb te paq\u00ebs, dh\u00ebmbjes, dashuris\u00eb,\" \/>\n<meta property=\"og:url\" content=\"https:\/\/www.visit-ulcinj.com\/blog\/2011\/08\/30\/urime-fiter-bajrami-nga-organizata-turistike-e-ulqinit\/\" \/>\n<meta property=\"og:site_name\" content=\"Lajme nga Ulqini\" \/>\n<meta property=\"article:published_time\" content=\"2011-08-30T17:53:22+00:00\" \/>\n<meta property=\"article:modified_time\" content=\"2011-09-03T12:49:10+00:00\" \/>\n<meta property=\"og:image\" content=\"http:\/\/www.visit-ulcinj.com\/blog\/wp-content\/uploads\/2011\/08\/Organizata-Turistike-e-Ulqinit-.jpg\" \/>\n<meta name=\"twitter:label1\" content=\"Written by\" \/>\n\t<meta name=\"twitter:data1\" content=\"ulqini\" \/>\n<script type=\"application\/ld+json\" class=\"yoast-schema-graph\">{\"@context\":\"https:\/\/schema.org\",\"@graph\":[{\"@type\":\"WebSite\",\"@id\":\"https:\/\/www.visit-ulcinj.com\/blog\/#website\",\"url\":\"https:\/\/www.visit-ulcinj.com\/blog\/\",\"name\":\"Lajme nga Ulqini\",\"description\":\"Lajme,Vijesti,Ulqini,Ulqin,Crna Gora,Mali i Zi\",\"potentialAction\":[{\"@type\":\"SearchAction\",\"target\":{\"@type\":\"EntryPoint\",\"urlTemplate\":\"https:\/\/www.visit-ulcinj.com\/blog\/?s={search_term_string}\"},\"query-input\":\"required name=search_term_string\"}],\"inLanguage\":\"en-US\"},{\"@type\":\"ImageObject\",\"inLanguage\":\"en-US\",\"@id\":\"https:\/\/www.visit-ulcinj.com\/blog\/2011\/08\/30\/urime-fiter-bajrami-nga-organizata-turistike-e-ulqinit\/#primaryimage\",\"url\":\"https:\/\/www.visit-ulcinj.com\/blog\/wp-content\/uploads\/2011\/08\/Organizata-Turistike-e-Ulqinit-.jpg\",\"contentUrl\":\"https:\/\/www.visit-ulcinj.com\/blog\/wp-content\/uploads\/2011\/08\/Organizata-Turistike-e-Ulqinit-.jpg\",\"width\":\"1000\",\"height\":\"496\"},{\"@type\":\"WebPage\",\"@id\":\"https:\/\/www.visit-ulcinj.com\/blog\/2011\/08\/30\/urime-fiter-bajrami-nga-organizata-turistike-e-ulqinit\/#webpage\",\"url\":\"https:\/\/www.visit-ulcinj.com\/blog\/2011\/08\/30\/urime-fiter-bajrami-nga-organizata-turistike-e-ulqinit\/\",\"name\":\"Urime Fit\u00ebr Bajrami nga Organizata Turistike e Ulqinit - Lajme nga Ulqini\",\"isPartOf\":{\"@id\":\"https:\/\/www.visit-ulcinj.com\/blog\/#website\"},\"primaryImageOfPage\":{\"@id\":\"https:\/\/www.visit-ulcinj.com\/blog\/2011\/08\/30\/urime-fiter-bajrami-nga-organizata-turistike-e-ulqinit\/#primaryimage\"},\"datePublished\":\"2011-08-30T17:53:22+00:00\",\"dateModified\":\"2011-09-03T12:49:10+00:00\",\"author\":{\"@id\":\"https:\/\/www.visit-ulcinj.com\/blog\/#\/schema\/person\/dcab619c614d3038751c63bc2aadc06d\"},\"description\":\"Ulqin m\u00eb, 30.08.2011 Organizata Turistike e Ulqinit gjith\u00eb mysliman\u00ebve u uron Fest\u00ebn e Fit\u00ebr Bajramit, k\u00ebt\u00eb fest\u00eb te paq\u00ebs, dh\u00ebmbjes, dashuris\u00eb,\",\"breadcrumb\":{\"@id\":\"https:\/\/www.visit-ulcinj.com\/blog\/2011\/08\/30\/urime-fiter-bajrami-nga-organizata-turistike-e-ulqinit\/#breadcrumb\"},\"inLanguage\":\"en-US\",\"potentialAction\":[{\"@type\":\"ReadAction\",\"target\":[\"https:\/\/www.visit-ulcinj.com\/blog\/2011\/08\/30\/urime-fiter-bajrami-nga-organizata-turistike-e-ulqinit\/\"]}]},{\"@type\":\"BreadcrumbList\",\"@id\":\"https:\/\/www.visit-ulcinj.com\/blog\/2011\/08\/30\/urime-fiter-bajrami-nga-organizata-turistike-e-ulqinit\/#breadcrumb\",\"itemListElement\":[{\"@type\":\"ListItem\",\"position\":1,\"name\":\"Urime Fit\u00ebr Bajrami nga Organizata Turistike e Ulqinit\"}]},{\"@type\":\"Person\",\"@id\":\"https:\/\/www.visit-ulcinj.com\/blog\/#\/schema\/person\/dcab619c614d3038751c63bc2aadc06d\",\"name\":\"ulqini\",\"sameAs\":[\"http:\/\/www.visit-ulcinj.com\"],\"url\":\"https:\/\/www.visit-ulcinj.com\/blog\/author\/admin\/\"}]}<\/script>\n<!-- \/ Yoast SEO plugin. -->","yoast_head_json":{"title":"Urime Fit\u00ebr Bajrami nga Organizata Turistike e Ulqinit - Lajme nga Ulqini","description":"Ulqin m\u00eb, 30.08.2011 Organizata Turistike e Ulqinit gjith\u00eb mysliman\u00ebve u uron Fest\u00ebn e Fit\u00ebr Bajramit, k\u00ebt\u00eb fest\u00eb te paq\u00ebs, dh\u00ebmbjes, dashuris\u00eb,","robots":{"index":"index","follow":"follow","max-snippet":"max-snippet:-1","max-image-preview":"max-image-preview:large","max-video-preview":"max-video-preview:-1"},"canonical":"https:\/\/www.visit-ulcinj.com\/blog\/2011\/08\/30\/urime-fiter-bajrami-nga-organizata-turistike-e-ulqinit\/","og_locale":"en_US","og_type":"article","og_title":"Urime Fit\u00ebr Bajrami nga Organizata Turistike e Ulqinit - Lajme nga Ulqini","og_description":"Ulqin m\u00eb, 30.08.2011 Organizata Turistike e Ulqinit gjith\u00eb mysliman\u00ebve u uron Fest\u00ebn e Fit\u00ebr Bajramit, k\u00ebt\u00eb fest\u00eb te paq\u00ebs, dh\u00ebmbjes, dashuris\u00eb,","og_url":"https:\/\/www.visit-ulcinj.com\/blog\/2011\/08\/30\/urime-fiter-bajrami-nga-organizata-turistike-e-ulqinit\/","og_site_name":"Lajme nga Ulqini","article_published_time":"2011-08-30T17:53:22+00:00","article_modified_time":"2011-09-03T12:49:10+00:00","og_image":[{"url":"http:\/\/www.visit-ulcinj.com\/blog\/wp-content\/uploads\/2011\/08\/Organizata-Turistike-e-Ulqinit-.jpg"}],"twitter_misc":{"Written by":"ulqini"},"schema":{"@context":"https:\/\/schema.org","@graph":[{"@type":"WebSite","@id":"https:\/\/www.visit-ulcinj.com\/blog\/#website","url":"https:\/\/www.visit-ulcinj.com\/blog\/","name":"Lajme nga Ulqini","description":"Lajme,Vijesti,Ulqini,Ulqin,Crna Gora,Mali i Zi","potentialAction":[{"@type":"SearchAction","target":{"@type":"EntryPoint","urlTemplate":"https:\/\/www.visit-ulcinj.com\/blog\/?s={search_term_string}"},"query-input":"required name=search_term_string"}],"inLanguage":"en-US"},{"@type":"ImageObject","inLanguage":"en-US","@id":"https:\/\/www.visit-ulcinj.com\/blog\/2011\/08\/30\/urime-fiter-bajrami-nga-organizata-turistike-e-ulqinit\/#primaryimage","url":"https:\/\/www.visit-ulcinj.com\/blog\/wp-content\/uploads\/2011\/08\/Organizata-Turistike-e-Ulqinit-.jpg","contentUrl":"https:\/\/www.visit-ulcinj.com\/blog\/wp-content\/uploads\/2011\/08\/Organizata-Turistike-e-Ulqinit-.jpg","width":"1000","height":"496"},{"@type":"WebPage","@id":"https:\/\/www.visit-ulcinj.com\/blog\/2011\/08\/30\/urime-fiter-bajrami-nga-organizata-turistike-e-ulqinit\/#webpage","url":"https:\/\/www.visit-ulcinj.com\/blog\/2011\/08\/30\/urime-fiter-bajrami-nga-organizata-turistike-e-ulqinit\/","name":"Urime Fit\u00ebr Bajrami nga Organizata Turistike e Ulqinit - Lajme nga Ulqini","isPartOf":{"@id":"https:\/\/www.visit-ulcinj.com\/blog\/#website"},"primaryImageOfPage":{"@id":"https:\/\/www.visit-ulcinj.com\/blog\/2011\/08\/30\/urime-fiter-bajrami-nga-organizata-turistike-e-ulqinit\/#primaryimage"},"datePublished":"2011-08-30T17:53:22+00:00","dateModified":"2011-09-03T12:49:10+00:00","author":{"@id":"https:\/\/www.visit-ulcinj.com\/blog\/#\/schema\/person\/dcab619c614d3038751c63bc2aadc06d"},"description":"Ulqin m\u00eb, 30.08.2011 Organizata Turistike e Ulqinit gjith\u00eb mysliman\u00ebve u uron Fest\u00ebn e Fit\u00ebr Bajramit, k\u00ebt\u00eb fest\u00eb te paq\u00ebs, dh\u00ebmbjes, dashuris\u00eb,","breadcrumb":{"@id":"https:\/\/www.visit-ulcinj.com\/blog\/2011\/08\/30\/urime-fiter-bajrami-nga-organizata-turistike-e-ulqinit\/#breadcrumb"},"inLanguage":"en-US","potentialAction":[{"@type":"ReadAction","target":["https:\/\/www.visit-ulcinj.com\/blog\/2011\/08\/30\/urime-fiter-bajrami-nga-organizata-turistike-e-ulqinit\/"]}]},{"@type":"BreadcrumbList","@id":"https:\/\/www.visit-ulcinj.com\/blog\/2011\/08\/30\/urime-fiter-bajrami-nga-organizata-turistike-e-ulqinit\/#breadcrumb","itemListElement":[{"@type":"ListItem","position":1,"name":"Urime Fit\u00ebr Bajrami nga Organizata Turistike e Ulqinit"}]},{"@type":"Person","@id":"https:\/\/www.visit-ulcinj.com\/blog\/#\/schema\/person\/dcab619c614d3038751c63bc2aadc06d","name":"ulqini","sameAs":["http:\/\/www.visit-ulcinj.com"],"url":"https:\/\/www.visit-ulcinj.com\/blog\/author\/admin\/"}]}},"jetpack_featured_media_url":"","jetpack_sharing_enabled":true,"jetpack_shortlink":"https:\/\/wp.me\/pe6lTn-d8u","_links":{"self":[{"href":"https:\/\/www.visit-ulcinj.com\/blog\/wp-json\/wp\/v2\/posts\/50498"}],"collection":[{"href":"https:\/\/www.visit-ulcinj.com\/blog\/wp-json\/wp\/v2\/posts"}],"about":[{"href":"https:\/\/www.visit-ulcinj.com\/blog\/wp-json\/wp\/v2\/types\/post"}],"author":[{"embeddable":true,"href":"https:\/\/www.visit-ulcinj.com\/blog\/wp-json\/wp\/v2\/users\/1"}],"replies":[{"embeddable":true,"href":"https:\/\/www.visit-ulcinj.com\/blog\/wp-json\/wp\/v2\/comments?post=50498"}],"version-history":[{"count":2,"href":"https:\/\/www.visit-ulcinj.com\/blog\/wp-json\/wp\/v2\/posts\/50498\/revisions"}],"predecessor-version":[{"id":50561,"href":"https:\/\/www.visit-ulcinj.com\/blog\/wp-json\/wp\/v2\/posts\/50498\/revisions\/50561"}],"wp:attachment":[{"href":"https:\/\/www.visit-ulcinj.com\/blog\/wp-json\/wp\/v2\/media?parent=50498"}],"wp:term":[{"taxonomy":"category","embeddable":true,"href":"https:\/\/www.visit-ulcinj.com\/blog\/wp-json\/wp\/v2\/categories?post=50498"},{"taxonomy":"post_tag","embeddable":true,"href":"https:\/\/www.visit-ulcinj.com\/blog\/wp-json\/wp\/v2\/tags?post=50498"}],"curies":[{"name":"wp","href":"https:\/\/api.w.org\/{rel}","templated":true}]}}