{"id":5050,"date":"2008-10-22T14:05:22","date_gmt":"2008-10-22T19:05:22","guid":{"rendered":"http:\/\/www.visit-ulcinj.com\/blog\/?p=5050"},"modified":"2008-10-22T14:24:49","modified_gmt":"2008-10-22T19:24:49","slug":"u-ulcinjskoj-solani-zavrsena-berbauprava-zadovoljna","status":"publish","type":"post","link":"https:\/\/www.visit-ulcinj.com\/blog\/2008\/10\/22\/u-ulcinjskoj-solani-zavrsena-berbauprava-zadovoljna\/","title":{"rendered":"U ulcinjskoj solani zavr\u0161ena berba,uprava zadovoljna"},"content":{"rendered":"<p><a href=\"http:\/\/www.visit-ulcinj.com\/blog\/wp-content\/uploads\/2008\/08\/45_soparlo202.jpg\"><img loading=\"lazy\" class=\"alignleft size-medium wp-image-2741\" title=\"Solana Bajo Sekuli? Ulcinj\" src=\"http:\/\/www.visit-ulcinj.com\/blog\/wp-content\/uploads\/2008\/08\/45_soparlo202-300x225.jpg\" alt=\"\" width=\"300\" height=\"225\" srcset=\"https:\/\/www.visit-ulcinj.com\/blog\/wp-content\/uploads\/2008\/08\/45_soparlo202-300x225.jpg 300w, https:\/\/www.visit-ulcinj.com\/blog\/wp-content\/uploads\/2008\/08\/45_soparlo202.jpg 566w\" sizes=\"(max-width: 300px) 100vw, 300px\" \/><\/a><strong>Prema\u0161ili plan<\/strong><br \/>\nUlcinj &#8211; U berbi, koja je nakon 62 dana okoncana juce, na bazenima ulcinjske Solane prikupljeno je vi\u0161e od 20 hiljada tona visokokvalitetne soli, cime je prema\u0161en prinos predviden biznis planom tog preduzeca.<br \/>\nIzvr\u0161ni direktor Solane Jelena Aleksic kazala je da je berba efektivno trajala 41 dan.<br \/>\n&#8211; Nijesmo radili za vjerske praznike, cetiri dana smo imali ki\u0161u, a ukupno sedam probleme sa strujom. Omeli su nas i kvarovi na reduktoru vec dotrajalog samohodnog transportera, ali sve u svemu, izuzetno smo zadovoljni berbom. Prema\u0161ili smo prinos od 20 hiljada tona, koji je bio predviden biznis planom, a sakupljena so je kao rijetko do sada, izuzetno cista i kvalitetna. Krcati hangar govori vi\u0161e od rijeci &#8211; kazala je Aleksic juce za \u201eVijesti\u201c.<br \/>\nOna je naglasila da je na berbi bilo anga\u017eovano 186 sezonaca i kompletan kadar Solane koji cine 92 zaposlena radnika.<br \/>\nSvima njima, istakla je Aleksic, pripadaju zasluge za uspje\u0161nu berbu,<br \/>\n&#8211; Svi radnici anga\u017eovani na berbi redovno su primali akontacije, a isplatu posljednje planirali smo tokom naredne sedmice. U prosjeku, radnici koji nijesu izostajali sa berbe, odnosno oni koji su radili 41 dan, zaradili su vi\u0161e od hiljadu eura &#8211; kazala je Aleksic. <a href=\"http:\/\/www.visit-ulcinj.com\/blog\/wp-content\/uploads\/2008\/10\/solana-ulcinj3.jpg\"><img loading=\"lazy\" class=\"alignright size-medium wp-image-5051\" title=\"solana-ulcinj3\" src=\"http:\/\/www.visit-ulcinj.com\/blog\/wp-content\/uploads\/2008\/10\/solana-ulcinj3.jpg\" alt=\"\" width=\"290\" height=\"190\" \/><\/a><br \/>\nOna je dodala da je Solana imala fantastican nastup na medunarodnom sajmu ishrane u Zenici, koji je odr\u017ean od 7. do 12. oktobra.<br \/>\n&#8211; Solana je dobila dvije zlatne, jednu srebrnu i dvije bronzane medalje i tako postigla jedan od najvecih uspjeha u svojoj 74 godine dugoj istoriji. Zlato smo dobili za nerafinisanu so u pakovanju od 1,5 kilograma i za solni cvijet od 100 grama. Uspjeh jo\u0161 vi\u0161e dobija na znacaju ako se u obzir uzme cinjenica da je na sajmu bilo vi\u0161e od 700 ucesnika &#8211; kazala je Aleksic.<br \/>\nUce\u0161ce na sajmu omogucila je Privredna komora, a preduzeca iz Crne Gore dobila su ukupno 28 zlatnih medalja.<\/p>\n<p><a href=\"http:\/\/www.visit-ulcinj.com\/blog\/wp-content\/uploads\/2008\/08\/44_ulcinj-soparlo.jpg\"><img loading=\"lazy\" class=\"size-thumbnail wp-image-2742 alignleft\" title=\"Solana &quot;Bajo Sekuli?&quot;Ulcinj\" src=\"http:\/\/www.visit-ulcinj.com\/blog\/wp-content\/uploads\/2008\/08\/44_ulcinj-soparlo-150x150.jpg\" alt=\"Solana &quot;Bajo Sekuli?&quot;Ulcinj\" width=\"150\" height=\"150\" \/><\/a><\/p>\n<p><strong>Uspje\u0161an proboj na tr\u017ei\u0161te BiH<\/strong><br \/>\nSolana je, navela je Aleksic, uce\u0161ce na sajmu u Zenici okoncala uspje\u0161nim probojem na tr\u017ei\u0161te Federacije BiH.<br \/>\n&#8211; Zakljucili smo ugovor o prodaji dvije hiljade tona industrijske soli i ugovor na godi\u0161njem nivou o prodaji znatne kolicne soli za prehranu. To je za nas veliki uspjeh, buduci da je na tom tr\u017ei\u0161tu prisutna njihova kamena so &#8211; kazala je Aleksic i dodala da su u toku pregovori sa \u201dCrnagoraputem\u201d o prodaji pet hiljada tona soli za puteve.<br \/>\n<strong>S.A.<br \/>\nIzvor \/ Vijesti<\/strong><\/p>\n<!--YouTube Error: bad URL entered-->\n","protected":false},"excerpt":{"rendered":"<p>Prema\u0161ili plan Ulcinj &#8211; U berbi, koja je nakon 62 dana okoncana juce, na bazenima ulcinjske Solane prikupljeno je vi\u0161e od 20 hiljada tona visokokvalitetne soli, cime je prema\u0161en prinos predviden biznis planom tog preduzeca. Izvr\u0161ni direktor Solane Jelena Aleksic kazala je da je berba efektivno trajala 41 dan. &#8211; Nijesmo radili za vjerske praznike, [&hellip;]<\/p>\n","protected":false},"author":1,"featured_media":0,"comment_status":"open","ping_status":"closed","sticky":false,"template":"","format":"standard","meta":{"spay_email":"","jetpack_publicize_message":"","jetpack_is_tweetstorm":false,"jetpack_publicize_feature_enabled":true},"categories":[10,12],"tags":[20,19,1968],"jetpack_publicize_connections":[],"yoast_head":"<!-- This site is optimized with the Yoast SEO plugin v19.1 - https:\/\/yoast.com\/wordpress\/plugins\/seo\/ -->\n<title>U ulcinjskoj solani zavr\u0161ena berba,uprava zadovoljna - Lajme nga Ulqini<\/title>\n<meta name=\"description\" content=\"Prema\u0161ili plan Ulcinj - U berbi, koja je nakon 62 dana okoncana juce, na bazenima ulcinjske Solane prikupljeno je vi\u0161e od 20 hiljada tona visokokvalitetne\" \/>\n<meta name=\"robots\" content=\"index, follow, max-snippet:-1, max-image-preview:large, max-video-preview:-1\" \/>\n<link rel=\"canonical\" href=\"https:\/\/www.visit-ulcinj.com\/blog\/2008\/10\/22\/u-ulcinjskoj-solani-zavrsena-berbauprava-zadovoljna\/\" \/>\n<meta property=\"og:locale\" content=\"en_US\" \/>\n<meta property=\"og:type\" content=\"article\" \/>\n<meta property=\"og:title\" content=\"U ulcinjskoj solani zavr\u0161ena berba,uprava zadovoljna - Lajme nga Ulqini\" \/>\n<meta property=\"og:description\" content=\"Prema\u0161ili plan Ulcinj - U berbi, koja je nakon 62 dana okoncana juce, na bazenima ulcinjske Solane prikupljeno je vi\u0161e od 20 hiljada tona visokokvalitetne\" \/>\n<meta property=\"og:url\" content=\"https:\/\/www.visit-ulcinj.com\/blog\/2008\/10\/22\/u-ulcinjskoj-solani-zavrsena-berbauprava-zadovoljna\/\" \/>\n<meta property=\"og:site_name\" content=\"Lajme nga Ulqini\" \/>\n<meta property=\"article:published_time\" content=\"2008-10-22T19:05:22+00:00\" \/>\n<meta property=\"article:modified_time\" content=\"2008-10-22T19:24:49+00:00\" \/>\n<meta property=\"og:image\" content=\"http:\/\/www.visit-ulcinj.com\/blog\/wp-content\/uploads\/2008\/08\/45_soparlo202-300x225.jpg\" \/>\n<meta name=\"twitter:label1\" content=\"Written by\" \/>\n\t<meta name=\"twitter:data1\" content=\"ulqini\" \/>\n\t<meta name=\"twitter:label2\" content=\"Est. reading time\" \/>\n\t<meta name=\"twitter:data2\" content=\"2 minutes\" \/>\n<script type=\"application\/ld+json\" class=\"yoast-schema-graph\">{\"@context\":\"https:\/\/schema.org\",\"@graph\":[{\"@type\":\"WebSite\",\"@id\":\"https:\/\/www.visit-ulcinj.com\/blog\/#website\",\"url\":\"https:\/\/www.visit-ulcinj.com\/blog\/\",\"name\":\"Lajme nga Ulqini\",\"description\":\"Lajme,Vijesti,Ulqini,Ulqin,Crna Gora,Mali i Zi\",\"potentialAction\":[{\"@type\":\"SearchAction\",\"target\":{\"@type\":\"EntryPoint\",\"urlTemplate\":\"https:\/\/www.visit-ulcinj.com\/blog\/?s={search_term_string}\"},\"query-input\":\"required name=search_term_string\"}],\"inLanguage\":\"en-US\"},{\"@type\":\"ImageObject\",\"inLanguage\":\"en-US\",\"@id\":\"https:\/\/www.visit-ulcinj.com\/blog\/2008\/10\/22\/u-ulcinjskoj-solani-zavrsena-berbauprava-zadovoljna\/#primaryimage\",\"url\":\"http:\/\/www.visit-ulcinj.com\/blog\/wp-content\/uploads\/2008\/08\/45_soparlo202-300x225.jpg\",\"contentUrl\":\"http:\/\/www.visit-ulcinj.com\/blog\/wp-content\/uploads\/2008\/08\/45_soparlo202-300x225.jpg\"},{\"@type\":\"WebPage\",\"@id\":\"https:\/\/www.visit-ulcinj.com\/blog\/2008\/10\/22\/u-ulcinjskoj-solani-zavrsena-berbauprava-zadovoljna\/#webpage\",\"url\":\"https:\/\/www.visit-ulcinj.com\/blog\/2008\/10\/22\/u-ulcinjskoj-solani-zavrsena-berbauprava-zadovoljna\/\",\"name\":\"U ulcinjskoj solani zavr\u0161ena berba,uprava zadovoljna - Lajme nga Ulqini\",\"isPartOf\":{\"@id\":\"https:\/\/www.visit-ulcinj.com\/blog\/#website\"},\"primaryImageOfPage\":{\"@id\":\"https:\/\/www.visit-ulcinj.com\/blog\/2008\/10\/22\/u-ulcinjskoj-solani-zavrsena-berbauprava-zadovoljna\/#primaryimage\"},\"datePublished\":\"2008-10-22T19:05:22+00:00\",\"dateModified\":\"2008-10-22T19:24:49+00:00\",\"author\":{\"@id\":\"https:\/\/www.visit-ulcinj.com\/blog\/#\/schema\/person\/dcab619c614d3038751c63bc2aadc06d\"},\"description\":\"Prema\u0161ili plan Ulcinj - U berbi, koja je nakon 62 dana okoncana juce, na bazenima ulcinjske Solane prikupljeno je vi\u0161e od 20 hiljada tona visokokvalitetne\",\"breadcrumb\":{\"@id\":\"https:\/\/www.visit-ulcinj.com\/blog\/2008\/10\/22\/u-ulcinjskoj-solani-zavrsena-berbauprava-zadovoljna\/#breadcrumb\"},\"inLanguage\":\"en-US\",\"potentialAction\":[{\"@type\":\"ReadAction\",\"target\":[\"https:\/\/www.visit-ulcinj.com\/blog\/2008\/10\/22\/u-ulcinjskoj-solani-zavrsena-berbauprava-zadovoljna\/\"]}]},{\"@type\":\"BreadcrumbList\",\"@id\":\"https:\/\/www.visit-ulcinj.com\/blog\/2008\/10\/22\/u-ulcinjskoj-solani-zavrsena-berbauprava-zadovoljna\/#breadcrumb\",\"itemListElement\":[{\"@type\":\"ListItem\",\"position\":1,\"name\":\"U ulcinjskoj solani zavr\u0161ena berba,uprava zadovoljna\"}]},{\"@type\":\"Person\",\"@id\":\"https:\/\/www.visit-ulcinj.com\/blog\/#\/schema\/person\/dcab619c614d3038751c63bc2aadc06d\",\"name\":\"ulqini\",\"sameAs\":[\"http:\/\/www.visit-ulcinj.com\"],\"url\":\"https:\/\/www.visit-ulcinj.com\/blog\/author\/admin\/\"}]}<\/script>\n<!-- \/ Yoast SEO plugin. -->","yoast_head_json":{"title":"U ulcinjskoj solani zavr\u0161ena berba,uprava zadovoljna - Lajme nga Ulqini","description":"Prema\u0161ili plan Ulcinj - U berbi, koja je nakon 62 dana okoncana juce, na bazenima ulcinjske Solane prikupljeno je vi\u0161e od 20 hiljada tona visokokvalitetne","robots":{"index":"index","follow":"follow","max-snippet":"max-snippet:-1","max-image-preview":"max-image-preview:large","max-video-preview":"max-video-preview:-1"},"canonical":"https:\/\/www.visit-ulcinj.com\/blog\/2008\/10\/22\/u-ulcinjskoj-solani-zavrsena-berbauprava-zadovoljna\/","og_locale":"en_US","og_type":"article","og_title":"U ulcinjskoj solani zavr\u0161ena berba,uprava zadovoljna - Lajme nga Ulqini","og_description":"Prema\u0161ili plan Ulcinj - U berbi, koja je nakon 62 dana okoncana juce, na bazenima ulcinjske Solane prikupljeno je vi\u0161e od 20 hiljada tona visokokvalitetne","og_url":"https:\/\/www.visit-ulcinj.com\/blog\/2008\/10\/22\/u-ulcinjskoj-solani-zavrsena-berbauprava-zadovoljna\/","og_site_name":"Lajme nga Ulqini","article_published_time":"2008-10-22T19:05:22+00:00","article_modified_time":"2008-10-22T19:24:49+00:00","og_image":[{"url":"http:\/\/www.visit-ulcinj.com\/blog\/wp-content\/uploads\/2008\/08\/45_soparlo202-300x225.jpg"}],"twitter_misc":{"Written by":"ulqini","Est. reading time":"2 minutes"},"schema":{"@context":"https:\/\/schema.org","@graph":[{"@type":"WebSite","@id":"https:\/\/www.visit-ulcinj.com\/blog\/#website","url":"https:\/\/www.visit-ulcinj.com\/blog\/","name":"Lajme nga Ulqini","description":"Lajme,Vijesti,Ulqini,Ulqin,Crna Gora,Mali i Zi","potentialAction":[{"@type":"SearchAction","target":{"@type":"EntryPoint","urlTemplate":"https:\/\/www.visit-ulcinj.com\/blog\/?s={search_term_string}"},"query-input":"required name=search_term_string"}],"inLanguage":"en-US"},{"@type":"ImageObject","inLanguage":"en-US","@id":"https:\/\/www.visit-ulcinj.com\/blog\/2008\/10\/22\/u-ulcinjskoj-solani-zavrsena-berbauprava-zadovoljna\/#primaryimage","url":"http:\/\/www.visit-ulcinj.com\/blog\/wp-content\/uploads\/2008\/08\/45_soparlo202-300x225.jpg","contentUrl":"http:\/\/www.visit-ulcinj.com\/blog\/wp-content\/uploads\/2008\/08\/45_soparlo202-300x225.jpg"},{"@type":"WebPage","@id":"https:\/\/www.visit-ulcinj.com\/blog\/2008\/10\/22\/u-ulcinjskoj-solani-zavrsena-berbauprava-zadovoljna\/#webpage","url":"https:\/\/www.visit-ulcinj.com\/blog\/2008\/10\/22\/u-ulcinjskoj-solani-zavrsena-berbauprava-zadovoljna\/","name":"U ulcinjskoj solani zavr\u0161ena berba,uprava zadovoljna - Lajme nga Ulqini","isPartOf":{"@id":"https:\/\/www.visit-ulcinj.com\/blog\/#website"},"primaryImageOfPage":{"@id":"https:\/\/www.visit-ulcinj.com\/blog\/2008\/10\/22\/u-ulcinjskoj-solani-zavrsena-berbauprava-zadovoljna\/#primaryimage"},"datePublished":"2008-10-22T19:05:22+00:00","dateModified":"2008-10-22T19:24:49+00:00","author":{"@id":"https:\/\/www.visit-ulcinj.com\/blog\/#\/schema\/person\/dcab619c614d3038751c63bc2aadc06d"},"description":"Prema\u0161ili plan Ulcinj - U berbi, koja je nakon 62 dana okoncana juce, na bazenima ulcinjske Solane prikupljeno je vi\u0161e od 20 hiljada tona visokokvalitetne","breadcrumb":{"@id":"https:\/\/www.visit-ulcinj.com\/blog\/2008\/10\/22\/u-ulcinjskoj-solani-zavrsena-berbauprava-zadovoljna\/#breadcrumb"},"inLanguage":"en-US","potentialAction":[{"@type":"ReadAction","target":["https:\/\/www.visit-ulcinj.com\/blog\/2008\/10\/22\/u-ulcinjskoj-solani-zavrsena-berbauprava-zadovoljna\/"]}]},{"@type":"BreadcrumbList","@id":"https:\/\/www.visit-ulcinj.com\/blog\/2008\/10\/22\/u-ulcinjskoj-solani-zavrsena-berbauprava-zadovoljna\/#breadcrumb","itemListElement":[{"@type":"ListItem","position":1,"name":"U ulcinjskoj solani zavr\u0161ena berba,uprava zadovoljna"}]},{"@type":"Person","@id":"https:\/\/www.visit-ulcinj.com\/blog\/#\/schema\/person\/dcab619c614d3038751c63bc2aadc06d","name":"ulqini","sameAs":["http:\/\/www.visit-ulcinj.com"],"url":"https:\/\/www.visit-ulcinj.com\/blog\/author\/admin\/"}]}},"jetpack_featured_media_url":"","jetpack_sharing_enabled":true,"jetpack_shortlink":"https:\/\/wp.me\/pe6lTn-1js","_links":{"self":[{"href":"https:\/\/www.visit-ulcinj.com\/blog\/wp-json\/wp\/v2\/posts\/5050"}],"collection":[{"href":"https:\/\/www.visit-ulcinj.com\/blog\/wp-json\/wp\/v2\/posts"}],"about":[{"href":"https:\/\/www.visit-ulcinj.com\/blog\/wp-json\/wp\/v2\/types\/post"}],"author":[{"embeddable":true,"href":"https:\/\/www.visit-ulcinj.com\/blog\/wp-json\/wp\/v2\/users\/1"}],"replies":[{"embeddable":true,"href":"https:\/\/www.visit-ulcinj.com\/blog\/wp-json\/wp\/v2\/comments?post=5050"}],"version-history":[{"count":0,"href":"https:\/\/www.visit-ulcinj.com\/blog\/wp-json\/wp\/v2\/posts\/5050\/revisions"}],"wp:attachment":[{"href":"https:\/\/www.visit-ulcinj.com\/blog\/wp-json\/wp\/v2\/media?parent=5050"}],"wp:term":[{"taxonomy":"category","embeddable":true,"href":"https:\/\/www.visit-ulcinj.com\/blog\/wp-json\/wp\/v2\/categories?post=5050"},{"taxonomy":"post_tag","embeddable":true,"href":"https:\/\/www.visit-ulcinj.com\/blog\/wp-json\/wp\/v2\/tags?post=5050"}],"curies":[{"name":"wp","href":"https:\/\/api.w.org\/{rel}","templated":true}]}}