{"id":50506,"date":"2011-08-31T15:46:48","date_gmt":"2011-08-31T14:46:48","guid":{"rendered":"http:\/\/www.visit-ulcinj.com\/blog\/?p=50506"},"modified":"2011-08-31T15:46:48","modified_gmt":"2011-08-31T14:46:48","slug":"forca-skrelja-podnesi-ostavku","status":"publish","type":"post","link":"https:\/\/www.visit-ulcinj.com\/blog\/2011\/08\/31\/forca-skrelja-podnesi-ostavku\/","title":{"rendered":"FORCA: \u0160krelja, podnesi ostavku"},"content":{"rendered":"<p><a href=\"http:\/\/www.visit-ulcinj.com\/blog\/wp-content\/uploads\/2011\/08\/Nova-Demokratska-Snaga_FORCA.jpg\"><img loading=\"lazy\" class=\"alignleft size-full wp-image-50507\" title=\"Nova Demokratska Snaga_FORCA\" src=\"http:\/\/www.visit-ulcinj.com\/blog\/wp-content\/uploads\/2011\/08\/Nova-Demokratska-Snaga_FORCA.jpg\" alt=\"\" width=\"330\" height=\"320\" \/><\/a>Nova demokratska snaga &#8211; FORCA &#8211; saop\u0161tila je ju\u010de kako o\u010dekuje da Lui\u0111 \u0160krelja doka\u017ee demokratski kapacitet i \u0161to prije sazove sjednicu ulcinjskog parlamenta. U saop\u0161tenju ove albanske partije, povodom opstrukcija da se zaka\u017ee nova sjednica SO na kojoj bi se ozvani\u010dili zahtjevi nove skup\u0161tinske ve\u0107ine, u kojoj nema mjesta za DPS, isti\u010de se da je \u0160krelja vi\u0161e puta obe\u0107ao da \u0107e ta sjednica zaista biti zakazana.<br \/>\n&#8211; Tim prije \u0161to je on kao iskusan politi\u010dar svjestan da svako odugovla\u010denje ide na \u0161tetu ostvarivanja osnovnih funkcija skup\u0161tinske i izvr\u0161ne vlasti i doprinosi stvaranju nepotrebnih politi\u010dkih tenzija &#8211; navedeno je u saop\u0161tenju FORCA.<br \/>\nIsti\u010du da je inicijativa nove skup\u0161tinske ve\u0107ine za odr\u017eavanje vanredne sjednice skup\u0161tine dostavljena u skladu sa crnogorskim ustavom, zakonom i podzakonskim aktima. Ustavom je odre\u0111eno da se redovni sazivi ne mogu odr\u017eavati u periodu od 1. avgusta do 30. septembra, a kako sjednicu treba odr\u017eati tokom septembra, tra\u017eili su odr\u017eavanje vanredne sjednice.<br \/>\n&#8211; Predsjednik SO, \u0160krelja, javno je obe\u0107ao da ne\u0107e vr\u0161iti nikakvu opstrukciju i da \u0107e po prijemu inicijative sa najmanje 17 potpisa, odmah sazvati sjednicu.<\/p>\n<p><strong>M.V.<\/strong><\/p>\n<h3><strong><a href=\"http:\/\/www.dan.co.me\/?nivo=3&amp;rubrika=Politika&amp;clanak=295163&amp;datum=2011-08-30\" target=\"_blank\"><strong><strong><strong>Pro\u010ditaj vijest do kraja &gt;&gt; DAN Online &gt;&gt;<\/strong><\/strong><\/strong><\/a><\/strong><\/h3>\n","protected":false},"excerpt":{"rendered":"<p>Nova demokratska snaga &#8211; FORCA &#8211; saop\u0161tila je ju\u010de kako o\u010dekuje da Lui\u0111 \u0160krelja doka\u017ee demokratski kapacitet i \u0161to prije sazove sjednicu ulcinjskog parlamenta. U saop\u0161tenju ove albanske partije, povodom opstrukcija da se zaka\u017ee nova sjednica SO na kojoj bi se ozvani\u010dili zahtjevi nove skup\u0161tinske ve\u0107ine, u kojoj nema mjesta za DPS, isti\u010de se da [&hellip;]<\/p>\n","protected":false},"author":1,"featured_media":0,"comment_status":"open","ping_status":"closed","sticky":false,"template":"","format":"standard","meta":{"spay_email":"","jetpack_publicize_message":"","jetpack_is_tweetstorm":false,"jetpack_publicize_feature_enabled":true},"categories":[8337],"tags":[117,16435,4666,19],"jetpack_publicize_connections":[],"yoast_head":"<!-- This site is optimized with the Yoast SEO plugin v19.1 - https:\/\/yoast.com\/wordpress\/plugins\/seo\/ -->\n<title>FORCA: \u0160krelja, podnesi ostavku - Lajme nga Ulqini<\/title>\n<meta name=\"description\" content=\"Nova demokratska snaga - FORCA - saop\u0161tila je ju\u010de kako o\u010dekuje da Lui\u0111 \u0160krelja doka\u017ee demokratski kapacitet i \u0161to prije sazove sjednicu ulcinjskog\" \/>\n<meta name=\"robots\" content=\"index, follow, max-snippet:-1, max-image-preview:large, max-video-preview:-1\" \/>\n<link rel=\"canonical\" href=\"https:\/\/www.visit-ulcinj.com\/blog\/2011\/08\/31\/forca-skrelja-podnesi-ostavku\/\" \/>\n<meta property=\"og:locale\" content=\"en_US\" \/>\n<meta property=\"og:type\" content=\"article\" \/>\n<meta property=\"og:title\" content=\"FORCA: \u0160krelja, podnesi ostavku - Lajme nga Ulqini\" \/>\n<meta property=\"og:description\" content=\"Nova demokratska snaga - FORCA - saop\u0161tila je ju\u010de kako o\u010dekuje da Lui\u0111 \u0160krelja doka\u017ee demokratski kapacitet i \u0161to prije sazove sjednicu ulcinjskog\" \/>\n<meta property=\"og:url\" content=\"https:\/\/www.visit-ulcinj.com\/blog\/2011\/08\/31\/forca-skrelja-podnesi-ostavku\/\" \/>\n<meta property=\"og:site_name\" content=\"Lajme nga Ulqini\" \/>\n<meta property=\"article:published_time\" content=\"2011-08-31T14:46:48+00:00\" \/>\n<meta property=\"og:image\" content=\"http:\/\/www.visit-ulcinj.com\/blog\/wp-content\/uploads\/2011\/08\/Nova-Demokratska-Snaga_FORCA.jpg\" \/>\n<meta name=\"twitter:label1\" content=\"Written by\" \/>\n\t<meta name=\"twitter:data1\" content=\"ulqini\" \/>\n\t<meta name=\"twitter:label2\" content=\"Est. reading time\" \/>\n\t<meta name=\"twitter:data2\" content=\"1 minute\" \/>\n<script type=\"application\/ld+json\" class=\"yoast-schema-graph\">{\"@context\":\"https:\/\/schema.org\",\"@graph\":[{\"@type\":\"WebSite\",\"@id\":\"https:\/\/www.visit-ulcinj.com\/blog\/#website\",\"url\":\"https:\/\/www.visit-ulcinj.com\/blog\/\",\"name\":\"Lajme nga Ulqini\",\"description\":\"Lajme,Vijesti,Ulqini,Ulqin,Crna Gora,Mali i Zi\",\"potentialAction\":[{\"@type\":\"SearchAction\",\"target\":{\"@type\":\"EntryPoint\",\"urlTemplate\":\"https:\/\/www.visit-ulcinj.com\/blog\/?s={search_term_string}\"},\"query-input\":\"required name=search_term_string\"}],\"inLanguage\":\"en-US\"},{\"@type\":\"ImageObject\",\"inLanguage\":\"en-US\",\"@id\":\"https:\/\/www.visit-ulcinj.com\/blog\/2011\/08\/31\/forca-skrelja-podnesi-ostavku\/#primaryimage\",\"url\":\"https:\/\/www.visit-ulcinj.com\/blog\/wp-content\/uploads\/2011\/08\/Nova-Demokratska-Snaga_FORCA.jpg\",\"contentUrl\":\"https:\/\/www.visit-ulcinj.com\/blog\/wp-content\/uploads\/2011\/08\/Nova-Demokratska-Snaga_FORCA.jpg\",\"width\":\"500\",\"height\":\"481\"},{\"@type\":\"WebPage\",\"@id\":\"https:\/\/www.visit-ulcinj.com\/blog\/2011\/08\/31\/forca-skrelja-podnesi-ostavku\/#webpage\",\"url\":\"https:\/\/www.visit-ulcinj.com\/blog\/2011\/08\/31\/forca-skrelja-podnesi-ostavku\/\",\"name\":\"FORCA: \u0160krelja, podnesi ostavku - Lajme nga Ulqini\",\"isPartOf\":{\"@id\":\"https:\/\/www.visit-ulcinj.com\/blog\/#website\"},\"primaryImageOfPage\":{\"@id\":\"https:\/\/www.visit-ulcinj.com\/blog\/2011\/08\/31\/forca-skrelja-podnesi-ostavku\/#primaryimage\"},\"datePublished\":\"2011-08-31T14:46:48+00:00\",\"dateModified\":\"2011-08-31T14:46:48+00:00\",\"author\":{\"@id\":\"https:\/\/www.visit-ulcinj.com\/blog\/#\/schema\/person\/dcab619c614d3038751c63bc2aadc06d\"},\"description\":\"Nova demokratska snaga - FORCA - saop\u0161tila je ju\u010de kako o\u010dekuje da Lui\u0111 \u0160krelja doka\u017ee demokratski kapacitet i \u0161to prije sazove sjednicu ulcinjskog\",\"breadcrumb\":{\"@id\":\"https:\/\/www.visit-ulcinj.com\/blog\/2011\/08\/31\/forca-skrelja-podnesi-ostavku\/#breadcrumb\"},\"inLanguage\":\"en-US\",\"potentialAction\":[{\"@type\":\"ReadAction\",\"target\":[\"https:\/\/www.visit-ulcinj.com\/blog\/2011\/08\/31\/forca-skrelja-podnesi-ostavku\/\"]}]},{\"@type\":\"BreadcrumbList\",\"@id\":\"https:\/\/www.visit-ulcinj.com\/blog\/2011\/08\/31\/forca-skrelja-podnesi-ostavku\/#breadcrumb\",\"itemListElement\":[{\"@type\":\"ListItem\",\"position\":1,\"name\":\"FORCA: \u0160krelja, podnesi ostavku\"}]},{\"@type\":\"Person\",\"@id\":\"https:\/\/www.visit-ulcinj.com\/blog\/#\/schema\/person\/dcab619c614d3038751c63bc2aadc06d\",\"name\":\"ulqini\",\"sameAs\":[\"http:\/\/www.visit-ulcinj.com\"],\"url\":\"https:\/\/www.visit-ulcinj.com\/blog\/author\/admin\/\"}]}<\/script>\n<!-- \/ Yoast SEO plugin. -->","yoast_head_json":{"title":"FORCA: \u0160krelja, podnesi ostavku - Lajme nga Ulqini","description":"Nova demokratska snaga - FORCA - saop\u0161tila je ju\u010de kako o\u010dekuje da Lui\u0111 \u0160krelja doka\u017ee demokratski kapacitet i \u0161to prije sazove sjednicu ulcinjskog","robots":{"index":"index","follow":"follow","max-snippet":"max-snippet:-1","max-image-preview":"max-image-preview:large","max-video-preview":"max-video-preview:-1"},"canonical":"https:\/\/www.visit-ulcinj.com\/blog\/2011\/08\/31\/forca-skrelja-podnesi-ostavku\/","og_locale":"en_US","og_type":"article","og_title":"FORCA: \u0160krelja, podnesi ostavku - Lajme nga Ulqini","og_description":"Nova demokratska snaga - FORCA - saop\u0161tila je ju\u010de kako o\u010dekuje da Lui\u0111 \u0160krelja doka\u017ee demokratski kapacitet i \u0161to prije sazove sjednicu ulcinjskog","og_url":"https:\/\/www.visit-ulcinj.com\/blog\/2011\/08\/31\/forca-skrelja-podnesi-ostavku\/","og_site_name":"Lajme nga Ulqini","article_published_time":"2011-08-31T14:46:48+00:00","og_image":[{"url":"http:\/\/www.visit-ulcinj.com\/blog\/wp-content\/uploads\/2011\/08\/Nova-Demokratska-Snaga_FORCA.jpg"}],"twitter_misc":{"Written by":"ulqini","Est. reading time":"1 minute"},"schema":{"@context":"https:\/\/schema.org","@graph":[{"@type":"WebSite","@id":"https:\/\/www.visit-ulcinj.com\/blog\/#website","url":"https:\/\/www.visit-ulcinj.com\/blog\/","name":"Lajme nga Ulqini","description":"Lajme,Vijesti,Ulqini,Ulqin,Crna Gora,Mali i Zi","potentialAction":[{"@type":"SearchAction","target":{"@type":"EntryPoint","urlTemplate":"https:\/\/www.visit-ulcinj.com\/blog\/?s={search_term_string}"},"query-input":"required name=search_term_string"}],"inLanguage":"en-US"},{"@type":"ImageObject","inLanguage":"en-US","@id":"https:\/\/www.visit-ulcinj.com\/blog\/2011\/08\/31\/forca-skrelja-podnesi-ostavku\/#primaryimage","url":"https:\/\/www.visit-ulcinj.com\/blog\/wp-content\/uploads\/2011\/08\/Nova-Demokratska-Snaga_FORCA.jpg","contentUrl":"https:\/\/www.visit-ulcinj.com\/blog\/wp-content\/uploads\/2011\/08\/Nova-Demokratska-Snaga_FORCA.jpg","width":"500","height":"481"},{"@type":"WebPage","@id":"https:\/\/www.visit-ulcinj.com\/blog\/2011\/08\/31\/forca-skrelja-podnesi-ostavku\/#webpage","url":"https:\/\/www.visit-ulcinj.com\/blog\/2011\/08\/31\/forca-skrelja-podnesi-ostavku\/","name":"FORCA: \u0160krelja, podnesi ostavku - Lajme nga Ulqini","isPartOf":{"@id":"https:\/\/www.visit-ulcinj.com\/blog\/#website"},"primaryImageOfPage":{"@id":"https:\/\/www.visit-ulcinj.com\/blog\/2011\/08\/31\/forca-skrelja-podnesi-ostavku\/#primaryimage"},"datePublished":"2011-08-31T14:46:48+00:00","dateModified":"2011-08-31T14:46:48+00:00","author":{"@id":"https:\/\/www.visit-ulcinj.com\/blog\/#\/schema\/person\/dcab619c614d3038751c63bc2aadc06d"},"description":"Nova demokratska snaga - FORCA - saop\u0161tila je ju\u010de kako o\u010dekuje da Lui\u0111 \u0160krelja doka\u017ee demokratski kapacitet i \u0161to prije sazove sjednicu ulcinjskog","breadcrumb":{"@id":"https:\/\/www.visit-ulcinj.com\/blog\/2011\/08\/31\/forca-skrelja-podnesi-ostavku\/#breadcrumb"},"inLanguage":"en-US","potentialAction":[{"@type":"ReadAction","target":["https:\/\/www.visit-ulcinj.com\/blog\/2011\/08\/31\/forca-skrelja-podnesi-ostavku\/"]}]},{"@type":"BreadcrumbList","@id":"https:\/\/www.visit-ulcinj.com\/blog\/2011\/08\/31\/forca-skrelja-podnesi-ostavku\/#breadcrumb","itemListElement":[{"@type":"ListItem","position":1,"name":"FORCA: \u0160krelja, podnesi ostavku"}]},{"@type":"Person","@id":"https:\/\/www.visit-ulcinj.com\/blog\/#\/schema\/person\/dcab619c614d3038751c63bc2aadc06d","name":"ulqini","sameAs":["http:\/\/www.visit-ulcinj.com"],"url":"https:\/\/www.visit-ulcinj.com\/blog\/author\/admin\/"}]}},"jetpack_featured_media_url":"","jetpack_sharing_enabled":true,"jetpack_shortlink":"https:\/\/wp.me\/pe6lTn-d8C","_links":{"self":[{"href":"https:\/\/www.visit-ulcinj.com\/blog\/wp-json\/wp\/v2\/posts\/50506"}],"collection":[{"href":"https:\/\/www.visit-ulcinj.com\/blog\/wp-json\/wp\/v2\/posts"}],"about":[{"href":"https:\/\/www.visit-ulcinj.com\/blog\/wp-json\/wp\/v2\/types\/post"}],"author":[{"embeddable":true,"href":"https:\/\/www.visit-ulcinj.com\/blog\/wp-json\/wp\/v2\/users\/1"}],"replies":[{"embeddable":true,"href":"https:\/\/www.visit-ulcinj.com\/blog\/wp-json\/wp\/v2\/comments?post=50506"}],"version-history":[{"count":1,"href":"https:\/\/www.visit-ulcinj.com\/blog\/wp-json\/wp\/v2\/posts\/50506\/revisions"}],"predecessor-version":[{"id":50508,"href":"https:\/\/www.visit-ulcinj.com\/blog\/wp-json\/wp\/v2\/posts\/50506\/revisions\/50508"}],"wp:attachment":[{"href":"https:\/\/www.visit-ulcinj.com\/blog\/wp-json\/wp\/v2\/media?parent=50506"}],"wp:term":[{"taxonomy":"category","embeddable":true,"href":"https:\/\/www.visit-ulcinj.com\/blog\/wp-json\/wp\/v2\/categories?post=50506"},{"taxonomy":"post_tag","embeddable":true,"href":"https:\/\/www.visit-ulcinj.com\/blog\/wp-json\/wp\/v2\/tags?post=50506"}],"curies":[{"name":"wp","href":"https:\/\/api.w.org\/{rel}","templated":true}]}}