{"id":50523,"date":"2011-09-01T14:55:31","date_gmt":"2011-09-01T13:55:31","guid":{"rendered":"http:\/\/www.visit-ulcinj.com\/blog\/?p=50523"},"modified":"2011-09-01T14:55:31","modified_gmt":"2011-09-01T13:55:31","slug":"novi-predsjednik-opstine-ulcinj-22-septembra","status":"publish","type":"post","link":"https:\/\/www.visit-ulcinj.com\/blog\/2011\/09\/01\/novi-predsjednik-opstine-ulcinj-22-septembra\/","title":{"rendered":"Novi predsjednik op\u0161tine Ulcinj 22 septembra"},"content":{"rendered":"<p><a href=\"http:\/\/www.visit-ulcinj.com\/blog\/wp-content\/uploads\/2011\/09\/Sazivanje-skupstine-Opstine-Ulcinj.jpg\"><img loading=\"lazy\" class=\"alignleft size-full wp-image-50524\" title=\"Sazivanje-skupstine-Opstine-Ulcinj\" src=\"http:\/\/www.visit-ulcinj.com\/blog\/wp-content\/uploads\/2011\/09\/Sazivanje-skupstine-Opstine-Ulcinj.jpg\" alt=\"\" width=\"508\" height=\"380\" \/><\/a>Sjednica Skup\u0161tine op\u0161tine na kojoj bi trebalo da bude izabran novi predsjednik op\u0161tine Ulcinj i razrije\u0161en sada\u0161nji predsjednik gradskog Parlamenta zakazana je 22 septembar. To je za Antenu M najavio prvi \u010dovjek Skup\u0161tine Lui\u0111 \u0160krelja, kome je zahtjev za sazivanje vanredne sjednice stigao prije dvije nedjelje.<\/p>\n<p>\u00ab Sjednica je zakazana na osnovu inicijative Force za sazivanje vanredne sjednice SO Ulcinj, koju je potpisalo 18 odbornika i to je 22 septembar.\u00bb<\/p>\n<p>Od 17. avgusta, u ulcinjskoj op\u0161tini postoji nova ve\u0107ina, od kada su \u010detiri odbornika Demokratske unije albanaca osnovali nezavisni odborni\u010dki klub Anamalit i sa Forcom, SDP-om i Perspektivom formirali koaliciju.<\/p>\n<p>Kandidat za predsjednika op\u0161tine Nazif Cungu iz Force ka\u017ee da je iznena\u0111en datumom za koji je zakazana sjednica:<\/p>\n<p>\u00ab Ja sam sa gospodinom \u0160kreljom jo\u0161 24 avgusta postigao dogovor da sjednica se sjednica odr\u017ei 9 septembra. O \u010demu se radi mi to ne znamo. Kad budemo dobili dokumentaciju onda \u0107emo reagovati po tome. Ako bude potrebno obrati\u0107emo se i nadle\u017enom ministarstvu da da tuma\u010denje za krajnji rok za odr\u017eavanje sjednice.\u00bb<\/p>\n<p>\u0160krelja ipak dodaje da je sjednica zakazana u skladu sa poslovnikom Skup\u0161tine:<\/p>\n<p>\u00ab U okvirima zakona, Statuta poslovnika i svega onoga \u0161to je realnost zakazao sam sjednicu koja je u skladu sa pribli\u017eavanjem isteka mandata sada\u0161njeg gradona\u010delnika Gzima Hajdinage.\u00bb<\/p>\n<p>Kako je ranije izjavio \u0160krelja, predsjedniku op\u0161tine isti\u010de mandat 4 oktobra te da ne vidi nijedan razlog za zurbu da predsjednik op\u0161tine bude izabran 9 septembra.<\/p>\n<p><a href=\"http:\/\/antenam.net\/sajt\/index.php?option=com_content&amp;view=article&amp;id=6537:novi-predsjednik-optine-ulcinj-22-septembra&amp;catid=34:politika&amp;Itemid=53\" target=\"_blank\"><strong>Radio Antena M<\/strong><\/a><\/p>\n<!--YouTube Error: bad URL entered-->\n","protected":false},"excerpt":{"rendered":"<p>Sjednica Skup\u0161tine op\u0161tine na kojoj bi trebalo da bude izabran novi predsjednik op\u0161tine Ulcinj i razrije\u0161en sada\u0161nji predsjednik gradskog Parlamenta zakazana je 22 septembar. To je za Antenu M najavio prvi \u010dovjek Skup\u0161tine Lui\u0111 \u0160krelja, kome je zahtjev za sazivanje vanredne sjednice stigao prije dvije nedjelje. \u00ab Sjednica je zakazana na osnovu inicijative Force za [&hellip;]<\/p>\n","protected":false},"author":1,"featured_media":0,"comment_status":"open","ping_status":"closed","sticky":false,"template":"","format":"standard","meta":{"spay_email":"","jetpack_publicize_message":"","jetpack_is_tweetstorm":false,"jetpack_publicize_feature_enabled":true},"categories":[8337],"tags":[3168,19],"jetpack_publicize_connections":[],"yoast_head":"<!-- This site is optimized with the Yoast SEO plugin v19.1 - https:\/\/yoast.com\/wordpress\/plugins\/seo\/ -->\n<title>Novi predsjednik op\u0161tine Ulcinj 22 septembra - Lajme nga Ulqini<\/title>\n<meta name=\"description\" content=\"Sjednica Skup\u0161tine op\u0161tine na kojoj bi trebalo da bude izabran novi predsjednik op\u0161tine Ulcinj i razrije\u0161en sada\u0161nji predsjednik gradskog Parlamenta\" \/>\n<meta name=\"robots\" content=\"index, follow, max-snippet:-1, max-image-preview:large, max-video-preview:-1\" \/>\n<link rel=\"canonical\" href=\"https:\/\/www.visit-ulcinj.com\/blog\/2011\/09\/01\/novi-predsjednik-opstine-ulcinj-22-septembra\/\" \/>\n<meta property=\"og:locale\" content=\"en_US\" \/>\n<meta property=\"og:type\" content=\"article\" \/>\n<meta property=\"og:title\" content=\"Novi predsjednik op\u0161tine Ulcinj 22 septembra - Lajme nga Ulqini\" \/>\n<meta property=\"og:description\" content=\"Sjednica Skup\u0161tine op\u0161tine na kojoj bi trebalo da bude izabran novi predsjednik op\u0161tine Ulcinj i razrije\u0161en sada\u0161nji predsjednik gradskog Parlamenta\" \/>\n<meta property=\"og:url\" content=\"https:\/\/www.visit-ulcinj.com\/blog\/2011\/09\/01\/novi-predsjednik-opstine-ulcinj-22-septembra\/\" \/>\n<meta property=\"og:site_name\" content=\"Lajme nga Ulqini\" \/>\n<meta property=\"article:published_time\" content=\"2011-09-01T13:55:31+00:00\" \/>\n<meta property=\"og:image\" content=\"http:\/\/www.visit-ulcinj.com\/blog\/wp-content\/uploads\/2011\/09\/Sazivanje-skupstine-Opstine-Ulcinj.jpg\" \/>\n<meta name=\"twitter:label1\" content=\"Written by\" \/>\n\t<meta name=\"twitter:data1\" content=\"ulqini\" \/>\n\t<meta name=\"twitter:label2\" content=\"Est. reading time\" \/>\n\t<meta name=\"twitter:data2\" content=\"1 minute\" \/>\n<script type=\"application\/ld+json\" class=\"yoast-schema-graph\">{\"@context\":\"https:\/\/schema.org\",\"@graph\":[{\"@type\":\"WebSite\",\"@id\":\"https:\/\/www.visit-ulcinj.com\/blog\/#website\",\"url\":\"https:\/\/www.visit-ulcinj.com\/blog\/\",\"name\":\"Lajme nga Ulqini\",\"description\":\"Lajme,Vijesti,Ulqini,Ulqin,Crna Gora,Mali i Zi\",\"potentialAction\":[{\"@type\":\"SearchAction\",\"target\":{\"@type\":\"EntryPoint\",\"urlTemplate\":\"https:\/\/www.visit-ulcinj.com\/blog\/?s={search_term_string}\"},\"query-input\":\"required name=search_term_string\"}],\"inLanguage\":\"en-US\"},{\"@type\":\"ImageObject\",\"inLanguage\":\"en-US\",\"@id\":\"https:\/\/www.visit-ulcinj.com\/blog\/2011\/09\/01\/novi-predsjednik-opstine-ulcinj-22-septembra\/#primaryimage\",\"url\":\"https:\/\/www.visit-ulcinj.com\/blog\/wp-content\/uploads\/2011\/09\/Sazivanje-skupstine-Opstine-Ulcinj.jpg\",\"contentUrl\":\"https:\/\/www.visit-ulcinj.com\/blog\/wp-content\/uploads\/2011\/09\/Sazivanje-skupstine-Opstine-Ulcinj.jpg\",\"width\":\"640\",\"height\":\"450\"},{\"@type\":\"WebPage\",\"@id\":\"https:\/\/www.visit-ulcinj.com\/blog\/2011\/09\/01\/novi-predsjednik-opstine-ulcinj-22-septembra\/#webpage\",\"url\":\"https:\/\/www.visit-ulcinj.com\/blog\/2011\/09\/01\/novi-predsjednik-opstine-ulcinj-22-septembra\/\",\"name\":\"Novi predsjednik op\u0161tine Ulcinj 22 septembra - Lajme nga Ulqini\",\"isPartOf\":{\"@id\":\"https:\/\/www.visit-ulcinj.com\/blog\/#website\"},\"primaryImageOfPage\":{\"@id\":\"https:\/\/www.visit-ulcinj.com\/blog\/2011\/09\/01\/novi-predsjednik-opstine-ulcinj-22-septembra\/#primaryimage\"},\"datePublished\":\"2011-09-01T13:55:31+00:00\",\"dateModified\":\"2011-09-01T13:55:31+00:00\",\"author\":{\"@id\":\"https:\/\/www.visit-ulcinj.com\/blog\/#\/schema\/person\/dcab619c614d3038751c63bc2aadc06d\"},\"description\":\"Sjednica Skup\u0161tine op\u0161tine na kojoj bi trebalo da bude izabran novi predsjednik op\u0161tine Ulcinj i razrije\u0161en sada\u0161nji predsjednik gradskog Parlamenta\",\"breadcrumb\":{\"@id\":\"https:\/\/www.visit-ulcinj.com\/blog\/2011\/09\/01\/novi-predsjednik-opstine-ulcinj-22-septembra\/#breadcrumb\"},\"inLanguage\":\"en-US\",\"potentialAction\":[{\"@type\":\"ReadAction\",\"target\":[\"https:\/\/www.visit-ulcinj.com\/blog\/2011\/09\/01\/novi-predsjednik-opstine-ulcinj-22-septembra\/\"]}]},{\"@type\":\"BreadcrumbList\",\"@id\":\"https:\/\/www.visit-ulcinj.com\/blog\/2011\/09\/01\/novi-predsjednik-opstine-ulcinj-22-septembra\/#breadcrumb\",\"itemListElement\":[{\"@type\":\"ListItem\",\"position\":1,\"name\":\"Novi predsjednik op\u0161tine Ulcinj 22 septembra\"}]},{\"@type\":\"Person\",\"@id\":\"https:\/\/www.visit-ulcinj.com\/blog\/#\/schema\/person\/dcab619c614d3038751c63bc2aadc06d\",\"name\":\"ulqini\",\"sameAs\":[\"http:\/\/www.visit-ulcinj.com\"],\"url\":\"https:\/\/www.visit-ulcinj.com\/blog\/author\/admin\/\"}]}<\/script>\n<!-- \/ Yoast SEO plugin. -->","yoast_head_json":{"title":"Novi predsjednik op\u0161tine Ulcinj 22 septembra - Lajme nga Ulqini","description":"Sjednica Skup\u0161tine op\u0161tine na kojoj bi trebalo da bude izabran novi predsjednik op\u0161tine Ulcinj i razrije\u0161en sada\u0161nji predsjednik gradskog Parlamenta","robots":{"index":"index","follow":"follow","max-snippet":"max-snippet:-1","max-image-preview":"max-image-preview:large","max-video-preview":"max-video-preview:-1"},"canonical":"https:\/\/www.visit-ulcinj.com\/blog\/2011\/09\/01\/novi-predsjednik-opstine-ulcinj-22-septembra\/","og_locale":"en_US","og_type":"article","og_title":"Novi predsjednik op\u0161tine Ulcinj 22 septembra - Lajme nga Ulqini","og_description":"Sjednica Skup\u0161tine op\u0161tine na kojoj bi trebalo da bude izabran novi predsjednik op\u0161tine Ulcinj i razrije\u0161en sada\u0161nji predsjednik gradskog Parlamenta","og_url":"https:\/\/www.visit-ulcinj.com\/blog\/2011\/09\/01\/novi-predsjednik-opstine-ulcinj-22-septembra\/","og_site_name":"Lajme nga Ulqini","article_published_time":"2011-09-01T13:55:31+00:00","og_image":[{"url":"http:\/\/www.visit-ulcinj.com\/blog\/wp-content\/uploads\/2011\/09\/Sazivanje-skupstine-Opstine-Ulcinj.jpg"}],"twitter_misc":{"Written by":"ulqini","Est. reading time":"1 minute"},"schema":{"@context":"https:\/\/schema.org","@graph":[{"@type":"WebSite","@id":"https:\/\/www.visit-ulcinj.com\/blog\/#website","url":"https:\/\/www.visit-ulcinj.com\/blog\/","name":"Lajme nga Ulqini","description":"Lajme,Vijesti,Ulqini,Ulqin,Crna Gora,Mali i Zi","potentialAction":[{"@type":"SearchAction","target":{"@type":"EntryPoint","urlTemplate":"https:\/\/www.visit-ulcinj.com\/blog\/?s={search_term_string}"},"query-input":"required name=search_term_string"}],"inLanguage":"en-US"},{"@type":"ImageObject","inLanguage":"en-US","@id":"https:\/\/www.visit-ulcinj.com\/blog\/2011\/09\/01\/novi-predsjednik-opstine-ulcinj-22-septembra\/#primaryimage","url":"https:\/\/www.visit-ulcinj.com\/blog\/wp-content\/uploads\/2011\/09\/Sazivanje-skupstine-Opstine-Ulcinj.jpg","contentUrl":"https:\/\/www.visit-ulcinj.com\/blog\/wp-content\/uploads\/2011\/09\/Sazivanje-skupstine-Opstine-Ulcinj.jpg","width":"640","height":"450"},{"@type":"WebPage","@id":"https:\/\/www.visit-ulcinj.com\/blog\/2011\/09\/01\/novi-predsjednik-opstine-ulcinj-22-septembra\/#webpage","url":"https:\/\/www.visit-ulcinj.com\/blog\/2011\/09\/01\/novi-predsjednik-opstine-ulcinj-22-septembra\/","name":"Novi predsjednik op\u0161tine Ulcinj 22 septembra - Lajme nga Ulqini","isPartOf":{"@id":"https:\/\/www.visit-ulcinj.com\/blog\/#website"},"primaryImageOfPage":{"@id":"https:\/\/www.visit-ulcinj.com\/blog\/2011\/09\/01\/novi-predsjednik-opstine-ulcinj-22-septembra\/#primaryimage"},"datePublished":"2011-09-01T13:55:31+00:00","dateModified":"2011-09-01T13:55:31+00:00","author":{"@id":"https:\/\/www.visit-ulcinj.com\/blog\/#\/schema\/person\/dcab619c614d3038751c63bc2aadc06d"},"description":"Sjednica Skup\u0161tine op\u0161tine na kojoj bi trebalo da bude izabran novi predsjednik op\u0161tine Ulcinj i razrije\u0161en sada\u0161nji predsjednik gradskog Parlamenta","breadcrumb":{"@id":"https:\/\/www.visit-ulcinj.com\/blog\/2011\/09\/01\/novi-predsjednik-opstine-ulcinj-22-septembra\/#breadcrumb"},"inLanguage":"en-US","potentialAction":[{"@type":"ReadAction","target":["https:\/\/www.visit-ulcinj.com\/blog\/2011\/09\/01\/novi-predsjednik-opstine-ulcinj-22-septembra\/"]}]},{"@type":"BreadcrumbList","@id":"https:\/\/www.visit-ulcinj.com\/blog\/2011\/09\/01\/novi-predsjednik-opstine-ulcinj-22-septembra\/#breadcrumb","itemListElement":[{"@type":"ListItem","position":1,"name":"Novi predsjednik op\u0161tine Ulcinj 22 septembra"}]},{"@type":"Person","@id":"https:\/\/www.visit-ulcinj.com\/blog\/#\/schema\/person\/dcab619c614d3038751c63bc2aadc06d","name":"ulqini","sameAs":["http:\/\/www.visit-ulcinj.com"],"url":"https:\/\/www.visit-ulcinj.com\/blog\/author\/admin\/"}]}},"jetpack_featured_media_url":"","jetpack_sharing_enabled":true,"jetpack_shortlink":"https:\/\/wp.me\/pe6lTn-d8T","_links":{"self":[{"href":"https:\/\/www.visit-ulcinj.com\/blog\/wp-json\/wp\/v2\/posts\/50523"}],"collection":[{"href":"https:\/\/www.visit-ulcinj.com\/blog\/wp-json\/wp\/v2\/posts"}],"about":[{"href":"https:\/\/www.visit-ulcinj.com\/blog\/wp-json\/wp\/v2\/types\/post"}],"author":[{"embeddable":true,"href":"https:\/\/www.visit-ulcinj.com\/blog\/wp-json\/wp\/v2\/users\/1"}],"replies":[{"embeddable":true,"href":"https:\/\/www.visit-ulcinj.com\/blog\/wp-json\/wp\/v2\/comments?post=50523"}],"version-history":[{"count":2,"href":"https:\/\/www.visit-ulcinj.com\/blog\/wp-json\/wp\/v2\/posts\/50523\/revisions"}],"predecessor-version":[{"id":50526,"href":"https:\/\/www.visit-ulcinj.com\/blog\/wp-json\/wp\/v2\/posts\/50523\/revisions\/50526"}],"wp:attachment":[{"href":"https:\/\/www.visit-ulcinj.com\/blog\/wp-json\/wp\/v2\/media?parent=50523"}],"wp:term":[{"taxonomy":"category","embeddable":true,"href":"https:\/\/www.visit-ulcinj.com\/blog\/wp-json\/wp\/v2\/categories?post=50523"},{"taxonomy":"post_tag","embeddable":true,"href":"https:\/\/www.visit-ulcinj.com\/blog\/wp-json\/wp\/v2\/tags?post=50523"}],"curies":[{"name":"wp","href":"https:\/\/api.w.org\/{rel}","templated":true}]}}