{"id":50530,"date":"2011-09-01T17:43:44","date_gmt":"2011-09-01T16:43:44","guid":{"rendered":"http:\/\/www.visit-ulcinj.com\/blog\/?p=50530"},"modified":"2011-09-01T18:03:47","modified_gmt":"2011-09-01T17:03:47","slug":"fituesit-e-turneut-europian-ne-tennis-%e2%80%9dcungu-open-2011%e2%80%9d-ulqin","status":"publish","type":"post","link":"https:\/\/www.visit-ulcinj.com\/blog\/2011\/09\/01\/fituesit-e-turneut-europian-ne-tennis-%e2%80%9dcungu-open-2011%e2%80%9d-ulqin\/","title":{"rendered":"Fituesit e Turneut Europian n\u00eb tennis \u201dCungu Open 2011\u201d Ulqin"},"content":{"rendered":"<p><a href=\"http:\/\/www.visit-ulcinj.com\/blog\/wp-content\/uploads\/2011\/09\/Fituesit-e-Tennisit-_Cungu-Open-2011_Ulqin.jpg\"><img loading=\"lazy\" class=\"alignleft size-full wp-image-50533\" title=\"Fituesit e Tennisit _Cungu Open 2011_Ulqin\" src=\"http:\/\/www.visit-ulcinj.com\/blog\/wp-content\/uploads\/2011\/09\/Fituesit-e-Tennisit-_Cungu-Open-2011_Ulqin.jpg\" alt=\"\" width=\"508\" height=\"380\" srcset=\"https:\/\/www.visit-ulcinj.com\/blog\/wp-content\/uploads\/2011\/09\/Fituesit-e-Tennisit-_Cungu-Open-2011_Ulqin.jpg 640w, https:\/\/www.visit-ulcinj.com\/blog\/wp-content\/uploads\/2011\/09\/Fituesit-e-Tennisit-_Cungu-Open-2011_Ulqin-300x225.jpg 300w\" sizes=\"(max-width: 508px) 100vw, 508px\" \/><\/a>N\u00eb turneun gjashtditor\u00eb t\u00eb tenisit p\u00ebr grupmosh\u00ebn p\u00ebr junior 14-vje\u00e7are q\u00eb u mbajt fundjav\u00ebn e kaluar n\u00eb n\u00eb terenet e KT \u201cBellevue\u201d n\u00eb Ulqin.<br \/>\nTurneu i radh\u00ebs \u201cCungu Open 2011\u201d u mbajt\u00eb n\u00eb terenet e KT \u201cBellevue\u201d n\u00eb Ulqin nga data 22-28.08.2011<br \/>\nNe turne morren pjese 98 garues nga 15 shtete.<br \/>\nNe konkurencen e vajzave fituse doli garusja Emilija Dancetovic nga Srbija e cila ishte me e mire se Darija Ponomareva nga Rusija.(rezultat 6:3-6:0 ).<\/p>\n<p>Ne konkurecen e djemve futes doli garusi Stefan Milicevic nga Srbija i cili ishte me i mire se Aleksandar Curcin poashtu nga Srbija (rez. 7:6 &#8211; 6:2)<br \/>\n<a href=\"http:\/\/www.visit-ulcinj.com\/blog\/wp-content\/uploads\/2011\/09\/Fituesit-e-Tennisit-_Cungu-Open-2011_Ulqin.2.jpg\"><img loading=\"lazy\" class=\"alignleft size-full wp-image-50532\" title=\"Fituesit e Tennisit _Cungu Open 2011_Ulqin.2\" src=\"http:\/\/www.visit-ulcinj.com\/blog\/wp-content\/uploads\/2011\/09\/Fituesit-e-Tennisit-_Cungu-Open-2011_Ulqin.2.jpg\" alt=\"\" width=\"508\" height=\"330\" \/><\/a><\/p>\n<p>Me kete rast u ba dhe hapeja solemne ku morren pjese pjesemarrsit e turneut, dashamir te sportit si dhe miqe te klubit.<br \/>\nKy \u00ebsht\u00eb nj\u00eb sukses i madh\u00eb p\u00ebr klubin e tenisit \u201cBellevue\u201d nga Ulqini.<\/p>\n<p><strong>Lajme nga Ulqini<br \/>\n\n\t\t<style type=\"text\/css\">\n\t\t\t#gallery-1 {\n\t\t\t\tmargin: auto;\n\t\t\t}\n\t\t\t#gallery-1 .gallery-item {\n\t\t\t\tfloat: left;\n\t\t\t\tmargin-top: 10px;\n\t\t\t\ttext-align: center;\n\t\t\t\twidth: 33%;\n\t\t\t}\n\t\t\t#gallery-1 img {\n\t\t\t\tborder: 2px solid #cfcfcf;\n\t\t\t}\n\t\t\t#gallery-1 .gallery-caption {\n\t\t\t\tmargin-left: 0;\n\t\t\t}\n\t\t\t\/* see gallery_shortcode() in wp-includes\/media.php *\/\n\t\t<\/style>\n\t\t<div id='gallery-1' class='gallery galleryid-50530 gallery-columns-3 gallery-size-thumbnail'><dl class='gallery-item'>\n\t\t\t<dt class='gallery-icon landscape'>\n\t\t\t\t<a href='https:\/\/www.visit-ulcinj.com\/blog\/wp-content\/uploads\/2011\/09\/Fituesit-e-Tennisit-_Cungu-Open-2011_Ulqin.1.jpg'><img width=\"150\" height=\"150\" src=\"https:\/\/www.visit-ulcinj.com\/blog\/wp-content\/uploads\/2011\/09\/Fituesit-e-Tennisit-_Cungu-Open-2011_Ulqin.1-150x150.jpg\" class=\"attachment-thumbnail size-thumbnail\" alt=\"\" loading=\"lazy\" \/><\/a>\n\t\t\t<\/dt><\/dl><dl class='gallery-item'>\n\t\t\t<dt class='gallery-icon landscape'>\n\t\t\t\t<a href='https:\/\/www.visit-ulcinj.com\/blog\/wp-content\/uploads\/2011\/09\/Fituesit-e-Tennisit-_Cungu-Open-2011_Ulqin.2.jpg'><img width=\"150\" height=\"150\" src=\"https:\/\/www.visit-ulcinj.com\/blog\/wp-content\/uploads\/2011\/09\/Fituesit-e-Tennisit-_Cungu-Open-2011_Ulqin.2-150x150.jpg\" class=\"attachment-thumbnail size-thumbnail\" alt=\"\" loading=\"lazy\" \/><\/a>\n\t\t\t<\/dt><\/dl><dl class='gallery-item'>\n\t\t\t<dt class='gallery-icon landscape'>\n\t\t\t\t<a href='https:\/\/www.visit-ulcinj.com\/blog\/wp-content\/uploads\/2011\/09\/Fituesit-e-Tennisit-_Cungu-Open-2011_Ulqin.jpg'><img width=\"150\" height=\"150\" src=\"https:\/\/www.visit-ulcinj.com\/blog\/wp-content\/uploads\/2011\/09\/Fituesit-e-Tennisit-_Cungu-Open-2011_Ulqin-150x150.jpg\" class=\"attachment-thumbnail size-thumbnail\" alt=\"\" loading=\"lazy\" \/><\/a>\n\t\t\t<\/dt><\/dl><br style=\"clear: both\" \/>\n\t\t<\/div>\n<\/strong><br \/>\n<!--YouTube Error: bad URL entered--><\/p>\n","protected":false},"excerpt":{"rendered":"<p>N\u00eb turneun gjashtditor\u00eb t\u00eb tenisit p\u00ebr grupmosh\u00ebn p\u00ebr junior 14-vje\u00e7are q\u00eb u mbajt fundjav\u00ebn e kaluar n\u00eb n\u00eb terenet e KT \u201cBellevue\u201d n\u00eb Ulqin. Turneu i radh\u00ebs \u201cCungu Open 2011\u201d u mbajt\u00eb n\u00eb terenet e KT \u201cBellevue\u201d n\u00eb Ulqin nga data 22-28.08.2011 Ne turne morren pjese 98 garues nga 15 shtete. Ne konkurencen e vajzave [&hellip;]<\/p>\n","protected":false},"author":1,"featured_media":0,"comment_status":"open","ping_status":"closed","sticky":false,"template":"","format":"standard","meta":{"spay_email":"","jetpack_publicize_message":"","jetpack_is_tweetstorm":false,"jetpack_publicize_feature_enabled":true},"categories":[3],"tags":[19060,19059,200,18],"jetpack_publicize_connections":[],"yoast_head":"<!-- This site is optimized with the Yoast SEO plugin v19.1 - https:\/\/yoast.com\/wordpress\/plugins\/seo\/ -->\n<title>Fituesit e Turneut Europian n\u00eb tennis \u201dCungu Open 2011\u201d Ulqin - Lajme nga Ulqini<\/title>\n<meta name=\"description\" content=\"N\u00eb turneun gjashtditor\u00eb t\u00eb tenisit p\u00ebr grupmosh\u00ebn p\u00ebr junior 14-vje\u00e7are q\u00eb u mbajt fundjav\u00ebn e kaluar n\u00eb n\u00eb terenet e KT \u201cBellevue\u201d n\u00eb Ulqin. Turneu i\" \/>\n<meta name=\"robots\" content=\"index, follow, max-snippet:-1, max-image-preview:large, max-video-preview:-1\" \/>\n<link rel=\"canonical\" href=\"https:\/\/www.visit-ulcinj.com\/blog\/2011\/09\/01\/fituesit-e-turneut-europian-ne-tennis-\u201dcungu-open-2011\u201d-ulqin\/\" \/>\n<meta property=\"og:locale\" content=\"en_US\" \/>\n<meta property=\"og:type\" content=\"article\" \/>\n<meta property=\"og:title\" content=\"Fituesit e Turneut Europian n\u00eb tennis \u201dCungu Open 2011\u201d Ulqin - Lajme nga Ulqini\" \/>\n<meta property=\"og:description\" content=\"N\u00eb turneun gjashtditor\u00eb t\u00eb tenisit p\u00ebr grupmosh\u00ebn p\u00ebr junior 14-vje\u00e7are q\u00eb u mbajt fundjav\u00ebn e kaluar n\u00eb n\u00eb terenet e KT \u201cBellevue\u201d n\u00eb Ulqin. Turneu i\" \/>\n<meta property=\"og:url\" content=\"https:\/\/www.visit-ulcinj.com\/blog\/2011\/09\/01\/fituesit-e-turneut-europian-ne-tennis-\u201dcungu-open-2011\u201d-ulqin\/\" \/>\n<meta property=\"og:site_name\" content=\"Lajme nga Ulqini\" \/>\n<meta property=\"article:published_time\" content=\"2011-09-01T16:43:44+00:00\" \/>\n<meta property=\"article:modified_time\" content=\"2011-09-01T17:03:47+00:00\" \/>\n<meta property=\"og:image\" content=\"https:\/\/www.visit-ulcinj.com\/blog\/wp-content\/uploads\/2011\/09\/Fituesit-e-Tennisit-_Cungu-Open-2011_Ulqin.1-150x150.jpg\" \/>\n<meta name=\"twitter:label1\" content=\"Written by\" \/>\n\t<meta name=\"twitter:data1\" content=\"ulqini\" \/>\n\t<meta name=\"twitter:label2\" content=\"Est. reading time\" \/>\n\t<meta name=\"twitter:data2\" content=\"1 minute\" \/>\n<script type=\"application\/ld+json\" class=\"yoast-schema-graph\">{\"@context\":\"https:\/\/schema.org\",\"@graph\":[{\"@type\":\"WebSite\",\"@id\":\"https:\/\/www.visit-ulcinj.com\/blog\/#website\",\"url\":\"https:\/\/www.visit-ulcinj.com\/blog\/\",\"name\":\"Lajme nga Ulqini\",\"description\":\"Lajme,Vijesti,Ulqini,Ulqin,Crna Gora,Mali i Zi\",\"potentialAction\":[{\"@type\":\"SearchAction\",\"target\":{\"@type\":\"EntryPoint\",\"urlTemplate\":\"https:\/\/www.visit-ulcinj.com\/blog\/?s={search_term_string}\"},\"query-input\":\"required name=search_term_string\"}],\"inLanguage\":\"en-US\"},{\"@type\":\"ImageObject\",\"inLanguage\":\"en-US\",\"@id\":\"https:\/\/www.visit-ulcinj.com\/blog\/2011\/09\/01\/fituesit-e-turneut-europian-ne-tennis-%e2%80%9dcungu-open-2011%e2%80%9d-ulqin\/#primaryimage\",\"url\":\"https:\/\/www.visit-ulcinj.com\/blog\/wp-content\/uploads\/2011\/09\/Fituesit-e-Tennisit-_Cungu-Open-2011_Ulqin.jpg\",\"contentUrl\":\"https:\/\/www.visit-ulcinj.com\/blog\/wp-content\/uploads\/2011\/09\/Fituesit-e-Tennisit-_Cungu-Open-2011_Ulqin.jpg\",\"width\":\"640\",\"height\":\"480\"},{\"@type\":\"WebPage\",\"@id\":\"https:\/\/www.visit-ulcinj.com\/blog\/2011\/09\/01\/fituesit-e-turneut-europian-ne-tennis-%e2%80%9dcungu-open-2011%e2%80%9d-ulqin\/#webpage\",\"url\":\"https:\/\/www.visit-ulcinj.com\/blog\/2011\/09\/01\/fituesit-e-turneut-europian-ne-tennis-%e2%80%9dcungu-open-2011%e2%80%9d-ulqin\/\",\"name\":\"Fituesit e Turneut Europian n\u00eb tennis \u201dCungu Open 2011\u201d Ulqin - Lajme nga Ulqini\",\"isPartOf\":{\"@id\":\"https:\/\/www.visit-ulcinj.com\/blog\/#website\"},\"primaryImageOfPage\":{\"@id\":\"https:\/\/www.visit-ulcinj.com\/blog\/2011\/09\/01\/fituesit-e-turneut-europian-ne-tennis-%e2%80%9dcungu-open-2011%e2%80%9d-ulqin\/#primaryimage\"},\"datePublished\":\"2011-09-01T16:43:44+00:00\",\"dateModified\":\"2011-09-01T17:03:47+00:00\",\"author\":{\"@id\":\"https:\/\/www.visit-ulcinj.com\/blog\/#\/schema\/person\/dcab619c614d3038751c63bc2aadc06d\"},\"description\":\"N\u00eb turneun gjashtditor\u00eb t\u00eb tenisit p\u00ebr grupmosh\u00ebn p\u00ebr junior 14-vje\u00e7are q\u00eb u mbajt fundjav\u00ebn e kaluar n\u00eb n\u00eb terenet e KT \u201cBellevue\u201d n\u00eb Ulqin. Turneu i\",\"breadcrumb\":{\"@id\":\"https:\/\/www.visit-ulcinj.com\/blog\/2011\/09\/01\/fituesit-e-turneut-europian-ne-tennis-%e2%80%9dcungu-open-2011%e2%80%9d-ulqin\/#breadcrumb\"},\"inLanguage\":\"en-US\",\"potentialAction\":[{\"@type\":\"ReadAction\",\"target\":[\"https:\/\/www.visit-ulcinj.com\/blog\/2011\/09\/01\/fituesit-e-turneut-europian-ne-tennis-%e2%80%9dcungu-open-2011%e2%80%9d-ulqin\/\"]}]},{\"@type\":\"BreadcrumbList\",\"@id\":\"https:\/\/www.visit-ulcinj.com\/blog\/2011\/09\/01\/fituesit-e-turneut-europian-ne-tennis-%e2%80%9dcungu-open-2011%e2%80%9d-ulqin\/#breadcrumb\",\"itemListElement\":[{\"@type\":\"ListItem\",\"position\":1,\"name\":\"Fituesit e Turneut Europian n\u00eb tennis \u201dCungu Open 2011\u201d Ulqin\"}]},{\"@type\":\"Person\",\"@id\":\"https:\/\/www.visit-ulcinj.com\/blog\/#\/schema\/person\/dcab619c614d3038751c63bc2aadc06d\",\"name\":\"ulqini\",\"sameAs\":[\"http:\/\/www.visit-ulcinj.com\"],\"url\":\"https:\/\/www.visit-ulcinj.com\/blog\/author\/admin\/\"}]}<\/script>\n<!-- \/ Yoast SEO plugin. -->","yoast_head_json":{"title":"Fituesit e Turneut Europian n\u00eb tennis \u201dCungu Open 2011\u201d Ulqin - Lajme nga Ulqini","description":"N\u00eb turneun gjashtditor\u00eb t\u00eb tenisit p\u00ebr grupmosh\u00ebn p\u00ebr junior 14-vje\u00e7are q\u00eb u mbajt fundjav\u00ebn e kaluar n\u00eb n\u00eb terenet e KT \u201cBellevue\u201d n\u00eb Ulqin. Turneu i","robots":{"index":"index","follow":"follow","max-snippet":"max-snippet:-1","max-image-preview":"max-image-preview:large","max-video-preview":"max-video-preview:-1"},"canonical":"https:\/\/www.visit-ulcinj.com\/blog\/2011\/09\/01\/fituesit-e-turneut-europian-ne-tennis-\u201dcungu-open-2011\u201d-ulqin\/","og_locale":"en_US","og_type":"article","og_title":"Fituesit e Turneut Europian n\u00eb tennis \u201dCungu Open 2011\u201d Ulqin - Lajme nga Ulqini","og_description":"N\u00eb turneun gjashtditor\u00eb t\u00eb tenisit p\u00ebr grupmosh\u00ebn p\u00ebr junior 14-vje\u00e7are q\u00eb u mbajt fundjav\u00ebn e kaluar n\u00eb n\u00eb terenet e KT \u201cBellevue\u201d n\u00eb Ulqin. Turneu i","og_url":"https:\/\/www.visit-ulcinj.com\/blog\/2011\/09\/01\/fituesit-e-turneut-europian-ne-tennis-\u201dcungu-open-2011\u201d-ulqin\/","og_site_name":"Lajme nga Ulqini","article_published_time":"2011-09-01T16:43:44+00:00","article_modified_time":"2011-09-01T17:03:47+00:00","og_image":[{"url":"https:\/\/www.visit-ulcinj.com\/blog\/wp-content\/uploads\/2011\/09\/Fituesit-e-Tennisit-_Cungu-Open-2011_Ulqin.1-150x150.jpg"}],"twitter_misc":{"Written by":"ulqini","Est. reading time":"1 minute"},"schema":{"@context":"https:\/\/schema.org","@graph":[{"@type":"WebSite","@id":"https:\/\/www.visit-ulcinj.com\/blog\/#website","url":"https:\/\/www.visit-ulcinj.com\/blog\/","name":"Lajme nga Ulqini","description":"Lajme,Vijesti,Ulqini,Ulqin,Crna Gora,Mali i Zi","potentialAction":[{"@type":"SearchAction","target":{"@type":"EntryPoint","urlTemplate":"https:\/\/www.visit-ulcinj.com\/blog\/?s={search_term_string}"},"query-input":"required name=search_term_string"}],"inLanguage":"en-US"},{"@type":"ImageObject","inLanguage":"en-US","@id":"https:\/\/www.visit-ulcinj.com\/blog\/2011\/09\/01\/fituesit-e-turneut-europian-ne-tennis-%e2%80%9dcungu-open-2011%e2%80%9d-ulqin\/#primaryimage","url":"https:\/\/www.visit-ulcinj.com\/blog\/wp-content\/uploads\/2011\/09\/Fituesit-e-Tennisit-_Cungu-Open-2011_Ulqin.jpg","contentUrl":"https:\/\/www.visit-ulcinj.com\/blog\/wp-content\/uploads\/2011\/09\/Fituesit-e-Tennisit-_Cungu-Open-2011_Ulqin.jpg","width":"640","height":"480"},{"@type":"WebPage","@id":"https:\/\/www.visit-ulcinj.com\/blog\/2011\/09\/01\/fituesit-e-turneut-europian-ne-tennis-%e2%80%9dcungu-open-2011%e2%80%9d-ulqin\/#webpage","url":"https:\/\/www.visit-ulcinj.com\/blog\/2011\/09\/01\/fituesit-e-turneut-europian-ne-tennis-%e2%80%9dcungu-open-2011%e2%80%9d-ulqin\/","name":"Fituesit e Turneut Europian n\u00eb tennis \u201dCungu Open 2011\u201d Ulqin - Lajme nga Ulqini","isPartOf":{"@id":"https:\/\/www.visit-ulcinj.com\/blog\/#website"},"primaryImageOfPage":{"@id":"https:\/\/www.visit-ulcinj.com\/blog\/2011\/09\/01\/fituesit-e-turneut-europian-ne-tennis-%e2%80%9dcungu-open-2011%e2%80%9d-ulqin\/#primaryimage"},"datePublished":"2011-09-01T16:43:44+00:00","dateModified":"2011-09-01T17:03:47+00:00","author":{"@id":"https:\/\/www.visit-ulcinj.com\/blog\/#\/schema\/person\/dcab619c614d3038751c63bc2aadc06d"},"description":"N\u00eb turneun gjashtditor\u00eb t\u00eb tenisit p\u00ebr grupmosh\u00ebn p\u00ebr junior 14-vje\u00e7are q\u00eb u mbajt fundjav\u00ebn e kaluar n\u00eb n\u00eb terenet e KT \u201cBellevue\u201d n\u00eb Ulqin. Turneu i","breadcrumb":{"@id":"https:\/\/www.visit-ulcinj.com\/blog\/2011\/09\/01\/fituesit-e-turneut-europian-ne-tennis-%e2%80%9dcungu-open-2011%e2%80%9d-ulqin\/#breadcrumb"},"inLanguage":"en-US","potentialAction":[{"@type":"ReadAction","target":["https:\/\/www.visit-ulcinj.com\/blog\/2011\/09\/01\/fituesit-e-turneut-europian-ne-tennis-%e2%80%9dcungu-open-2011%e2%80%9d-ulqin\/"]}]},{"@type":"BreadcrumbList","@id":"https:\/\/www.visit-ulcinj.com\/blog\/2011\/09\/01\/fituesit-e-turneut-europian-ne-tennis-%e2%80%9dcungu-open-2011%e2%80%9d-ulqin\/#breadcrumb","itemListElement":[{"@type":"ListItem","position":1,"name":"Fituesit e Turneut Europian n\u00eb tennis \u201dCungu Open 2011\u201d Ulqin"}]},{"@type":"Person","@id":"https:\/\/www.visit-ulcinj.com\/blog\/#\/schema\/person\/dcab619c614d3038751c63bc2aadc06d","name":"ulqini","sameAs":["http:\/\/www.visit-ulcinj.com"],"url":"https:\/\/www.visit-ulcinj.com\/blog\/author\/admin\/"}]}},"jetpack_featured_media_url":"","jetpack_sharing_enabled":true,"jetpack_shortlink":"https:\/\/wp.me\/pe6lTn-d90","_links":{"self":[{"href":"https:\/\/www.visit-ulcinj.com\/blog\/wp-json\/wp\/v2\/posts\/50530"}],"collection":[{"href":"https:\/\/www.visit-ulcinj.com\/blog\/wp-json\/wp\/v2\/posts"}],"about":[{"href":"https:\/\/www.visit-ulcinj.com\/blog\/wp-json\/wp\/v2\/types\/post"}],"author":[{"embeddable":true,"href":"https:\/\/www.visit-ulcinj.com\/blog\/wp-json\/wp\/v2\/users\/1"}],"replies":[{"embeddable":true,"href":"https:\/\/www.visit-ulcinj.com\/blog\/wp-json\/wp\/v2\/comments?post=50530"}],"version-history":[{"count":4,"href":"https:\/\/www.visit-ulcinj.com\/blog\/wp-json\/wp\/v2\/posts\/50530\/revisions"}],"predecessor-version":[{"id":50537,"href":"https:\/\/www.visit-ulcinj.com\/blog\/wp-json\/wp\/v2\/posts\/50530\/revisions\/50537"}],"wp:attachment":[{"href":"https:\/\/www.visit-ulcinj.com\/blog\/wp-json\/wp\/v2\/media?parent=50530"}],"wp:term":[{"taxonomy":"category","embeddable":true,"href":"https:\/\/www.visit-ulcinj.com\/blog\/wp-json\/wp\/v2\/categories?post=50530"},{"taxonomy":"post_tag","embeddable":true,"href":"https:\/\/www.visit-ulcinj.com\/blog\/wp-json\/wp\/v2\/tags?post=50530"}],"curies":[{"name":"wp","href":"https:\/\/api.w.org\/{rel}","templated":true}]}}