{"id":50540,"date":"2011-09-02T16:39:11","date_gmt":"2011-09-02T15:39:11","guid":{"rendered":"http:\/\/www.visit-ulcinj.com\/blog\/?p=50540"},"modified":"2011-09-02T16:39:11","modified_gmt":"2011-09-02T15:39:11","slug":"skrelja-necu-opstruirati-izbor-mog-naslednika","status":"publish","type":"post","link":"https:\/\/www.visit-ulcinj.com\/blog\/2011\/09\/02\/skrelja-necu-opstruirati-izbor-mog-naslednika\/","title":{"rendered":"\u0160krelja: Ne\u0107u opstruirati izbor mog naslednika"},"content":{"rendered":"<p><a href=\"http:\/\/www.visit-ulcinj.com\/blog\/wp-content\/uploads\/2011\/09\/Luigj-Lui-Shkrela_Ulcinj.jpg\"><img loading=\"lazy\" class=\"alignleft size-full wp-image-50541\" title=\"Luigj Lui Shkrela_Ulcinj\" src=\"http:\/\/www.visit-ulcinj.com\/blog\/wp-content\/uploads\/2011\/09\/Luigj-Lui-Shkrela_Ulcinj.jpg\" alt=\"\" width=\"508\" height=\"380\" \/><\/a>Predsjednik Skup\u0161tine op\u0161tine Ulcinj Lui\u0111 \u0160krelja zakazao je za 22. septembar vanrednu sjednicu lokalnog parlamenta na kojoj \u0107e se birati novi predjednik op\u0161tine i predsjednik skup\u0161tine, nakon \u0161to je rascjepom u DUA vladaju\u0107a koalicija te partije sa DPS i PDP izgubila podr\u0161ku \u010detiri odbornika, a time i skup\u0161tinsku ve\u0107inu. Na konferenciji za novinare sazvanoj povodom saop\u0161tenja Nove demokratske snage Forca, u kojem se \u0160krelja optu\u017euje da ote\u017ee sa zakazivanjem sjednice i gdje se tra\u017ei njegova ostavka, prvi \u010dovjek lokalnog parlamenta negirao je navode u novinskim \u010dlancima da je krajnji rok za sazivanje sjednice SO 9.septembar navode\u0107i da je drugi krug predsjedni\u010dkih izbora odr\u017ean 24.septembra 2006. godine.<br \/>\n&#8211; Predstavnici Force trebaju stru\u010dnu polemiku da vode preko nadle\u017enih institucija, a ne preko novina. Zakon ne propisuje obavezu sazivanja sjednice Skup\u0161tine, nego u cjelini propisuje rokove za izbor odbornika i poslanika, \u0161to zna\u010di da pomenuta tvrdnja nema zakonskog osnova, jer u ovom slu\u010daju se radi o izborima unutar Skup\u0161tine a postupak propisuju Statut i Poslovnik &#8211; kazao je \u0160krelja i podsjetio da \u010dlan 16. stav \u010detiri Zakona o izmjenama i dopunama Zakona o lokalnoj samoupravi \u201ereguli\u0161e uslove koje treba da ispunjavaju kandidati za izbor predsjednika op\u0161tine, a ne rokove za sazivanje sjednice, kako se poku\u0161ava prikazati od strane predstavnika Force&#8221;.<br \/>\n\u0160krelja je naveo da je kao predsjednik Skup\u0161tine prihvatio inicijativu za sazivanje sjednice Skup\u0161tine i ta\u010dke dnevnog reda o razrje\u0161enju i imenovanju predsjednika SO, iako, kako je rekao, &#8220;predlo\u017eena inicijativa nije bila statutarna i poslovni\u010dka tako da primjenom \u010dlana 79, stav tri Poslovnika, rok za sazivanje sjednice po ovim ta\u010dkama je 17.9.2011 godine (30 dana od dana podno\u0161enja)&#8221;.<br \/>\n&#8211; U ovom postupku stoji \u010dinjenica da \u0107e predsjednik Skup\u0161tine postupiti potpuno u skladu sa rokovima koji su propisani Statutom i drugim op\u0161tim aktima i da ne\u0107e izvr\u0161iti nijednu opstrukciju, kako se tvrdi u Forci, \u010dije su saop\u0161tenje prenijele novine &#8211; poru\u010dio je \u0160krelja.<br \/>\nPrema njegovim rije\u010dima poziv za podno\u0161enje ostavke ili postavljanje pitanja povjerenja, pozivom na demokratski kapacitet skup\u0161tinske ve\u0107ine, dolazi u obzir samo kada se skup\u0161tinska ve\u0107ina formira na samoj sjednici.<br \/>\n&#8211; Tek tada postoje razlozi za izglasavanje nepovjerenja. I u ranijim saop\u0161tenjima ova institucija a i predsjednik Skup\u0161tine nikada nisu doveli u sumnju sazivanje sjednice na kojoj \u0107e se birati predsjednik op\u0161tine, jer je u pitanju zakoniti istek mandata i ta obaveza bi\u0107e izvr\u0161ena u zakonskom roku . Taj izbor nije stvar ni manjine ni ve\u0107ine, nego stvar Skup\u0161tine kao institucije lokalne samouprave. Tako\u0111e, ne stoji \u010dinjenica da odugovla\u010denje sazivanja sjednice ide na \u0161tetu ostvarivanja osnovnih funkcija Skup\u0161tine i izvr\u0161ne vlasti, jer kao \u0161to je poznato Skup\u0161tina se nalazi na ljetnjoj pauzi koja je predvi\u0111ena Poslovnikom &#8211; zaklju\u010dio je odlaze\u0107i predsjednik Skup\u0161tine.<\/p>\n<p><strong> <a href=\"http:\/\/www.dan.co.me\/?nivo=3&amp;rubrika=Politika&amp;clanak=295413&amp;najdatum=2011-09-01&amp;datum=2011-09-02\" target=\"_blank\">M.K.<\/a><\/strong><\/p>\n<p><strong> <a href=\"http:\/\/www.visit-ulcinj.com\/blog\/wp-content\/uploads\/2011\/09\/NAZIF-CUNGU_Nova-Demokratska-Snaga_FORCA_ULCINJ.jpg\"><img loading=\"lazy\" class=\"alignleft size-full wp-image-50542\" title=\"NAZIF CUNGU_Nova Demokratska Snaga_FORCA_ULCINJ\" src=\"http:\/\/www.visit-ulcinj.com\/blog\/wp-content\/uploads\/2011\/09\/NAZIF-CUNGU_Nova-Demokratska-Snaga_FORCA_ULCINJ.jpg\" alt=\"\" width=\"330\" height=\"480\" \/><\/a>Cungu: \u0160krelja nas je prevario<\/strong><\/p>\n<p>Predsjednik Nove demokratske snage Forca i kandidat nove skup\u0161tinske ve\u0107ine za mjesto predsjednika op\u0161tine Ulcinj Nazif Cungu kazao je ju\u010de \u201eDanu&#8221; da je vi\u0161e nego iznena\u0111en datumom koji je predsjednik SO Ulcinj Lui\u0111 \u0160krelja odredio za odr\u017eavanje vanredne sjednice.<br \/>\n\u2013 Prije nedjelju dana u kabinetu predsjednika Skup\u0161tine u prisustvu tri slu\u017ebenika skup\u0161tinske slu\u017ebe gospodin \u0160krelja i ja dogovorili smo da se vanredna sjednica odr\u017ei 9.septembra . Odre\u0111en je i termin po\u010detka sjednice u 11 \u010dasova. Nakon toga dobili smo i stru\u010dno mi\u0161ljenje skup\u0161tinske slu\u017ebe u kome se izme\u0111u ostalog navodi da je rok za odr\u017eavanje vanredne sjednice, na kojoj bi se raspravljalo i glasalo o predlozima odluka o razrje\u0161enju predsjednika Skup\u0161tine te izboru novog predsjednika Skup\u0161tine i op\u0161tine, najkasnije do 10. septembra. Dokument je potpisao gospodin \u0160krelja koji je, kako sam obavije\u0161ten, sjednicu sada zakazao za 22. septembar. O\u010digledno se radi o poku\u0161aju opstrukcije kako bi se eventualno u\u0161lo u sivu zonu i onemogu\u0107io izbor predsjednika. Sa\u010deka\u0107emo zvani\u010dno obavje\u0161tenje, a potom \u0107emo se obratiti nadle\u017enim dr\u017eavnim organima od kojih \u0107emo tra\u017eiti stru\u010dno mi\u0161ljenje &#8211; kazao je Cungu.<\/p>\n<p><a href=\"http:\/\/www.dan.co.me\/?nivo=3&amp;rubrika=Politika&amp;clanak=295413&amp;najdatum=2011-09-01&amp;datum=2011-09-02\" target=\"_blank\"><strong>Izvor: DAN<\/strong><\/a><\/p>\n","protected":false},"excerpt":{"rendered":"<p>Predsjednik Skup\u0161tine op\u0161tine Ulcinj Lui\u0111 \u0160krelja zakazao je za 22. septembar vanrednu sjednicu lokalnog parlamenta na kojoj \u0107e se birati novi predjednik op\u0161tine i predsjednik skup\u0161tine, nakon \u0161to je rascjepom u DUA vladaju\u0107a koalicija te partije sa DPS i PDP izgubila podr\u0161ku \u010detiri odbornika, a time i skup\u0161tinsku ve\u0107inu. Na konferenciji za novinare sazvanoj povodom [&hellip;]<\/p>\n","protected":false},"author":1,"featured_media":0,"comment_status":"open","ping_status":"closed","sticky":false,"template":"","format":"standard","meta":{"spay_email":"","jetpack_publicize_message":"","jetpack_is_tweetstorm":false,"jetpack_publicize_feature_enabled":true},"categories":[8337],"tags":[19061,15269,118,19],"jetpack_publicize_connections":[],"yoast_head":"<!-- This site is optimized with the Yoast SEO plugin v19.1 - https:\/\/yoast.com\/wordpress\/plugins\/seo\/ -->\n<title>\u0160krelja: Ne\u0107u opstruirati izbor mog naslednika - Lajme nga Ulqini<\/title>\n<meta name=\"description\" content=\"Predsjednik Skup\u0161tine op\u0161tine Ulcinj Lui\u0111 \u0160krelja zakazao je za 22. septembar vanrednu sjednicu lokalnog parlamenta na kojoj \u0107e se birati novi predjednik\" \/>\n<meta name=\"robots\" content=\"index, follow, max-snippet:-1, max-image-preview:large, max-video-preview:-1\" \/>\n<link rel=\"canonical\" href=\"https:\/\/www.visit-ulcinj.com\/blog\/2011\/09\/02\/skrelja-necu-opstruirati-izbor-mog-naslednika\/\" \/>\n<meta property=\"og:locale\" content=\"en_US\" \/>\n<meta property=\"og:type\" content=\"article\" \/>\n<meta property=\"og:title\" content=\"\u0160krelja: Ne\u0107u opstruirati izbor mog naslednika - Lajme nga Ulqini\" \/>\n<meta property=\"og:description\" content=\"Predsjednik Skup\u0161tine op\u0161tine Ulcinj Lui\u0111 \u0160krelja zakazao je za 22. septembar vanrednu sjednicu lokalnog parlamenta na kojoj \u0107e se birati novi predjednik\" \/>\n<meta property=\"og:url\" content=\"https:\/\/www.visit-ulcinj.com\/blog\/2011\/09\/02\/skrelja-necu-opstruirati-izbor-mog-naslednika\/\" \/>\n<meta property=\"og:site_name\" content=\"Lajme nga Ulqini\" \/>\n<meta property=\"article:published_time\" content=\"2011-09-02T15:39:11+00:00\" \/>\n<meta property=\"og:image\" content=\"http:\/\/www.visit-ulcinj.com\/blog\/wp-content\/uploads\/2011\/09\/Luigj-Lui-Shkrela_Ulcinj.jpg\" \/>\n<meta name=\"twitter:label1\" content=\"Written by\" \/>\n\t<meta name=\"twitter:data1\" content=\"ulqini\" \/>\n\t<meta name=\"twitter:label2\" content=\"Est. reading time\" \/>\n\t<meta name=\"twitter:data2\" content=\"4 minutes\" \/>\n<script type=\"application\/ld+json\" class=\"yoast-schema-graph\">{\"@context\":\"https:\/\/schema.org\",\"@graph\":[{\"@type\":\"WebSite\",\"@id\":\"https:\/\/www.visit-ulcinj.com\/blog\/#website\",\"url\":\"https:\/\/www.visit-ulcinj.com\/blog\/\",\"name\":\"Lajme nga Ulqini\",\"description\":\"Lajme,Vijesti,Ulqini,Ulqin,Crna Gora,Mali i Zi\",\"potentialAction\":[{\"@type\":\"SearchAction\",\"target\":{\"@type\":\"EntryPoint\",\"urlTemplate\":\"https:\/\/www.visit-ulcinj.com\/blog\/?s={search_term_string}\"},\"query-input\":\"required name=search_term_string\"}],\"inLanguage\":\"en-US\"},{\"@type\":\"ImageObject\",\"inLanguage\":\"en-US\",\"@id\":\"https:\/\/www.visit-ulcinj.com\/blog\/2011\/09\/02\/skrelja-necu-opstruirati-izbor-mog-naslednika\/#primaryimage\",\"url\":\"https:\/\/www.visit-ulcinj.com\/blog\/wp-content\/uploads\/2011\/09\/Luigj-Lui-Shkrela_Ulcinj.jpg\",\"contentUrl\":\"https:\/\/www.visit-ulcinj.com\/blog\/wp-content\/uploads\/2011\/09\/Luigj-Lui-Shkrela_Ulcinj.jpg\",\"width\":\"720\",\"height\":\"480\"},{\"@type\":\"WebPage\",\"@id\":\"https:\/\/www.visit-ulcinj.com\/blog\/2011\/09\/02\/skrelja-necu-opstruirati-izbor-mog-naslednika\/#webpage\",\"url\":\"https:\/\/www.visit-ulcinj.com\/blog\/2011\/09\/02\/skrelja-necu-opstruirati-izbor-mog-naslednika\/\",\"name\":\"\u0160krelja: Ne\u0107u opstruirati izbor mog naslednika - Lajme nga Ulqini\",\"isPartOf\":{\"@id\":\"https:\/\/www.visit-ulcinj.com\/blog\/#website\"},\"primaryImageOfPage\":{\"@id\":\"https:\/\/www.visit-ulcinj.com\/blog\/2011\/09\/02\/skrelja-necu-opstruirati-izbor-mog-naslednika\/#primaryimage\"},\"datePublished\":\"2011-09-02T15:39:11+00:00\",\"dateModified\":\"2011-09-02T15:39:11+00:00\",\"author\":{\"@id\":\"https:\/\/www.visit-ulcinj.com\/blog\/#\/schema\/person\/dcab619c614d3038751c63bc2aadc06d\"},\"description\":\"Predsjednik Skup\u0161tine op\u0161tine Ulcinj Lui\u0111 \u0160krelja zakazao je za 22. septembar vanrednu sjednicu lokalnog parlamenta na kojoj \u0107e se birati novi predjednik\",\"breadcrumb\":{\"@id\":\"https:\/\/www.visit-ulcinj.com\/blog\/2011\/09\/02\/skrelja-necu-opstruirati-izbor-mog-naslednika\/#breadcrumb\"},\"inLanguage\":\"en-US\",\"potentialAction\":[{\"@type\":\"ReadAction\",\"target\":[\"https:\/\/www.visit-ulcinj.com\/blog\/2011\/09\/02\/skrelja-necu-opstruirati-izbor-mog-naslednika\/\"]}]},{\"@type\":\"BreadcrumbList\",\"@id\":\"https:\/\/www.visit-ulcinj.com\/blog\/2011\/09\/02\/skrelja-necu-opstruirati-izbor-mog-naslednika\/#breadcrumb\",\"itemListElement\":[{\"@type\":\"ListItem\",\"position\":1,\"name\":\"\u0160krelja: Ne\u0107u opstruirati izbor mog naslednika\"}]},{\"@type\":\"Person\",\"@id\":\"https:\/\/www.visit-ulcinj.com\/blog\/#\/schema\/person\/dcab619c614d3038751c63bc2aadc06d\",\"name\":\"ulqini\",\"sameAs\":[\"http:\/\/www.visit-ulcinj.com\"],\"url\":\"https:\/\/www.visit-ulcinj.com\/blog\/author\/admin\/\"}]}<\/script>\n<!-- \/ Yoast SEO plugin. -->","yoast_head_json":{"title":"\u0160krelja: Ne\u0107u opstruirati izbor mog naslednika - Lajme nga Ulqini","description":"Predsjednik Skup\u0161tine op\u0161tine Ulcinj Lui\u0111 \u0160krelja zakazao je za 22. septembar vanrednu sjednicu lokalnog parlamenta na kojoj \u0107e se birati novi predjednik","robots":{"index":"index","follow":"follow","max-snippet":"max-snippet:-1","max-image-preview":"max-image-preview:large","max-video-preview":"max-video-preview:-1"},"canonical":"https:\/\/www.visit-ulcinj.com\/blog\/2011\/09\/02\/skrelja-necu-opstruirati-izbor-mog-naslednika\/","og_locale":"en_US","og_type":"article","og_title":"\u0160krelja: Ne\u0107u opstruirati izbor mog naslednika - Lajme nga Ulqini","og_description":"Predsjednik Skup\u0161tine op\u0161tine Ulcinj Lui\u0111 \u0160krelja zakazao je za 22. septembar vanrednu sjednicu lokalnog parlamenta na kojoj \u0107e se birati novi predjednik","og_url":"https:\/\/www.visit-ulcinj.com\/blog\/2011\/09\/02\/skrelja-necu-opstruirati-izbor-mog-naslednika\/","og_site_name":"Lajme nga Ulqini","article_published_time":"2011-09-02T15:39:11+00:00","og_image":[{"url":"http:\/\/www.visit-ulcinj.com\/blog\/wp-content\/uploads\/2011\/09\/Luigj-Lui-Shkrela_Ulcinj.jpg"}],"twitter_misc":{"Written by":"ulqini","Est. reading time":"4 minutes"},"schema":{"@context":"https:\/\/schema.org","@graph":[{"@type":"WebSite","@id":"https:\/\/www.visit-ulcinj.com\/blog\/#website","url":"https:\/\/www.visit-ulcinj.com\/blog\/","name":"Lajme nga Ulqini","description":"Lajme,Vijesti,Ulqini,Ulqin,Crna Gora,Mali i Zi","potentialAction":[{"@type":"SearchAction","target":{"@type":"EntryPoint","urlTemplate":"https:\/\/www.visit-ulcinj.com\/blog\/?s={search_term_string}"},"query-input":"required name=search_term_string"}],"inLanguage":"en-US"},{"@type":"ImageObject","inLanguage":"en-US","@id":"https:\/\/www.visit-ulcinj.com\/blog\/2011\/09\/02\/skrelja-necu-opstruirati-izbor-mog-naslednika\/#primaryimage","url":"https:\/\/www.visit-ulcinj.com\/blog\/wp-content\/uploads\/2011\/09\/Luigj-Lui-Shkrela_Ulcinj.jpg","contentUrl":"https:\/\/www.visit-ulcinj.com\/blog\/wp-content\/uploads\/2011\/09\/Luigj-Lui-Shkrela_Ulcinj.jpg","width":"720","height":"480"},{"@type":"WebPage","@id":"https:\/\/www.visit-ulcinj.com\/blog\/2011\/09\/02\/skrelja-necu-opstruirati-izbor-mog-naslednika\/#webpage","url":"https:\/\/www.visit-ulcinj.com\/blog\/2011\/09\/02\/skrelja-necu-opstruirati-izbor-mog-naslednika\/","name":"\u0160krelja: Ne\u0107u opstruirati izbor mog naslednika - Lajme nga Ulqini","isPartOf":{"@id":"https:\/\/www.visit-ulcinj.com\/blog\/#website"},"primaryImageOfPage":{"@id":"https:\/\/www.visit-ulcinj.com\/blog\/2011\/09\/02\/skrelja-necu-opstruirati-izbor-mog-naslednika\/#primaryimage"},"datePublished":"2011-09-02T15:39:11+00:00","dateModified":"2011-09-02T15:39:11+00:00","author":{"@id":"https:\/\/www.visit-ulcinj.com\/blog\/#\/schema\/person\/dcab619c614d3038751c63bc2aadc06d"},"description":"Predsjednik Skup\u0161tine op\u0161tine Ulcinj Lui\u0111 \u0160krelja zakazao je za 22. septembar vanrednu sjednicu lokalnog parlamenta na kojoj \u0107e se birati novi predjednik","breadcrumb":{"@id":"https:\/\/www.visit-ulcinj.com\/blog\/2011\/09\/02\/skrelja-necu-opstruirati-izbor-mog-naslednika\/#breadcrumb"},"inLanguage":"en-US","potentialAction":[{"@type":"ReadAction","target":["https:\/\/www.visit-ulcinj.com\/blog\/2011\/09\/02\/skrelja-necu-opstruirati-izbor-mog-naslednika\/"]}]},{"@type":"BreadcrumbList","@id":"https:\/\/www.visit-ulcinj.com\/blog\/2011\/09\/02\/skrelja-necu-opstruirati-izbor-mog-naslednika\/#breadcrumb","itemListElement":[{"@type":"ListItem","position":1,"name":"\u0160krelja: Ne\u0107u opstruirati izbor mog naslednika"}]},{"@type":"Person","@id":"https:\/\/www.visit-ulcinj.com\/blog\/#\/schema\/person\/dcab619c614d3038751c63bc2aadc06d","name":"ulqini","sameAs":["http:\/\/www.visit-ulcinj.com"],"url":"https:\/\/www.visit-ulcinj.com\/blog\/author\/admin\/"}]}},"jetpack_featured_media_url":"","jetpack_sharing_enabled":true,"jetpack_shortlink":"https:\/\/wp.me\/pe6lTn-d9a","_links":{"self":[{"href":"https:\/\/www.visit-ulcinj.com\/blog\/wp-json\/wp\/v2\/posts\/50540"}],"collection":[{"href":"https:\/\/www.visit-ulcinj.com\/blog\/wp-json\/wp\/v2\/posts"}],"about":[{"href":"https:\/\/www.visit-ulcinj.com\/blog\/wp-json\/wp\/v2\/types\/post"}],"author":[{"embeddable":true,"href":"https:\/\/www.visit-ulcinj.com\/blog\/wp-json\/wp\/v2\/users\/1"}],"replies":[{"embeddable":true,"href":"https:\/\/www.visit-ulcinj.com\/blog\/wp-json\/wp\/v2\/comments?post=50540"}],"version-history":[{"count":1,"href":"https:\/\/www.visit-ulcinj.com\/blog\/wp-json\/wp\/v2\/posts\/50540\/revisions"}],"predecessor-version":[{"id":50543,"href":"https:\/\/www.visit-ulcinj.com\/blog\/wp-json\/wp\/v2\/posts\/50540\/revisions\/50543"}],"wp:attachment":[{"href":"https:\/\/www.visit-ulcinj.com\/blog\/wp-json\/wp\/v2\/media?parent=50540"}],"wp:term":[{"taxonomy":"category","embeddable":true,"href":"https:\/\/www.visit-ulcinj.com\/blog\/wp-json\/wp\/v2\/categories?post=50540"},{"taxonomy":"post_tag","embeddable":true,"href":"https:\/\/www.visit-ulcinj.com\/blog\/wp-json\/wp\/v2\/tags?post=50540"}],"curies":[{"name":"wp","href":"https:\/\/api.w.org\/{rel}","templated":true}]}}