{"id":50562,"date":"2011-09-03T18:16:58","date_gmt":"2011-09-03T17:16:58","guid":{"rendered":"http:\/\/www.visit-ulcinj.com\/blog\/?p=50562"},"modified":"2011-09-03T18:25:36","modified_gmt":"2011-09-03T17:25:36","slug":"nakon-dva-propala-pokusaja-novi-tender-za-veliku-plazu-i-adu-bojanu","status":"publish","type":"post","link":"https:\/\/www.visit-ulcinj.com\/blog\/2011\/09\/03\/nakon-dva-propala-pokusaja-novi-tender-za-veliku-plazu-i-adu-bojanu\/","title":{"rendered":"Nakon dva propala poku\u0161aja, novi tender za Veliku pla\u017eu i Adu Bojanu"},"content":{"rendered":"<p><a href=\"http:\/\/www.visit-ulcinj.com\/blog\/wp-content\/uploads\/2011\/09\/Tender-za-Veliku-plazu-i-Adu-Bojanu.jpg\"><img loading=\"lazy\" class=\"alignleft size-full wp-image-50563\" title=\"Tender za Veliku plazu i Adu Bojanu\" src=\"http:\/\/www.visit-ulcinj.com\/blog\/wp-content\/uploads\/2011\/09\/Tender-za-Veliku-plazu-i-Adu-Bojanu.jpg\" alt=\"\" width=\"508\" height=\"380\" \/><\/a>Gradnja kompleksa na Velikoj pla\u017ei i Adi Bojani podrazumijevaju modernizaciju i pro\u0161irenje postoje\u0107e infrastrukture, kao i prate\u0107ih sadr\u017eaja.<br \/>\nJavni poziv za turisti\u010dku valorizaciju ulcinjske Velike pla\u017ee i ostrva Ada Bojana bi\u0107e objavljen nakon \u0161to se defini\u0161e model realizacije tih projekata i pripremi tenderska dokumentacija, saop\u0161teno je iz Ministarstva odr\u017eivog razvoja i turizma.<\/p>\n<p>Oni su agenciji Mina-business kazali da model realizacije projekata treba da odobri nova tenderska komisija, koja \u0107e biti formirana u narednom periodu.<\/p>\n<p>Iz Ministarstva su naveli i da je projekte Velika pla\u017ea i Ada Bojana mogu\u0107e, izme\u0111u ostalog, realizovati kroz dugoro\u010dni zakup dr\u017eavnog zemlji\u0161ta, koje bi bilo dato u zakup na najvi\u0161e 90 godina sa mogu\u0107no\u0161\u0107u produ\u017eenja.<\/p>\n<p>&#8220;Raspolo\u017eivost zemlji\u0161ta u privatnom vlasni\u0161tvu \u0107e, naravno, zavisiti od aran\u017emana sklopljenih izme\u0111u privatnih vlasnika, investitora i projektne kompanije, uz pomo\u0107 Vlade\u201d, objasnili su iz Ministarstva.<br \/>\n<a href=\"http:\/\/www.visit-ulcinj.com\/blog\/wp-content\/uploads\/2011\/09\/ADA-BOJANA-TENDER.jpg\"><img loading=\"lazy\" class=\"alignleft size-large wp-image-50564\" title=\"ADA BOJANA TENDER\" src=\"http:\/\/www.visit-ulcinj.com\/blog\/wp-content\/uploads\/2011\/09\/ADA-BOJANA-TENDER-1024x498.jpg\" alt=\"\" width=\"508\" height=\"340\" \/><\/a><\/p>\n<p><strong>Prethodni tenderi poni\u0161teni jer nije bilo ponuda u predvi\u0111enom roku<\/strong><\/p>\n<p>Prethodni tenderi za pokazivanje interesovanja za turisti\u010dku valorizaciju Velike pla\u017ee i Ade Bojana poni\u0161teni su u oktobru 2009. godine, nakon \u0161to u predvi\u0111enom roku nije dostavljena nijedna ponuda.<\/p>\n<p>Poziv za prijavljivanje interesovanja za razvoj kompleksa i dugoro\u010dni zakup Velike pla\u017ee raspisan je krajem marta 2009. godine, a istog dana je objavljen i oglas za zakup Ade Bojana, na 90 godina, sa obavezom izgradnje i upravljanja ekskluzivnim turisti\u010dkim kompleksom.<\/p>\n<p>Rokovi za prijavu u\u010de\u0161\u0107a na tenderima produ\u017eavani su dva puta, a pravo u\u010de\u0161\u0107a su imale kompanije ili konzorcijumi koji otkupe tendersku dokumentaciju, potpi\u0161u izjavu o povjerljivosti i dostave milion eura vrijednu garanciju, u obliku bezuslovne bankarske garancije naplative na prvi poziv i izdate od renomirane me\u0111unarodne banke, ili u obliku depozita.<\/p>\n<p>Iz Ministarstva odr\u017eivog razvoja i turizma kazali su da su analiza tr\u017ei\u0161ta, ekonomski i lokalni uslovi, iskustva prethodnih tendera, kao i ciljevi projekta Velika pla\u017ea doveli do inicijalnog zaklju\u010dka da bi njegova realizacija kroz eventualno manje cjeline, uz fokus na srednji-vi\u0161i dio tr\u017ei\u0161ta, sa uravnote\u017eenom kombinacijom turisti\u010dkih i rezidencijalnih komponentni, imao najve\u0107i potencijal da privu\u010de investitore.<\/p>\n<p>\u201cNaravno, Vlada \u0107e, prije objavljivanja tendera, intenzivno raditi na pitanjima upravljanja projektom, definisanja objedinjenog programa i infrastrukture, a\u017euriranja postoje\u0107e planske dokumentacije i definisanja programa stimulativnih mjera i kriterijuma za izbor\u201d, saop\u0161tili su iz Ministarstva.<br \/>\n<a href=\"http:\/\/www.visit-ulcinj.com\/blog\/wp-content\/uploads\/2011\/09\/ADA-BOJANA-TENDER.1.jpg\"><img loading=\"lazy\" class=\"alignleft size-large wp-image-50567\" title=\"ADA BOJANA TENDER.1\" src=\"http:\/\/www.visit-ulcinj.com\/blog\/wp-content\/uploads\/2011\/09\/ADA-BOJANA-TENDER.1-1024x277.jpg\" alt=\"\" width=\"508\" height=\"277\" \/><\/a><\/p>\n<p>Oni su podsjetili da gradnja kompleksa na Velikoj pla\u017ei i Adi Bojani podrazumijevaju modernizaciju i pro\u0161irenje postoje\u0107e infrastrukture, kao i prate\u0107ih sadr\u017eaja. Tu se, kako su dodali, prije svega misli na unaprije\u0111ivanje sistema za snabdijevanje elektri\u010dnom energijom, vodosnabdijevanje, tretman \u010dvrstog otpada, upravljanje otpadnim vodama, sistem javne rasvjete, izgradnju novih drumskih i morskih puteva i mostova, \u0161to je od neprocjenjive va\u017enosti za pobolj\u0161anje kvaliteta \u017eivota stanovni\u0161tva.<\/p>\n<p>&#8220;Izgradnjom objekata za pru\u017eanje rezidencijalnih, obrazovnih, zdravstvenih i drugih potrebnih usluga posjetiocima kompleksa i stanovnicima Op\u0161tine, otvaraju se nova radna mjesta, \u010dime bi se pove\u0107ao \u017eivotni standard gra\u0111ana na odr\u017eiv i dugoro\u010dan na\u010din\u201d, naveli su iz Ministarstva.<\/p>\n<p>Oni su kazali i da bi se, u cilju kvalitetnijeg i profesionalnijeg vo\u0111enja i upravljanja kompleksom, stanovni\u0161tvu pru\u017eila prilika za sticanjem \u0161ireg obrazovanja, posebno iz oblasti menad\u017ementa, turizma, ugostiteljstva i stranih jezika.<\/p>\n<p>U Ministarstvu o\u010dekuju i da \u0107e projekat ubrzati ulaganja u infrastrukturu, podsta\u0107i dalji razvoj ugostiteljstva, trgovine i obrazovanja, animirati stru\u010dnjake iz dijaspore i kroz porast zaposlenosti zna\u010dajno pove\u0107ati \u017eivotni standard, ne samo lokalnog stanovni\u0161tva ve\u0107 gra\u0111ana cijele Crne Gore.<\/p>\n<p><strong><a href=\"http:\/\/www.vijesti.me\/vijesti\/nakon-dva-propala-pokusaja-novi-tender-veliku-plazu-adu-bojanu-clanak-36251\" target=\"_blank\">Izvor: Mina bussines \/ Vijesti<\/a><\/strong><\/p>\n<p><!--YouTube Error: bad URL entered--><strong><\/strong><\/p>\n","protected":false},"excerpt":{"rendered":"<p>Gradnja kompleksa na Velikoj pla\u017ei i Adi Bojani podrazumijevaju modernizaciju i pro\u0161irenje postoje\u0107e infrastrukture, kao i prate\u0107ih sadr\u017eaja. Javni poziv za turisti\u010dku valorizaciju ulcinjske Velike pla\u017ee i ostrva Ada Bojana bi\u0107e objavljen nakon \u0161to se defini\u0161e model realizacije tih projekata i pripremi tenderska dokumentacija, saop\u0161teno je iz Ministarstva odr\u017eivog razvoja i turizma. Oni su agenciji [&hellip;]<\/p>\n","protected":false},"author":1,"featured_media":0,"comment_status":"open","ping_status":"closed","sticky":false,"template":"","format":"standard","meta":{"spay_email":"","jetpack_publicize_message":"","jetpack_is_tweetstorm":false,"jetpack_publicize_feature_enabled":true},"categories":[15],"tags":[20,19064,19],"jetpack_publicize_connections":[],"yoast_head":"<!-- This site is optimized with the Yoast SEO plugin v19.1 - https:\/\/yoast.com\/wordpress\/plugins\/seo\/ -->\n<title>Nakon dva propala poku\u0161aja, novi tender za Veliku pla\u017eu i Adu Bojanu - Lajme nga Ulqini<\/title>\n<meta name=\"description\" content=\"Gradnja kompleksa na Velikoj pla\u017ei i Adi Bojani podrazumijevaju modernizaciju i pro\u0161irenje postoje\u0107e infrastrukture, kao i prate\u0107ih sadr\u017eaja. Javni poziv\" \/>\n<meta name=\"robots\" content=\"index, follow, max-snippet:-1, max-image-preview:large, max-video-preview:-1\" \/>\n<link rel=\"canonical\" href=\"https:\/\/www.visit-ulcinj.com\/blog\/2011\/09\/03\/nakon-dva-propala-pokusaja-novi-tender-za-veliku-plazu-i-adu-bojanu\/\" \/>\n<meta property=\"og:locale\" content=\"en_US\" \/>\n<meta property=\"og:type\" content=\"article\" \/>\n<meta property=\"og:title\" content=\"Nakon dva propala poku\u0161aja, novi tender za Veliku pla\u017eu i Adu Bojanu - Lajme nga Ulqini\" \/>\n<meta property=\"og:description\" content=\"Gradnja kompleksa na Velikoj pla\u017ei i Adi Bojani podrazumijevaju modernizaciju i pro\u0161irenje postoje\u0107e infrastrukture, kao i prate\u0107ih sadr\u017eaja. Javni poziv\" \/>\n<meta property=\"og:url\" content=\"https:\/\/www.visit-ulcinj.com\/blog\/2011\/09\/03\/nakon-dva-propala-pokusaja-novi-tender-za-veliku-plazu-i-adu-bojanu\/\" \/>\n<meta property=\"og:site_name\" content=\"Lajme nga Ulqini\" \/>\n<meta property=\"article:published_time\" content=\"2011-09-03T17:16:58+00:00\" \/>\n<meta property=\"article:modified_time\" content=\"2011-09-03T17:25:36+00:00\" \/>\n<meta property=\"og:image\" content=\"http:\/\/www.visit-ulcinj.com\/blog\/wp-content\/uploads\/2011\/09\/Tender-za-Veliku-plazu-i-Adu-Bojanu.jpg\" \/>\n<meta name=\"twitter:label1\" content=\"Written by\" \/>\n\t<meta name=\"twitter:data1\" content=\"ulqini\" \/>\n\t<meta name=\"twitter:label2\" content=\"Est. reading time\" \/>\n\t<meta name=\"twitter:data2\" content=\"3 minutes\" \/>\n<script type=\"application\/ld+json\" class=\"yoast-schema-graph\">{\"@context\":\"https:\/\/schema.org\",\"@graph\":[{\"@type\":\"WebSite\",\"@id\":\"https:\/\/www.visit-ulcinj.com\/blog\/#website\",\"url\":\"https:\/\/www.visit-ulcinj.com\/blog\/\",\"name\":\"Lajme nga Ulqini\",\"description\":\"Lajme,Vijesti,Ulqini,Ulqin,Crna Gora,Mali i Zi\",\"potentialAction\":[{\"@type\":\"SearchAction\",\"target\":{\"@type\":\"EntryPoint\",\"urlTemplate\":\"https:\/\/www.visit-ulcinj.com\/blog\/?s={search_term_string}\"},\"query-input\":\"required name=search_term_string\"}],\"inLanguage\":\"en-US\"},{\"@type\":\"ImageObject\",\"inLanguage\":\"en-US\",\"@id\":\"https:\/\/www.visit-ulcinj.com\/blog\/2011\/09\/03\/nakon-dva-propala-pokusaja-novi-tender-za-veliku-plazu-i-adu-bojanu\/#primaryimage\",\"url\":\"https:\/\/www.visit-ulcinj.com\/blog\/wp-content\/uploads\/2011\/09\/Tender-za-Veliku-plazu-i-Adu-Bojanu.jpg\",\"contentUrl\":\"https:\/\/www.visit-ulcinj.com\/blog\/wp-content\/uploads\/2011\/09\/Tender-za-Veliku-plazu-i-Adu-Bojanu.jpg\",\"width\":\"789\",\"height\":\"587\"},{\"@type\":\"WebPage\",\"@id\":\"https:\/\/www.visit-ulcinj.com\/blog\/2011\/09\/03\/nakon-dva-propala-pokusaja-novi-tender-za-veliku-plazu-i-adu-bojanu\/#webpage\",\"url\":\"https:\/\/www.visit-ulcinj.com\/blog\/2011\/09\/03\/nakon-dva-propala-pokusaja-novi-tender-za-veliku-plazu-i-adu-bojanu\/\",\"name\":\"Nakon dva propala poku\u0161aja, novi tender za Veliku pla\u017eu i Adu Bojanu - Lajme nga Ulqini\",\"isPartOf\":{\"@id\":\"https:\/\/www.visit-ulcinj.com\/blog\/#website\"},\"primaryImageOfPage\":{\"@id\":\"https:\/\/www.visit-ulcinj.com\/blog\/2011\/09\/03\/nakon-dva-propala-pokusaja-novi-tender-za-veliku-plazu-i-adu-bojanu\/#primaryimage\"},\"datePublished\":\"2011-09-03T17:16:58+00:00\",\"dateModified\":\"2011-09-03T17:25:36+00:00\",\"author\":{\"@id\":\"https:\/\/www.visit-ulcinj.com\/blog\/#\/schema\/person\/dcab619c614d3038751c63bc2aadc06d\"},\"description\":\"Gradnja kompleksa na Velikoj pla\u017ei i Adi Bojani podrazumijevaju modernizaciju i pro\u0161irenje postoje\u0107e infrastrukture, kao i prate\u0107ih sadr\u017eaja. Javni poziv\",\"breadcrumb\":{\"@id\":\"https:\/\/www.visit-ulcinj.com\/blog\/2011\/09\/03\/nakon-dva-propala-pokusaja-novi-tender-za-veliku-plazu-i-adu-bojanu\/#breadcrumb\"},\"inLanguage\":\"en-US\",\"potentialAction\":[{\"@type\":\"ReadAction\",\"target\":[\"https:\/\/www.visit-ulcinj.com\/blog\/2011\/09\/03\/nakon-dva-propala-pokusaja-novi-tender-za-veliku-plazu-i-adu-bojanu\/\"]}]},{\"@type\":\"BreadcrumbList\",\"@id\":\"https:\/\/www.visit-ulcinj.com\/blog\/2011\/09\/03\/nakon-dva-propala-pokusaja-novi-tender-za-veliku-plazu-i-adu-bojanu\/#breadcrumb\",\"itemListElement\":[{\"@type\":\"ListItem\",\"position\":1,\"name\":\"Nakon dva propala poku\u0161aja, novi tender za Veliku pla\u017eu i Adu Bojanu\"}]},{\"@type\":\"Person\",\"@id\":\"https:\/\/www.visit-ulcinj.com\/blog\/#\/schema\/person\/dcab619c614d3038751c63bc2aadc06d\",\"name\":\"ulqini\",\"sameAs\":[\"http:\/\/www.visit-ulcinj.com\"],\"url\":\"https:\/\/www.visit-ulcinj.com\/blog\/author\/admin\/\"}]}<\/script>\n<!-- \/ Yoast SEO plugin. -->","yoast_head_json":{"title":"Nakon dva propala poku\u0161aja, novi tender za Veliku pla\u017eu i Adu Bojanu - Lajme nga Ulqini","description":"Gradnja kompleksa na Velikoj pla\u017ei i Adi Bojani podrazumijevaju modernizaciju i pro\u0161irenje postoje\u0107e infrastrukture, kao i prate\u0107ih sadr\u017eaja. Javni poziv","robots":{"index":"index","follow":"follow","max-snippet":"max-snippet:-1","max-image-preview":"max-image-preview:large","max-video-preview":"max-video-preview:-1"},"canonical":"https:\/\/www.visit-ulcinj.com\/blog\/2011\/09\/03\/nakon-dva-propala-pokusaja-novi-tender-za-veliku-plazu-i-adu-bojanu\/","og_locale":"en_US","og_type":"article","og_title":"Nakon dva propala poku\u0161aja, novi tender za Veliku pla\u017eu i Adu Bojanu - Lajme nga Ulqini","og_description":"Gradnja kompleksa na Velikoj pla\u017ei i Adi Bojani podrazumijevaju modernizaciju i pro\u0161irenje postoje\u0107e infrastrukture, kao i prate\u0107ih sadr\u017eaja. Javni poziv","og_url":"https:\/\/www.visit-ulcinj.com\/blog\/2011\/09\/03\/nakon-dva-propala-pokusaja-novi-tender-za-veliku-plazu-i-adu-bojanu\/","og_site_name":"Lajme nga Ulqini","article_published_time":"2011-09-03T17:16:58+00:00","article_modified_time":"2011-09-03T17:25:36+00:00","og_image":[{"url":"http:\/\/www.visit-ulcinj.com\/blog\/wp-content\/uploads\/2011\/09\/Tender-za-Veliku-plazu-i-Adu-Bojanu.jpg"}],"twitter_misc":{"Written by":"ulqini","Est. reading time":"3 minutes"},"schema":{"@context":"https:\/\/schema.org","@graph":[{"@type":"WebSite","@id":"https:\/\/www.visit-ulcinj.com\/blog\/#website","url":"https:\/\/www.visit-ulcinj.com\/blog\/","name":"Lajme nga Ulqini","description":"Lajme,Vijesti,Ulqini,Ulqin,Crna Gora,Mali i Zi","potentialAction":[{"@type":"SearchAction","target":{"@type":"EntryPoint","urlTemplate":"https:\/\/www.visit-ulcinj.com\/blog\/?s={search_term_string}"},"query-input":"required name=search_term_string"}],"inLanguage":"en-US"},{"@type":"ImageObject","inLanguage":"en-US","@id":"https:\/\/www.visit-ulcinj.com\/blog\/2011\/09\/03\/nakon-dva-propala-pokusaja-novi-tender-za-veliku-plazu-i-adu-bojanu\/#primaryimage","url":"https:\/\/www.visit-ulcinj.com\/blog\/wp-content\/uploads\/2011\/09\/Tender-za-Veliku-plazu-i-Adu-Bojanu.jpg","contentUrl":"https:\/\/www.visit-ulcinj.com\/blog\/wp-content\/uploads\/2011\/09\/Tender-za-Veliku-plazu-i-Adu-Bojanu.jpg","width":"789","height":"587"},{"@type":"WebPage","@id":"https:\/\/www.visit-ulcinj.com\/blog\/2011\/09\/03\/nakon-dva-propala-pokusaja-novi-tender-za-veliku-plazu-i-adu-bojanu\/#webpage","url":"https:\/\/www.visit-ulcinj.com\/blog\/2011\/09\/03\/nakon-dva-propala-pokusaja-novi-tender-za-veliku-plazu-i-adu-bojanu\/","name":"Nakon dva propala poku\u0161aja, novi tender za Veliku pla\u017eu i Adu Bojanu - Lajme nga Ulqini","isPartOf":{"@id":"https:\/\/www.visit-ulcinj.com\/blog\/#website"},"primaryImageOfPage":{"@id":"https:\/\/www.visit-ulcinj.com\/blog\/2011\/09\/03\/nakon-dva-propala-pokusaja-novi-tender-za-veliku-plazu-i-adu-bojanu\/#primaryimage"},"datePublished":"2011-09-03T17:16:58+00:00","dateModified":"2011-09-03T17:25:36+00:00","author":{"@id":"https:\/\/www.visit-ulcinj.com\/blog\/#\/schema\/person\/dcab619c614d3038751c63bc2aadc06d"},"description":"Gradnja kompleksa na Velikoj pla\u017ei i Adi Bojani podrazumijevaju modernizaciju i pro\u0161irenje postoje\u0107e infrastrukture, kao i prate\u0107ih sadr\u017eaja. Javni poziv","breadcrumb":{"@id":"https:\/\/www.visit-ulcinj.com\/blog\/2011\/09\/03\/nakon-dva-propala-pokusaja-novi-tender-za-veliku-plazu-i-adu-bojanu\/#breadcrumb"},"inLanguage":"en-US","potentialAction":[{"@type":"ReadAction","target":["https:\/\/www.visit-ulcinj.com\/blog\/2011\/09\/03\/nakon-dva-propala-pokusaja-novi-tender-za-veliku-plazu-i-adu-bojanu\/"]}]},{"@type":"BreadcrumbList","@id":"https:\/\/www.visit-ulcinj.com\/blog\/2011\/09\/03\/nakon-dva-propala-pokusaja-novi-tender-za-veliku-plazu-i-adu-bojanu\/#breadcrumb","itemListElement":[{"@type":"ListItem","position":1,"name":"Nakon dva propala poku\u0161aja, novi tender za Veliku pla\u017eu i Adu Bojanu"}]},{"@type":"Person","@id":"https:\/\/www.visit-ulcinj.com\/blog\/#\/schema\/person\/dcab619c614d3038751c63bc2aadc06d","name":"ulqini","sameAs":["http:\/\/www.visit-ulcinj.com"],"url":"https:\/\/www.visit-ulcinj.com\/blog\/author\/admin\/"}]}},"jetpack_featured_media_url":"","jetpack_sharing_enabled":true,"jetpack_shortlink":"https:\/\/wp.me\/pe6lTn-d9w","_links":{"self":[{"href":"https:\/\/www.visit-ulcinj.com\/blog\/wp-json\/wp\/v2\/posts\/50562"}],"collection":[{"href":"https:\/\/www.visit-ulcinj.com\/blog\/wp-json\/wp\/v2\/posts"}],"about":[{"href":"https:\/\/www.visit-ulcinj.com\/blog\/wp-json\/wp\/v2\/types\/post"}],"author":[{"embeddable":true,"href":"https:\/\/www.visit-ulcinj.com\/blog\/wp-json\/wp\/v2\/users\/1"}],"replies":[{"embeddable":true,"href":"https:\/\/www.visit-ulcinj.com\/blog\/wp-json\/wp\/v2\/comments?post=50562"}],"version-history":[{"count":4,"href":"https:\/\/www.visit-ulcinj.com\/blog\/wp-json\/wp\/v2\/posts\/50562\/revisions"}],"predecessor-version":[{"id":50566,"href":"https:\/\/www.visit-ulcinj.com\/blog\/wp-json\/wp\/v2\/posts\/50562\/revisions\/50566"}],"wp:attachment":[{"href":"https:\/\/www.visit-ulcinj.com\/blog\/wp-json\/wp\/v2\/media?parent=50562"}],"wp:term":[{"taxonomy":"category","embeddable":true,"href":"https:\/\/www.visit-ulcinj.com\/blog\/wp-json\/wp\/v2\/categories?post=50562"},{"taxonomy":"post_tag","embeddable":true,"href":"https:\/\/www.visit-ulcinj.com\/blog\/wp-json\/wp\/v2\/tags?post=50562"}],"curies":[{"name":"wp","href":"https:\/\/api.w.org\/{rel}","templated":true}]}}