{"id":50573,"date":"2011-09-03T19:59:35","date_gmt":"2011-09-03T18:59:35","guid":{"rendered":"http:\/\/www.visit-ulcinj.com\/blog\/?p=50573"},"modified":"2011-09-09T21:05:23","modified_gmt":"2011-09-09T20:05:23","slug":"per-shumicen-e-re-ne-kuvendin-e-komunes-se-ulqinit-shprehen-lideret-politik-video","status":"publish","type":"post","link":"https:\/\/www.visit-ulcinj.com\/blog\/2011\/09\/03\/per-shumicen-e-re-ne-kuvendin-e-komunes-se-ulqinit-shprehen-lideret-politik-video\/","title":{"rendered":"Per Shumicen e re ne Kuvendin e Komunes se Ulqinit shprehen lider\u00ebt politik &#8211; Video"},"content":{"rendered":"<p><strong><\/strong><strong><a href=\"http:\/\/www.visit-ulcinj.com\/blog\/wp-content\/uploads\/2011\/09\/Shumica-e-re-ne-Kuvendin-e-Komunes-se-Ulqinit_Nazif-CunguFatmir-GjekaSkender-ElezagaAmir-HolliKoalicioni-ne-Ulqin.jpg\"><img loading=\"lazy\" class=\"alignleft size-full wp-image-50575\" title=\"Shumica-e-re-ne-Kuvendin-e-Komunes-se-Ulqinit_Nazif-CunguFatmir-GjekaSkender-ElezagaAmir-HolliKoalicioni-ne-Ulqin\" src=\"http:\/\/www.visit-ulcinj.com\/blog\/wp-content\/uploads\/2011\/09\/Shumica-e-re-ne-Kuvendin-e-Komunes-se-Ulqinit_Nazif-CunguFatmir-GjekaSkender-ElezagaAmir-HolliKoalicioni-ne-Ulqin.jpg\" alt=\"\" width=\"508\" height=\"380\" \/><\/a>Partia Forca n\u00eb Ulqin ka prezantuar shumic\u00ebn e re t\u00eb Kuvendit t\u00eb Komun\u00ebs s\u00eb Ulqinit, e cila i \u00ebsht\u00eb dor\u00ebzuar sh\u00ebrbimit t\u00eb Kuvendit me iniciativ\u00ebn p\u00ebr shkarkimin e kryetarit t\u00eb Kuvendit, propozimi i kryetarit t\u00eb ri t\u00eb Kuvendit dhe iniciativa p\u00ebr shkarkimin e G\u00ebzim Hajdinag\u00ebs nga posti kryetarit te Komun\u00ebs se Ulqinit.<\/strong><br \/>\n<strong><a href=\"http:\/\/www.visit-ulcinj.com\/blog\/wp-content\/uploads\/2011\/09\/Shumica-e-re-ne-Kuvendin-e-Komunes-se-Ulqinit_Nazif-CunguFatmir-GjekaSkender-ElezagaAmir-HolliKoalicioni-ne-Ulqin.jpg\"><br \/>\n<\/a>Per Shumicen e re ne Kuvendin e Komunes se Ulqinit shprehen lider\u00ebt politik:<\/strong><br \/>\n<a href=\"http:\/\/www.visit-ulcinj.com\/blog\/wp-content\/uploads\/2011\/09\/Luigj-Lui-Shkrela_Ulcinj1.jpg\"><img loading=\"lazy\" class=\"alignleft size-full wp-image-50579\" title=\"Luigj Lui Shkrela_Ulqin\" src=\"http:\/\/www.visit-ulcinj.com\/blog\/wp-content\/uploads\/2011\/09\/Luigj-Lui-Shkrela_Ulcinj1.jpg\" alt=\"\" width=\"508\" height=\"330\" \/><\/a><br \/>\n<strong>Kryetari i K\u00ebshillit Komunal t\u00eb Partis\u00eb Demokratike t\u00eb Socialist\u00ebve n\u00eb Ulqin Luigj Shkrela,<\/strong> deklaroi se PDS do t\u00eb pranoj\u00eb \u00e7do version q\u00eb do t\u00eb dale nga loja politike por nj\u00ebheri shprehi habin\u00eb dhe \u00e7udin\u00eb p\u00ebr rrjedh\u00ebn e ngjarjeve n\u00eb sken\u00ebn politike n\u00eb komun\u00ebn e Ulqinit.<br \/>\nKryetari aktual poashtu premtoi se mbledhja e Kuvendit komunal do t\u00eb mbahet brenda afatit ligjor dmth me 22 shtator 2011.<br \/>\n<a href=\"http:\/\/www.visit-ulcinj.com\/blog\/wp-content\/uploads\/2011\/09\/Gezim-Hajdinaga_ulqin.jpg\"><img loading=\"lazy\" class=\"alignleft size-full wp-image-50577\" title=\"Gezim Hajdinaga_ulqin\" src=\"http:\/\/www.visit-ulcinj.com\/blog\/wp-content\/uploads\/2011\/09\/Gezim-Hajdinaga_ulqin.jpg\" alt=\"\" width=\"508\" height=\"330\" \/><\/a><br \/>\n<strong>Kryetari I Komun\u00ebs s\u00eb Ulqinit,G\u00ebzim Hajdinaga<\/strong>,deklaroi se Unioni Demokratik i Shqiptar\u00ebve n\u00eb mbledhjen e K\u00ebshillit Qendror aktin e nj\u00eb pjese t\u00eb Kryesis\u00eb s\u00eb Deg\u00ebs s\u00eb An\u00ebs s\u00eb Malit e ka vler\u00ebsuar si \u2018\u2019thik\u00eb n\u00eb shpin\u00eb\u2019\u2019 dhe akt i papranuesh\u00ebm q\u00eb bie ndesh me tradit\u00ebn e zon\u00ebs s\u00eb An\u00ebs s\u00eb Malit q\u00eb aq shum\u00eb ka dh\u00ebn\u00eb p\u00ebr \u00e7\u00ebshtjen shqiptare. Se cil\u00ebt kan\u00eb qen\u00eb motivet e k\u00ebtij veprimi, kush i ka nxitur dhe me \u00e7far\u00eb q\u00ebllimesh jan\u00eb b\u00ebr\u00eb do ta tregoj\u00eb s\u00ebshpejti koha.<br \/>\n<a href=\"http:\/\/www.visit-ulcinj.com\/blog\/wp-content\/uploads\/2011\/09\/Fatmir-Gjeka.jpg\"><img loading=\"lazy\" class=\"alignleft size-full wp-image-50578\" title=\"Fatmir Gjeka\" src=\"http:\/\/www.visit-ulcinj.com\/blog\/wp-content\/uploads\/2011\/09\/Fatmir-Gjeka.jpg\" alt=\"\" width=\"508\" height=\"330\" \/><\/a><br \/>\n<strong>Kryesia e ish Deg\u00ebs s\u00eb UDSH-s\u00eb n\u00eb An\u00eb t\u00eb \u00a0Malit,Fatmir Gjeka,<\/strong><strong>deklaroi se<\/strong><strong> <\/strong>p\u00ebrkrahja q\u00eb kemi marr\u00eb nga an\u00ebtar\u00ebt dhe simpatizant\u00ebt tan\u00eb, por edhe nga qytetar\u00ebt e tjer\u00eb, jo vet\u00ebm nga Ana e Malit, por edhe nga Ulqini, Kraja, Mal\u00ebsia dhe diaspora, na b\u00ebn edhe m\u00eb t\u00eb vendosur n\u00eb drejt\u00ebsin\u00eb e vendimit ton\u00eb. \u00a0Ne i fal\u00ebnderojm\u00eb t\u00eb gjith\u00eb an\u00ebtar\u00ebt, simpatizant\u00ebt dhe dashamir\u00ebt e tjer\u00eb p\u00ebr k\u00ebt\u00eb mb\u00ebshtetje duke i garantuar se edhe n\u00eb t\u00eb ardhmen do t\u00eb vazhdojm\u00eb t\u00eb ndjekim politik\u00eb parimore n\u00eb interes t\u00eb qytetar\u00ebve t\u00eb An\u00ebs s\u00eb Malit, Ulqinit dhe t\u00ebr\u00eb shqiptar\u00ebve n\u00eb Mal t\u00eb Zi dhe m\u00eb gjer\u00eb.<br \/>\nS\u00eb fundi, kjo ndarje politike nuk do t\u00eb ndikoj\u00eb n\u00eb marr\u00ebdh\u00ebniet tona njer\u00ebzore me ish koleg\u00ebt e partis\u00eb dhe ish partner\u00ebt tan\u00eb. Ata kan\u00eb qen\u00eb dhe do t\u00eb jen\u00eb miqt\u00eb dhe shok\u00ebt tan\u00eb edhe n\u00eb t\u00eb ardhmen pa marr\u00eb parasysh interesat tona politike.<br \/>\n<a href=\"http:\/\/www.visit-ulcinj.com\/blog\/wp-content\/uploads\/2011\/09\/nazif-cungu-kryetari.jpg\"><img loading=\"lazy\" class=\"alignleft size-full wp-image-50580\" title=\"nazif-cungu-kryetari\" src=\"http:\/\/www.visit-ulcinj.com\/blog\/wp-content\/uploads\/2011\/09\/nazif-cungu-kryetari.jpg\" alt=\"\" width=\"508\" height=\"330\" \/><\/a><br \/>\n<strong>Kryetari i Forc\u00ebs,Nazif Cungu<\/strong> tha se ndihet i k\u00ebnaqur q\u00eb t\u00eb prezantoj shumic\u00ebn e re n\u00eb Kuvendin Komunal t\u00eb Ulqinit e formuar me q\u00ebllim t\u00eb sinqert\u00eb ne baz\u00eb t\u00eb respektit t\u00eb nd\u00ebrsjell\u00ebt dhe vendosm\u00ebris\u00eb q\u00eb Komuna e Ulqinit t\u00eb fitoj nj\u00eb qeverisje profesionale, t\u00eb p\u00ebrgjegjshme, t\u00eb ndershme dhe efikase.<br \/>\nKjo shumic\u00eb \u00ebsht\u00eb e p\u00ebrb\u00ebr\u00eb prej subjekteve dhe k\u00ebshilltar\u00ebve n\u00eb Kuvendin Komunal si\u00e7 vijon: Forca e Re Demokratike me 11 k\u00ebshilltar\u00eb, Dega e an\u00ebs s\u00eb Malit me 4 k\u00ebshilltar, Partia Social-demokrate me dy k\u00ebshilltar\u00eb dhe L\u00ebvizjes qytetare Perspektiva me nj\u00eb k\u00ebshilltar, pra gjithsejt\u00eb 18 k\u00ebshilltar\u00eb.<\/p>\n<p>Partia Forca n\u00eb Ulqin ka prezantuar shumic\u00ebn e re t\u00eb Kuvendit t\u00eb Komun\u00ebs s\u00eb Ulqinit, e cila i \u00ebsht\u00eb dor\u00ebzuar sh\u00ebrbimit t\u00eb Kuvendit me\u00a0 iniciativ\u00ebn p\u00ebr shkarkimin e kryetarit t\u00eb Kuvendit, propozimi i kryetarit t\u00eb ri t\u00eb Kuvendit dhe iniciativa p\u00ebr shkarkimin e G\u00ebzim Hajdinag\u00ebs nga posti kryetarit te Komun\u00ebs se Ulqinit.<strong><\/strong><\/p>\n<p>Jemi t\u00eb vendosur q\u00eb t\u00eb formojm\u00eb nj\u00eb shumic\u00eb e cila do t\u00eb p\u00ebrkushtohet me t\u00eb gjitha fuqit\u00eb e veta q\u00eb t\u00eb krijoj kushte p\u00ebr fillimin e nj\u00eb epoke t\u00eb re, epoke t\u00eb mbar\u00eb n\u00eb zhvillimin e Komun\u00ebs son\u00eb.<\/p>\n<p><strong>Lajme nga Ulqini<br \/>\n<!--YouTube Error: bad URL entered--><br \/>\n<\/strong><\/p>\n","protected":false},"excerpt":{"rendered":"<p>Partia Forca n\u00eb Ulqin ka prezantuar shumic\u00ebn e re t\u00eb Kuvendit t\u00eb Komun\u00ebs s\u00eb Ulqinit, e cila i \u00ebsht\u00eb dor\u00ebzuar sh\u00ebrbimit t\u00eb Kuvendit me iniciativ\u00ebn p\u00ebr shkarkimin e kryetarit t\u00eb Kuvendit, propozimi i kryetarit t\u00eb ri t\u00eb Kuvendit dhe iniciativa p\u00ebr shkarkimin e G\u00ebzim Hajdinag\u00ebs nga posti kryetarit te Komun\u00ebs se Ulqinit. Per Shumicen e [&hellip;]<\/p>\n","protected":false},"author":1,"featured_media":0,"comment_status":"open","ping_status":"closed","sticky":false,"template":"","format":"standard","meta":{"spay_email":"","jetpack_publicize_message":"","jetpack_is_tweetstorm":false,"jetpack_publicize_feature_enabled":true},"categories":[6,13],"tags":[19066,4607,222,19068,19065,2515,19067,95,118,200,18],"jetpack_publicize_connections":[],"yoast_head":"<!-- This site is optimized with the Yoast SEO plugin v19.1 - https:\/\/yoast.com\/wordpress\/plugins\/seo\/ -->\n<title>Per Shumicen e re ne Kuvendin e Komunes se Ulqinit shprehen lider\u00ebt politik - Video - Lajme nga Ulqini<\/title>\n<meta name=\"description\" content=\"Partia Forca n\u00eb Ulqin ka prezantuar shumic\u00ebn e re t\u00eb Kuvendit t\u00eb Komun\u00ebs s\u00eb Ulqinit, e cila i \u00ebsht\u00eb dor\u00ebzuar sh\u00ebrbimit t\u00eb Kuvendit me iniciativ\u00ebn p\u00ebr\" \/>\n<meta name=\"robots\" content=\"index, follow, max-snippet:-1, max-image-preview:large, max-video-preview:-1\" \/>\n<link rel=\"canonical\" href=\"https:\/\/www.visit-ulcinj.com\/blog\/2011\/09\/03\/per-shumicen-e-re-ne-kuvendin-e-komunes-se-ulqinit-shprehen-lideret-politik-video\/\" \/>\n<meta property=\"og:locale\" content=\"en_US\" \/>\n<meta property=\"og:type\" content=\"article\" \/>\n<meta property=\"og:title\" content=\"Per Shumicen e re ne Kuvendin e Komunes se Ulqinit shprehen lider\u00ebt politik - Video - Lajme nga Ulqini\" \/>\n<meta property=\"og:description\" content=\"Partia Forca n\u00eb Ulqin ka prezantuar shumic\u00ebn e re t\u00eb Kuvendit t\u00eb Komun\u00ebs s\u00eb Ulqinit, e cila i \u00ebsht\u00eb dor\u00ebzuar sh\u00ebrbimit t\u00eb Kuvendit me iniciativ\u00ebn p\u00ebr\" \/>\n<meta property=\"og:url\" content=\"https:\/\/www.visit-ulcinj.com\/blog\/2011\/09\/03\/per-shumicen-e-re-ne-kuvendin-e-komunes-se-ulqinit-shprehen-lideret-politik-video\/\" \/>\n<meta property=\"og:site_name\" content=\"Lajme nga Ulqini\" \/>\n<meta property=\"article:published_time\" content=\"2011-09-03T18:59:35+00:00\" \/>\n<meta property=\"article:modified_time\" content=\"2011-09-09T20:05:23+00:00\" \/>\n<meta property=\"og:image\" content=\"http:\/\/www.visit-ulcinj.com\/blog\/wp-content\/uploads\/2011\/09\/Shumica-e-re-ne-Kuvendin-e-Komunes-se-Ulqinit_Nazif-CunguFatmir-GjekaSkender-ElezagaAmir-HolliKoalicioni-ne-Ulqin.jpg\" \/>\n<meta name=\"twitter:label1\" content=\"Written by\" \/>\n\t<meta name=\"twitter:data1\" content=\"ulqini\" \/>\n\t<meta name=\"twitter:label2\" content=\"Est. reading time\" \/>\n\t<meta name=\"twitter:data2\" content=\"3 minutes\" \/>\n<script type=\"application\/ld+json\" class=\"yoast-schema-graph\">{\"@context\":\"https:\/\/schema.org\",\"@graph\":[{\"@type\":\"WebSite\",\"@id\":\"https:\/\/www.visit-ulcinj.com\/blog\/#website\",\"url\":\"https:\/\/www.visit-ulcinj.com\/blog\/\",\"name\":\"Lajme nga Ulqini\",\"description\":\"Lajme,Vijesti,Ulqini,Ulqin,Crna Gora,Mali i Zi\",\"potentialAction\":[{\"@type\":\"SearchAction\",\"target\":{\"@type\":\"EntryPoint\",\"urlTemplate\":\"https:\/\/www.visit-ulcinj.com\/blog\/?s={search_term_string}\"},\"query-input\":\"required name=search_term_string\"}],\"inLanguage\":\"en-US\"},{\"@type\":\"ImageObject\",\"inLanguage\":\"en-US\",\"@id\":\"https:\/\/www.visit-ulcinj.com\/blog\/2011\/09\/03\/per-shumicen-e-re-ne-kuvendin-e-komunes-se-ulqinit-shprehen-lideret-politik-video\/#primaryimage\",\"url\":\"https:\/\/www.visit-ulcinj.com\/blog\/wp-content\/uploads\/2011\/09\/Shumica-e-re-ne-Kuvendin-e-Komunes-se-Ulqinit_Nazif-CunguFatmir-GjekaSkender-ElezagaAmir-HolliKoalicioni-ne-Ulqin.jpg\",\"contentUrl\":\"https:\/\/www.visit-ulcinj.com\/blog\/wp-content\/uploads\/2011\/09\/Shumica-e-re-ne-Kuvendin-e-Komunes-se-Ulqinit_Nazif-CunguFatmir-GjekaSkender-ElezagaAmir-HolliKoalicioni-ne-Ulqin.jpg\",\"width\":\"720\",\"height\":\"437\"},{\"@type\":\"WebPage\",\"@id\":\"https:\/\/www.visit-ulcinj.com\/blog\/2011\/09\/03\/per-shumicen-e-re-ne-kuvendin-e-komunes-se-ulqinit-shprehen-lideret-politik-video\/#webpage\",\"url\":\"https:\/\/www.visit-ulcinj.com\/blog\/2011\/09\/03\/per-shumicen-e-re-ne-kuvendin-e-komunes-se-ulqinit-shprehen-lideret-politik-video\/\",\"name\":\"Per Shumicen e re ne Kuvendin e Komunes se Ulqinit shprehen lider\u00ebt politik - Video - Lajme nga Ulqini\",\"isPartOf\":{\"@id\":\"https:\/\/www.visit-ulcinj.com\/blog\/#website\"},\"primaryImageOfPage\":{\"@id\":\"https:\/\/www.visit-ulcinj.com\/blog\/2011\/09\/03\/per-shumicen-e-re-ne-kuvendin-e-komunes-se-ulqinit-shprehen-lideret-politik-video\/#primaryimage\"},\"datePublished\":\"2011-09-03T18:59:35+00:00\",\"dateModified\":\"2011-09-09T20:05:23+00:00\",\"author\":{\"@id\":\"https:\/\/www.visit-ulcinj.com\/blog\/#\/schema\/person\/dcab619c614d3038751c63bc2aadc06d\"},\"description\":\"Partia Forca n\u00eb Ulqin ka prezantuar shumic\u00ebn e re t\u00eb Kuvendit t\u00eb Komun\u00ebs s\u00eb Ulqinit, e cila i \u00ebsht\u00eb dor\u00ebzuar sh\u00ebrbimit t\u00eb Kuvendit me iniciativ\u00ebn p\u00ebr\",\"breadcrumb\":{\"@id\":\"https:\/\/www.visit-ulcinj.com\/blog\/2011\/09\/03\/per-shumicen-e-re-ne-kuvendin-e-komunes-se-ulqinit-shprehen-lideret-politik-video\/#breadcrumb\"},\"inLanguage\":\"en-US\",\"potentialAction\":[{\"@type\":\"ReadAction\",\"target\":[\"https:\/\/www.visit-ulcinj.com\/blog\/2011\/09\/03\/per-shumicen-e-re-ne-kuvendin-e-komunes-se-ulqinit-shprehen-lideret-politik-video\/\"]}]},{\"@type\":\"BreadcrumbList\",\"@id\":\"https:\/\/www.visit-ulcinj.com\/blog\/2011\/09\/03\/per-shumicen-e-re-ne-kuvendin-e-komunes-se-ulqinit-shprehen-lideret-politik-video\/#breadcrumb\",\"itemListElement\":[{\"@type\":\"ListItem\",\"position\":1,\"name\":\"Per Shumicen e re ne Kuvendin e Komunes se Ulqinit shprehen lider\u00ebt politik &#8211; Video\"}]},{\"@type\":\"Person\",\"@id\":\"https:\/\/www.visit-ulcinj.com\/blog\/#\/schema\/person\/dcab619c614d3038751c63bc2aadc06d\",\"name\":\"ulqini\",\"sameAs\":[\"http:\/\/www.visit-ulcinj.com\"],\"url\":\"https:\/\/www.visit-ulcinj.com\/blog\/author\/admin\/\"}]}<\/script>\n<!-- \/ Yoast SEO plugin. -->","yoast_head_json":{"title":"Per Shumicen e re ne Kuvendin e Komunes se Ulqinit shprehen lider\u00ebt politik - Video - Lajme nga Ulqini","description":"Partia Forca n\u00eb Ulqin ka prezantuar shumic\u00ebn e re t\u00eb Kuvendit t\u00eb Komun\u00ebs s\u00eb Ulqinit, e cila i \u00ebsht\u00eb dor\u00ebzuar sh\u00ebrbimit t\u00eb Kuvendit me iniciativ\u00ebn p\u00ebr","robots":{"index":"index","follow":"follow","max-snippet":"max-snippet:-1","max-image-preview":"max-image-preview:large","max-video-preview":"max-video-preview:-1"},"canonical":"https:\/\/www.visit-ulcinj.com\/blog\/2011\/09\/03\/per-shumicen-e-re-ne-kuvendin-e-komunes-se-ulqinit-shprehen-lideret-politik-video\/","og_locale":"en_US","og_type":"article","og_title":"Per Shumicen e re ne Kuvendin e Komunes se Ulqinit shprehen lider\u00ebt politik - Video - Lajme nga Ulqini","og_description":"Partia Forca n\u00eb Ulqin ka prezantuar shumic\u00ebn e re t\u00eb Kuvendit t\u00eb Komun\u00ebs s\u00eb Ulqinit, e cila i \u00ebsht\u00eb dor\u00ebzuar sh\u00ebrbimit t\u00eb Kuvendit me iniciativ\u00ebn p\u00ebr","og_url":"https:\/\/www.visit-ulcinj.com\/blog\/2011\/09\/03\/per-shumicen-e-re-ne-kuvendin-e-komunes-se-ulqinit-shprehen-lideret-politik-video\/","og_site_name":"Lajme nga Ulqini","article_published_time":"2011-09-03T18:59:35+00:00","article_modified_time":"2011-09-09T20:05:23+00:00","og_image":[{"url":"http:\/\/www.visit-ulcinj.com\/blog\/wp-content\/uploads\/2011\/09\/Shumica-e-re-ne-Kuvendin-e-Komunes-se-Ulqinit_Nazif-CunguFatmir-GjekaSkender-ElezagaAmir-HolliKoalicioni-ne-Ulqin.jpg"}],"twitter_misc":{"Written by":"ulqini","Est. reading time":"3 minutes"},"schema":{"@context":"https:\/\/schema.org","@graph":[{"@type":"WebSite","@id":"https:\/\/www.visit-ulcinj.com\/blog\/#website","url":"https:\/\/www.visit-ulcinj.com\/blog\/","name":"Lajme nga Ulqini","description":"Lajme,Vijesti,Ulqini,Ulqin,Crna Gora,Mali i Zi","potentialAction":[{"@type":"SearchAction","target":{"@type":"EntryPoint","urlTemplate":"https:\/\/www.visit-ulcinj.com\/blog\/?s={search_term_string}"},"query-input":"required name=search_term_string"}],"inLanguage":"en-US"},{"@type":"ImageObject","inLanguage":"en-US","@id":"https:\/\/www.visit-ulcinj.com\/blog\/2011\/09\/03\/per-shumicen-e-re-ne-kuvendin-e-komunes-se-ulqinit-shprehen-lideret-politik-video\/#primaryimage","url":"https:\/\/www.visit-ulcinj.com\/blog\/wp-content\/uploads\/2011\/09\/Shumica-e-re-ne-Kuvendin-e-Komunes-se-Ulqinit_Nazif-CunguFatmir-GjekaSkender-ElezagaAmir-HolliKoalicioni-ne-Ulqin.jpg","contentUrl":"https:\/\/www.visit-ulcinj.com\/blog\/wp-content\/uploads\/2011\/09\/Shumica-e-re-ne-Kuvendin-e-Komunes-se-Ulqinit_Nazif-CunguFatmir-GjekaSkender-ElezagaAmir-HolliKoalicioni-ne-Ulqin.jpg","width":"720","height":"437"},{"@type":"WebPage","@id":"https:\/\/www.visit-ulcinj.com\/blog\/2011\/09\/03\/per-shumicen-e-re-ne-kuvendin-e-komunes-se-ulqinit-shprehen-lideret-politik-video\/#webpage","url":"https:\/\/www.visit-ulcinj.com\/blog\/2011\/09\/03\/per-shumicen-e-re-ne-kuvendin-e-komunes-se-ulqinit-shprehen-lideret-politik-video\/","name":"Per Shumicen e re ne Kuvendin e Komunes se Ulqinit shprehen lider\u00ebt politik - Video - Lajme nga Ulqini","isPartOf":{"@id":"https:\/\/www.visit-ulcinj.com\/blog\/#website"},"primaryImageOfPage":{"@id":"https:\/\/www.visit-ulcinj.com\/blog\/2011\/09\/03\/per-shumicen-e-re-ne-kuvendin-e-komunes-se-ulqinit-shprehen-lideret-politik-video\/#primaryimage"},"datePublished":"2011-09-03T18:59:35+00:00","dateModified":"2011-09-09T20:05:23+00:00","author":{"@id":"https:\/\/www.visit-ulcinj.com\/blog\/#\/schema\/person\/dcab619c614d3038751c63bc2aadc06d"},"description":"Partia Forca n\u00eb Ulqin ka prezantuar shumic\u00ebn e re t\u00eb Kuvendit t\u00eb Komun\u00ebs s\u00eb Ulqinit, e cila i \u00ebsht\u00eb dor\u00ebzuar sh\u00ebrbimit t\u00eb Kuvendit me iniciativ\u00ebn p\u00ebr","breadcrumb":{"@id":"https:\/\/www.visit-ulcinj.com\/blog\/2011\/09\/03\/per-shumicen-e-re-ne-kuvendin-e-komunes-se-ulqinit-shprehen-lideret-politik-video\/#breadcrumb"},"inLanguage":"en-US","potentialAction":[{"@type":"ReadAction","target":["https:\/\/www.visit-ulcinj.com\/blog\/2011\/09\/03\/per-shumicen-e-re-ne-kuvendin-e-komunes-se-ulqinit-shprehen-lideret-politik-video\/"]}]},{"@type":"BreadcrumbList","@id":"https:\/\/www.visit-ulcinj.com\/blog\/2011\/09\/03\/per-shumicen-e-re-ne-kuvendin-e-komunes-se-ulqinit-shprehen-lideret-politik-video\/#breadcrumb","itemListElement":[{"@type":"ListItem","position":1,"name":"Per Shumicen e re ne Kuvendin e Komunes se Ulqinit shprehen lider\u00ebt politik &#8211; Video"}]},{"@type":"Person","@id":"https:\/\/www.visit-ulcinj.com\/blog\/#\/schema\/person\/dcab619c614d3038751c63bc2aadc06d","name":"ulqini","sameAs":["http:\/\/www.visit-ulcinj.com"],"url":"https:\/\/www.visit-ulcinj.com\/blog\/author\/admin\/"}]}},"jetpack_featured_media_url":"","jetpack_sharing_enabled":true,"jetpack_shortlink":"https:\/\/wp.me\/pe6lTn-d9H","_links":{"self":[{"href":"https:\/\/www.visit-ulcinj.com\/blog\/wp-json\/wp\/v2\/posts\/50573"}],"collection":[{"href":"https:\/\/www.visit-ulcinj.com\/blog\/wp-json\/wp\/v2\/posts"}],"about":[{"href":"https:\/\/www.visit-ulcinj.com\/blog\/wp-json\/wp\/v2\/types\/post"}],"author":[{"embeddable":true,"href":"https:\/\/www.visit-ulcinj.com\/blog\/wp-json\/wp\/v2\/users\/1"}],"replies":[{"embeddable":true,"href":"https:\/\/www.visit-ulcinj.com\/blog\/wp-json\/wp\/v2\/comments?post=50573"}],"version-history":[{"count":6,"href":"https:\/\/www.visit-ulcinj.com\/blog\/wp-json\/wp\/v2\/posts\/50573\/revisions"}],"predecessor-version":[{"id":50720,"href":"https:\/\/www.visit-ulcinj.com\/blog\/wp-json\/wp\/v2\/posts\/50573\/revisions\/50720"}],"wp:attachment":[{"href":"https:\/\/www.visit-ulcinj.com\/blog\/wp-json\/wp\/v2\/media?parent=50573"}],"wp:term":[{"taxonomy":"category","embeddable":true,"href":"https:\/\/www.visit-ulcinj.com\/blog\/wp-json\/wp\/v2\/categories?post=50573"},{"taxonomy":"post_tag","embeddable":true,"href":"https:\/\/www.visit-ulcinj.com\/blog\/wp-json\/wp\/v2\/tags?post=50573"}],"curies":[{"name":"wp","href":"https:\/\/api.w.org\/{rel}","templated":true}]}}