{"id":50585,"date":"2011-09-04T09:37:13","date_gmt":"2011-09-04T08:37:13","guid":{"rendered":"http:\/\/www.visit-ulcinj.com\/blog\/?p=50585"},"modified":"2011-09-04T09:37:13","modified_gmt":"2011-09-04T08:37:13","slug":"mali-i-zi-e-hoqi-taksen-ekologjike-per-automjetet-e-huaja","status":"publish","type":"post","link":"https:\/\/www.visit-ulcinj.com\/blog\/2011\/09\/04\/mali-i-zi-e-hoqi-taksen-ekologjike-per-automjetet-e-huaja\/","title":{"rendered":"Mali i Zi e hoqi taks\u00ebn ekologjike p\u00ebr automjetet e huaja"},"content":{"rendered":"<p><a href=\"http:\/\/www.visit-ulcinj.com\/blog\/wp-content\/uploads\/2011\/09\/Mali-i-Zi-e-hoqi-taks%C3%ABn-ekologjike-p%C3%ABr-automjetet-e-huaja.jpg\"><img loading=\"lazy\" class=\"alignleft size-full wp-image-50586\" title=\"Mali i Zi e hoqi taks\u00ebn ekologjike p\u00ebr automjetet e huaja\" src=\"http:\/\/www.visit-ulcinj.com\/blog\/wp-content\/uploads\/2011\/09\/Mali-i-Zi-e-hoqi-taks%C3%ABn-ekologjike-p%C3%ABr-automjetet-e-huaja.jpg\" alt=\"\" width=\"330\" height=\"300\" \/><\/a>Qeveria e Malit t\u00eb Zi mbr\u00ebm\u00eb pezullimoi taks\u00ebn ekologjike p\u00ebr automjetet e huaja transportuese, p\u00ebrkat\u00ebsisht kompensimin p\u00ebr rrug\u00ebt p\u00ebr t\u00eb cilat paguhet gjat\u00eb hyrjes n\u00eb vend.<\/p>\n<p>N\u00eb njoftimin e qeveris\u00eb gjithashtu theksohet se deficiti buxhetor p\u00ebr gjasht\u00eb muajt e para p\u00ebrfshin 52 milion euro, nd\u00ebrsa ekonomia sh\u00ebnon rritje reale prej 2,1 p\u00ebr qind, q\u00eb \u00ebsht\u00eb n\u00eb suaza t\u00eb pritjeve zyrtare.<\/p>\n<p>Shkalla e papun\u00ebsis\u00eb nga marsi sh\u00ebnoi ulje konstante, duke arritur 11,3 p\u00ebr qind nga fundi i qershorit, derisa numri i t\u00eb pun\u00ebsuarve sh\u00ebnon rritje prej 5,6 p\u00ebr qind.<\/p>\n<p><strong>TVCG<\/strong><\/p>\n","protected":false},"excerpt":{"rendered":"<p>Qeveria e Malit t\u00eb Zi mbr\u00ebm\u00eb pezullimoi taks\u00ebn ekologjike p\u00ebr automjetet e huaja transportuese, p\u00ebrkat\u00ebsisht kompensimin p\u00ebr rrug\u00ebt p\u00ebr t\u00eb cilat paguhet gjat\u00eb hyrjes n\u00eb vend. N\u00eb njoftimin e qeveris\u00eb gjithashtu theksohet se deficiti buxhetor p\u00ebr gjasht\u00eb muajt e para p\u00ebrfshin 52 milion euro, nd\u00ebrsa ekonomia sh\u00ebnon rritje reale prej 2,1 p\u00ebr qind, q\u00eb \u00ebsht\u00eb [&hellip;]<\/p>\n","protected":false},"author":1,"featured_media":0,"comment_status":"open","ping_status":"closed","sticky":false,"template":"","format":"standard","meta":{"spay_email":"","jetpack_publicize_message":"","jetpack_is_tweetstorm":false,"jetpack_publicize_feature_enabled":true},"categories":[14],"tags":[19069,95],"jetpack_publicize_connections":[],"yoast_head":"<!-- This site is optimized with the Yoast SEO plugin v19.1 - https:\/\/yoast.com\/wordpress\/plugins\/seo\/ -->\n<title>Mali i Zi e hoqi taks\u00ebn ekologjike p\u00ebr automjetet e huaja - Lajme nga Ulqini<\/title>\n<meta name=\"description\" content=\"Qeveria e Malit t\u00eb Zi mbr\u00ebm\u00eb pezullimoi taks\u00ebn ekologjike p\u00ebr automjetet e huaja transportuese, p\u00ebrkat\u00ebsisht kompensimin p\u00ebr rrug\u00ebt p\u00ebr t\u00eb cilat paguhet\" \/>\n<meta name=\"robots\" content=\"index, follow, max-snippet:-1, max-image-preview:large, max-video-preview:-1\" \/>\n<link rel=\"canonical\" href=\"https:\/\/www.visit-ulcinj.com\/blog\/2011\/09\/04\/mali-i-zi-e-hoqi-taksen-ekologjike-per-automjetet-e-huaja\/\" \/>\n<meta property=\"og:locale\" content=\"en_US\" \/>\n<meta property=\"og:type\" content=\"article\" \/>\n<meta property=\"og:title\" content=\"Mali i Zi e hoqi taks\u00ebn ekologjike p\u00ebr automjetet e huaja - Lajme nga Ulqini\" \/>\n<meta property=\"og:description\" content=\"Qeveria e Malit t\u00eb Zi mbr\u00ebm\u00eb pezullimoi taks\u00ebn ekologjike p\u00ebr automjetet e huaja transportuese, p\u00ebrkat\u00ebsisht kompensimin p\u00ebr rrug\u00ebt p\u00ebr t\u00eb cilat paguhet\" \/>\n<meta property=\"og:url\" content=\"https:\/\/www.visit-ulcinj.com\/blog\/2011\/09\/04\/mali-i-zi-e-hoqi-taksen-ekologjike-per-automjetet-e-huaja\/\" \/>\n<meta property=\"og:site_name\" content=\"Lajme nga Ulqini\" \/>\n<meta property=\"article:published_time\" content=\"2011-09-04T08:37:13+00:00\" \/>\n<meta property=\"og:image\" content=\"http:\/\/www.visit-ulcinj.com\/blog\/wp-content\/uploads\/2011\/09\/Mali-i-Zi-e-hoqi-taks%C3%ABn-ekologjike-p%C3%ABr-automjetet-e-huaja.jpg\" \/>\n<meta name=\"twitter:label1\" content=\"Written by\" \/>\n\t<meta name=\"twitter:data1\" content=\"ulqini\" \/>\n\t<meta name=\"twitter:label2\" content=\"Est. reading time\" \/>\n\t<meta name=\"twitter:data2\" content=\"1 minute\" \/>\n<script type=\"application\/ld+json\" class=\"yoast-schema-graph\">{\"@context\":\"https:\/\/schema.org\",\"@graph\":[{\"@type\":\"WebSite\",\"@id\":\"https:\/\/www.visit-ulcinj.com\/blog\/#website\",\"url\":\"https:\/\/www.visit-ulcinj.com\/blog\/\",\"name\":\"Lajme nga Ulqini\",\"description\":\"Lajme,Vijesti,Ulqini,Ulqin,Crna Gora,Mali i Zi\",\"potentialAction\":[{\"@type\":\"SearchAction\",\"target\":{\"@type\":\"EntryPoint\",\"urlTemplate\":\"https:\/\/www.visit-ulcinj.com\/blog\/?s={search_term_string}\"},\"query-input\":\"required name=search_term_string\"}],\"inLanguage\":\"en-US\"},{\"@type\":\"ImageObject\",\"inLanguage\":\"en-US\",\"@id\":\"https:\/\/www.visit-ulcinj.com\/blog\/2011\/09\/04\/mali-i-zi-e-hoqi-taksen-ekologjike-per-automjetet-e-huaja\/#primaryimage\",\"url\":\"http:\/\/www.visit-ulcinj.com\/blog\/wp-content\/uploads\/2011\/09\/Mali-i-Zi-e-hoqi-taks%C3%ABn-ekologjike-p%C3%ABr-automjetet-e-huaja.jpg\",\"contentUrl\":\"http:\/\/www.visit-ulcinj.com\/blog\/wp-content\/uploads\/2011\/09\/Mali-i-Zi-e-hoqi-taks%C3%ABn-ekologjike-p%C3%ABr-automjetet-e-huaja.jpg\"},{\"@type\":\"WebPage\",\"@id\":\"https:\/\/www.visit-ulcinj.com\/blog\/2011\/09\/04\/mali-i-zi-e-hoqi-taksen-ekologjike-per-automjetet-e-huaja\/#webpage\",\"url\":\"https:\/\/www.visit-ulcinj.com\/blog\/2011\/09\/04\/mali-i-zi-e-hoqi-taksen-ekologjike-per-automjetet-e-huaja\/\",\"name\":\"Mali i Zi e hoqi taks\u00ebn ekologjike p\u00ebr automjetet e huaja - Lajme nga Ulqini\",\"isPartOf\":{\"@id\":\"https:\/\/www.visit-ulcinj.com\/blog\/#website\"},\"primaryImageOfPage\":{\"@id\":\"https:\/\/www.visit-ulcinj.com\/blog\/2011\/09\/04\/mali-i-zi-e-hoqi-taksen-ekologjike-per-automjetet-e-huaja\/#primaryimage\"},\"datePublished\":\"2011-09-04T08:37:13+00:00\",\"dateModified\":\"2011-09-04T08:37:13+00:00\",\"author\":{\"@id\":\"https:\/\/www.visit-ulcinj.com\/blog\/#\/schema\/person\/dcab619c614d3038751c63bc2aadc06d\"},\"description\":\"Qeveria e Malit t\u00eb Zi mbr\u00ebm\u00eb pezullimoi taks\u00ebn ekologjike p\u00ebr automjetet e huaja transportuese, p\u00ebrkat\u00ebsisht kompensimin p\u00ebr rrug\u00ebt p\u00ebr t\u00eb cilat paguhet\",\"breadcrumb\":{\"@id\":\"https:\/\/www.visit-ulcinj.com\/blog\/2011\/09\/04\/mali-i-zi-e-hoqi-taksen-ekologjike-per-automjetet-e-huaja\/#breadcrumb\"},\"inLanguage\":\"en-US\",\"potentialAction\":[{\"@type\":\"ReadAction\",\"target\":[\"https:\/\/www.visit-ulcinj.com\/blog\/2011\/09\/04\/mali-i-zi-e-hoqi-taksen-ekologjike-per-automjetet-e-huaja\/\"]}]},{\"@type\":\"BreadcrumbList\",\"@id\":\"https:\/\/www.visit-ulcinj.com\/blog\/2011\/09\/04\/mali-i-zi-e-hoqi-taksen-ekologjike-per-automjetet-e-huaja\/#breadcrumb\",\"itemListElement\":[{\"@type\":\"ListItem\",\"position\":1,\"name\":\"Mali i Zi e hoqi taks\u00ebn ekologjike p\u00ebr automjetet e huaja\"}]},{\"@type\":\"Person\",\"@id\":\"https:\/\/www.visit-ulcinj.com\/blog\/#\/schema\/person\/dcab619c614d3038751c63bc2aadc06d\",\"name\":\"ulqini\",\"sameAs\":[\"http:\/\/www.visit-ulcinj.com\"],\"url\":\"https:\/\/www.visit-ulcinj.com\/blog\/author\/admin\/\"}]}<\/script>\n<!-- \/ Yoast SEO plugin. -->","yoast_head_json":{"title":"Mali i Zi e hoqi taks\u00ebn ekologjike p\u00ebr automjetet e huaja - Lajme nga Ulqini","description":"Qeveria e Malit t\u00eb Zi mbr\u00ebm\u00eb pezullimoi taks\u00ebn ekologjike p\u00ebr automjetet e huaja transportuese, p\u00ebrkat\u00ebsisht kompensimin p\u00ebr rrug\u00ebt p\u00ebr t\u00eb cilat paguhet","robots":{"index":"index","follow":"follow","max-snippet":"max-snippet:-1","max-image-preview":"max-image-preview:large","max-video-preview":"max-video-preview:-1"},"canonical":"https:\/\/www.visit-ulcinj.com\/blog\/2011\/09\/04\/mali-i-zi-e-hoqi-taksen-ekologjike-per-automjetet-e-huaja\/","og_locale":"en_US","og_type":"article","og_title":"Mali i Zi e hoqi taks\u00ebn ekologjike p\u00ebr automjetet e huaja - Lajme nga Ulqini","og_description":"Qeveria e Malit t\u00eb Zi mbr\u00ebm\u00eb pezullimoi taks\u00ebn ekologjike p\u00ebr automjetet e huaja transportuese, p\u00ebrkat\u00ebsisht kompensimin p\u00ebr rrug\u00ebt p\u00ebr t\u00eb cilat paguhet","og_url":"https:\/\/www.visit-ulcinj.com\/blog\/2011\/09\/04\/mali-i-zi-e-hoqi-taksen-ekologjike-per-automjetet-e-huaja\/","og_site_name":"Lajme nga Ulqini","article_published_time":"2011-09-04T08:37:13+00:00","og_image":[{"url":"http:\/\/www.visit-ulcinj.com\/blog\/wp-content\/uploads\/2011\/09\/Mali-i-Zi-e-hoqi-taks%C3%ABn-ekologjike-p%C3%ABr-automjetet-e-huaja.jpg"}],"twitter_misc":{"Written by":"ulqini","Est. reading time":"1 minute"},"schema":{"@context":"https:\/\/schema.org","@graph":[{"@type":"WebSite","@id":"https:\/\/www.visit-ulcinj.com\/blog\/#website","url":"https:\/\/www.visit-ulcinj.com\/blog\/","name":"Lajme nga Ulqini","description":"Lajme,Vijesti,Ulqini,Ulqin,Crna Gora,Mali i Zi","potentialAction":[{"@type":"SearchAction","target":{"@type":"EntryPoint","urlTemplate":"https:\/\/www.visit-ulcinj.com\/blog\/?s={search_term_string}"},"query-input":"required name=search_term_string"}],"inLanguage":"en-US"},{"@type":"ImageObject","inLanguage":"en-US","@id":"https:\/\/www.visit-ulcinj.com\/blog\/2011\/09\/04\/mali-i-zi-e-hoqi-taksen-ekologjike-per-automjetet-e-huaja\/#primaryimage","url":"http:\/\/www.visit-ulcinj.com\/blog\/wp-content\/uploads\/2011\/09\/Mali-i-Zi-e-hoqi-taks%C3%ABn-ekologjike-p%C3%ABr-automjetet-e-huaja.jpg","contentUrl":"http:\/\/www.visit-ulcinj.com\/blog\/wp-content\/uploads\/2011\/09\/Mali-i-Zi-e-hoqi-taks%C3%ABn-ekologjike-p%C3%ABr-automjetet-e-huaja.jpg"},{"@type":"WebPage","@id":"https:\/\/www.visit-ulcinj.com\/blog\/2011\/09\/04\/mali-i-zi-e-hoqi-taksen-ekologjike-per-automjetet-e-huaja\/#webpage","url":"https:\/\/www.visit-ulcinj.com\/blog\/2011\/09\/04\/mali-i-zi-e-hoqi-taksen-ekologjike-per-automjetet-e-huaja\/","name":"Mali i Zi e hoqi taks\u00ebn ekologjike p\u00ebr automjetet e huaja - Lajme nga Ulqini","isPartOf":{"@id":"https:\/\/www.visit-ulcinj.com\/blog\/#website"},"primaryImageOfPage":{"@id":"https:\/\/www.visit-ulcinj.com\/blog\/2011\/09\/04\/mali-i-zi-e-hoqi-taksen-ekologjike-per-automjetet-e-huaja\/#primaryimage"},"datePublished":"2011-09-04T08:37:13+00:00","dateModified":"2011-09-04T08:37:13+00:00","author":{"@id":"https:\/\/www.visit-ulcinj.com\/blog\/#\/schema\/person\/dcab619c614d3038751c63bc2aadc06d"},"description":"Qeveria e Malit t\u00eb Zi mbr\u00ebm\u00eb pezullimoi taks\u00ebn ekologjike p\u00ebr automjetet e huaja transportuese, p\u00ebrkat\u00ebsisht kompensimin p\u00ebr rrug\u00ebt p\u00ebr t\u00eb cilat paguhet","breadcrumb":{"@id":"https:\/\/www.visit-ulcinj.com\/blog\/2011\/09\/04\/mali-i-zi-e-hoqi-taksen-ekologjike-per-automjetet-e-huaja\/#breadcrumb"},"inLanguage":"en-US","potentialAction":[{"@type":"ReadAction","target":["https:\/\/www.visit-ulcinj.com\/blog\/2011\/09\/04\/mali-i-zi-e-hoqi-taksen-ekologjike-per-automjetet-e-huaja\/"]}]},{"@type":"BreadcrumbList","@id":"https:\/\/www.visit-ulcinj.com\/blog\/2011\/09\/04\/mali-i-zi-e-hoqi-taksen-ekologjike-per-automjetet-e-huaja\/#breadcrumb","itemListElement":[{"@type":"ListItem","position":1,"name":"Mali i Zi e hoqi taks\u00ebn ekologjike p\u00ebr automjetet e huaja"}]},{"@type":"Person","@id":"https:\/\/www.visit-ulcinj.com\/blog\/#\/schema\/person\/dcab619c614d3038751c63bc2aadc06d","name":"ulqini","sameAs":["http:\/\/www.visit-ulcinj.com"],"url":"https:\/\/www.visit-ulcinj.com\/blog\/author\/admin\/"}]}},"jetpack_featured_media_url":"","jetpack_sharing_enabled":true,"jetpack_shortlink":"https:\/\/wp.me\/pe6lTn-d9T","_links":{"self":[{"href":"https:\/\/www.visit-ulcinj.com\/blog\/wp-json\/wp\/v2\/posts\/50585"}],"collection":[{"href":"https:\/\/www.visit-ulcinj.com\/blog\/wp-json\/wp\/v2\/posts"}],"about":[{"href":"https:\/\/www.visit-ulcinj.com\/blog\/wp-json\/wp\/v2\/types\/post"}],"author":[{"embeddable":true,"href":"https:\/\/www.visit-ulcinj.com\/blog\/wp-json\/wp\/v2\/users\/1"}],"replies":[{"embeddable":true,"href":"https:\/\/www.visit-ulcinj.com\/blog\/wp-json\/wp\/v2\/comments?post=50585"}],"version-history":[{"count":1,"href":"https:\/\/www.visit-ulcinj.com\/blog\/wp-json\/wp\/v2\/posts\/50585\/revisions"}],"predecessor-version":[{"id":50587,"href":"https:\/\/www.visit-ulcinj.com\/blog\/wp-json\/wp\/v2\/posts\/50585\/revisions\/50587"}],"wp:attachment":[{"href":"https:\/\/www.visit-ulcinj.com\/blog\/wp-json\/wp\/v2\/media?parent=50585"}],"wp:term":[{"taxonomy":"category","embeddable":true,"href":"https:\/\/www.visit-ulcinj.com\/blog\/wp-json\/wp\/v2\/categories?post=50585"},{"taxonomy":"post_tag","embeddable":true,"href":"https:\/\/www.visit-ulcinj.com\/blog\/wp-json\/wp\/v2\/tags?post=50585"}],"curies":[{"name":"wp","href":"https:\/\/api.w.org\/{rel}","templated":true}]}}