{"id":50588,"date":"2011-09-04T10:07:47","date_gmt":"2011-09-04T09:07:47","guid":{"rendered":"http:\/\/www.visit-ulcinj.com\/blog\/?p=50588"},"modified":"2011-09-04T10:31:48","modified_gmt":"2011-09-04T09:31:48","slug":"interviste-eskluzive-me-ikonen-e-modes-emine-cunmulaj","status":"publish","type":"post","link":"https:\/\/www.visit-ulcinj.com\/blog\/2011\/09\/04\/interviste-eskluzive-me-ikonen-e-modes-emine-cunmulaj\/","title":{"rendered":"Intervist\u00eb eskluzive me ikon\u00ebn e mod\u00ebs Emine \u00c7unmulaj"},"content":{"rendered":"<p><strong><a href=\"http:\/\/www.visit-ulcinj.com\/blog\/wp-content\/uploads\/2011\/09\/Emina-Cunmulaj.jpg\"><img loading=\"lazy\" class=\"alignleft size-full wp-image-50589\" title=\"Emina Cunmulaj\" src=\"http:\/\/www.visit-ulcinj.com\/blog\/wp-content\/uploads\/2011\/09\/Emina-Cunmulaj.jpg\" alt=\"\" width=\"330\" height=\"430\" \/><\/a>Emina \u00c7unmulaj, tani edhe aktore<\/strong><\/p>\n<p>Bukuroshja Emine \u00c7unmulaj me tipare mesdhetare, me origjin\u00eb nga Tuzi i Malit t\u00eb Zi, k\u00ebto dit\u00eb \u00ebsht\u00eb duke xhiruar p\u00ebr filmin ku do t\u00eb marr\u00eb pjes\u00eb p\u00ebr her\u00eb t\u00eb par\u00eb, \u201cVirgin Eyes\u201d.<\/p>\n<p>Emine \u00c7unmulaj \u00ebsht\u00eb modelja m\u00eb e njohur shqiptare n\u00eb bot\u00eb, kjo \u00ebsht\u00eb e qart\u00eb p\u00ebr t\u00eb gjith\u00eb ne. Ajo ka pozuar p\u00ebr nj\u00eb s\u00ebr\u00eb revistash bot\u00ebrore, si n\u00eb prestigjiozen \u201cElite\u201d, \u201cVogue\u201d, \u201cMarie Claire\u201d, \u201cElite\u201d etj., si dhe ka sfiluar an\u00eb e mban\u00eb globit p\u00ebr emrat q\u00eb b\u00ebjn\u00eb mod\u00ebn, si Versace, Armani, Gucci, Valentino, Yves Saint Laurent etj. Vet\u00ebm pak dit\u00eb m\u00eb par\u00eb, s\u00eb bashku me dy modele t\u00eb tjera t\u00eb njohura ajo ka pushtuar kopertin\u00ebn e \u201cVogue Italia\u201d, nd\u00ebrsa n\u00eb brend\u00ebsi t\u00eb revist\u00ebs shoq\u00ebrohej me nj\u00eb set fotografik shum\u00eb seksi. Megjithat\u00eb, 26-vje\u00e7arja \u00c7unmulaj, pavar\u00ebsisht suksesit t\u00eb madh n\u00eb fush\u00ebn e mod\u00ebs, duket se ka ambicie t\u00eb prek\u00eb edhe bot\u00ebn e aktrimit, pse jo edhe Hollywood-in. Bukuroshja me tipare mesdhetare, me origjin\u00eb nga Ulqini i Malit t\u00eb Zi, k\u00ebto dit\u00eb \u00ebsht\u00eb duke xhiruar p\u00ebr filmin ku do t\u00eb marr\u00eb pjes\u00eb p\u00ebr her\u00eb t\u00eb par\u00eb, \u201cVirgin Eyes\u201d. Se p\u00ebr \u00e7far\u00eb roli b\u00ebhet fjal\u00eb, ne ende nuk e dim\u00eb me sakt\u00ebsi, por modelja q\u00eb shquhet mbi t\u00eb gjitha p\u00ebr flok\u00ebt e bukur dhe k\u00ebmb\u00ebt e gjata, do t\u00eb na b\u00ebj\u00eb t\u00eb ditura t\u00eb tjera detaje n\u00eb dit\u00ebt n\u00eb vijim. Mezi presim t\u00eb shohim performanc\u00ebn e saj t\u00eb par\u00eb si aktore. Nd\u00ebrkoh\u00eb, edhe pse Emina ka pasur shansin t\u00eb fotografohet an\u00eb e mban\u00eb bot\u00ebs nga profesionist\u00ebt m\u00eb t\u00eb shk\u00eblqyer t\u00eb k\u00ebsaj fushe, a e dini se kush \u00ebsht\u00eb i preferuari i saj?! \u00cbsht\u00eb pik\u00ebrisht fotografi shqiptar Fadil Berisha, i mir\u00ebnjohur p\u00ebr fotosesionet e mrekullueshme q\u00eb u b\u00ebn personazheve t\u00eb famsh\u00ebm. Vet\u00eb Emina \u00ebsht\u00eb shprehur se ai \u00ebsht\u00eb fotografi m\u00eb i mir\u00eb dhe i preferuari i saj, pasi si\u00e7 mund ta mendojm\u00eb, ai e ka ndihmuar modelen shqiptare n\u00eb hapat e par\u00eb t\u00eb karrier\u00ebs s\u00eb saj. Edhe sot q\u00eb ajo \u00ebsht\u00eb n\u00eb maj\u00eb, nuk harron ta p\u00ebrmend emrin e tij dhe t\u00eb pozoj\u00eb me dashamir\u00ebsi sa her\u00eb q\u00eb i jepet mund\u00ebsia ta takoj\u00eb.<\/p>\n<p><strong>Revista Kosovarja<br \/>\n<\/strong><br \/>\n<!--YouTube Error: bad URL entered--><\/p>\n","protected":false},"excerpt":{"rendered":"<p>Emina \u00c7unmulaj, tani edhe aktore Bukuroshja Emine \u00c7unmulaj me tipare mesdhetare, me origjin\u00eb nga Tuzi i Malit t\u00eb Zi, k\u00ebto dit\u00eb \u00ebsht\u00eb duke xhiruar p\u00ebr filmin ku do t\u00eb marr\u00eb pjes\u00eb p\u00ebr her\u00eb t\u00eb par\u00eb, \u201cVirgin Eyes\u201d. Emine \u00c7unmulaj \u00ebsht\u00eb modelja m\u00eb e njohur shqiptare n\u00eb bot\u00eb, kjo \u00ebsht\u00eb e qart\u00eb p\u00ebr t\u00eb gjith\u00eb ne. [&hellip;]<\/p>\n","protected":false},"author":1,"featured_media":0,"comment_status":"open","ping_status":"closed","sticky":false,"template":"","format":"standard","meta":{"spay_email":"","jetpack_publicize_message":"","jetpack_is_tweetstorm":false,"jetpack_publicize_feature_enabled":true},"categories":[5],"tags":[19070],"jetpack_publicize_connections":[],"yoast_head":"<!-- This site is optimized with the Yoast SEO plugin v19.1 - https:\/\/yoast.com\/wordpress\/plugins\/seo\/ -->\n<title>Intervist\u00eb eskluzive me ikon\u00ebn e mod\u00ebs Emine \u00c7unmulaj - Lajme nga Ulqini<\/title>\n<meta name=\"description\" content=\"Emina \u00c7unmulaj, tani edhe aktore Bukuroshja Emine \u00c7unmulaj me tipare mesdhetare, me origjin\u00eb nga Tuzi i Malit t\u00eb Zi, k\u00ebto dit\u00eb \u00ebsht\u00eb duke xhiruar p\u00ebr\" \/>\n<meta name=\"robots\" content=\"index, follow, max-snippet:-1, max-image-preview:large, max-video-preview:-1\" \/>\n<link rel=\"canonical\" href=\"https:\/\/www.visit-ulcinj.com\/blog\/2011\/09\/04\/interviste-eskluzive-me-ikonen-e-modes-emine-cunmulaj\/\" \/>\n<meta property=\"og:locale\" content=\"en_US\" \/>\n<meta property=\"og:type\" content=\"article\" \/>\n<meta property=\"og:title\" content=\"Intervist\u00eb eskluzive me ikon\u00ebn e mod\u00ebs Emine \u00c7unmulaj - Lajme nga Ulqini\" \/>\n<meta property=\"og:description\" content=\"Emina \u00c7unmulaj, tani edhe aktore Bukuroshja Emine \u00c7unmulaj me tipare mesdhetare, me origjin\u00eb nga Tuzi i Malit t\u00eb Zi, k\u00ebto dit\u00eb \u00ebsht\u00eb duke xhiruar p\u00ebr\" \/>\n<meta property=\"og:url\" content=\"https:\/\/www.visit-ulcinj.com\/blog\/2011\/09\/04\/interviste-eskluzive-me-ikonen-e-modes-emine-cunmulaj\/\" \/>\n<meta property=\"og:site_name\" content=\"Lajme nga Ulqini\" \/>\n<meta property=\"article:published_time\" content=\"2011-09-04T09:07:47+00:00\" \/>\n<meta property=\"article:modified_time\" content=\"2011-09-04T09:31:48+00:00\" \/>\n<meta property=\"og:image\" content=\"https:\/\/www.visit-ulcinj.com\/blog\/wp-content\/uploads\/2011\/09\/Emina-Cunmulaj-150x150.jpg\" \/>\n<meta name=\"twitter:label1\" content=\"Written by\" \/>\n\t<meta name=\"twitter:data1\" content=\"ulqini\" \/>\n\t<meta name=\"twitter:label2\" content=\"Est. reading time\" \/>\n\t<meta name=\"twitter:data2\" content=\"2 minutes\" \/>\n<script type=\"application\/ld+json\" class=\"yoast-schema-graph\">{\"@context\":\"https:\/\/schema.org\",\"@graph\":[{\"@type\":\"WebSite\",\"@id\":\"https:\/\/www.visit-ulcinj.com\/blog\/#website\",\"url\":\"https:\/\/www.visit-ulcinj.com\/blog\/\",\"name\":\"Lajme nga Ulqini\",\"description\":\"Lajme,Vijesti,Ulqini,Ulqin,Crna Gora,Mali i Zi\",\"potentialAction\":[{\"@type\":\"SearchAction\",\"target\":{\"@type\":\"EntryPoint\",\"urlTemplate\":\"https:\/\/www.visit-ulcinj.com\/blog\/?s={search_term_string}\"},\"query-input\":\"required name=search_term_string\"}],\"inLanguage\":\"en-US\"},{\"@type\":\"ImageObject\",\"inLanguage\":\"en-US\",\"@id\":\"https:\/\/www.visit-ulcinj.com\/blog\/2011\/09\/04\/interviste-eskluzive-me-ikonen-e-modes-emine-cunmulaj\/#primaryimage\",\"url\":\"http:\/\/www.visit-ulcinj.com\/blog\/wp-content\/uploads\/2011\/09\/Emina-Cunmulaj.jpg\",\"contentUrl\":\"http:\/\/www.visit-ulcinj.com\/blog\/wp-content\/uploads\/2011\/09\/Emina-Cunmulaj.jpg\"},{\"@type\":\"WebPage\",\"@id\":\"https:\/\/www.visit-ulcinj.com\/blog\/2011\/09\/04\/interviste-eskluzive-me-ikonen-e-modes-emine-cunmulaj\/#webpage\",\"url\":\"https:\/\/www.visit-ulcinj.com\/blog\/2011\/09\/04\/interviste-eskluzive-me-ikonen-e-modes-emine-cunmulaj\/\",\"name\":\"Intervist\u00eb eskluzive me ikon\u00ebn e mod\u00ebs Emine \u00c7unmulaj - Lajme nga Ulqini\",\"isPartOf\":{\"@id\":\"https:\/\/www.visit-ulcinj.com\/blog\/#website\"},\"primaryImageOfPage\":{\"@id\":\"https:\/\/www.visit-ulcinj.com\/blog\/2011\/09\/04\/interviste-eskluzive-me-ikonen-e-modes-emine-cunmulaj\/#primaryimage\"},\"datePublished\":\"2011-09-04T09:07:47+00:00\",\"dateModified\":\"2011-09-04T09:31:48+00:00\",\"author\":{\"@id\":\"https:\/\/www.visit-ulcinj.com\/blog\/#\/schema\/person\/dcab619c614d3038751c63bc2aadc06d\"},\"description\":\"Emina \u00c7unmulaj, tani edhe aktore Bukuroshja Emine \u00c7unmulaj me tipare mesdhetare, me origjin\u00eb nga Tuzi i Malit t\u00eb Zi, k\u00ebto dit\u00eb \u00ebsht\u00eb duke xhiruar p\u00ebr\",\"breadcrumb\":{\"@id\":\"https:\/\/www.visit-ulcinj.com\/blog\/2011\/09\/04\/interviste-eskluzive-me-ikonen-e-modes-emine-cunmulaj\/#breadcrumb\"},\"inLanguage\":\"en-US\",\"potentialAction\":[{\"@type\":\"ReadAction\",\"target\":[\"https:\/\/www.visit-ulcinj.com\/blog\/2011\/09\/04\/interviste-eskluzive-me-ikonen-e-modes-emine-cunmulaj\/\"]}]},{\"@type\":\"BreadcrumbList\",\"@id\":\"https:\/\/www.visit-ulcinj.com\/blog\/2011\/09\/04\/interviste-eskluzive-me-ikonen-e-modes-emine-cunmulaj\/#breadcrumb\",\"itemListElement\":[{\"@type\":\"ListItem\",\"position\":1,\"name\":\"Intervist\u00eb eskluzive me ikon\u00ebn e mod\u00ebs Emine \u00c7unmulaj\"}]},{\"@type\":\"Person\",\"@id\":\"https:\/\/www.visit-ulcinj.com\/blog\/#\/schema\/person\/dcab619c614d3038751c63bc2aadc06d\",\"name\":\"ulqini\",\"sameAs\":[\"http:\/\/www.visit-ulcinj.com\"],\"url\":\"https:\/\/www.visit-ulcinj.com\/blog\/author\/admin\/\"}]}<\/script>\n<!-- \/ Yoast SEO plugin. -->","yoast_head_json":{"title":"Intervist\u00eb eskluzive me ikon\u00ebn e mod\u00ebs Emine \u00c7unmulaj - Lajme nga Ulqini","description":"Emina \u00c7unmulaj, tani edhe aktore Bukuroshja Emine \u00c7unmulaj me tipare mesdhetare, me origjin\u00eb nga Tuzi i Malit t\u00eb Zi, k\u00ebto dit\u00eb \u00ebsht\u00eb duke xhiruar p\u00ebr","robots":{"index":"index","follow":"follow","max-snippet":"max-snippet:-1","max-image-preview":"max-image-preview:large","max-video-preview":"max-video-preview:-1"},"canonical":"https:\/\/www.visit-ulcinj.com\/blog\/2011\/09\/04\/interviste-eskluzive-me-ikonen-e-modes-emine-cunmulaj\/","og_locale":"en_US","og_type":"article","og_title":"Intervist\u00eb eskluzive me ikon\u00ebn e mod\u00ebs Emine \u00c7unmulaj - Lajme nga Ulqini","og_description":"Emina \u00c7unmulaj, tani edhe aktore Bukuroshja Emine \u00c7unmulaj me tipare mesdhetare, me origjin\u00eb nga Tuzi i Malit t\u00eb Zi, k\u00ebto dit\u00eb \u00ebsht\u00eb duke xhiruar p\u00ebr","og_url":"https:\/\/www.visit-ulcinj.com\/blog\/2011\/09\/04\/interviste-eskluzive-me-ikonen-e-modes-emine-cunmulaj\/","og_site_name":"Lajme nga Ulqini","article_published_time":"2011-09-04T09:07:47+00:00","article_modified_time":"2011-09-04T09:31:48+00:00","og_image":[{"url":"https:\/\/www.visit-ulcinj.com\/blog\/wp-content\/uploads\/2011\/09\/Emina-Cunmulaj-150x150.jpg"}],"twitter_misc":{"Written by":"ulqini","Est. reading time":"2 minutes"},"schema":{"@context":"https:\/\/schema.org","@graph":[{"@type":"WebSite","@id":"https:\/\/www.visit-ulcinj.com\/blog\/#website","url":"https:\/\/www.visit-ulcinj.com\/blog\/","name":"Lajme nga Ulqini","description":"Lajme,Vijesti,Ulqini,Ulqin,Crna Gora,Mali i Zi","potentialAction":[{"@type":"SearchAction","target":{"@type":"EntryPoint","urlTemplate":"https:\/\/www.visit-ulcinj.com\/blog\/?s={search_term_string}"},"query-input":"required name=search_term_string"}],"inLanguage":"en-US"},{"@type":"ImageObject","inLanguage":"en-US","@id":"https:\/\/www.visit-ulcinj.com\/blog\/2011\/09\/04\/interviste-eskluzive-me-ikonen-e-modes-emine-cunmulaj\/#primaryimage","url":"http:\/\/www.visit-ulcinj.com\/blog\/wp-content\/uploads\/2011\/09\/Emina-Cunmulaj.jpg","contentUrl":"http:\/\/www.visit-ulcinj.com\/blog\/wp-content\/uploads\/2011\/09\/Emina-Cunmulaj.jpg"},{"@type":"WebPage","@id":"https:\/\/www.visit-ulcinj.com\/blog\/2011\/09\/04\/interviste-eskluzive-me-ikonen-e-modes-emine-cunmulaj\/#webpage","url":"https:\/\/www.visit-ulcinj.com\/blog\/2011\/09\/04\/interviste-eskluzive-me-ikonen-e-modes-emine-cunmulaj\/","name":"Intervist\u00eb eskluzive me ikon\u00ebn e mod\u00ebs Emine \u00c7unmulaj - Lajme nga Ulqini","isPartOf":{"@id":"https:\/\/www.visit-ulcinj.com\/blog\/#website"},"primaryImageOfPage":{"@id":"https:\/\/www.visit-ulcinj.com\/blog\/2011\/09\/04\/interviste-eskluzive-me-ikonen-e-modes-emine-cunmulaj\/#primaryimage"},"datePublished":"2011-09-04T09:07:47+00:00","dateModified":"2011-09-04T09:31:48+00:00","author":{"@id":"https:\/\/www.visit-ulcinj.com\/blog\/#\/schema\/person\/dcab619c614d3038751c63bc2aadc06d"},"description":"Emina \u00c7unmulaj, tani edhe aktore Bukuroshja Emine \u00c7unmulaj me tipare mesdhetare, me origjin\u00eb nga Tuzi i Malit t\u00eb Zi, k\u00ebto dit\u00eb \u00ebsht\u00eb duke xhiruar p\u00ebr","breadcrumb":{"@id":"https:\/\/www.visit-ulcinj.com\/blog\/2011\/09\/04\/interviste-eskluzive-me-ikonen-e-modes-emine-cunmulaj\/#breadcrumb"},"inLanguage":"en-US","potentialAction":[{"@type":"ReadAction","target":["https:\/\/www.visit-ulcinj.com\/blog\/2011\/09\/04\/interviste-eskluzive-me-ikonen-e-modes-emine-cunmulaj\/"]}]},{"@type":"BreadcrumbList","@id":"https:\/\/www.visit-ulcinj.com\/blog\/2011\/09\/04\/interviste-eskluzive-me-ikonen-e-modes-emine-cunmulaj\/#breadcrumb","itemListElement":[{"@type":"ListItem","position":1,"name":"Intervist\u00eb eskluzive me ikon\u00ebn e mod\u00ebs Emine \u00c7unmulaj"}]},{"@type":"Person","@id":"https:\/\/www.visit-ulcinj.com\/blog\/#\/schema\/person\/dcab619c614d3038751c63bc2aadc06d","name":"ulqini","sameAs":["http:\/\/www.visit-ulcinj.com"],"url":"https:\/\/www.visit-ulcinj.com\/blog\/author\/admin\/"}]}},"jetpack_featured_media_url":"","jetpack_sharing_enabled":true,"jetpack_shortlink":"https:\/\/wp.me\/pe6lTn-d9W","_links":{"self":[{"href":"https:\/\/www.visit-ulcinj.com\/blog\/wp-json\/wp\/v2\/posts\/50588"}],"collection":[{"href":"https:\/\/www.visit-ulcinj.com\/blog\/wp-json\/wp\/v2\/posts"}],"about":[{"href":"https:\/\/www.visit-ulcinj.com\/blog\/wp-json\/wp\/v2\/types\/post"}],"author":[{"embeddable":true,"href":"https:\/\/www.visit-ulcinj.com\/blog\/wp-json\/wp\/v2\/users\/1"}],"replies":[{"embeddable":true,"href":"https:\/\/www.visit-ulcinj.com\/blog\/wp-json\/wp\/v2\/comments?post=50588"}],"version-history":[{"count":3,"href":"https:\/\/www.visit-ulcinj.com\/blog\/wp-json\/wp\/v2\/posts\/50588\/revisions"}],"predecessor-version":[{"id":50603,"href":"https:\/\/www.visit-ulcinj.com\/blog\/wp-json\/wp\/v2\/posts\/50588\/revisions\/50603"}],"wp:attachment":[{"href":"https:\/\/www.visit-ulcinj.com\/blog\/wp-json\/wp\/v2\/media?parent=50588"}],"wp:term":[{"taxonomy":"category","embeddable":true,"href":"https:\/\/www.visit-ulcinj.com\/blog\/wp-json\/wp\/v2\/categories?post=50588"},{"taxonomy":"post_tag","embeddable":true,"href":"https:\/\/www.visit-ulcinj.com\/blog\/wp-json\/wp\/v2\/tags?post=50588"}],"curies":[{"name":"wp","href":"https:\/\/api.w.org\/{rel}","templated":true}]}}