{"id":50612,"date":"2011-09-04T11:19:36","date_gmt":"2011-09-04T10:19:36","guid":{"rendered":"http:\/\/www.visit-ulcinj.com\/blog\/?p=50612"},"modified":"2011-09-04T11:19:36","modified_gmt":"2011-09-04T10:19:36","slug":"barbana-dini-shume-prej-kengetareve-jane-thjeshte-flluska-sapuni","status":"publish","type":"post","link":"https:\/\/www.visit-ulcinj.com\/blog\/2011\/09\/04\/barbana-dini-shume-prej-kengetareve-jane-thjeshte-flluska-sapuni\/","title":{"rendered":"Barbana Dini : &#8220;Shume prej kengetareve jane thjeshte flluska sapuni&#8221;"},"content":{"rendered":"<p><a href=\"http:\/\/www.visit-ulcinj.com\/blog\/wp-content\/uploads\/2011\/09\/Barbana-Dini.1.jpg\"><img loading=\"lazy\" class=\"alignleft size-full wp-image-50613\" title=\"Barbana Dini.1\" src=\"http:\/\/www.visit-ulcinj.com\/blog\/wp-content\/uploads\/2011\/09\/Barbana-Dini.1.jpg\" alt=\"\" width=\"508\" height=\"380\" \/><\/a>Ajo \u00ebsht\u00eb shum\u00eb e sigurt\u00eb n\u00eb vetvete dhe p\u00ebr me tep\u00ebr, e suksesshme n\u00eb prodhimet e saj\u00a0 muzikore ndon\u00ebs\u00eb prej shum\u00eb personash, emri i saj mund t\u00eb citohet relativisht i ri n\u00eb muzik\u00ebn shqiptare. Pavar\u00ebsisht v\u00ebshtir\u00ebsive q\u00eb paraqet fusha e muzik\u00ebs n\u00eb vendin, Barbana Dini ka realizuar disa klipe duke u munduar t\u00eb sjell\u00eb detaje plot\u00ebsisht origjinale p\u00ebr dashamir\u00ebsit e saj. P\u00ebr me tep\u00ebr, Trafik Vip, ka mundur t\u00eb realizoj\u00eb nj\u00eb intervist\u00eb eksluvizive ku do t\u00eb zbulohen fillesat e saj n\u00eb muzik\u00eb m\u00eb t\u00eb gjitha v\u00ebshtir\u00ebsit\u00eb, mendimet e Barban\u00ebs p\u00ebr tregun muzikor shqiptar dhe prurjet e reja q\u00eb po dep\u00ebrtojn\u00eb n\u00eb t\u00eb, planet m\u00eb t\u00eb af\u00ebrta t\u00eb saj n\u00eb fush\u00ebn profesionale, si edhe shume detaje t\u00eb tjera q\u00eb do t\u00eb mund t\u00eb kuptohen n\u00eb vazhdim\u00ebsi t\u00eb intervist\u00ebs\u2026<\/p>\n<p><strong>Fillimisht do t\u00eb donim si ka lindur pasioni yt per muzik\u00ebn. D\u00ebshira p\u00ebr t\u00eb k\u00ebnduar, ka q\u00ebn\u00eb e hershme q\u00eb n\u00eb vog\u00ebli si\u00e7 ndodh me shum\u00eb k\u00ebng\u00ebtar\u00eb apo ajo ka lindur m\u00eb von\u00eb?<\/strong><\/p>\n<p>Fillimet e mia n\u00eb muzik\u00eb lidhen me femij\u00ebrin\u00eb time. Kam filluar t\u00eb k\u00ebndoj q\u00eb n\u00eb mosh\u00ebn 7-vjecare, si pjes\u00ebmarr\u00ebse n\u00eb festivalet mbar\u00ebkomb\u00ebtare p\u00ebr f\u00ebmij\u00eb dhe konkurse t\u00eb ndryshme t\u00eb interpretuesve ku jam vler\u00ebsuar me shum\u00eb cmime. Me pak fjal\u00eb, nuk jam rastesisht pjese e muzikes\u2026<\/p>\n<p><a href=\"http:\/\/www.visit-ulcinj.com\/blog\/wp-content\/uploads\/2011\/09\/Barbana-Dini.2.jpg\"><img loading=\"lazy\" class=\"alignleft size-full wp-image-50614\" title=\"Barbana Dini.2\" src=\"http:\/\/www.visit-ulcinj.com\/blog\/wp-content\/uploads\/2011\/09\/Barbana-Dini.2.jpg\" alt=\"\" width=\"508\" height=\"620\" \/><\/a><\/p>\n<p><strong>Tregu i muzik\u00ebs po tejmbushet me emra t\u00eb rinj q\u00eb pretendojn\u00eb se b\u00ebjn\u00eb muzik\u00eb t\u00eb bukur. \u00c7\u2019mendim ka Barbana p\u00ebr k\u00ebto lloj prurjesh?<\/strong><\/p>\n<p>\u00cbsht\u00eb e v\u00ebrtet\u00eb q\u00eb ka shum\u00eb prurje, por un\u00eb mendoj se \u00ebsht\u00eb koha, ajo q\u00eb tregon se cil\u00ebt jan\u00eb artist\u00ebt e v\u00ebrtet\u00eb. Shum\u00eb prej k\u00ebtyre k\u00ebng\u00ebetar\u00ebve, jan\u00eb thjesht flluska sapuni dhe asgj\u00eb me shum\u00eb se aq\u2026<\/p>\n<p><strong>Thon\u00eb q\u00eb fillimi mbart gjithmon\u00eb v\u00ebshtir\u00ebsi, si n\u00eb muzik\u00eb ashtu edhe n\u00eb \u00e7do fush\u00eb tjet\u00ebr. Po kthehemi paksa mbrapa n\u00eb koh\u00eb dh\u00eb t\u00eb pyesim cilat kan\u00eb q\u00ebn\u00eb v\u00ebshtir\u00ebsit\u00eb m\u00eb t\u00eb m\u00ebdha q\u00eb mban m\u00ebnd nga fillimi i rrug\u00ebtimit t\u00ebnd n\u00eb muzik\u00eb?<\/strong><\/p>\n<p>Krahas sadisfaksionit t\u00eb madh q\u00eb te jep, muzika ka edhe an\u00ebn tjet\u00ebr t\u00eb medaljes q\u00eb do t\u00eb thot\u00eb shum\u00eb pun\u00eb, lodhje, net\u00eb pa gjum\u00eb, sakrifica, pra dedikim total ndaj saj. N\u00eb fillimet e mia, v\u00ebshtir\u00ebsit\u00eb p\u00ebr t\u00eb ecur p\u00ebrpara kishin t\u00eb b\u00ebnin me te patalentuarit e mbeshtetur nga miqt\u00eb dhe m\u00eb pas, v\u00ebshtir\u00ebsit\u00eb ishin n\u00eb gar\u00ebn me ato q\u00eb nuk dinin t\u00eb kendonin por q\u00eb kishin burime financiare dhe shiteshin n\u00eb saj t\u00eb imazhit.<\/p>\n<p><strong>Mendon se muzika n\u00eb vendin ton\u00eb konsiderohet edhe si biznes, nj\u00eb form\u00eb e mir\u00eb p\u00ebr t\u00eb gjeneruar t\u00eb ardhura dhe realisht sa fitimprur\u00ebse \u00ebsht\u00eb fusha e muzik\u00ebs?<\/strong><\/p>\n<p>Sigurisht q\u00eb muzika konsiderohet edhe si biznes, jo vet\u00ebm n\u00eb v\u00ebndin ton\u00eb, por n\u00eb t\u00eb gjith\u00eb bot\u00ebn, pavar\u00ebsisht kushteve jo t\u00eb p\u00ebrshtatshme q\u00eb kemi p\u00ebr t\u00eb zhvilluar sic duhet k\u00ebt\u00eb industri. Ajo \u00e7ka \u00ebsht\u00eb e r\u00ebnd\u00ebsishme, eshte q\u00eb t\u00eb b\u00ebrit biznes n\u00eb muzik\u00eb nuk duhet t\u00eb kthehet n\u00eb nj\u00eb q\u00ebllim m\u00eb vet\u00eb. Muzika shnd\u00ebrrohet n\u00eb biznes n\u00eb momentin q\u00eb sjell shum\u00eb fitime, por edhe investohet shum\u00eb n\u00eb t\u00eb.<\/p>\n<p><strong>Sa shum\u00eb ke investuar p\u00ebr t\u00eb q\u00ebn\u00eb e suksesshme n\u00eb muzik\u00eb dhe a t\u00eb \u00ebsht\u00eb dashur t\u00eb sakrifikosh di\u00e7ka nga vetja duke q\u00ebn\u00eb se shpesh duhet t\u00eb sakrifikohesh p\u00ebr t\u00eb arritur gj\u00ebra q\u00eb i ke p\u00ebrzemer?<\/strong><\/p>\n<p>Sigurisht q\u00eb kam investuar dhe kam sakrifikuar shum\u00eb, pasi p\u00ebrkushtimi i madh ndaj muzik\u00ebs m\u00eb ka b\u00ebr\u00eb q\u00eb t\u00eb l\u00eb shum\u00eb gj\u00ebra t\u00eb tjera pas dore si psh pushimet, daljet e shpeshta me miqt\u00eb dhe shum\u00eb aspekte t\u00eb tjera.<\/p>\n<p><strong>Cilat jan\u00eb aspektet apo momentet ku kuptohet cil\u00ebt jan\u00eb k\u00ebng\u00ebtar\u00ebt e v\u00ebrtet\u00eb? Sa e r\u00ebnd\u00ebsishme \u00ebsht\u00eb p\u00ebr nj\u00eb k\u00ebng\u00ebtar t\u00eb k\u00ebndoj\u00eb edhe live krahas muzik\u00ebs playback?<\/strong><\/p>\n<p>Fjala k\u00ebng\u00ebtar \u00ebsht\u00eb e pakonceptueshme ti referohet nj\u00eb \u201ck\u00ebng\u00ebtari\u201dq\u00eb nuk kendon live. Sot kushdo mund t\u00eb tentoj\u00eb t\u00eb b\u00ebj\u00eb nj\u00eb k\u00ebng\u00eb pasi edhe teknologjia ka avancuar shum\u00eb, por kjo gj\u00eb nuk e b\u00ebn at\u00eb kurrsesi t\u00eb quhet dhe t\u00eb konsiderohet i till\u00eb, megjith\u00ebse fatkeq\u00ebsisht kjo kategori e vetquajtur \u201ck\u00ebng\u00ebtar\u201d, po mbush televizionet dhe radiot\u2026<\/p>\n<p><strong>Cila \u00ebsht\u00eb k\u00ebnga q\u00eb ke m\u00eb tep\u00ebr p\u00ebrzem\u00ebr n\u00eb repertorin t\u00ebnd muzikor, pa dashur t\u00eb b\u00ebjm\u00eb diferencime nd\u00ebrmjet krijimtarive t\u00eb tua muzikore?<\/strong><\/p>\n<p>T\u00eb gjitha k\u00ebng\u00ebt q\u00eb kam b\u00ebr\u00eb deri tani i kam punuar me shum\u00eb dashuri dhe nj\u00ebkoh\u00ebsisht kam bashkpunuar me kompozitor\u00ebt dhe tekstshkruesit m\u00eb t\u00eb mir\u00eb, k\u00ebshtu q\u00eb e kam t\u00eb v\u00ebshtir\u00eb t\u00eb b\u00ebj diferencime, por do thoja qe kenga ime m\u00eb e re \u201cHajna Hajna\u201d, m\u00eb jep energji shum\u00eb pozitize kur e d\u00ebgjoj.<\/p>\n<p><strong>Sa e nj\u00ebjt\u00eb apo e ndryshme shfaqet Barbana n\u00eb k\u00ebng\u00ebt e saj dhe cila \u00ebsht\u00eb spuntoja kryesore n\u00eb realizimin e nj\u00eb k\u00ebnge?<\/strong><\/p>\n<p>Un\u00eb mundohem q\u00eb n\u00eb \u00e7do dalje t\u00eb sjell dicka t\u00eb re dhe ndryshe, e deri m\u00eb tani ja kam arritur q\u00ebllimit. Nuk m\u00eb p\u00eblqen monotonia artistike q\u00eb infekton shum\u00eb k\u00ebng\u00ebtar\u00eb dhe nj\u00ebkoh\u00ebsisht,\u00a0 m\u00eb p\u00eblqen t\u00eb eksperimentoj edhe me rrymat, pasi nuk e kam problem ti pershtatem t\u00eb gjitha natyrave.<\/p>\n<p><strong>A duhet t\u00eb jesh shum\u00eb \u00eb kuruar n\u00eb aparenc\u00ebn t\u00ebnde fizike q\u00eb t\u00eb b\u00ebhesh nje fem\u00ebr e suksesshme?<\/strong><\/p>\n<p>Mendoj se \u00e7do fem\u00ebr duhet t\u00eb kuroj\u00eb imazhin e saj, jo vetem ne q\u00eb jemi artiste. P\u00ebr mua \u00ebsht\u00eb shum\u00eb e r\u00ebnd\u00ebsishme t\u00eb kem nj\u00eb pamje t\u00eb rregullt kurdo sepse m\u00eb b\u00ebn t\u00eb ndihem mir\u00eb me veten\u2026<\/p>\n<p><a href=\"http:\/\/www.visit-ulcinj.com\/blog\/wp-content\/uploads\/2011\/09\/Barbana-Dini.3.jpg\"><img loading=\"lazy\" class=\"alignleft size-full wp-image-50615\" title=\"Barbana Dini.3\" src=\"http:\/\/www.visit-ulcinj.com\/blog\/wp-content\/uploads\/2011\/09\/Barbana-Dini.3.jpg\" alt=\"\" width=\"508\" height=\"620\" \/><\/a><\/p>\n<p><strong>Te flasim paksa p\u00ebr videoklipin t\u00ebnd m\u00eb t\u00eb fundit dhe disa detaje nga realizimi i tij?<\/strong><\/p>\n<p>K\u00ebnga ime m\u00eb e re \u201cHAJNA HAJNA\u201d ka pak dit\u00eb q\u00eb \u00ebsht\u00eb lan\u00e7uar n\u00eb tregun muzikor. K\u00ebnga \u00ebsht\u00eb nj\u00eb\u00a0 kompozim i Adi Hil\u00ebs dhe tekst i Rozana Radit. Klipi \u00ebsht\u00eb realizuar pjes\u00ebrisht n\u00eb Himar\u00eb dhe nj\u00eb pjes\u00eb e xhirimeve, jan\u00eb realizuar n\u00eb Budva. Kam punuar me 2 produksione p\u00ebr klipin: Po\u00eber Media dhe Art Industry, t\u00eb cil\u00ebt i falenderoj shum\u00eb p\u00ebr pun\u00ebn e mrekullueshme.<\/p>\n<p><strong>Sa e vler\u00ebsuar ndihesh nga publiku q\u00eb t\u00eb vler\u00ebson dhe t\u00eb suporton n\u00eb m\u00ebnyr\u00eb t\u00eb vazhdueshme?<\/strong><\/p>\n<p>Ndihem shum\u00eb e vler\u00ebsuar n\u00eb cdo moment, lumturohem pa mas\u00eb \u00e7do dite kur lexoj komente apo mesazhe te sinqerta nga ata. I jam borxhlie adhuruesve te mi dhe i premtoj, q\u00eb k\u00ebt\u00eb vit, do i sjell disa k\u00ebng\u00eb shum\u00eb t\u00eb bukura\u2026<\/p>\n<p><strong>Cilat jan\u00eb projektet e tua m\u00eb t\u00eb af\u00ebrta ne muzik\u00eb?<\/strong><\/p>\n<p>Kam shum\u00eb projekte n\u00eb m\u00ebndjen time, por deri n\u00eb realizimin e tyre, nuk mund te them asgj\u00eb konkrete\u2026<\/p>\n<p><strong>T\u00eb ndalemi paksa tek sfera emocionale. Sa e plot\u00ebsuar ndihet Barbana n\u00eb t\u00ebt\u00eb periudhe p\u00ebrsa i p\u00ebrket ndjenjave?<\/strong><\/p>\n<p>P\u00ebrsa i p\u00ebrket ndjenjave, ndihem shume mire pasi jam e rrethuar gjithmon\u00eb nga dashuria.<\/p>\n<p><strong>Dhe si p\u00ebrfundim, nj\u00eb mesazh t\u00eb fundit p\u00ebr t\u00eb gjith\u00eb fansat, dashamir\u00ebsit e tu.<\/strong><\/p>\n<p>Fansat e mi i falenderoj p\u00ebr mb\u00ebshtetjen e madhe dhe forc\u00ebn q\u00eb m\u00eb japin, ndersa juve ju p\u00ebrg\u00ebzoj dhe ju uroj sa m\u00eb shum\u00eb suksese n\u00eb vazhdim.<\/p>\n<p><strong>Vipat.info<br \/>\n<\/strong><!--YouTube Error: bad URL entered--><strong><br \/>\n<\/strong><\/p>\n","protected":false},"excerpt":{"rendered":"<p>Ajo \u00ebsht\u00eb shum\u00eb e sigurt\u00eb n\u00eb vetvete dhe p\u00ebr me tep\u00ebr, e suksesshme n\u00eb prodhimet e saj\u00a0 muzikore ndon\u00ebs\u00eb prej shum\u00eb personash, emri i saj mund t\u00eb citohet relativisht i ri n\u00eb muzik\u00ebn shqiptare. Pavar\u00ebsisht v\u00ebshtir\u00ebsive q\u00eb paraqet fusha e muzik\u00ebs n\u00eb vendin, Barbana Dini ka realizuar disa klipe duke u munduar t\u00eb sjell\u00eb detaje [&hellip;]<\/p>\n","protected":false},"author":1,"featured_media":0,"comment_status":"open","ping_status":"closed","sticky":false,"template":"","format":"standard","meta":{"spay_email":"","jetpack_publicize_message":"","jetpack_is_tweetstorm":false,"jetpack_publicize_feature_enabled":true},"categories":[1],"tags":[19071],"jetpack_publicize_connections":[],"yoast_head":"<!-- This site is optimized with the Yoast SEO plugin v19.1 - https:\/\/yoast.com\/wordpress\/plugins\/seo\/ -->\n<title>Barbana Dini : &quot;Shume prej kengetareve jane thjeshte flluska sapuni&quot; - Lajme nga Ulqini<\/title>\n<meta name=\"description\" content=\"Ajo \u00ebsht\u00eb shum\u00eb e sigurt\u00eb n\u00eb vetvete dhe p\u00ebr me tep\u00ebr, e suksesshme n\u00eb prodhimet e saj\u00a0 muzikore ndon\u00ebs\u00eb prej shum\u00eb personash, emri i saj mund t\u00eb citohet\" \/>\n<meta name=\"robots\" content=\"index, follow, max-snippet:-1, max-image-preview:large, max-video-preview:-1\" \/>\n<link rel=\"canonical\" href=\"https:\/\/www.visit-ulcinj.com\/blog\/2011\/09\/04\/barbana-dini-shume-prej-kengetareve-jane-thjeshte-flluska-sapuni\/\" \/>\n<meta property=\"og:locale\" content=\"en_US\" \/>\n<meta property=\"og:type\" content=\"article\" \/>\n<meta property=\"og:title\" content=\"Barbana Dini : &quot;Shume prej kengetareve jane thjeshte flluska sapuni&quot; - Lajme nga Ulqini\" \/>\n<meta property=\"og:description\" content=\"Ajo \u00ebsht\u00eb shum\u00eb e sigurt\u00eb n\u00eb vetvete dhe p\u00ebr me tep\u00ebr, e suksesshme n\u00eb prodhimet e saj\u00a0 muzikore ndon\u00ebs\u00eb prej shum\u00eb personash, emri i saj mund t\u00eb citohet\" \/>\n<meta property=\"og:url\" content=\"https:\/\/www.visit-ulcinj.com\/blog\/2011\/09\/04\/barbana-dini-shume-prej-kengetareve-jane-thjeshte-flluska-sapuni\/\" \/>\n<meta property=\"og:site_name\" content=\"Lajme nga Ulqini\" \/>\n<meta property=\"article:published_time\" content=\"2011-09-04T10:19:36+00:00\" \/>\n<meta property=\"og:image\" content=\"http:\/\/www.visit-ulcinj.com\/blog\/wp-content\/uploads\/2011\/09\/Barbana-Dini.1.jpg\" \/>\n<meta name=\"twitter:label1\" content=\"Written by\" \/>\n\t<meta name=\"twitter:data1\" content=\"ulqini\" \/>\n\t<meta name=\"twitter:label2\" content=\"Est. reading time\" \/>\n\t<meta name=\"twitter:data2\" content=\"6 minutes\" \/>\n<script type=\"application\/ld+json\" class=\"yoast-schema-graph\">{\"@context\":\"https:\/\/schema.org\",\"@graph\":[{\"@type\":\"WebSite\",\"@id\":\"https:\/\/www.visit-ulcinj.com\/blog\/#website\",\"url\":\"https:\/\/www.visit-ulcinj.com\/blog\/\",\"name\":\"Lajme nga Ulqini\",\"description\":\"Lajme,Vijesti,Ulqini,Ulqin,Crna Gora,Mali i Zi\",\"potentialAction\":[{\"@type\":\"SearchAction\",\"target\":{\"@type\":\"EntryPoint\",\"urlTemplate\":\"https:\/\/www.visit-ulcinj.com\/blog\/?s={search_term_string}\"},\"query-input\":\"required name=search_term_string\"}],\"inLanguage\":\"en-US\"},{\"@type\":\"ImageObject\",\"inLanguage\":\"en-US\",\"@id\":\"https:\/\/www.visit-ulcinj.com\/blog\/2011\/09\/04\/barbana-dini-shume-prej-kengetareve-jane-thjeshte-flluska-sapuni\/#primaryimage\",\"url\":\"http:\/\/www.visit-ulcinj.com\/blog\/wp-content\/uploads\/2011\/09\/Barbana-Dini.1.jpg\",\"contentUrl\":\"http:\/\/www.visit-ulcinj.com\/blog\/wp-content\/uploads\/2011\/09\/Barbana-Dini.1.jpg\"},{\"@type\":\"WebPage\",\"@id\":\"https:\/\/www.visit-ulcinj.com\/blog\/2011\/09\/04\/barbana-dini-shume-prej-kengetareve-jane-thjeshte-flluska-sapuni\/#webpage\",\"url\":\"https:\/\/www.visit-ulcinj.com\/blog\/2011\/09\/04\/barbana-dini-shume-prej-kengetareve-jane-thjeshte-flluska-sapuni\/\",\"name\":\"Barbana Dini : \\\"Shume prej kengetareve jane thjeshte flluska sapuni\\\" - Lajme nga Ulqini\",\"isPartOf\":{\"@id\":\"https:\/\/www.visit-ulcinj.com\/blog\/#website\"},\"primaryImageOfPage\":{\"@id\":\"https:\/\/www.visit-ulcinj.com\/blog\/2011\/09\/04\/barbana-dini-shume-prej-kengetareve-jane-thjeshte-flluska-sapuni\/#primaryimage\"},\"datePublished\":\"2011-09-04T10:19:36+00:00\",\"dateModified\":\"2011-09-04T10:19:36+00:00\",\"author\":{\"@id\":\"https:\/\/www.visit-ulcinj.com\/blog\/#\/schema\/person\/dcab619c614d3038751c63bc2aadc06d\"},\"description\":\"Ajo \u00ebsht\u00eb shum\u00eb e sigurt\u00eb n\u00eb vetvete dhe p\u00ebr me tep\u00ebr, e suksesshme n\u00eb prodhimet e saj\u00a0 muzikore ndon\u00ebs\u00eb prej shum\u00eb personash, emri i saj mund t\u00eb citohet\",\"breadcrumb\":{\"@id\":\"https:\/\/www.visit-ulcinj.com\/blog\/2011\/09\/04\/barbana-dini-shume-prej-kengetareve-jane-thjeshte-flluska-sapuni\/#breadcrumb\"},\"inLanguage\":\"en-US\",\"potentialAction\":[{\"@type\":\"ReadAction\",\"target\":[\"https:\/\/www.visit-ulcinj.com\/blog\/2011\/09\/04\/barbana-dini-shume-prej-kengetareve-jane-thjeshte-flluska-sapuni\/\"]}]},{\"@type\":\"BreadcrumbList\",\"@id\":\"https:\/\/www.visit-ulcinj.com\/blog\/2011\/09\/04\/barbana-dini-shume-prej-kengetareve-jane-thjeshte-flluska-sapuni\/#breadcrumb\",\"itemListElement\":[{\"@type\":\"ListItem\",\"position\":1,\"name\":\"Barbana Dini : &#8220;Shume prej kengetareve jane thjeshte flluska sapuni&#8221;\"}]},{\"@type\":\"Person\",\"@id\":\"https:\/\/www.visit-ulcinj.com\/blog\/#\/schema\/person\/dcab619c614d3038751c63bc2aadc06d\",\"name\":\"ulqini\",\"sameAs\":[\"http:\/\/www.visit-ulcinj.com\"],\"url\":\"https:\/\/www.visit-ulcinj.com\/blog\/author\/admin\/\"}]}<\/script>\n<!-- \/ Yoast SEO plugin. -->","yoast_head_json":{"title":"Barbana Dini : \"Shume prej kengetareve jane thjeshte flluska sapuni\" - Lajme nga Ulqini","description":"Ajo \u00ebsht\u00eb shum\u00eb e sigurt\u00eb n\u00eb vetvete dhe p\u00ebr me tep\u00ebr, e suksesshme n\u00eb prodhimet e saj\u00a0 muzikore ndon\u00ebs\u00eb prej shum\u00eb personash, emri i saj mund t\u00eb citohet","robots":{"index":"index","follow":"follow","max-snippet":"max-snippet:-1","max-image-preview":"max-image-preview:large","max-video-preview":"max-video-preview:-1"},"canonical":"https:\/\/www.visit-ulcinj.com\/blog\/2011\/09\/04\/barbana-dini-shume-prej-kengetareve-jane-thjeshte-flluska-sapuni\/","og_locale":"en_US","og_type":"article","og_title":"Barbana Dini : \"Shume prej kengetareve jane thjeshte flluska sapuni\" - Lajme nga Ulqini","og_description":"Ajo \u00ebsht\u00eb shum\u00eb e sigurt\u00eb n\u00eb vetvete dhe p\u00ebr me tep\u00ebr, e suksesshme n\u00eb prodhimet e saj\u00a0 muzikore ndon\u00ebs\u00eb prej shum\u00eb personash, emri i saj mund t\u00eb citohet","og_url":"https:\/\/www.visit-ulcinj.com\/blog\/2011\/09\/04\/barbana-dini-shume-prej-kengetareve-jane-thjeshte-flluska-sapuni\/","og_site_name":"Lajme nga Ulqini","article_published_time":"2011-09-04T10:19:36+00:00","og_image":[{"url":"http:\/\/www.visit-ulcinj.com\/blog\/wp-content\/uploads\/2011\/09\/Barbana-Dini.1.jpg"}],"twitter_misc":{"Written by":"ulqini","Est. reading time":"6 minutes"},"schema":{"@context":"https:\/\/schema.org","@graph":[{"@type":"WebSite","@id":"https:\/\/www.visit-ulcinj.com\/blog\/#website","url":"https:\/\/www.visit-ulcinj.com\/blog\/","name":"Lajme nga Ulqini","description":"Lajme,Vijesti,Ulqini,Ulqin,Crna Gora,Mali i Zi","potentialAction":[{"@type":"SearchAction","target":{"@type":"EntryPoint","urlTemplate":"https:\/\/www.visit-ulcinj.com\/blog\/?s={search_term_string}"},"query-input":"required name=search_term_string"}],"inLanguage":"en-US"},{"@type":"ImageObject","inLanguage":"en-US","@id":"https:\/\/www.visit-ulcinj.com\/blog\/2011\/09\/04\/barbana-dini-shume-prej-kengetareve-jane-thjeshte-flluska-sapuni\/#primaryimage","url":"http:\/\/www.visit-ulcinj.com\/blog\/wp-content\/uploads\/2011\/09\/Barbana-Dini.1.jpg","contentUrl":"http:\/\/www.visit-ulcinj.com\/blog\/wp-content\/uploads\/2011\/09\/Barbana-Dini.1.jpg"},{"@type":"WebPage","@id":"https:\/\/www.visit-ulcinj.com\/blog\/2011\/09\/04\/barbana-dini-shume-prej-kengetareve-jane-thjeshte-flluska-sapuni\/#webpage","url":"https:\/\/www.visit-ulcinj.com\/blog\/2011\/09\/04\/barbana-dini-shume-prej-kengetareve-jane-thjeshte-flluska-sapuni\/","name":"Barbana Dini : \"Shume prej kengetareve jane thjeshte flluska sapuni\" - Lajme nga Ulqini","isPartOf":{"@id":"https:\/\/www.visit-ulcinj.com\/blog\/#website"},"primaryImageOfPage":{"@id":"https:\/\/www.visit-ulcinj.com\/blog\/2011\/09\/04\/barbana-dini-shume-prej-kengetareve-jane-thjeshte-flluska-sapuni\/#primaryimage"},"datePublished":"2011-09-04T10:19:36+00:00","dateModified":"2011-09-04T10:19:36+00:00","author":{"@id":"https:\/\/www.visit-ulcinj.com\/blog\/#\/schema\/person\/dcab619c614d3038751c63bc2aadc06d"},"description":"Ajo \u00ebsht\u00eb shum\u00eb e sigurt\u00eb n\u00eb vetvete dhe p\u00ebr me tep\u00ebr, e suksesshme n\u00eb prodhimet e saj\u00a0 muzikore ndon\u00ebs\u00eb prej shum\u00eb personash, emri i saj mund t\u00eb citohet","breadcrumb":{"@id":"https:\/\/www.visit-ulcinj.com\/blog\/2011\/09\/04\/barbana-dini-shume-prej-kengetareve-jane-thjeshte-flluska-sapuni\/#breadcrumb"},"inLanguage":"en-US","potentialAction":[{"@type":"ReadAction","target":["https:\/\/www.visit-ulcinj.com\/blog\/2011\/09\/04\/barbana-dini-shume-prej-kengetareve-jane-thjeshte-flluska-sapuni\/"]}]},{"@type":"BreadcrumbList","@id":"https:\/\/www.visit-ulcinj.com\/blog\/2011\/09\/04\/barbana-dini-shume-prej-kengetareve-jane-thjeshte-flluska-sapuni\/#breadcrumb","itemListElement":[{"@type":"ListItem","position":1,"name":"Barbana Dini : &#8220;Shume prej kengetareve jane thjeshte flluska sapuni&#8221;"}]},{"@type":"Person","@id":"https:\/\/www.visit-ulcinj.com\/blog\/#\/schema\/person\/dcab619c614d3038751c63bc2aadc06d","name":"ulqini","sameAs":["http:\/\/www.visit-ulcinj.com"],"url":"https:\/\/www.visit-ulcinj.com\/blog\/author\/admin\/"}]}},"jetpack_featured_media_url":"","jetpack_sharing_enabled":true,"jetpack_shortlink":"https:\/\/wp.me\/pe6lTn-dak","_links":{"self":[{"href":"https:\/\/www.visit-ulcinj.com\/blog\/wp-json\/wp\/v2\/posts\/50612"}],"collection":[{"href":"https:\/\/www.visit-ulcinj.com\/blog\/wp-json\/wp\/v2\/posts"}],"about":[{"href":"https:\/\/www.visit-ulcinj.com\/blog\/wp-json\/wp\/v2\/types\/post"}],"author":[{"embeddable":true,"href":"https:\/\/www.visit-ulcinj.com\/blog\/wp-json\/wp\/v2\/users\/1"}],"replies":[{"embeddable":true,"href":"https:\/\/www.visit-ulcinj.com\/blog\/wp-json\/wp\/v2\/comments?post=50612"}],"version-history":[{"count":2,"href":"https:\/\/www.visit-ulcinj.com\/blog\/wp-json\/wp\/v2\/posts\/50612\/revisions"}],"predecessor-version":[{"id":50617,"href":"https:\/\/www.visit-ulcinj.com\/blog\/wp-json\/wp\/v2\/posts\/50612\/revisions\/50617"}],"wp:attachment":[{"href":"https:\/\/www.visit-ulcinj.com\/blog\/wp-json\/wp\/v2\/media?parent=50612"}],"wp:term":[{"taxonomy":"category","embeddable":true,"href":"https:\/\/www.visit-ulcinj.com\/blog\/wp-json\/wp\/v2\/categories?post=50612"},{"taxonomy":"post_tag","embeddable":true,"href":"https:\/\/www.visit-ulcinj.com\/blog\/wp-json\/wp\/v2\/tags?post=50612"}],"curies":[{"name":"wp","href":"https:\/\/api.w.org\/{rel}","templated":true}]}}