{"id":50618,"date":"2011-09-04T11:48:25","date_gmt":"2011-09-04T10:48:25","guid":{"rendered":"http:\/\/www.visit-ulcinj.com\/blog\/?p=50618"},"modified":"2011-09-04T11:48:25","modified_gmt":"2011-09-04T10:48:25","slug":"nora-dhe-mc-kresha-sjellin-kengen-%e2%80%9cas-ni-zo%e2%80%9d","status":"publish","type":"post","link":"https:\/\/www.visit-ulcinj.com\/blog\/2011\/09\/04\/nora-dhe-mc-kresha-sjellin-kengen-%e2%80%9cas-ni-zo%e2%80%9d\/","title":{"rendered":"Nora dhe Mc Kresha sjellin k\u00ebngen \u201cAs ni zo\u201d"},"content":{"rendered":"<p><strong><a href=\"http:\/\/www.visit-ulcinj.com\/blog\/wp-content\/uploads\/2011\/09\/Nora-iSTREFI-dhe-Mc-Kresha-sjellin-_As-ni-zo.jpg\"><img loading=\"lazy\" class=\"alignleft size-full wp-image-50619\" title=\"Nora iSTREFI dhe Mc Kresha sjellin _As ni zo\" src=\"http:\/\/www.visit-ulcinj.com\/blog\/wp-content\/uploads\/2011\/09\/Nora-iSTREFI-dhe-Mc-Kresha-sjellin-_As-ni-zo.jpg\" alt=\"\" width=\"508\" height=\"380\" \/><\/a>Nora Istrefit dhe reperi Mc Kresha k\u00ebt\u00eb jav\u00eb do t\u00eb publikojn\u00eb k\u00ebng\u00ebn e tyre t\u00eb re t\u00eb titulluar \u201cAs ni zo\u201d.<\/strong><\/p>\n<p>Lajmin e ka b\u00ebr\u00eb t\u00eb ditur vet\u00eb k\u00ebng\u00ebtarja kosovare gjat\u00eb nj\u00eb interviste p\u00ebr t\u00eb p\u00ebrditshmen Infopress.<\/p>\n<p>\u201cSapo e kemi p\u00ebrfunduar bashk\u00ebpunimin e k\u00ebng\u00ebs me Mc Kresh\u00ebn. K\u00ebt\u00eb k\u00ebng\u00eb e ka p\u00ebrfunduar Zzap dhe Chris, nd\u00ebrsa p\u00ebr tekst kemi bashk\u00ebpunuar me Bim Bimm\u00ebn. K\u00ebnga titullohet \u2018As ni zo\u2019, kurse p\u00ebr klip \u00ebsht\u00eb p\u00ebrkujdesur \u2018Entermedia\u2019. Lansimi i k\u00ebng\u00ebs do t\u00eb b\u00ebhet brenda k\u00ebsaj jave dhe besojm\u00eb q\u00eb do t\u00eb p\u00eblqehet\u201d, ka th\u00ebn\u00eb Nora.<\/p>\n<p>P\u00ebrve\u00e7 duetit Me Mc Kresh\u00ebn, Nora \u00ebsht\u00eb duke punuar fuqish\u00ebm edhe n\u00eb nj\u00eb k\u00ebng\u00eb tjet\u00ebr, p\u00ebr t\u00eb cil\u00ebn thot\u00eb se do t\u00eb publikohet disa jav\u00eb m\u00eb von\u00eb, nd\u00ebrsa nuk e po e len anash edhe pun\u00ebn n\u00eb albumin e saj t\u00eb ri.<\/p>\n<p>&#8220;Pas bashk\u00ebpunimit me Mc Kresh\u00ebn, jam duke punuar p\u00ebr k\u00ebng\u00eb tjet\u00ebr. Pra derisa fansat e d\u00ebgjojn\u00eb k\u00ebng\u00ebn time m\u00eb t\u00eb re, un\u00eb do t\u00eb p\u00ebrgatis k\u00ebng\u00ebn tjet\u00ebr p\u00ebr t\u00eb cil\u00ebn jam duke punuar shum\u00eb. Jam duke punuar edhe n\u00eb album, por nj\u00ebher\u00eb p\u00ebrnj\u00ebher\u00eb \u00ebsht\u00eb her\u00ebt t\u00eb flas rreth albumit\u201d, ka pohuar k\u00ebng\u00ebtarja.<\/p>\n<p>Pas p\u00ebrfundimit t\u00eb angazhimeve Nora thot\u00eb se do t\u00eb gjej\u00eb ca koh\u00eb p\u00ebr pushime me t\u00eb fejuarin e saj Robertin, edhe pse ende nuk kan\u00eb vendosur se ku do t\u2019i kalojn\u00eb ato.<\/p>\n<p><strong>Telegrafi<br \/>\n<\/strong><br \/>\n<!--YouTube Error: bad URL entered--><\/p>\n","protected":false},"excerpt":{"rendered":"<p>Nora Istrefit dhe reperi Mc Kresha k\u00ebt\u00eb jav\u00eb do t\u00eb publikojn\u00eb k\u00ebng\u00ebn e tyre t\u00eb re t\u00eb titulluar \u201cAs ni zo\u201d. Lajmin e ka b\u00ebr\u00eb t\u00eb ditur vet\u00eb k\u00ebng\u00ebtarja kosovare gjat\u00eb nj\u00eb interviste p\u00ebr t\u00eb p\u00ebrditshmen Infopress. \u201cSapo e kemi p\u00ebrfunduar bashk\u00ebpunimin e k\u00ebng\u00ebs me Mc Kresh\u00ebn. K\u00ebt\u00eb k\u00ebng\u00eb e ka p\u00ebrfunduar Zzap dhe Chris, [&hellip;]<\/p>\n","protected":false},"author":1,"featured_media":0,"comment_status":"open","ping_status":"closed","sticky":false,"template":"","format":"standard","meta":{"spay_email":"","jetpack_publicize_message":"","jetpack_is_tweetstorm":false,"jetpack_publicize_feature_enabled":true},"categories":[1],"tags":[9382,4939],"jetpack_publicize_connections":[],"yoast_head":"<!-- This site is optimized with the Yoast SEO plugin v19.1 - https:\/\/yoast.com\/wordpress\/plugins\/seo\/ -->\n<title>Nora dhe Mc Kresha sjellin k\u00ebngen \u201cAs ni zo\u201d - Lajme nga Ulqini<\/title>\n<meta name=\"description\" content=\"Nora Istrefit dhe reperi Mc Kresha k\u00ebt\u00eb jav\u00eb do t\u00eb publikojn\u00eb k\u00ebng\u00ebn e tyre t\u00eb re t\u00eb titulluar \u201cAs ni zo\u201d. Lajmin e ka b\u00ebr\u00eb t\u00eb ditur vet\u00eb k\u00ebng\u00ebtarja\" \/>\n<meta name=\"robots\" content=\"index, follow, max-snippet:-1, max-image-preview:large, max-video-preview:-1\" \/>\n<link rel=\"canonical\" href=\"https:\/\/www.visit-ulcinj.com\/blog\/2011\/09\/04\/nora-dhe-mc-kresha-sjellin-kengen-\u201cas-ni-zo\u201d\/\" \/>\n<meta property=\"og:locale\" content=\"en_US\" \/>\n<meta property=\"og:type\" content=\"article\" \/>\n<meta property=\"og:title\" content=\"Nora dhe Mc Kresha sjellin k\u00ebngen \u201cAs ni zo\u201d - Lajme nga Ulqini\" \/>\n<meta property=\"og:description\" content=\"Nora Istrefit dhe reperi Mc Kresha k\u00ebt\u00eb jav\u00eb do t\u00eb publikojn\u00eb k\u00ebng\u00ebn e tyre t\u00eb re t\u00eb titulluar \u201cAs ni zo\u201d. Lajmin e ka b\u00ebr\u00eb t\u00eb ditur vet\u00eb k\u00ebng\u00ebtarja\" \/>\n<meta property=\"og:url\" content=\"https:\/\/www.visit-ulcinj.com\/blog\/2011\/09\/04\/nora-dhe-mc-kresha-sjellin-kengen-\u201cas-ni-zo\u201d\/\" \/>\n<meta property=\"og:site_name\" content=\"Lajme nga Ulqini\" \/>\n<meta property=\"article:published_time\" content=\"2011-09-04T10:48:25+00:00\" \/>\n<meta property=\"og:image\" content=\"https:\/\/www.visit-ulcinj.com\/blog\/wp-content\/uploads\/2011\/09\/Nora-iSTREFI-dhe-Mc-Kresha-sjellin-_As-ni-zo-150x150.jpg\" \/>\n<meta name=\"twitter:label1\" content=\"Written by\" \/>\n\t<meta name=\"twitter:data1\" content=\"ulqini\" \/>\n\t<meta name=\"twitter:label2\" content=\"Est. reading time\" \/>\n\t<meta name=\"twitter:data2\" content=\"1 minute\" \/>\n<script type=\"application\/ld+json\" class=\"yoast-schema-graph\">{\"@context\":\"https:\/\/schema.org\",\"@graph\":[{\"@type\":\"WebSite\",\"@id\":\"https:\/\/www.visit-ulcinj.com\/blog\/#website\",\"url\":\"https:\/\/www.visit-ulcinj.com\/blog\/\",\"name\":\"Lajme nga Ulqini\",\"description\":\"Lajme,Vijesti,Ulqini,Ulqin,Crna Gora,Mali i Zi\",\"potentialAction\":[{\"@type\":\"SearchAction\",\"target\":{\"@type\":\"EntryPoint\",\"urlTemplate\":\"https:\/\/www.visit-ulcinj.com\/blog\/?s={search_term_string}\"},\"query-input\":\"required name=search_term_string\"}],\"inLanguage\":\"en-US\"},{\"@type\":\"ImageObject\",\"inLanguage\":\"en-US\",\"@id\":\"https:\/\/www.visit-ulcinj.com\/blog\/2011\/09\/04\/nora-dhe-mc-kresha-sjellin-kengen-%e2%80%9cas-ni-zo%e2%80%9d\/#primaryimage\",\"url\":\"http:\/\/www.visit-ulcinj.com\/blog\/wp-content\/uploads\/2011\/09\/Nora-iSTREFI-dhe-Mc-Kresha-sjellin-_As-ni-zo.jpg\",\"contentUrl\":\"http:\/\/www.visit-ulcinj.com\/blog\/wp-content\/uploads\/2011\/09\/Nora-iSTREFI-dhe-Mc-Kresha-sjellin-_As-ni-zo.jpg\"},{\"@type\":\"WebPage\",\"@id\":\"https:\/\/www.visit-ulcinj.com\/blog\/2011\/09\/04\/nora-dhe-mc-kresha-sjellin-kengen-%e2%80%9cas-ni-zo%e2%80%9d\/#webpage\",\"url\":\"https:\/\/www.visit-ulcinj.com\/blog\/2011\/09\/04\/nora-dhe-mc-kresha-sjellin-kengen-%e2%80%9cas-ni-zo%e2%80%9d\/\",\"name\":\"Nora dhe Mc Kresha sjellin k\u00ebngen \u201cAs ni zo\u201d - Lajme nga Ulqini\",\"isPartOf\":{\"@id\":\"https:\/\/www.visit-ulcinj.com\/blog\/#website\"},\"primaryImageOfPage\":{\"@id\":\"https:\/\/www.visit-ulcinj.com\/blog\/2011\/09\/04\/nora-dhe-mc-kresha-sjellin-kengen-%e2%80%9cas-ni-zo%e2%80%9d\/#primaryimage\"},\"datePublished\":\"2011-09-04T10:48:25+00:00\",\"dateModified\":\"2011-09-04T10:48:25+00:00\",\"author\":{\"@id\":\"https:\/\/www.visit-ulcinj.com\/blog\/#\/schema\/person\/dcab619c614d3038751c63bc2aadc06d\"},\"description\":\"Nora Istrefit dhe reperi Mc Kresha k\u00ebt\u00eb jav\u00eb do t\u00eb publikojn\u00eb k\u00ebng\u00ebn e tyre t\u00eb re t\u00eb titulluar \u201cAs ni zo\u201d. Lajmin e ka b\u00ebr\u00eb t\u00eb ditur vet\u00eb k\u00ebng\u00ebtarja\",\"breadcrumb\":{\"@id\":\"https:\/\/www.visit-ulcinj.com\/blog\/2011\/09\/04\/nora-dhe-mc-kresha-sjellin-kengen-%e2%80%9cas-ni-zo%e2%80%9d\/#breadcrumb\"},\"inLanguage\":\"en-US\",\"potentialAction\":[{\"@type\":\"ReadAction\",\"target\":[\"https:\/\/www.visit-ulcinj.com\/blog\/2011\/09\/04\/nora-dhe-mc-kresha-sjellin-kengen-%e2%80%9cas-ni-zo%e2%80%9d\/\"]}]},{\"@type\":\"BreadcrumbList\",\"@id\":\"https:\/\/www.visit-ulcinj.com\/blog\/2011\/09\/04\/nora-dhe-mc-kresha-sjellin-kengen-%e2%80%9cas-ni-zo%e2%80%9d\/#breadcrumb\",\"itemListElement\":[{\"@type\":\"ListItem\",\"position\":1,\"name\":\"Nora dhe Mc Kresha sjellin k\u00ebngen \u201cAs ni zo\u201d\"}]},{\"@type\":\"Person\",\"@id\":\"https:\/\/www.visit-ulcinj.com\/blog\/#\/schema\/person\/dcab619c614d3038751c63bc2aadc06d\",\"name\":\"ulqini\",\"sameAs\":[\"http:\/\/www.visit-ulcinj.com\"],\"url\":\"https:\/\/www.visit-ulcinj.com\/blog\/author\/admin\/\"}]}<\/script>\n<!-- \/ Yoast SEO plugin. -->","yoast_head_json":{"title":"Nora dhe Mc Kresha sjellin k\u00ebngen \u201cAs ni zo\u201d - Lajme nga Ulqini","description":"Nora Istrefit dhe reperi Mc Kresha k\u00ebt\u00eb jav\u00eb do t\u00eb publikojn\u00eb k\u00ebng\u00ebn e tyre t\u00eb re t\u00eb titulluar \u201cAs ni zo\u201d. Lajmin e ka b\u00ebr\u00eb t\u00eb ditur vet\u00eb k\u00ebng\u00ebtarja","robots":{"index":"index","follow":"follow","max-snippet":"max-snippet:-1","max-image-preview":"max-image-preview:large","max-video-preview":"max-video-preview:-1"},"canonical":"https:\/\/www.visit-ulcinj.com\/blog\/2011\/09\/04\/nora-dhe-mc-kresha-sjellin-kengen-\u201cas-ni-zo\u201d\/","og_locale":"en_US","og_type":"article","og_title":"Nora dhe Mc Kresha sjellin k\u00ebngen \u201cAs ni zo\u201d - Lajme nga Ulqini","og_description":"Nora Istrefit dhe reperi Mc Kresha k\u00ebt\u00eb jav\u00eb do t\u00eb publikojn\u00eb k\u00ebng\u00ebn e tyre t\u00eb re t\u00eb titulluar \u201cAs ni zo\u201d. Lajmin e ka b\u00ebr\u00eb t\u00eb ditur vet\u00eb k\u00ebng\u00ebtarja","og_url":"https:\/\/www.visit-ulcinj.com\/blog\/2011\/09\/04\/nora-dhe-mc-kresha-sjellin-kengen-\u201cas-ni-zo\u201d\/","og_site_name":"Lajme nga Ulqini","article_published_time":"2011-09-04T10:48:25+00:00","og_image":[{"url":"https:\/\/www.visit-ulcinj.com\/blog\/wp-content\/uploads\/2011\/09\/Nora-iSTREFI-dhe-Mc-Kresha-sjellin-_As-ni-zo-150x150.jpg"}],"twitter_misc":{"Written by":"ulqini","Est. reading time":"1 minute"},"schema":{"@context":"https:\/\/schema.org","@graph":[{"@type":"WebSite","@id":"https:\/\/www.visit-ulcinj.com\/blog\/#website","url":"https:\/\/www.visit-ulcinj.com\/blog\/","name":"Lajme nga Ulqini","description":"Lajme,Vijesti,Ulqini,Ulqin,Crna Gora,Mali i Zi","potentialAction":[{"@type":"SearchAction","target":{"@type":"EntryPoint","urlTemplate":"https:\/\/www.visit-ulcinj.com\/blog\/?s={search_term_string}"},"query-input":"required name=search_term_string"}],"inLanguage":"en-US"},{"@type":"ImageObject","inLanguage":"en-US","@id":"https:\/\/www.visit-ulcinj.com\/blog\/2011\/09\/04\/nora-dhe-mc-kresha-sjellin-kengen-%e2%80%9cas-ni-zo%e2%80%9d\/#primaryimage","url":"http:\/\/www.visit-ulcinj.com\/blog\/wp-content\/uploads\/2011\/09\/Nora-iSTREFI-dhe-Mc-Kresha-sjellin-_As-ni-zo.jpg","contentUrl":"http:\/\/www.visit-ulcinj.com\/blog\/wp-content\/uploads\/2011\/09\/Nora-iSTREFI-dhe-Mc-Kresha-sjellin-_As-ni-zo.jpg"},{"@type":"WebPage","@id":"https:\/\/www.visit-ulcinj.com\/blog\/2011\/09\/04\/nora-dhe-mc-kresha-sjellin-kengen-%e2%80%9cas-ni-zo%e2%80%9d\/#webpage","url":"https:\/\/www.visit-ulcinj.com\/blog\/2011\/09\/04\/nora-dhe-mc-kresha-sjellin-kengen-%e2%80%9cas-ni-zo%e2%80%9d\/","name":"Nora dhe Mc Kresha sjellin k\u00ebngen \u201cAs ni zo\u201d - Lajme nga Ulqini","isPartOf":{"@id":"https:\/\/www.visit-ulcinj.com\/blog\/#website"},"primaryImageOfPage":{"@id":"https:\/\/www.visit-ulcinj.com\/blog\/2011\/09\/04\/nora-dhe-mc-kresha-sjellin-kengen-%e2%80%9cas-ni-zo%e2%80%9d\/#primaryimage"},"datePublished":"2011-09-04T10:48:25+00:00","dateModified":"2011-09-04T10:48:25+00:00","author":{"@id":"https:\/\/www.visit-ulcinj.com\/blog\/#\/schema\/person\/dcab619c614d3038751c63bc2aadc06d"},"description":"Nora Istrefit dhe reperi Mc Kresha k\u00ebt\u00eb jav\u00eb do t\u00eb publikojn\u00eb k\u00ebng\u00ebn e tyre t\u00eb re t\u00eb titulluar \u201cAs ni zo\u201d. Lajmin e ka b\u00ebr\u00eb t\u00eb ditur vet\u00eb k\u00ebng\u00ebtarja","breadcrumb":{"@id":"https:\/\/www.visit-ulcinj.com\/blog\/2011\/09\/04\/nora-dhe-mc-kresha-sjellin-kengen-%e2%80%9cas-ni-zo%e2%80%9d\/#breadcrumb"},"inLanguage":"en-US","potentialAction":[{"@type":"ReadAction","target":["https:\/\/www.visit-ulcinj.com\/blog\/2011\/09\/04\/nora-dhe-mc-kresha-sjellin-kengen-%e2%80%9cas-ni-zo%e2%80%9d\/"]}]},{"@type":"BreadcrumbList","@id":"https:\/\/www.visit-ulcinj.com\/blog\/2011\/09\/04\/nora-dhe-mc-kresha-sjellin-kengen-%e2%80%9cas-ni-zo%e2%80%9d\/#breadcrumb","itemListElement":[{"@type":"ListItem","position":1,"name":"Nora dhe Mc Kresha sjellin k\u00ebngen \u201cAs ni zo\u201d"}]},{"@type":"Person","@id":"https:\/\/www.visit-ulcinj.com\/blog\/#\/schema\/person\/dcab619c614d3038751c63bc2aadc06d","name":"ulqini","sameAs":["http:\/\/www.visit-ulcinj.com"],"url":"https:\/\/www.visit-ulcinj.com\/blog\/author\/admin\/"}]}},"jetpack_featured_media_url":"","jetpack_sharing_enabled":true,"jetpack_shortlink":"https:\/\/wp.me\/pe6lTn-daq","_links":{"self":[{"href":"https:\/\/www.visit-ulcinj.com\/blog\/wp-json\/wp\/v2\/posts\/50618"}],"collection":[{"href":"https:\/\/www.visit-ulcinj.com\/blog\/wp-json\/wp\/v2\/posts"}],"about":[{"href":"https:\/\/www.visit-ulcinj.com\/blog\/wp-json\/wp\/v2\/types\/post"}],"author":[{"embeddable":true,"href":"https:\/\/www.visit-ulcinj.com\/blog\/wp-json\/wp\/v2\/users\/1"}],"replies":[{"embeddable":true,"href":"https:\/\/www.visit-ulcinj.com\/blog\/wp-json\/wp\/v2\/comments?post=50618"}],"version-history":[{"count":2,"href":"https:\/\/www.visit-ulcinj.com\/blog\/wp-json\/wp\/v2\/posts\/50618\/revisions"}],"predecessor-version":[{"id":51167,"href":"https:\/\/www.visit-ulcinj.com\/blog\/wp-json\/wp\/v2\/posts\/50618\/revisions\/51167"}],"wp:attachment":[{"href":"https:\/\/www.visit-ulcinj.com\/blog\/wp-json\/wp\/v2\/media?parent=50618"}],"wp:term":[{"taxonomy":"category","embeddable":true,"href":"https:\/\/www.visit-ulcinj.com\/blog\/wp-json\/wp\/v2\/categories?post=50618"},{"taxonomy":"post_tag","embeddable":true,"href":"https:\/\/www.visit-ulcinj.com\/blog\/wp-json\/wp\/v2\/tags?post=50618"}],"curies":[{"name":"wp","href":"https:\/\/api.w.org\/{rel}","templated":true}]}}