{"id":50623,"date":"2011-09-04T12:22:13","date_gmt":"2011-09-04T11:22:13","guid":{"rendered":"http:\/\/www.visit-ulcinj.com\/blog\/?p=50623"},"modified":"2011-09-04T14:03:14","modified_gmt":"2011-09-04T13:03:14","slug":"nena-edone-dhe-vogelushja-doa","status":"publish","type":"post","link":"https:\/\/www.visit-ulcinj.com\/blog\/2011\/09\/04\/nena-edone-dhe-vogelushja-doa\/","title":{"rendered":"N\u00ebna Edon\u00eb dhe vog\u00eblushja Doa!"},"content":{"rendered":"<p><strong><a href=\"http:\/\/www.visit-ulcinj.com\/blog\/wp-content\/uploads\/2011\/09\/Edona-Llolloshi_DOA.jpg\"><img loading=\"lazy\" class=\"alignleft size-full wp-image-50624\" title=\"Edona Llolloshi_DOA\" src=\"http:\/\/www.visit-ulcinj.com\/blog\/wp-content\/uploads\/2011\/09\/Edona-Llolloshi_DOA.jpg\" alt=\"\" width=\"508\" height=\"380\" \/><\/a>\u00cbsht\u00eb shum\u00eb skenike. B\u00ebn performanc\u00eb ndryshe nga t\u00eb tjer\u00ebt. \u00cbsht\u00eb origjinale dhe shum\u00eb sharmante. \u00cbsht\u00eb Edona Llolloshi, k\u00ebng\u00ebtarja q\u00eb p\u00ebr disa vite me radh\u00eb \u00ebsht\u00eb munduar t\u00eb krijoj\u00eb k\u00ebng\u00eb ku dominon vlera. N\u00eb korrik, gjeti bukurin\u00eb e shpirtit&#8230;tani po p\u00ebrjeton emocionet e ardhjes s\u00eb vajz\u00ebs n\u00eb familjen e saj.<\/strong><\/p>\n<p><strong>Intervistoi: Gazmend Kajtazi<\/strong><\/p>\n<p>Vajza e Llallosh\u00ebve, thot\u00eb se q\u00ebkur ishte e shum\u00eb e vog\u00ebl ishte mish\u00ebruar me muzik\u00ebn, e rritur n\u00eb nj\u00eb rreth familjar ku k\u00ebnga ishte tradit\u00eb. Q\u00eb nga dit\u00ebt e para n\u00eb k\u00ebng\u00eb e deri m\u00eb sot kur shijon dit\u00ebt e saja n\u00eb bot\u00ebn e artit.<\/p>\n<p>Edona, ka sjell n\u00eb jet\u00eb f\u00ebmij\u00ebn e par\u00eb, g\u00ebzimin e par\u00eb dhe mbase \u00ebsht\u00eb shum\u00eb e lumtur p\u00ebr k\u00ebt\u00eb, sepse t\u00eb sjell\u00ebsh n\u00eb jet\u00eb nj\u00eb jet\u00eb, \u00ebsht\u00eb lumturi e v\u00ebrtet\u00eb!<\/p>\n<p>Edona nuk del shpesh n\u00eb media edhe pse \u00ebsht\u00eb vazhdimisht e p\u00eblqyer nga publiku. I kam th\u00ebn\u00eb t\u00eb gjitha dhe nuk don ta p\u00ebrs\u00ebris veten. Por, k\u00ebt\u00eb her\u00eb e ka nj\u00eb motiv p\u00ebr t\u00eb folur dhe p\u00ebr m\u00eb tep\u00ebr t\u00eb na tregoj\u00eb di\u00e7ka nga vetja e saj&#8230;<\/p>\n<p><a href=\"http:\/\/www.visit-ulcinj.com\/blog\/wp-content\/uploads\/2011\/09\/Edona-Llolloshi_Gazmend-Fejzullahu.jpg\"><img loading=\"lazy\" class=\"alignleft size-full wp-image-50625\" title=\"Edona Llolloshi_Gazmend Fejzullahu\" src=\"http:\/\/www.visit-ulcinj.com\/blog\/wp-content\/uploads\/2011\/09\/Edona-Llolloshi_Gazmend-Fejzullahu.jpg\" alt=\"\" width=\"508\" height=\"340\" \/><\/a><\/p>\n<p><strong>Edona, p\u00ebr pak menduam se e kishit harruan k\u00ebng\u00ebn, publikun&#8230;? <\/strong><strong>Si po ndiheni pas pauz\u00ebs n\u00eb k\u00ebt\u00eb pun\u00eb? A keni ndonj\u00eb model kur \u00ebsht\u00eb fjala p\u00ebr stilin tuaj dhe si do t\u00eb na p\u00ebrshkruani n\u00eb pika t\u00eb shkurtra?<\/strong><br \/>\nP\u00ebr stilin tim, prezantimin, k\u00ebndimin, tekstet, bashk\u00ebpun\u00ebtor\u00ebt, \u00ebsht\u00eb shkruar dhe folur mjaft&#8230; tani q\u00eb jam b\u00ebr\u00eb n\u00ebn\u00eb, nuk besoj se do t\u00eb ndryshoj shum\u00eb n\u00eb k\u00ebt\u00eb drejtim, p\u00ebrve\u00e7 ca ndryshimeve t\u00eb vogla n\u00eb hap me koh\u00ebn, por pa e humbur imazhin e Edon\u00ebs.<\/p>\n<p><strong>Si po ndjeheni, sa ka ndryshuar jeta juaj q\u00eb kur jeni b\u00ebr\u00eb n\u00ebn\u00eb?<\/strong><br \/>\n\u00cbsht\u00eb nj\u00eb ndjenj\u00eb fantastike q\u00eb nuk p\u00ebrshkruhet me fjal\u00eb.<br \/>\n<a href=\"http:\/\/www.visit-ulcinj.com\/blog\/wp-content\/uploads\/2011\/09\/Edona-Llolloshi_Gazmend-Fejzullahu_DOA.jpg\"><img loading=\"lazy\" class=\"alignleft size-full wp-image-50638\" title=\"Edona Llolloshi_Gazmend Fejzullahu_DOA\" src=\"http:\/\/www.visit-ulcinj.com\/blog\/wp-content\/uploads\/2011\/09\/Edona-Llolloshi_Gazmend-Fejzullahu_DOA.jpg\" alt=\"\" width=\"508\" height=\"330\" \/><\/a><\/p>\n<p><strong>Deri tani a keni kompozuar ndonj\u00eb ninull\u00eb p\u00ebr vajz\u00ebn tuaj?<\/strong><br \/>\nJam e motivuar nga ninullat shum\u00eb t\u00eb bukura q\u00eb kemi dhe shpesh ato i p\u00ebrdori n\u00eb m\u00ebnyr\u00ebn time dhe i p\u00eblqejn\u00eb Doa-s.<\/p>\n<p><strong>K\u00ebng\u00ebt q\u00eb keni k\u00ebnduar, kan\u00eb qen\u00eb t\u00eb gjitha t\u00eb natyr\u00ebs suaj?<\/strong><br \/>\nNuk e di se, n\u00ebse k\u00ebng\u00ebt kan\u00eb qen\u00eb t\u00eb natyr\u00ebs sime, apo un\u00eb iu kam p\u00ebrshtatur atyre. Jan\u00eb k\u00ebto dy gj\u00ebra q\u00eb bashk\u00eb me talentin e formojn\u00eb suksesin, vet\u00ebm duhet gjetur momentin e duhur.<\/p>\n<p><strong>Editimi i albumit k\u00ebrkon shum\u00eb nerva, energji dhe durim. Ku e gjeni ju energjin\u00eb kur ajo bie n\u00eb rezerv\u00eb?<\/strong><br \/>\nUn\u00eb jam e vet\u00ebdijshme p\u00ebr pun\u00ebn q\u00eb b\u00ebj, p\u00ebr r\u00ebniet dhe ngritjet e k\u00ebtij profesioni. Jam e p\u00ebrgatitur dhe para \u00e7do projekti, jap maksimumin tim q\u00eb ta p\u00ebrfundoj me sukses.<\/p>\n<p><strong>Kush q\u00ebndron pas suksesit t\u00ebnd, teksti, talenti, kompozitori, sharmi yt&#8230;<\/strong><br \/>\nT\u00eb gjith\u00eb, bashk\u00eb.<\/p>\n<p><strong>Jeni e matur, e paimponueshme, e kulturuar. Si keni mundur t\u00eb q\u00ebndroni k\u00ebshtu kaq delikate n\u00eb estrad\u00eb?<\/strong><br \/>\nMesiguri, tash q\u00eb kam nj\u00eb p\u00ebrvoj\u00eb t\u00eb gjat\u00eb n\u00eb muzik\u00eb, e them se, me pun\u00ebn time, prej fillimit t\u00eb karrier\u00ebs, duke filluar nga menaxhmenti e deri te kompozitor\u00ebt, kam pasur nj\u00eb qasje shum\u00eb korrekte dhe rezultatet nuk kan\u00eb munguar.<\/p>\n<p><strong>Sa ka r\u00ebnd\u00ebsi edukimi muzikor, shkollimi dhe intelekti n\u00eb fush\u00ebn tuaj? <\/strong><br \/>\nEdukimi muzikor natyrisht q\u00eb ka shum\u00eb ndikim, por shkollimi dhe intelekti jan\u00eb pjes\u00eb e \u00e7do profesioni.<\/p>\n<p><a href=\"http:\/\/www.visit-ulcinj.com\/blog\/wp-content\/uploads\/2011\/09\/Edona-Llolloshi_DOA.2.jpg\"><img loading=\"lazy\" class=\"alignleft size-full wp-image-50626\" title=\"Edona Llolloshi_DOA.2\" src=\"http:\/\/www.visit-ulcinj.com\/blog\/wp-content\/uploads\/2011\/09\/Edona-Llolloshi_DOA.2.jpg\" alt=\"\" width=\"508\" height=\"330\" \/><\/a><\/p>\n<p><strong>Gjithsesi n\u00eb k\u00ebto vite keni ndryshuar. \u00c7far\u00eb keni b\u00ebr\u00eb p\u00ebr t\u00eb p\u00ebrsosur vetveten?<\/strong><br \/>\nUn\u00eb, nuk mendoj q\u00eb kam ndryshuar si Edon\u00eb, p\u00ebrve\u00e7 statusit tim.<\/p>\n<p><strong>Cilat jan\u00eb planet m\u00eb t\u00eb af\u00ebrta n\u00eb muzik\u00eb?<\/strong><br \/>\nT\u00eb them t\u00eb drejt\u00ebn, p\u00ebr momentin i jam p\u00ebrkushtuar vajz\u00ebs. Por kjo nuk do t\u00eb thot\u00eb q\u00eb nuk kam menduar edhe p\u00ebr k\u00ebt\u00eb aspekt, planet mbi muzik\u00ebn. Kam menduar q\u00eb t\u00eb p\u00ebrqendrohem vet\u00ebm at\u00ebher\u00eb kur t\u00eb jem pak m\u00eb e lirshme, sigurisht n\u00eb vjesht\u00eb, me q\u00ebllim q\u00eb \u00e7do iniciativ\u00eb q\u00eb t\u00eb marr, ta mbyll suksessh\u00ebm.<\/p>\n<p><strong>Nj\u00eb num\u00ebr i k\u00ebng\u00ebtar\u00ebve si sukses t\u00eb garantuar e kan\u00eb cil\u00ebsuar huazimin e k\u00ebng\u00ebve. A ju ka shkuar ndonj\u00ebher\u00eb n\u00eb mendje q\u00eb t\u00eb huazoni ndonj\u00eb k\u00ebng\u00eb qoft\u00eb t\u00eb njohur apo jo t\u00eb njohur p\u00ebr publikun ?<\/strong><br \/>\nNuk di si kuptohet huazimi, por edhe n\u00eb muzik\u00eb duhet t\u00eb motivohesh nga di\u00e7ka dhe motivi \u00ebsht\u00eb shum\u00eb i r\u00ebnd\u00ebsish\u00ebm, kurse \u00ebsht\u00eb di\u00e7ka tjet\u00ebr, n\u00ebse ia kemi q\u00eblluar, apo jo.<\/p>\n<p><strong>Pas hyrjes n\u00eb nj\u00eb treg kaotik, bota e artit gjendet befas n\u00eb nj\u00eb luft\u00eb mes interesave t\u00eb mir\u00ebfillta ekonomike dhe vlerave t\u00eb v\u00ebrteta. Si e gjykoni k\u00ebt\u00eb luft\u00eb dhe n\u00ebse do t\u00eb mundeshit, a mund ta pasqyroni p\u00ebrgjigjen tuaj me situata konkrete?<\/strong><br \/>\nNuk mund ta pasqyroj meqen\u00ebse nuk e gjykoj pun\u00ebn e askujt. Un\u00eb jam k\u00ebng\u00ebtare e cila ka publikun e vet t\u00eb shumt\u00eb dhe jo vler\u00ebsuese e muzik\u00ebs dhe e pun\u00ebs s\u00eb t\u00eb tjer\u00ebve.<\/p>\n<p><a href=\"http:\/\/www.visit-ulcinj.com\/blog\/wp-content\/uploads\/2011\/09\/Edona-Llolloshi.jpg\"><img loading=\"lazy\" class=\"alignleft size-full wp-image-50627\" title=\"Edona Llolloshi\" src=\"http:\/\/www.visit-ulcinj.com\/blog\/wp-content\/uploads\/2011\/09\/Edona-Llolloshi.jpg\" alt=\"\" width=\"508\" height=\"380\" \/><\/a><\/p>\n<p><strong>Pse n\u00eb estrad\u00ebn ton\u00eb thuhet se ka shum\u00eb smir\u00eb dhe xhelozi? <\/strong><strong>Je p\u00ebrballur me k\u00ebt\u00eb \u2018defekt\u2019 t\u00eb lindur edhe ti?<\/strong><br \/>\nPo, jam p\u00ebrballur, madje shpesh, por nuk i kam l\u00ebn\u00eb hap\u00ebsir\u00eb veprimit q\u00eb mos t\u00eb b\u00ebhem edhe un\u00eb pjes\u00eb e saj.<\/p>\n<p><strong>\u00c7far\u00eb mund t\u2019iu zem\u00ebroj\u00eb?<\/strong><br \/>\nEdhe un\u00eb jam njeri si gjith\u00eb t\u00eb tjer\u00ebt me probleme p\u00ebraf\u00ebrsisht t\u00eb ngjashme me rrethin ku jetojm\u00eb dhe veprojm\u00eb.<\/p>\n<p><strong>Jeni p\u00ebrplot energji pozitive. A keni ju edhe dit\u00eb t\u00eb k\u00ebqija?<\/strong><br \/>\nJo, profesioni nuk t\u00eb lejon, sepse ka shum\u00eb pun\u00eb t\u00eb lodhshme deri sa t\u00eb b\u00ebhesh gati p\u00ebr sken\u00eb.<\/p>\n<p><strong>N\u00ebse \u00ebndrrat b\u00ebhen realitet, \u00e7far\u00eb do i k\u00ebrkoje Zotit?<\/strong><br \/>\nUn\u00eb nuk pres nga \u00ebndrrat, por nj\u00eb pik\u00eb referimi e kam dhe i lutem Zotit q\u00eb t\u00eb m\u00eb jap sh\u00ebndet mua, familjes sime dhe me pun\u00eb t\u00eb realizohen pothuajse t\u00eb gjitha.<\/p>\n<p><strong>Telegrafi<\/strong><\/p>\n<!--YouTube Error: bad URL entered-->\n","protected":false},"excerpt":{"rendered":"<p>\u00cbsht\u00eb shum\u00eb skenike. B\u00ebn performanc\u00eb ndryshe nga t\u00eb tjer\u00ebt. \u00cbsht\u00eb origjinale dhe shum\u00eb sharmante. \u00cbsht\u00eb Edona Llolloshi, k\u00ebng\u00ebtarja q\u00eb p\u00ebr disa vite me radh\u00eb \u00ebsht\u00eb munduar t\u00eb krijoj\u00eb k\u00ebng\u00eb ku dominon vlera. N\u00eb korrik, gjeti bukurin\u00eb e shpirtit&#8230;tani po p\u00ebrjeton emocionet e ardhjes s\u00eb vajz\u00ebs n\u00eb familjen e saj. Intervistoi: Gazmend Kajtazi Vajza e Llallosh\u00ebve, [&hellip;]<\/p>\n","protected":false},"author":1,"featured_media":0,"comment_status":"open","ping_status":"closed","sticky":false,"template":"","format":"standard","meta":{"spay_email":"","jetpack_publicize_message":"","jetpack_is_tweetstorm":false,"jetpack_publicize_feature_enabled":true},"categories":[1],"tags":[18676,224,19072],"jetpack_publicize_connections":[],"yoast_head":"<!-- This site is optimized with the Yoast SEO plugin v19.1 - https:\/\/yoast.com\/wordpress\/plugins\/seo\/ -->\n<title>N\u00ebna Edon\u00eb dhe vog\u00eblushja Doa! - Lajme nga Ulqini<\/title>\n<meta name=\"description\" content=\"\u00cbsht\u00eb shum\u00eb skenike. B\u00ebn performanc\u00eb ndryshe nga t\u00eb tjer\u00ebt. \u00cbsht\u00eb origjinale dhe shum\u00eb sharmante. \u00cbsht\u00eb Edona Llolloshi, k\u00ebng\u00ebtarja q\u00eb p\u00ebr disa vite me\" \/>\n<meta name=\"robots\" content=\"index, follow, max-snippet:-1, max-image-preview:large, max-video-preview:-1\" \/>\n<link rel=\"canonical\" href=\"https:\/\/www.visit-ulcinj.com\/blog\/2011\/09\/04\/nena-edone-dhe-vogelushja-doa\/\" \/>\n<meta property=\"og:locale\" content=\"en_US\" \/>\n<meta property=\"og:type\" content=\"article\" \/>\n<meta property=\"og:title\" content=\"N\u00ebna Edon\u00eb dhe vog\u00eblushja Doa! - Lajme nga Ulqini\" \/>\n<meta property=\"og:description\" content=\"\u00cbsht\u00eb shum\u00eb skenike. B\u00ebn performanc\u00eb ndryshe nga t\u00eb tjer\u00ebt. \u00cbsht\u00eb origjinale dhe shum\u00eb sharmante. \u00cbsht\u00eb Edona Llolloshi, k\u00ebng\u00ebtarja q\u00eb p\u00ebr disa vite me\" \/>\n<meta property=\"og:url\" content=\"https:\/\/www.visit-ulcinj.com\/blog\/2011\/09\/04\/nena-edone-dhe-vogelushja-doa\/\" \/>\n<meta property=\"og:site_name\" content=\"Lajme nga Ulqini\" \/>\n<meta property=\"article:published_time\" content=\"2011-09-04T11:22:13+00:00\" \/>\n<meta property=\"article:modified_time\" content=\"2011-09-04T13:03:14+00:00\" \/>\n<meta property=\"og:image\" content=\"http:\/\/www.visit-ulcinj.com\/blog\/wp-content\/uploads\/2011\/09\/Edona-Llolloshi_DOA.jpg\" \/>\n<meta name=\"twitter:label1\" content=\"Written by\" \/>\n\t<meta name=\"twitter:data1\" content=\"ulqini\" \/>\n\t<meta name=\"twitter:label2\" content=\"Est. reading time\" \/>\n\t<meta name=\"twitter:data2\" content=\"5 minutes\" \/>\n<script type=\"application\/ld+json\" class=\"yoast-schema-graph\">{\"@context\":\"https:\/\/schema.org\",\"@graph\":[{\"@type\":\"WebSite\",\"@id\":\"https:\/\/www.visit-ulcinj.com\/blog\/#website\",\"url\":\"https:\/\/www.visit-ulcinj.com\/blog\/\",\"name\":\"Lajme nga Ulqini\",\"description\":\"Lajme,Vijesti,Ulqini,Ulqin,Crna Gora,Mali i Zi\",\"potentialAction\":[{\"@type\":\"SearchAction\",\"target\":{\"@type\":\"EntryPoint\",\"urlTemplate\":\"https:\/\/www.visit-ulcinj.com\/blog\/?s={search_term_string}\"},\"query-input\":\"required name=search_term_string\"}],\"inLanguage\":\"en-US\"},{\"@type\":\"ImageObject\",\"inLanguage\":\"en-US\",\"@id\":\"https:\/\/www.visit-ulcinj.com\/blog\/2011\/09\/04\/nena-edone-dhe-vogelushja-doa\/#primaryimage\",\"url\":\"http:\/\/www.visit-ulcinj.com\/blog\/wp-content\/uploads\/2011\/09\/Edona-Llolloshi_DOA.jpg\",\"contentUrl\":\"http:\/\/www.visit-ulcinj.com\/blog\/wp-content\/uploads\/2011\/09\/Edona-Llolloshi_DOA.jpg\"},{\"@type\":\"WebPage\",\"@id\":\"https:\/\/www.visit-ulcinj.com\/blog\/2011\/09\/04\/nena-edone-dhe-vogelushja-doa\/#webpage\",\"url\":\"https:\/\/www.visit-ulcinj.com\/blog\/2011\/09\/04\/nena-edone-dhe-vogelushja-doa\/\",\"name\":\"N\u00ebna Edon\u00eb dhe vog\u00eblushja Doa! - Lajme nga Ulqini\",\"isPartOf\":{\"@id\":\"https:\/\/www.visit-ulcinj.com\/blog\/#website\"},\"primaryImageOfPage\":{\"@id\":\"https:\/\/www.visit-ulcinj.com\/blog\/2011\/09\/04\/nena-edone-dhe-vogelushja-doa\/#primaryimage\"},\"datePublished\":\"2011-09-04T11:22:13+00:00\",\"dateModified\":\"2011-09-04T13:03:14+00:00\",\"author\":{\"@id\":\"https:\/\/www.visit-ulcinj.com\/blog\/#\/schema\/person\/dcab619c614d3038751c63bc2aadc06d\"},\"description\":\"\u00cbsht\u00eb shum\u00eb skenike. B\u00ebn performanc\u00eb ndryshe nga t\u00eb tjer\u00ebt. \u00cbsht\u00eb origjinale dhe shum\u00eb sharmante. \u00cbsht\u00eb Edona Llolloshi, k\u00ebng\u00ebtarja q\u00eb p\u00ebr disa vite me\",\"breadcrumb\":{\"@id\":\"https:\/\/www.visit-ulcinj.com\/blog\/2011\/09\/04\/nena-edone-dhe-vogelushja-doa\/#breadcrumb\"},\"inLanguage\":\"en-US\",\"potentialAction\":[{\"@type\":\"ReadAction\",\"target\":[\"https:\/\/www.visit-ulcinj.com\/blog\/2011\/09\/04\/nena-edone-dhe-vogelushja-doa\/\"]}]},{\"@type\":\"BreadcrumbList\",\"@id\":\"https:\/\/www.visit-ulcinj.com\/blog\/2011\/09\/04\/nena-edone-dhe-vogelushja-doa\/#breadcrumb\",\"itemListElement\":[{\"@type\":\"ListItem\",\"position\":1,\"name\":\"N\u00ebna Edon\u00eb dhe vog\u00eblushja Doa!\"}]},{\"@type\":\"Person\",\"@id\":\"https:\/\/www.visit-ulcinj.com\/blog\/#\/schema\/person\/dcab619c614d3038751c63bc2aadc06d\",\"name\":\"ulqini\",\"sameAs\":[\"http:\/\/www.visit-ulcinj.com\"],\"url\":\"https:\/\/www.visit-ulcinj.com\/blog\/author\/admin\/\"}]}<\/script>\n<!-- \/ Yoast SEO plugin. -->","yoast_head_json":{"title":"N\u00ebna Edon\u00eb dhe vog\u00eblushja Doa! - Lajme nga Ulqini","description":"\u00cbsht\u00eb shum\u00eb skenike. B\u00ebn performanc\u00eb ndryshe nga t\u00eb tjer\u00ebt. \u00cbsht\u00eb origjinale dhe shum\u00eb sharmante. \u00cbsht\u00eb Edona Llolloshi, k\u00ebng\u00ebtarja q\u00eb p\u00ebr disa vite me","robots":{"index":"index","follow":"follow","max-snippet":"max-snippet:-1","max-image-preview":"max-image-preview:large","max-video-preview":"max-video-preview:-1"},"canonical":"https:\/\/www.visit-ulcinj.com\/blog\/2011\/09\/04\/nena-edone-dhe-vogelushja-doa\/","og_locale":"en_US","og_type":"article","og_title":"N\u00ebna Edon\u00eb dhe vog\u00eblushja Doa! - Lajme nga Ulqini","og_description":"\u00cbsht\u00eb shum\u00eb skenike. B\u00ebn performanc\u00eb ndryshe nga t\u00eb tjer\u00ebt. \u00cbsht\u00eb origjinale dhe shum\u00eb sharmante. \u00cbsht\u00eb Edona Llolloshi, k\u00ebng\u00ebtarja q\u00eb p\u00ebr disa vite me","og_url":"https:\/\/www.visit-ulcinj.com\/blog\/2011\/09\/04\/nena-edone-dhe-vogelushja-doa\/","og_site_name":"Lajme nga Ulqini","article_published_time":"2011-09-04T11:22:13+00:00","article_modified_time":"2011-09-04T13:03:14+00:00","og_image":[{"url":"http:\/\/www.visit-ulcinj.com\/blog\/wp-content\/uploads\/2011\/09\/Edona-Llolloshi_DOA.jpg"}],"twitter_misc":{"Written by":"ulqini","Est. reading time":"5 minutes"},"schema":{"@context":"https:\/\/schema.org","@graph":[{"@type":"WebSite","@id":"https:\/\/www.visit-ulcinj.com\/blog\/#website","url":"https:\/\/www.visit-ulcinj.com\/blog\/","name":"Lajme nga Ulqini","description":"Lajme,Vijesti,Ulqini,Ulqin,Crna Gora,Mali i Zi","potentialAction":[{"@type":"SearchAction","target":{"@type":"EntryPoint","urlTemplate":"https:\/\/www.visit-ulcinj.com\/blog\/?s={search_term_string}"},"query-input":"required name=search_term_string"}],"inLanguage":"en-US"},{"@type":"ImageObject","inLanguage":"en-US","@id":"https:\/\/www.visit-ulcinj.com\/blog\/2011\/09\/04\/nena-edone-dhe-vogelushja-doa\/#primaryimage","url":"http:\/\/www.visit-ulcinj.com\/blog\/wp-content\/uploads\/2011\/09\/Edona-Llolloshi_DOA.jpg","contentUrl":"http:\/\/www.visit-ulcinj.com\/blog\/wp-content\/uploads\/2011\/09\/Edona-Llolloshi_DOA.jpg"},{"@type":"WebPage","@id":"https:\/\/www.visit-ulcinj.com\/blog\/2011\/09\/04\/nena-edone-dhe-vogelushja-doa\/#webpage","url":"https:\/\/www.visit-ulcinj.com\/blog\/2011\/09\/04\/nena-edone-dhe-vogelushja-doa\/","name":"N\u00ebna Edon\u00eb dhe vog\u00eblushja Doa! - Lajme nga Ulqini","isPartOf":{"@id":"https:\/\/www.visit-ulcinj.com\/blog\/#website"},"primaryImageOfPage":{"@id":"https:\/\/www.visit-ulcinj.com\/blog\/2011\/09\/04\/nena-edone-dhe-vogelushja-doa\/#primaryimage"},"datePublished":"2011-09-04T11:22:13+00:00","dateModified":"2011-09-04T13:03:14+00:00","author":{"@id":"https:\/\/www.visit-ulcinj.com\/blog\/#\/schema\/person\/dcab619c614d3038751c63bc2aadc06d"},"description":"\u00cbsht\u00eb shum\u00eb skenike. B\u00ebn performanc\u00eb ndryshe nga t\u00eb tjer\u00ebt. \u00cbsht\u00eb origjinale dhe shum\u00eb sharmante. \u00cbsht\u00eb Edona Llolloshi, k\u00ebng\u00ebtarja q\u00eb p\u00ebr disa vite me","breadcrumb":{"@id":"https:\/\/www.visit-ulcinj.com\/blog\/2011\/09\/04\/nena-edone-dhe-vogelushja-doa\/#breadcrumb"},"inLanguage":"en-US","potentialAction":[{"@type":"ReadAction","target":["https:\/\/www.visit-ulcinj.com\/blog\/2011\/09\/04\/nena-edone-dhe-vogelushja-doa\/"]}]},{"@type":"BreadcrumbList","@id":"https:\/\/www.visit-ulcinj.com\/blog\/2011\/09\/04\/nena-edone-dhe-vogelushja-doa\/#breadcrumb","itemListElement":[{"@type":"ListItem","position":1,"name":"N\u00ebna Edon\u00eb dhe vog\u00eblushja Doa!"}]},{"@type":"Person","@id":"https:\/\/www.visit-ulcinj.com\/blog\/#\/schema\/person\/dcab619c614d3038751c63bc2aadc06d","name":"ulqini","sameAs":["http:\/\/www.visit-ulcinj.com"],"url":"https:\/\/www.visit-ulcinj.com\/blog\/author\/admin\/"}]}},"jetpack_featured_media_url":"","jetpack_sharing_enabled":true,"jetpack_shortlink":"https:\/\/wp.me\/pe6lTn-dav","_links":{"self":[{"href":"https:\/\/www.visit-ulcinj.com\/blog\/wp-json\/wp\/v2\/posts\/50623"}],"collection":[{"href":"https:\/\/www.visit-ulcinj.com\/blog\/wp-json\/wp\/v2\/posts"}],"about":[{"href":"https:\/\/www.visit-ulcinj.com\/blog\/wp-json\/wp\/v2\/types\/post"}],"author":[{"embeddable":true,"href":"https:\/\/www.visit-ulcinj.com\/blog\/wp-json\/wp\/v2\/users\/1"}],"replies":[{"embeddable":true,"href":"https:\/\/www.visit-ulcinj.com\/blog\/wp-json\/wp\/v2\/comments?post=50623"}],"version-history":[{"count":3,"href":"https:\/\/www.visit-ulcinj.com\/blog\/wp-json\/wp\/v2\/posts\/50623\/revisions"}],"predecessor-version":[{"id":50639,"href":"https:\/\/www.visit-ulcinj.com\/blog\/wp-json\/wp\/v2\/posts\/50623\/revisions\/50639"}],"wp:attachment":[{"href":"https:\/\/www.visit-ulcinj.com\/blog\/wp-json\/wp\/v2\/media?parent=50623"}],"wp:term":[{"taxonomy":"category","embeddable":true,"href":"https:\/\/www.visit-ulcinj.com\/blog\/wp-json\/wp\/v2\/categories?post=50623"},{"taxonomy":"post_tag","embeddable":true,"href":"https:\/\/www.visit-ulcinj.com\/blog\/wp-json\/wp\/v2\/tags?post=50623"}],"curies":[{"name":"wp","href":"https:\/\/api.w.org\/{rel}","templated":true}]}}