{"id":5064,"date":"2008-10-23T14:11:11","date_gmt":"2008-10-23T19:11:11","guid":{"rendered":"http:\/\/www.visit-ulcinj.com\/blog\/?p=5064"},"modified":"2008-10-23T14:11:11","modified_gmt":"2008-10-23T19:11:11","slug":"parlamenti-malazes-kundershton-kerkesen-e-opozites-per-referendum-mbi-kosoven","status":"publish","type":"post","link":"https:\/\/www.visit-ulcinj.com\/blog\/2008\/10\/23\/parlamenti-malazes-kundershton-kerkesen-e-opozites-per-referendum-mbi-kosoven\/","title":{"rendered":"Parlamenti malazes kund\u00ebrshton k\u00ebrkes\u00ebn e opozit\u00ebs p\u00ebr referendum mbi Kosov\u00ebn"},"content":{"rendered":"<p><a href=\"http:\/\/www.pobjeda.co.me\/slike\/vijesti\/67324.jpg\"><img loading=\"lazy\" class=\"alignleft\" title=\"RANKO KRIVOKAPI?\" src=\"http:\/\/www.pobjeda.co.me\/slike\/vijesti\/67324.jpg\" alt=\"\" width=\"172\" height=\"179\" \/><\/a>PODGORIC\u00cb, Mali i Zi &#8212; Ligjb\u00ebr\u00ebsit kund\u00ebrshtuan t\u00eb mart\u00ebn (21 tetor) nj\u00eb k\u00ebrkes\u00eb t\u00eb partive t\u00eb opozit\u00ebs p\u00ebr t\u00eb shtuar nj\u00eb propozim n\u00eb axhend\u00ebn e parlamentit p\u00ebr nj\u00eb referendum mbi vendimin e qeveris\u00eb p\u00ebr t\u00eb njohur Kosov\u00ebn. Drejtuesi i parlamentit Ranko Krivokapi\u00e7 tha se ligjb\u00ebr\u00ebsit e kund\u00ebrshtuan propozimin p\u00ebr &#8220;arsye proceduriale&#8221;. Mocioni vinte 14 dhjetorin si nj\u00eb dat\u00eb p\u00ebr referendumin. Opozita donte q\u00eb publiku t&#8217;i p\u00ebrgjigjej pyetjes: &#8220;Mendoni se qeveria duhet t\u00eb kthej\u00eb vendimin e saj p\u00ebr t\u00eb njohur pavar\u00ebsin\u00eb e Kosov\u00ebs?&#8221; N\u00eb mb\u00ebshtetje t\u00eb propozimit qen\u00eb Lista Serbe, L\u00ebvizja p\u00ebr Ndryshim, Partia Socialiste Popullore, Partia Komb\u00ebtare dhe Partia Demokratike Serbe. M\u00eb par\u00eb, opozita paralajm\u00ebroi se n\u00eb qoft\u00eb se koalicioni qeveris\u00ebs refuzonte t\u00eb p\u00ebrfshinte mocionin e referendumit n\u00eb axhend\u00eb apo t\u00eb votonte kund\u00ebr tij pas debatit, ajo do t\u00eb k\u00ebrkonte zgjedhje t\u00eb parakohshme.<br \/>\n<strong>Burimi \/ RTCG \/ Mina\/Vecernje Novosti\/<\/strong><\/p>\n","protected":false},"excerpt":{"rendered":"<p>PODGORIC\u00cb, Mali i Zi &#8212; Ligjb\u00ebr\u00ebsit kund\u00ebrshtuan t\u00eb mart\u00ebn (21 tetor) nj\u00eb k\u00ebrkes\u00eb t\u00eb partive t\u00eb opozit\u00ebs p\u00ebr t\u00eb shtuar nj\u00eb propozim n\u00eb axhend\u00ebn e parlamentit p\u00ebr nj\u00eb referendum mbi vendimin e qeveris\u00eb p\u00ebr t\u00eb njohur Kosov\u00ebn. Drejtuesi i parlamentit Ranko Krivokapi\u00e7 tha se ligjb\u00ebr\u00ebsit e kund\u00ebrshtuan propozimin p\u00ebr &#8220;arsye proceduriale&#8221;. Mocioni vinte 14 dhjetorin [&hellip;]<\/p>\n","protected":false},"author":1,"featured_media":0,"comment_status":"open","ping_status":"closed","sticky":false,"template":"","format":"standard","meta":{"spay_email":"","jetpack_publicize_message":"","jetpack_is_tweetstorm":false,"jetpack_publicize_feature_enabled":true},"categories":[5,12],"tags":[],"jetpack_publicize_connections":[],"yoast_head":"<!-- This site is optimized with the Yoast SEO plugin v19.1 - https:\/\/yoast.com\/wordpress\/plugins\/seo\/ -->\n<title>Parlamenti malazes kund\u00ebrshton k\u00ebrkes\u00ebn e opozit\u00ebs p\u00ebr referendum mbi Kosov\u00ebn - Lajme nga Ulqini<\/title>\n<meta name=\"description\" content=\"PODGORIC\u00cb, Mali i Zi -- Ligjb\u00ebr\u00ebsit kund\u00ebrshtuan t\u00eb mart\u00ebn (21 tetor) nj\u00eb k\u00ebrkes\u00eb t\u00eb partive t\u00eb opozit\u00ebs p\u00ebr t\u00eb shtuar nj\u00eb propozim n\u00eb axhend\u00ebn e\" \/>\n<meta name=\"robots\" content=\"index, follow, max-snippet:-1, max-image-preview:large, max-video-preview:-1\" \/>\n<link rel=\"canonical\" href=\"https:\/\/www.visit-ulcinj.com\/blog\/2008\/10\/23\/parlamenti-malazes-kundershton-kerkesen-e-opozites-per-referendum-mbi-kosoven\/\" \/>\n<meta property=\"og:locale\" content=\"en_US\" \/>\n<meta property=\"og:type\" content=\"article\" \/>\n<meta property=\"og:title\" content=\"Parlamenti malazes kund\u00ebrshton k\u00ebrkes\u00ebn e opozit\u00ebs p\u00ebr referendum mbi Kosov\u00ebn - Lajme nga Ulqini\" \/>\n<meta property=\"og:description\" content=\"PODGORIC\u00cb, Mali i Zi -- Ligjb\u00ebr\u00ebsit kund\u00ebrshtuan t\u00eb mart\u00ebn (21 tetor) nj\u00eb k\u00ebrkes\u00eb t\u00eb partive t\u00eb opozit\u00ebs p\u00ebr t\u00eb shtuar nj\u00eb propozim n\u00eb axhend\u00ebn e\" \/>\n<meta property=\"og:url\" content=\"https:\/\/www.visit-ulcinj.com\/blog\/2008\/10\/23\/parlamenti-malazes-kundershton-kerkesen-e-opozites-per-referendum-mbi-kosoven\/\" \/>\n<meta property=\"og:site_name\" content=\"Lajme nga Ulqini\" \/>\n<meta property=\"article:published_time\" content=\"2008-10-23T19:11:11+00:00\" \/>\n<meta property=\"og:image\" content=\"http:\/\/www.pobjeda.co.me\/slike\/vijesti\/67324.jpg\" \/>\n<meta name=\"twitter:label1\" content=\"Written by\" \/>\n\t<meta name=\"twitter:data1\" content=\"ulqini\" \/>\n\t<meta name=\"twitter:label2\" content=\"Est. reading time\" \/>\n\t<meta name=\"twitter:data2\" content=\"1 minute\" \/>\n<script type=\"application\/ld+json\" class=\"yoast-schema-graph\">{\"@context\":\"https:\/\/schema.org\",\"@graph\":[{\"@type\":\"WebSite\",\"@id\":\"https:\/\/www.visit-ulcinj.com\/blog\/#website\",\"url\":\"https:\/\/www.visit-ulcinj.com\/blog\/\",\"name\":\"Lajme nga Ulqini\",\"description\":\"Lajme,Vijesti,Ulqini,Ulqin,Crna Gora,Mali i Zi\",\"potentialAction\":[{\"@type\":\"SearchAction\",\"target\":{\"@type\":\"EntryPoint\",\"urlTemplate\":\"https:\/\/www.visit-ulcinj.com\/blog\/?s={search_term_string}\"},\"query-input\":\"required name=search_term_string\"}],\"inLanguage\":\"en-US\"},{\"@type\":\"ImageObject\",\"inLanguage\":\"en-US\",\"@id\":\"https:\/\/www.visit-ulcinj.com\/blog\/2008\/10\/23\/parlamenti-malazes-kundershton-kerkesen-e-opozites-per-referendum-mbi-kosoven\/#primaryimage\",\"url\":\"http:\/\/www.pobjeda.co.me\/slike\/vijesti\/67324.jpg\",\"contentUrl\":\"http:\/\/www.pobjeda.co.me\/slike\/vijesti\/67324.jpg\"},{\"@type\":\"WebPage\",\"@id\":\"https:\/\/www.visit-ulcinj.com\/blog\/2008\/10\/23\/parlamenti-malazes-kundershton-kerkesen-e-opozites-per-referendum-mbi-kosoven\/#webpage\",\"url\":\"https:\/\/www.visit-ulcinj.com\/blog\/2008\/10\/23\/parlamenti-malazes-kundershton-kerkesen-e-opozites-per-referendum-mbi-kosoven\/\",\"name\":\"Parlamenti malazes kund\u00ebrshton k\u00ebrkes\u00ebn e opozit\u00ebs p\u00ebr referendum mbi Kosov\u00ebn - Lajme nga Ulqini\",\"isPartOf\":{\"@id\":\"https:\/\/www.visit-ulcinj.com\/blog\/#website\"},\"primaryImageOfPage\":{\"@id\":\"https:\/\/www.visit-ulcinj.com\/blog\/2008\/10\/23\/parlamenti-malazes-kundershton-kerkesen-e-opozites-per-referendum-mbi-kosoven\/#primaryimage\"},\"datePublished\":\"2008-10-23T19:11:11+00:00\",\"dateModified\":\"2008-10-23T19:11:11+00:00\",\"author\":{\"@id\":\"https:\/\/www.visit-ulcinj.com\/blog\/#\/schema\/person\/dcab619c614d3038751c63bc2aadc06d\"},\"description\":\"PODGORIC\u00cb, Mali i Zi -- Ligjb\u00ebr\u00ebsit kund\u00ebrshtuan t\u00eb mart\u00ebn (21 tetor) nj\u00eb k\u00ebrkes\u00eb t\u00eb partive t\u00eb opozit\u00ebs p\u00ebr t\u00eb shtuar nj\u00eb propozim n\u00eb axhend\u00ebn e\",\"breadcrumb\":{\"@id\":\"https:\/\/www.visit-ulcinj.com\/blog\/2008\/10\/23\/parlamenti-malazes-kundershton-kerkesen-e-opozites-per-referendum-mbi-kosoven\/#breadcrumb\"},\"inLanguage\":\"en-US\",\"potentialAction\":[{\"@type\":\"ReadAction\",\"target\":[\"https:\/\/www.visit-ulcinj.com\/blog\/2008\/10\/23\/parlamenti-malazes-kundershton-kerkesen-e-opozites-per-referendum-mbi-kosoven\/\"]}]},{\"@type\":\"BreadcrumbList\",\"@id\":\"https:\/\/www.visit-ulcinj.com\/blog\/2008\/10\/23\/parlamenti-malazes-kundershton-kerkesen-e-opozites-per-referendum-mbi-kosoven\/#breadcrumb\",\"itemListElement\":[{\"@type\":\"ListItem\",\"position\":1,\"name\":\"Parlamenti malazes kund\u00ebrshton k\u00ebrkes\u00ebn e opozit\u00ebs p\u00ebr referendum mbi Kosov\u00ebn\"}]},{\"@type\":\"Person\",\"@id\":\"https:\/\/www.visit-ulcinj.com\/blog\/#\/schema\/person\/dcab619c614d3038751c63bc2aadc06d\",\"name\":\"ulqini\",\"sameAs\":[\"http:\/\/www.visit-ulcinj.com\"],\"url\":\"https:\/\/www.visit-ulcinj.com\/blog\/author\/admin\/\"}]}<\/script>\n<!-- \/ Yoast SEO plugin. -->","yoast_head_json":{"title":"Parlamenti malazes kund\u00ebrshton k\u00ebrkes\u00ebn e opozit\u00ebs p\u00ebr referendum mbi Kosov\u00ebn - Lajme nga Ulqini","description":"PODGORIC\u00cb, Mali i Zi -- Ligjb\u00ebr\u00ebsit kund\u00ebrshtuan t\u00eb mart\u00ebn (21 tetor) nj\u00eb k\u00ebrkes\u00eb t\u00eb partive t\u00eb opozit\u00ebs p\u00ebr t\u00eb shtuar nj\u00eb propozim n\u00eb axhend\u00ebn e","robots":{"index":"index","follow":"follow","max-snippet":"max-snippet:-1","max-image-preview":"max-image-preview:large","max-video-preview":"max-video-preview:-1"},"canonical":"https:\/\/www.visit-ulcinj.com\/blog\/2008\/10\/23\/parlamenti-malazes-kundershton-kerkesen-e-opozites-per-referendum-mbi-kosoven\/","og_locale":"en_US","og_type":"article","og_title":"Parlamenti malazes kund\u00ebrshton k\u00ebrkes\u00ebn e opozit\u00ebs p\u00ebr referendum mbi Kosov\u00ebn - Lajme nga Ulqini","og_description":"PODGORIC\u00cb, Mali i Zi -- Ligjb\u00ebr\u00ebsit kund\u00ebrshtuan t\u00eb mart\u00ebn (21 tetor) nj\u00eb k\u00ebrkes\u00eb t\u00eb partive t\u00eb opozit\u00ebs p\u00ebr t\u00eb shtuar nj\u00eb propozim n\u00eb axhend\u00ebn e","og_url":"https:\/\/www.visit-ulcinj.com\/blog\/2008\/10\/23\/parlamenti-malazes-kundershton-kerkesen-e-opozites-per-referendum-mbi-kosoven\/","og_site_name":"Lajme nga Ulqini","article_published_time":"2008-10-23T19:11:11+00:00","og_image":[{"url":"http:\/\/www.pobjeda.co.me\/slike\/vijesti\/67324.jpg"}],"twitter_misc":{"Written by":"ulqini","Est. reading time":"1 minute"},"schema":{"@context":"https:\/\/schema.org","@graph":[{"@type":"WebSite","@id":"https:\/\/www.visit-ulcinj.com\/blog\/#website","url":"https:\/\/www.visit-ulcinj.com\/blog\/","name":"Lajme nga Ulqini","description":"Lajme,Vijesti,Ulqini,Ulqin,Crna Gora,Mali i Zi","potentialAction":[{"@type":"SearchAction","target":{"@type":"EntryPoint","urlTemplate":"https:\/\/www.visit-ulcinj.com\/blog\/?s={search_term_string}"},"query-input":"required name=search_term_string"}],"inLanguage":"en-US"},{"@type":"ImageObject","inLanguage":"en-US","@id":"https:\/\/www.visit-ulcinj.com\/blog\/2008\/10\/23\/parlamenti-malazes-kundershton-kerkesen-e-opozites-per-referendum-mbi-kosoven\/#primaryimage","url":"http:\/\/www.pobjeda.co.me\/slike\/vijesti\/67324.jpg","contentUrl":"http:\/\/www.pobjeda.co.me\/slike\/vijesti\/67324.jpg"},{"@type":"WebPage","@id":"https:\/\/www.visit-ulcinj.com\/blog\/2008\/10\/23\/parlamenti-malazes-kundershton-kerkesen-e-opozites-per-referendum-mbi-kosoven\/#webpage","url":"https:\/\/www.visit-ulcinj.com\/blog\/2008\/10\/23\/parlamenti-malazes-kundershton-kerkesen-e-opozites-per-referendum-mbi-kosoven\/","name":"Parlamenti malazes kund\u00ebrshton k\u00ebrkes\u00ebn e opozit\u00ebs p\u00ebr referendum mbi Kosov\u00ebn - Lajme nga Ulqini","isPartOf":{"@id":"https:\/\/www.visit-ulcinj.com\/blog\/#website"},"primaryImageOfPage":{"@id":"https:\/\/www.visit-ulcinj.com\/blog\/2008\/10\/23\/parlamenti-malazes-kundershton-kerkesen-e-opozites-per-referendum-mbi-kosoven\/#primaryimage"},"datePublished":"2008-10-23T19:11:11+00:00","dateModified":"2008-10-23T19:11:11+00:00","author":{"@id":"https:\/\/www.visit-ulcinj.com\/blog\/#\/schema\/person\/dcab619c614d3038751c63bc2aadc06d"},"description":"PODGORIC\u00cb, Mali i Zi -- Ligjb\u00ebr\u00ebsit kund\u00ebrshtuan t\u00eb mart\u00ebn (21 tetor) nj\u00eb k\u00ebrkes\u00eb t\u00eb partive t\u00eb opozit\u00ebs p\u00ebr t\u00eb shtuar nj\u00eb propozim n\u00eb axhend\u00ebn e","breadcrumb":{"@id":"https:\/\/www.visit-ulcinj.com\/blog\/2008\/10\/23\/parlamenti-malazes-kundershton-kerkesen-e-opozites-per-referendum-mbi-kosoven\/#breadcrumb"},"inLanguage":"en-US","potentialAction":[{"@type":"ReadAction","target":["https:\/\/www.visit-ulcinj.com\/blog\/2008\/10\/23\/parlamenti-malazes-kundershton-kerkesen-e-opozites-per-referendum-mbi-kosoven\/"]}]},{"@type":"BreadcrumbList","@id":"https:\/\/www.visit-ulcinj.com\/blog\/2008\/10\/23\/parlamenti-malazes-kundershton-kerkesen-e-opozites-per-referendum-mbi-kosoven\/#breadcrumb","itemListElement":[{"@type":"ListItem","position":1,"name":"Parlamenti malazes kund\u00ebrshton k\u00ebrkes\u00ebn e opozit\u00ebs p\u00ebr referendum mbi Kosov\u00ebn"}]},{"@type":"Person","@id":"https:\/\/www.visit-ulcinj.com\/blog\/#\/schema\/person\/dcab619c614d3038751c63bc2aadc06d","name":"ulqini","sameAs":["http:\/\/www.visit-ulcinj.com"],"url":"https:\/\/www.visit-ulcinj.com\/blog\/author\/admin\/"}]}},"jetpack_featured_media_url":"","jetpack_sharing_enabled":true,"jetpack_shortlink":"https:\/\/wp.me\/pe6lTn-1jG","_links":{"self":[{"href":"https:\/\/www.visit-ulcinj.com\/blog\/wp-json\/wp\/v2\/posts\/5064"}],"collection":[{"href":"https:\/\/www.visit-ulcinj.com\/blog\/wp-json\/wp\/v2\/posts"}],"about":[{"href":"https:\/\/www.visit-ulcinj.com\/blog\/wp-json\/wp\/v2\/types\/post"}],"author":[{"embeddable":true,"href":"https:\/\/www.visit-ulcinj.com\/blog\/wp-json\/wp\/v2\/users\/1"}],"replies":[{"embeddable":true,"href":"https:\/\/www.visit-ulcinj.com\/blog\/wp-json\/wp\/v2\/comments?post=5064"}],"version-history":[{"count":0,"href":"https:\/\/www.visit-ulcinj.com\/blog\/wp-json\/wp\/v2\/posts\/5064\/revisions"}],"wp:attachment":[{"href":"https:\/\/www.visit-ulcinj.com\/blog\/wp-json\/wp\/v2\/media?parent=5064"}],"wp:term":[{"taxonomy":"category","embeddable":true,"href":"https:\/\/www.visit-ulcinj.com\/blog\/wp-json\/wp\/v2\/categories?post=5064"},{"taxonomy":"post_tag","embeddable":true,"href":"https:\/\/www.visit-ulcinj.com\/blog\/wp-json\/wp\/v2\/tags?post=5064"}],"curies":[{"name":"wp","href":"https:\/\/api.w.org\/{rel}","templated":true}]}}