{"id":50656,"date":"2011-09-05T18:51:05","date_gmt":"2011-09-05T17:51:05","guid":{"rendered":"http:\/\/www.visit-ulcinj.com\/blog\/?p=50656"},"modified":"2011-09-06T08:03:06","modified_gmt":"2011-09-06T07:03:06","slug":"ulcinj-tourisme-e-victime-de-son-succes","status":"publish","type":"post","link":"https:\/\/www.visit-ulcinj.com\/blog\/2011\/09\/05\/ulcinj-tourisme-e-victime-de-son-succes\/","title":{"rendered":"Ulcinj Tourisme e victime de son succ\u00e8s"},"content":{"rendered":"<p><a href=\"http:\/\/www.visit-ulcinj.com\/blog\/wp-content\/uploads\/2011\/09\/Rivijera-dUlcinj-Tourisme-e-victime-de-son-succes.jpg\"><img loading=\"lazy\" class=\"alignleft size-full wp-image-50657\" title=\"Rivijera d'Ulcinj Tourisme e victime de son succes\" src=\"http:\/\/www.visit-ulcinj.com\/blog\/wp-content\/uploads\/2011\/09\/Rivijera-dUlcinj-Tourisme-e-victime-de-son-succes.jpg\" alt=\"\" width=\"508\" height=\"620\" \/><\/a>L&#8217;\u00e9t\u00e9 est termin\u00e9 et les grandes villes de Mont\u00e9n\u00e9gro font leur bilan de 74,892 nuit\u00e9es pour la p\u00e9riode septembre. Cet \u00e9t\u00e9, le tourisme a \u00e9t\u00e9 bon pour plusieurs villes et capitales du monde. Ulcinj en fait partie, avec plus de 9,550 nuit\u00e9es pour la p\u00e9riode septembre.<br \/>\nSelon le Conseil municipal d\u2019Ulcinj, l&#8217;\u00e9t\u00e9 est consid\u00e9r\u00e9 comme une ann\u00e9e record. Selon les estimations, l&#8217;automne serait en voit d&#8217;\u00eatre tr\u00e8s bon.<br \/>\nSelon Ali Redza directeur d\u2019Office du Tourisme de l\u2019Ulcinj, 20% des plus de visiteurs comparativement \u00e0 l&#8217;ann\u00e9e derni\u00e8re. Dans l&#8217;ensemble, on calcule plus de 20% nouveaux visiteurs.<br \/>\nGlobalement, l&#8217;office du Tourisme de Ulcinj voit une croissance de 6 % des touristes d&#8217;Bosnie ,Polonie,Hungrie,Kosovo,Mac\u00e9doine,Suisse,France,Hollande,Roussie etc,depuis les 4 derniers mois.<br \/>\n<a href=\"http:\/\/www.visit-ulcinj.com\/blog\/wp-content\/uploads\/2011\/09\/Office-du-Tourisme-dUlcinj_Montenegro.jpg\"><img loading=\"lazy\" class=\"alignleft size-full wp-image-50659\" title=\"Office du Tourisme d'Ulcinj_Montenegro\" src=\"http:\/\/www.visit-ulcinj.com\/blog\/wp-content\/uploads\/2011\/09\/Office-du-Tourisme-dUlcinj_Montenegro.jpg\" alt=\"\" width=\"508\" height=\"340\" \/><\/a><br \/>\nLes analystes de la ville d\u2019Ulcinj croient que les chiffres seront meilleurs \u00e0 cette premi\u00e8re pronostique. Ulcinj n&#8217;a pas encore analys\u00e9 tous les chiffres qui sont disponibles pour la l&#8217;ensemble de 2011 .<br \/>\nUlcinj est la premi\u00e8re grande ville Monten\u00e9grine que l&#8217;on croise apr\u00e8s la fronti\u00e8re ou sud avec l&#8217;Albanie. Le site sur lequel Ulcinj s&#8217;est implant\u00e9 est pour beaucoup dans le succ\u00e8s touristique jamais d\u00e9menti de la ville.<br \/>\nTrois plages principales se distinguent Ulcinj, dont la plus connue est sans aucun doute la grande plage de sable ,en pleine ville la petit plage, dot\u00e9e de tout le confort , et bord\u00e9e d&#8217;une belle promenade marqu\u00e9e par quelques monuments remarquables, \u00e0 l&#8217;image du Palais de Balsaj a vielle Ville.<br \/>\nUlcinj ville agr\u00e9able dans l&#8217;ensemble, promet une ambiance bienvenue, avec une ville qui vit tard le soir, des restaurants \u00e0 gogo, le tout juste \u00e0 c\u00f4t\u00e9 de la fronti\u00e8re&#8230;avec l&#8217;Albanie.<\/p>\n<p><a href=\"http:\/\/www.visit-ulcinj.com\/blog\/wp-content\/uploads\/2011\/09\/MSM-BEACH_ULCINJ_MONTENEGRO_victime-de-son-succes.jpg\"><img loading=\"lazy\" class=\"alignleft size-full wp-image-50658\" title=\"GE DIGITAL CAMERA\" src=\"http:\/\/www.visit-ulcinj.com\/blog\/wp-content\/uploads\/2011\/09\/MSM-BEACH_ULCINJ_MONTENEGRO_victime-de-son-succes.jpg\" alt=\"\" width=\"508\" height=\"340\" \/><\/a><br \/>\n<strong>Ulcinj une destination touristique pour tous les go\u00fbts<\/strong><\/p>\n<p>Organisation touristique de Ulcinj il vient de publier les chiffres du tourisme pour le mois de septembre de l\u2019ann\u00e9e 2011 et comme on a presque l\u2019habitude, il pouvait annoncer une fois de plus un r\u00e9sultat record. Avec plus de 9,550 nuit\u00e9es pour la p\u00e9riode septembre, la ville d&#8217;Ulcinj affiche une hausse de 20,2% de nuit\u00e9es par rapport \u00e0 la m\u00eame p\u00e9riode de l\u2019ann\u00e9e pr\u00e9c\u00e9dente. Pour directeur de OT ,Ali Redza, il s\u2019agit d\u2019une \u00absensation\u00bb, mais l\u00e0, le chef du tourisme Ulcinois est trop modeste \u2013 le succ\u00e8s touristique de Ulcinj n\u2019est pas du au hasard, mais le fruit d\u2019une strat\u00e9gie \u00e0 long terme avec laquelle Ulcinj a su \u00e9tablir une image.<br \/>\nLes experts estiment que le r\u00e9sultat de toute l\u2019ann\u00e9e 2011 d\u00e9passera encore celui de 2010. Ce succ\u00e8s touristique de la ville d&#8217;Ulcinj est donc le r\u00e9sultat d\u2019un travail, d\u2019une vision et de beaucoup d\u2019audace.<br \/>\nCette situation favorable s\u2019explique notamment par une offre qualitative destin\u00e9e \u00e0 tous les segments de client\u00e8le.<br \/>\n<a href=\"http:\/\/www.visit-ulcinj.com\/blog\/wp-content\/uploads\/2011\/09\/Rivijera-dUlcinj-Tourisme-e-victime-de-son-succes.1.jpg\"><img loading=\"lazy\" class=\"alignleft size-full wp-image-50660\" title=\"Rivijera d'Ulcinj Tourisme e victime de son succes.1\" src=\"http:\/\/www.visit-ulcinj.com\/blog\/wp-content\/uploads\/2011\/09\/Rivijera-dUlcinj-Tourisme-e-victime-de-son-succes.1.jpg\" alt=\"\" width=\"508\" height=\"330\" \/><\/a><br \/>\nLe tourisme d\u2019Ulcinj repr\u00e9sentant 80% de l\u2019activit\u00e9 touristique, le taux d\u2019occupation des chambres d\u2019h\u00f4tels s\u2019av\u00e8re satisfaisant , notamment entre mai et septembre,comme par exemple h\u00f4tel Mediteran Resort, Htp Ulcinjska rivijera,hotel Otrant,hotel Albatros, aussi les petites h\u00f4tels priv\u00e9, sont tous complet pour le mois de septembre. Pour y rem\u00e9dier, il s\u2019agit de mettre en valeur et d\u00e9velopper des manifestations culturelles et sportives nationales et internationales attirant de nouvelles client\u00e8les.<br \/>\nL\u2019activit\u00e9 d&#8217;Ulcinj Tourisme et de ses partenaires contribue \u00e9galement au succ\u00e8s de la fr\u00e9quentation touristique par la mise en \u0153uvre de moyens humains et techniques r\u00e9pondant efficacement aux besoins des touristes.<\/p>\n<p>Ulcinj Tourisme a entrepris une r\u00e9flexion profonde sur son r\u00f4le \u00e0 jouer \u00e0 l\u2019avenir. Ses partenariats avec notamment Mont\u00e9negro Tourisme etl\u2019Office du Tourisme du Ulcinj repr\u00e9sentent des \u00e9l\u00e9ments essentiels de son succ\u00e8s.<br \/>\nOn doit dire que Ulcinj e victime de son succ\u00e8s, elle doit se r\u00e9inventer.<\/p>\n<p>[flv width=&#8221;508&#8243; height=&#8221;360&#8243;]http:\/\/cdn9.fliqz.com\/bca2a1bd98324f429cf68c31ef3b2269.flv[\/flv]<\/p>\n<p>&nbsp;<\/p>\n","protected":false},"excerpt":{"rendered":"<p>L&#8217;\u00e9t\u00e9 est termin\u00e9 et les grandes villes de Mont\u00e9n\u00e9gro font leur bilan de 74,892 nuit\u00e9es pour la p\u00e9riode septembre. Cet \u00e9t\u00e9, le tourisme a \u00e9t\u00e9 bon pour plusieurs villes et capitales du monde. Ulcinj en fait partie, avec plus de 9,550 nuit\u00e9es pour la p\u00e9riode septembre. Selon le Conseil municipal d\u2019Ulcinj, l&#8217;\u00e9t\u00e9 est consid\u00e9r\u00e9 comme [&hellip;]<\/p>\n","protected":false},"author":1,"featured_media":0,"comment_status":"open","ping_status":"closed","sticky":false,"template":"","format":"standard","meta":{"spay_email":"","jetpack_publicize_message":"","jetpack_is_tweetstorm":false,"jetpack_publicize_feature_enabled":true},"categories":[10],"tags":[19078,79,19],"jetpack_publicize_connections":[],"yoast_head":"<!-- This site is optimized with the Yoast SEO plugin v19.1 - https:\/\/yoast.com\/wordpress\/plugins\/seo\/ -->\n<title>Ulcinj Tourisme e victime de son succ\u00e8s - Lajme nga Ulqini<\/title>\n<meta name=\"description\" content=\"L&#039;\u00e9t\u00e9 est termin\u00e9 et les grandes villes de Mont\u00e9n\u00e9gro font leur bilan de 74,892 nuit\u00e9es pour la p\u00e9riode septembre. Cet \u00e9t\u00e9, le tourisme a \u00e9t\u00e9 bon pour\" \/>\n<meta name=\"robots\" content=\"index, follow, max-snippet:-1, max-image-preview:large, max-video-preview:-1\" \/>\n<link rel=\"canonical\" href=\"https:\/\/www.visit-ulcinj.com\/blog\/2011\/09\/05\/ulcinj-tourisme-e-victime-de-son-succes\/\" \/>\n<meta property=\"og:locale\" content=\"en_US\" \/>\n<meta property=\"og:type\" content=\"article\" \/>\n<meta property=\"og:title\" content=\"Ulcinj Tourisme e victime de son succ\u00e8s - Lajme nga Ulqini\" \/>\n<meta property=\"og:description\" content=\"L&#039;\u00e9t\u00e9 est termin\u00e9 et les grandes villes de Mont\u00e9n\u00e9gro font leur bilan de 74,892 nuit\u00e9es pour la p\u00e9riode septembre. Cet \u00e9t\u00e9, le tourisme a \u00e9t\u00e9 bon pour\" \/>\n<meta property=\"og:url\" content=\"https:\/\/www.visit-ulcinj.com\/blog\/2011\/09\/05\/ulcinj-tourisme-e-victime-de-son-succes\/\" \/>\n<meta property=\"og:site_name\" content=\"Lajme nga Ulqini\" \/>\n<meta property=\"article:published_time\" content=\"2011-09-05T17:51:05+00:00\" \/>\n<meta property=\"article:modified_time\" content=\"2011-09-06T07:03:06+00:00\" \/>\n<meta property=\"og:image\" content=\"http:\/\/www.visit-ulcinj.com\/blog\/wp-content\/uploads\/2011\/09\/Rivijera-dUlcinj-Tourisme-e-victime-de-son-succes.jpg\" \/>\n<meta name=\"twitter:label1\" content=\"Written by\" \/>\n\t<meta name=\"twitter:data1\" content=\"ulqini\" \/>\n\t<meta name=\"twitter:label2\" content=\"Est. reading time\" \/>\n\t<meta name=\"twitter:data2\" content=\"3 minutes\" \/>\n<script type=\"application\/ld+json\" class=\"yoast-schema-graph\">{\"@context\":\"https:\/\/schema.org\",\"@graph\":[{\"@type\":\"WebSite\",\"@id\":\"https:\/\/www.visit-ulcinj.com\/blog\/#website\",\"url\":\"https:\/\/www.visit-ulcinj.com\/blog\/\",\"name\":\"Lajme nga Ulqini\",\"description\":\"Lajme,Vijesti,Ulqini,Ulqin,Crna Gora,Mali i Zi\",\"potentialAction\":[{\"@type\":\"SearchAction\",\"target\":{\"@type\":\"EntryPoint\",\"urlTemplate\":\"https:\/\/www.visit-ulcinj.com\/blog\/?s={search_term_string}\"},\"query-input\":\"required name=search_term_string\"}],\"inLanguage\":\"en-US\"},{\"@type\":\"ImageObject\",\"inLanguage\":\"en-US\",\"@id\":\"https:\/\/www.visit-ulcinj.com\/blog\/2011\/09\/05\/ulcinj-tourisme-e-victime-de-son-succes\/#primaryimage\",\"url\":\"https:\/\/www.visit-ulcinj.com\/blog\/wp-content\/uploads\/2011\/09\/Rivijera-dUlcinj-Tourisme-e-victime-de-son-succes.jpg\",\"contentUrl\":\"https:\/\/www.visit-ulcinj.com\/blog\/wp-content\/uploads\/2011\/09\/Rivijera-dUlcinj-Tourisme-e-victime-de-son-succes.jpg\",\"width\":\"720\",\"height\":\"1024\"},{\"@type\":\"WebPage\",\"@id\":\"https:\/\/www.visit-ulcinj.com\/blog\/2011\/09\/05\/ulcinj-tourisme-e-victime-de-son-succes\/#webpage\",\"url\":\"https:\/\/www.visit-ulcinj.com\/blog\/2011\/09\/05\/ulcinj-tourisme-e-victime-de-son-succes\/\",\"name\":\"Ulcinj Tourisme e victime de son succ\u00e8s - Lajme nga Ulqini\",\"isPartOf\":{\"@id\":\"https:\/\/www.visit-ulcinj.com\/blog\/#website\"},\"primaryImageOfPage\":{\"@id\":\"https:\/\/www.visit-ulcinj.com\/blog\/2011\/09\/05\/ulcinj-tourisme-e-victime-de-son-succes\/#primaryimage\"},\"datePublished\":\"2011-09-05T17:51:05+00:00\",\"dateModified\":\"2011-09-06T07:03:06+00:00\",\"author\":{\"@id\":\"https:\/\/www.visit-ulcinj.com\/blog\/#\/schema\/person\/dcab619c614d3038751c63bc2aadc06d\"},\"description\":\"L'\u00e9t\u00e9 est termin\u00e9 et les grandes villes de Mont\u00e9n\u00e9gro font leur bilan de 74,892 nuit\u00e9es pour la p\u00e9riode septembre. Cet \u00e9t\u00e9, le tourisme a \u00e9t\u00e9 bon pour\",\"breadcrumb\":{\"@id\":\"https:\/\/www.visit-ulcinj.com\/blog\/2011\/09\/05\/ulcinj-tourisme-e-victime-de-son-succes\/#breadcrumb\"},\"inLanguage\":\"en-US\",\"potentialAction\":[{\"@type\":\"ReadAction\",\"target\":[\"https:\/\/www.visit-ulcinj.com\/blog\/2011\/09\/05\/ulcinj-tourisme-e-victime-de-son-succes\/\"]}]},{\"@type\":\"BreadcrumbList\",\"@id\":\"https:\/\/www.visit-ulcinj.com\/blog\/2011\/09\/05\/ulcinj-tourisme-e-victime-de-son-succes\/#breadcrumb\",\"itemListElement\":[{\"@type\":\"ListItem\",\"position\":1,\"name\":\"Ulcinj Tourisme e victime de son succ\u00e8s\"}]},{\"@type\":\"Person\",\"@id\":\"https:\/\/www.visit-ulcinj.com\/blog\/#\/schema\/person\/dcab619c614d3038751c63bc2aadc06d\",\"name\":\"ulqini\",\"sameAs\":[\"http:\/\/www.visit-ulcinj.com\"],\"url\":\"https:\/\/www.visit-ulcinj.com\/blog\/author\/admin\/\"}]}<\/script>\n<!-- \/ Yoast SEO plugin. -->","yoast_head_json":{"title":"Ulcinj Tourisme e victime de son succ\u00e8s - Lajme nga Ulqini","description":"L'\u00e9t\u00e9 est termin\u00e9 et les grandes villes de Mont\u00e9n\u00e9gro font leur bilan de 74,892 nuit\u00e9es pour la p\u00e9riode septembre. Cet \u00e9t\u00e9, le tourisme a \u00e9t\u00e9 bon pour","robots":{"index":"index","follow":"follow","max-snippet":"max-snippet:-1","max-image-preview":"max-image-preview:large","max-video-preview":"max-video-preview:-1"},"canonical":"https:\/\/www.visit-ulcinj.com\/blog\/2011\/09\/05\/ulcinj-tourisme-e-victime-de-son-succes\/","og_locale":"en_US","og_type":"article","og_title":"Ulcinj Tourisme e victime de son succ\u00e8s - Lajme nga Ulqini","og_description":"L'\u00e9t\u00e9 est termin\u00e9 et les grandes villes de Mont\u00e9n\u00e9gro font leur bilan de 74,892 nuit\u00e9es pour la p\u00e9riode septembre. Cet \u00e9t\u00e9, le tourisme a \u00e9t\u00e9 bon pour","og_url":"https:\/\/www.visit-ulcinj.com\/blog\/2011\/09\/05\/ulcinj-tourisme-e-victime-de-son-succes\/","og_site_name":"Lajme nga Ulqini","article_published_time":"2011-09-05T17:51:05+00:00","article_modified_time":"2011-09-06T07:03:06+00:00","og_image":[{"url":"http:\/\/www.visit-ulcinj.com\/blog\/wp-content\/uploads\/2011\/09\/Rivijera-dUlcinj-Tourisme-e-victime-de-son-succes.jpg"}],"twitter_misc":{"Written by":"ulqini","Est. reading time":"3 minutes"},"schema":{"@context":"https:\/\/schema.org","@graph":[{"@type":"WebSite","@id":"https:\/\/www.visit-ulcinj.com\/blog\/#website","url":"https:\/\/www.visit-ulcinj.com\/blog\/","name":"Lajme nga Ulqini","description":"Lajme,Vijesti,Ulqini,Ulqin,Crna Gora,Mali i Zi","potentialAction":[{"@type":"SearchAction","target":{"@type":"EntryPoint","urlTemplate":"https:\/\/www.visit-ulcinj.com\/blog\/?s={search_term_string}"},"query-input":"required name=search_term_string"}],"inLanguage":"en-US"},{"@type":"ImageObject","inLanguage":"en-US","@id":"https:\/\/www.visit-ulcinj.com\/blog\/2011\/09\/05\/ulcinj-tourisme-e-victime-de-son-succes\/#primaryimage","url":"https:\/\/www.visit-ulcinj.com\/blog\/wp-content\/uploads\/2011\/09\/Rivijera-dUlcinj-Tourisme-e-victime-de-son-succes.jpg","contentUrl":"https:\/\/www.visit-ulcinj.com\/blog\/wp-content\/uploads\/2011\/09\/Rivijera-dUlcinj-Tourisme-e-victime-de-son-succes.jpg","width":"720","height":"1024"},{"@type":"WebPage","@id":"https:\/\/www.visit-ulcinj.com\/blog\/2011\/09\/05\/ulcinj-tourisme-e-victime-de-son-succes\/#webpage","url":"https:\/\/www.visit-ulcinj.com\/blog\/2011\/09\/05\/ulcinj-tourisme-e-victime-de-son-succes\/","name":"Ulcinj Tourisme e victime de son succ\u00e8s - Lajme nga Ulqini","isPartOf":{"@id":"https:\/\/www.visit-ulcinj.com\/blog\/#website"},"primaryImageOfPage":{"@id":"https:\/\/www.visit-ulcinj.com\/blog\/2011\/09\/05\/ulcinj-tourisme-e-victime-de-son-succes\/#primaryimage"},"datePublished":"2011-09-05T17:51:05+00:00","dateModified":"2011-09-06T07:03:06+00:00","author":{"@id":"https:\/\/www.visit-ulcinj.com\/blog\/#\/schema\/person\/dcab619c614d3038751c63bc2aadc06d"},"description":"L'\u00e9t\u00e9 est termin\u00e9 et les grandes villes de Mont\u00e9n\u00e9gro font leur bilan de 74,892 nuit\u00e9es pour la p\u00e9riode septembre. Cet \u00e9t\u00e9, le tourisme a \u00e9t\u00e9 bon pour","breadcrumb":{"@id":"https:\/\/www.visit-ulcinj.com\/blog\/2011\/09\/05\/ulcinj-tourisme-e-victime-de-son-succes\/#breadcrumb"},"inLanguage":"en-US","potentialAction":[{"@type":"ReadAction","target":["https:\/\/www.visit-ulcinj.com\/blog\/2011\/09\/05\/ulcinj-tourisme-e-victime-de-son-succes\/"]}]},{"@type":"BreadcrumbList","@id":"https:\/\/www.visit-ulcinj.com\/blog\/2011\/09\/05\/ulcinj-tourisme-e-victime-de-son-succes\/#breadcrumb","itemListElement":[{"@type":"ListItem","position":1,"name":"Ulcinj Tourisme e victime de son succ\u00e8s"}]},{"@type":"Person","@id":"https:\/\/www.visit-ulcinj.com\/blog\/#\/schema\/person\/dcab619c614d3038751c63bc2aadc06d","name":"ulqini","sameAs":["http:\/\/www.visit-ulcinj.com"],"url":"https:\/\/www.visit-ulcinj.com\/blog\/author\/admin\/"}]}},"jetpack_featured_media_url":"","jetpack_sharing_enabled":true,"jetpack_shortlink":"https:\/\/wp.me\/pe6lTn-db2","_links":{"self":[{"href":"https:\/\/www.visit-ulcinj.com\/blog\/wp-json\/wp\/v2\/posts\/50656"}],"collection":[{"href":"https:\/\/www.visit-ulcinj.com\/blog\/wp-json\/wp\/v2\/posts"}],"about":[{"href":"https:\/\/www.visit-ulcinj.com\/blog\/wp-json\/wp\/v2\/types\/post"}],"author":[{"embeddable":true,"href":"https:\/\/www.visit-ulcinj.com\/blog\/wp-json\/wp\/v2\/users\/1"}],"replies":[{"embeddable":true,"href":"https:\/\/www.visit-ulcinj.com\/blog\/wp-json\/wp\/v2\/comments?post=50656"}],"version-history":[{"count":5,"href":"https:\/\/www.visit-ulcinj.com\/blog\/wp-json\/wp\/v2\/posts\/50656\/revisions"}],"predecessor-version":[{"id":50666,"href":"https:\/\/www.visit-ulcinj.com\/blog\/wp-json\/wp\/v2\/posts\/50656\/revisions\/50666"}],"wp:attachment":[{"href":"https:\/\/www.visit-ulcinj.com\/blog\/wp-json\/wp\/v2\/media?parent=50656"}],"wp:term":[{"taxonomy":"category","embeddable":true,"href":"https:\/\/www.visit-ulcinj.com\/blog\/wp-json\/wp\/v2\/categories?post=50656"},{"taxonomy":"post_tag","embeddable":true,"href":"https:\/\/www.visit-ulcinj.com\/blog\/wp-json\/wp\/v2\/tags?post=50656"}],"curies":[{"name":"wp","href":"https:\/\/api.w.org\/{rel}","templated":true}]}}