{"id":50677,"date":"2011-09-07T17:36:42","date_gmt":"2011-09-07T16:36:42","guid":{"rendered":"http:\/\/www.visit-ulcinj.com\/blog\/?p=50677"},"modified":"2011-09-09T15:29:21","modified_gmt":"2011-09-09T14:29:21","slug":"ulqini-viktime-e-suksesit-te-saj-turistik-video","status":"publish","type":"post","link":"https:\/\/www.visit-ulcinj.com\/blog\/2011\/09\/07\/ulqini-viktime-e-suksesit-te-saj-turistik-video\/","title":{"rendered":"Ulqini viktime e suksesit t\u00eb saj turistik &#8211; Video"},"content":{"rendered":"<p><a href=\"http:\/\/www.visit-ulcinj.com\/blog\/wp-content\/uploads\/2011\/09\/Bum%C3%AB-turistik-n%C3%AB-Ulqin_plazhi-vogel.jpg\"><img loading=\"lazy\" class=\"alignleft size-full wp-image-50678\" title=\"Bum\u00eb turistik n\u00eb Ulqin_plazhi vogel\" src=\"http:\/\/www.visit-ulcinj.com\/blog\/wp-content\/uploads\/2011\/09\/Bum%C3%AB-turistik-n%C3%AB-Ulqin_plazhi-vogel.jpg\" alt=\"\" width=\"508\" height=\"380\" \/><\/a>Nisur nga numri i lart\u00eb i pushuesve n\u00eb vendin ton\u00eb kuptohet se Ulqini ka qen\u00eb e vazhdon t\u00eb jet\u00eb destinacioni m\u00eb atraktiv p\u00ebr pushuesit e Evrop\u00ebs qendrore dhe per\u00ebndimore, p\u00ebrfshir\u00eb k\u00ebtu edhe diaspor\u00ebn shqiptare q\u00eb zgjedhin Ulqinin p\u00ebr pushime.<br \/>\nSezoni i k\u00ebtij viti karakterizohet p\u00ebr ardhjen, akomodimin edhe efektet financiare. N\u00eb Ulqin ndodhen 9550 pushues t\u00eb paraqitur, meq\u00eb sipas vler\u00ebsimeve tona, turist\u00eb ka m\u00eb shum\u00eb.Kurse n\u00eb Mal\u00eb t\u00eb Zi n\u00eb p\u00ebrgjith\u00ebsi ndodhen 74,892 pushues t\u00eb paraqitur.<br \/>\nN\u00eb Organizat\u00ebn turistike komunale t\u00eb Ulqinit \/OTUL\/ thon\u00eb se sezoni i sivjetsh\u00ebm turistik \u00ebsht\u00eb nd\u00ebr m\u00eb t\u00eb mir\u00ebt n\u00eb 10 vitet e fundit.<br \/>\nEdhe pse jemi drejt muajit shtator, vendi yn\u00eb vazhdon t\u00eb pres\u00eb pushues t\u00eb shumt\u00eb nga Kosova,Bosna dhe Hercegovina,Gjermani, Polonia, Qekia, Sllovakia, Hungaria, Italia dhe ka pasur edhe nga Rusia e kjo fal\u00eb sh\u00ebrbimit t\u00eb p\u00ebrmir\u00ebsuar, \u00e7mimeve konkurruese, resurseve natyrore t\u00eb vendit ton\u00eb, por edhe temperaturat e larta t\u00eb cilat do t\u00eb vazhdojn\u00eb dhe n\u00eb muajin shtator.<br \/>\n<a href=\"http:\/\/www.visit-ulcinj.com\/blog\/wp-content\/uploads\/2011\/09\/Ali-Redza_Maneger-of-Tourist-Organization-of-Ulcinj_Montenegro1.jpg\"><img loading=\"lazy\" class=\"alignleft size-full wp-image-50679\" title=\"Ali-Redza_Maneger-of-Tourist-Organization-of-Ulcinj_Montenegro\" src=\"http:\/\/www.visit-ulcinj.com\/blog\/wp-content\/uploads\/2011\/09\/Ali-Redza_Maneger-of-Tourist-Organization-of-Ulcinj_Montenegro1.jpg\" alt=\"\" width=\"330\" height=\"400\" \/><\/a>Edhe pse kemi shkelur n\u00eb dit\u00ebt e fundit t\u00eb turizmit, Ulqini ende vlon nga turist\u00ebt q\u00eb k\u00ebto dit\u00eb jan\u00eb duke pushuar n\u00eb Rivier\u00ebn ton\u00eb. N\u00ebse b\u00ebm\u00eb nj\u00eb xhiro n\u00ebp\u00ebr plazhe, shum\u00eb pak mund t\u00eb v\u00ebrejm\u00eb se kemi t\u00eb b\u00ebjm\u00eb me dit\u00ebt e num\u00ebruara t\u00eb turizmit. Me t\u00eb drejt\u00eb njoh\u00ebsit e mir\u00eb t\u00eb fush\u00ebs s\u00eb turizmit thon\u00eb se kjo sezon\u00eb do t\u00eb mbahet mend p\u00ebr ulqinak\u00ebt si nj\u00eb nd\u00ebr sezonat m\u00eb t\u00eb sukseshme n\u00eb disa vitet e fundit, dhe sigurisht q\u00eb ka qen\u00eb nj\u00eb&#8221; infuzion&#8221; i mir\u00eb p\u00ebr buxhetin e tyre,deklaroi k\u00ebshtu drejtori I Organizat\u00ebs turistike t\u00eb Ulqinit,Ali Rexha.<br \/>\nRexha nd\u00ebr tjera ceku se k\u00ebt\u00eb ver\u00eb, kur nga Kosova p\u00ebrmes\u00a0Shqip\u00ebris\u00eb, p\u00ebrmes superstrad\u00ebs mund t\u00eb arrish n\u00eb Ulqin p\u00ebr\u00a0kat\u00ebr or\u00eb e gjysm\u00eb, autostrad\u00ebs s\u00eb re moderne\u00a0e njohur nd\u00ebr shqiptar\u00eb si rruga e re e\u00a0kombit, Ulqini si rrall\u00eb her\u00eb m\u00eb par\u00eb \u00ebsht\u00eb\u00a0\u201c pushtuar\u201dnga shqiptar\u00ebt kryesisht nga\u00a0Kosova.\u00a0Fal\u00eb kontrollit rutinor n\u00eb kalimin e p\u00ebrbashk\u00ebt\u00a0kufitar n\u00eb Muriqan ( Sukubin\u00eb) t\u00eb\u00a0pal\u00ebs malazeze dhe shqiptare, i cili aktualisht\u00a0m\u00eb tep\u00ebr i p\u00ebrngjan nj\u00eb shenje t\u00eb vij\u00ebs\u00a0shtet\u00ebrore t\u00eb Malit t\u00eb Zi dhe Shqip\u00ebris\u00eb, ku\u00a0hyhet e dilet lirisht, sesa nj\u00eb kufiri, i cili para\u00a0disa vitesh ishte kufi i ndarjes, mij\u00ebra turist\u00eb\u00a0shqiptar\u00eb nga vende t\u00eb ndryshme t\u00eb rajonit\u00a0kan\u00eb zgjedhur plazhet e Ulqinit p\u00ebr\u00a0pushime verore. Sivjet n\u00eb plazhet e \u00e7do\u00a0p\u00ebll\u00ebmbe t\u00eb bregdetit t\u00eb bukur t\u00eb Ulqinit, i\u00a0paisur me r\u00ebr\u00ebn sh\u00ebruese, me ujin kristal,\u00a0me flor\u00ebn e faun\u00ebn, me freskin\u00eb e pishnajave\u00a0e m\u00eb shum\u00eb bukuri t\u00eb tjera natyrore t\u00eb\u00a0cilat natyra ia ka dhuruar k\u00ebtij ambienti\u00a0ideal p\u00ebr pushim, freskim e sh\u00ebrim dhe arg\u00ebtim,dhe mos t\u00eb harom t\u00eb cekim q\u00eb kan\u00eb ardhur\u00a0po thuaj t\u00eb gjith\u00eb yjet e\u00a0estrad\u00ebs s\u00eb Kosov\u00ebs.<br \/>\nP\u00ebr t\u00eb pas efekt disuazif turizmi n\u00eb Ulqin, normal duhet t\u00eb ulen edhe \u00e7mimet.Prandaj prej momentit q\u00eb po e vendosim k\u00ebt shkres fillon edhe zbritja e \u00e7mimeve n\u00eb hotelet e Rivier\u00ebs se Ulqinit,fillon edhe zbritja e \u00e7mimeve n\u00eb hotelin Mediteran Resort,gjithashtu ka zbritje edhe n\u00eb Hotelin Albatros.Zbritje t\u00eb \u00e7mimeve mund t\u00eb pahet edhe n\u00eb hotelet private t\u00eb Ulqinit,por gjithashtu zbritjen e \u00e7mimeve e ndjek\u00ebn edhe sektori privat.<br \/>\n<a href=\"http:\/\/www.visit-ulcinj.com\/blog\/wp-content\/uploads\/2011\/09\/Bum%C3%AB-turistik-n%C3%AB-Ulqin_plazhi-msm.jpg\"><img loading=\"lazy\" class=\"alignleft size-full wp-image-50680\" title=\"Bum\u00eb turistik n\u00eb Ulqin_plazhi msm\" src=\"http:\/\/www.visit-ulcinj.com\/blog\/wp-content\/uploads\/2011\/09\/Bum%C3%AB-turistik-n%C3%AB-Ulqin_plazhi-msm.jpg\" alt=\"\" width=\"508\" height=\"330\" \/><\/a><br \/>\nUlqini asht i vendosur n\u00eb nj\u00eb pozit\u00eb gjeografike fantastike, n\u00eb qytetin bregdetar t\u00eb Ulqinit mund t\u00eb zgjedh\u00ebsh mes plazheve ranore dhe atyre shk\u00ebmbore. I vendosur p\u00ebrgjat\u00eb gjirit nga qyteti shpaloset Buna, ndar\u00ebsi i detit Jon me at\u00eb Adriatik. Nj\u00eb pushues ka shum\u00eb mund\u00ebsi zgjedhjeje n\u00eb Ulqin.<br \/>\nMund t\u00eb zgjedh\u00eb plazhet apo t\u00eb shkoj\u00eb n\u00eb mal, n\u00eb freskun e mrekulluesh\u00ebm t\u00eb Ulqinit. \u00c7mimet n\u00eb hotelet e Ulqinit, nuk jan\u00eb shum\u00eb t\u00eb larta.Gjysm\u00eb pansioni sillet prej 24 euro n\u00eb dit\u00eb per person.<br \/>\nHotelet plot\u00ebsojn\u00eb thuajse t\u00eb gjitha k\u00ebrkesat e pushuesve. Dhomat jan\u00eb komode, me kondicioner, televizor, si dhe minibar. Nd\u00ebrkoh\u00eb t\u00eb gjitha hotelet kan\u00eb dhe restorantet e tyre, ku serviren llojet e ndryshme t\u00eb prodhimeve t\u00eb detit Ulqinak.<br \/>\nKlima e favorshme, dhjet\u00ebra kilometra plazh me r\u00ebr\u00ebn sh\u00ebruese t\u00eb g\u00ebrshetuara me mund\u00ebsit\u00eb e shumta p\u00ebr arg\u00ebtim, e b\u00ebjn\u00eb Ulqinin vend t\u00ebrheq\u00ebs.<br \/>\nEdhe pse sezona ka qen\u00eb e sukseshme dhe i ka tejkaluar t\u00eb gjitha rekordet, shumica shprehen t\u00eb knaqur me koh\u00ebzgjatjen e sezonit. N\u00eb fakt thon\u00eb se n\u00eb Ulqin kemi 40 dit\u00eb sezon\u00eb,dhe k\u00ebtu p\u00ebrfundon \u00e7do gj\u00eb n\u00eb lidhje me turiz\u00ebm ,kyt\u00eb vit\u00eb sezoni zgjati m\u00eb shum\u00eb u shpreh pronari menaxhues I plazhit Copacabana,Gjovani Shkrela p\u00ebr Mozaikun e televizorit t\u00eb Malit t\u00eb Zi.<\/p>\n<p><strong>H.B<\/strong><br \/>\n<strong> Lajme nga Ulqini<br \/>\n<!--YouTube Error: bad URL entered--><br \/>\n<\/strong><\/p>\n","protected":false},"excerpt":{"rendered":"<p>Nisur nga numri i lart\u00eb i pushuesve n\u00eb vendin ton\u00eb kuptohet se Ulqini ka qen\u00eb e vazhdon t\u00eb jet\u00eb destinacioni m\u00eb atraktiv p\u00ebr pushuesit e Evrop\u00ebs qendrore dhe per\u00ebndimore, p\u00ebrfshir\u00eb k\u00ebtu edhe diaspor\u00ebn shqiptare q\u00eb zgjedhin Ulqinin p\u00ebr pushime. Sezoni i k\u00ebtij viti karakterizohet p\u00ebr ardhjen, akomodimin edhe efektet financiare. N\u00eb Ulqin ndodhen 9550 pushues [&hellip;]<\/p>\n","protected":false},"author":1,"featured_media":0,"comment_status":"open","ping_status":"closed","sticky":false,"template":"","format":"standard","meta":{"spay_email":"","jetpack_publicize_message":"","jetpack_is_tweetstorm":false,"jetpack_publicize_feature_enabled":true},"categories":[10,1],"tags":[14887,22016,15894,2797,200,18],"jetpack_publicize_connections":[],"yoast_head":"<!-- This site is optimized with the Yoast SEO plugin v19.1 - https:\/\/yoast.com\/wordpress\/plugins\/seo\/ -->\n<title>Ulqini viktime e suksesit t\u00eb saj turistik - Video - Lajme nga Ulqini<\/title>\n<meta name=\"description\" content=\"Nisur nga numri i lart\u00eb i pushuesve n\u00eb vendin ton\u00eb kuptohet se Ulqini ka qen\u00eb e vazhdon t\u00eb jet\u00eb destinacioni m\u00eb atraktiv p\u00ebr pushuesit e Evrop\u00ebs qendrore\" \/>\n<meta name=\"robots\" content=\"index, follow, max-snippet:-1, max-image-preview:large, max-video-preview:-1\" \/>\n<link rel=\"canonical\" href=\"https:\/\/www.visit-ulcinj.com\/blog\/2011\/09\/07\/ulqini-viktime-e-suksesit-te-saj-turistik-video\/\" \/>\n<meta property=\"og:locale\" content=\"en_US\" \/>\n<meta property=\"og:type\" content=\"article\" \/>\n<meta property=\"og:title\" content=\"Ulqini viktime e suksesit t\u00eb saj turistik - Video - Lajme nga Ulqini\" \/>\n<meta property=\"og:description\" content=\"Nisur nga numri i lart\u00eb i pushuesve n\u00eb vendin ton\u00eb kuptohet se Ulqini ka qen\u00eb e vazhdon t\u00eb jet\u00eb destinacioni m\u00eb atraktiv p\u00ebr pushuesit e Evrop\u00ebs qendrore\" \/>\n<meta property=\"og:url\" content=\"https:\/\/www.visit-ulcinj.com\/blog\/2011\/09\/07\/ulqini-viktime-e-suksesit-te-saj-turistik-video\/\" \/>\n<meta property=\"og:site_name\" content=\"Lajme nga Ulqini\" \/>\n<meta property=\"article:published_time\" content=\"2011-09-07T16:36:42+00:00\" \/>\n<meta property=\"article:modified_time\" content=\"2011-09-09T14:29:21+00:00\" \/>\n<meta property=\"og:image\" content=\"http:\/\/www.visit-ulcinj.com\/blog\/wp-content\/uploads\/2011\/09\/Bum%C3%AB-turistik-n%C3%AB-Ulqin_plazhi-vogel.jpg\" \/>\n<meta name=\"twitter:label1\" content=\"Written by\" \/>\n\t<meta name=\"twitter:data1\" content=\"ulqini\" \/>\n\t<meta name=\"twitter:label2\" content=\"Est. reading time\" \/>\n\t<meta name=\"twitter:data2\" content=\"4 minutes\" \/>\n<script type=\"application\/ld+json\" class=\"yoast-schema-graph\">{\"@context\":\"https:\/\/schema.org\",\"@graph\":[{\"@type\":\"WebSite\",\"@id\":\"https:\/\/www.visit-ulcinj.com\/blog\/#website\",\"url\":\"https:\/\/www.visit-ulcinj.com\/blog\/\",\"name\":\"Lajme nga Ulqini\",\"description\":\"Lajme,Vijesti,Ulqini,Ulqin,Crna Gora,Mali i Zi\",\"potentialAction\":[{\"@type\":\"SearchAction\",\"target\":{\"@type\":\"EntryPoint\",\"urlTemplate\":\"https:\/\/www.visit-ulcinj.com\/blog\/?s={search_term_string}\"},\"query-input\":\"required name=search_term_string\"}],\"inLanguage\":\"en-US\"},{\"@type\":\"ImageObject\",\"inLanguage\":\"en-US\",\"@id\":\"https:\/\/www.visit-ulcinj.com\/blog\/2011\/09\/07\/ulqini-viktime-e-suksesit-te-saj-turistik-video\/#primaryimage\",\"url\":\"http:\/\/www.visit-ulcinj.com\/blog\/wp-content\/uploads\/2011\/09\/Bum%C3%AB-turistik-n%C3%AB-Ulqin_plazhi-vogel.jpg\",\"contentUrl\":\"http:\/\/www.visit-ulcinj.com\/blog\/wp-content\/uploads\/2011\/09\/Bum%C3%AB-turistik-n%C3%AB-Ulqin_plazhi-vogel.jpg\"},{\"@type\":\"WebPage\",\"@id\":\"https:\/\/www.visit-ulcinj.com\/blog\/2011\/09\/07\/ulqini-viktime-e-suksesit-te-saj-turistik-video\/#webpage\",\"url\":\"https:\/\/www.visit-ulcinj.com\/blog\/2011\/09\/07\/ulqini-viktime-e-suksesit-te-saj-turistik-video\/\",\"name\":\"Ulqini viktime e suksesit t\u00eb saj turistik - Video - Lajme nga Ulqini\",\"isPartOf\":{\"@id\":\"https:\/\/www.visit-ulcinj.com\/blog\/#website\"},\"primaryImageOfPage\":{\"@id\":\"https:\/\/www.visit-ulcinj.com\/blog\/2011\/09\/07\/ulqini-viktime-e-suksesit-te-saj-turistik-video\/#primaryimage\"},\"datePublished\":\"2011-09-07T16:36:42+00:00\",\"dateModified\":\"2011-09-09T14:29:21+00:00\",\"author\":{\"@id\":\"https:\/\/www.visit-ulcinj.com\/blog\/#\/schema\/person\/dcab619c614d3038751c63bc2aadc06d\"},\"description\":\"Nisur nga numri i lart\u00eb i pushuesve n\u00eb vendin ton\u00eb kuptohet se Ulqini ka qen\u00eb e vazhdon t\u00eb jet\u00eb destinacioni m\u00eb atraktiv p\u00ebr pushuesit e Evrop\u00ebs qendrore\",\"breadcrumb\":{\"@id\":\"https:\/\/www.visit-ulcinj.com\/blog\/2011\/09\/07\/ulqini-viktime-e-suksesit-te-saj-turistik-video\/#breadcrumb\"},\"inLanguage\":\"en-US\",\"potentialAction\":[{\"@type\":\"ReadAction\",\"target\":[\"https:\/\/www.visit-ulcinj.com\/blog\/2011\/09\/07\/ulqini-viktime-e-suksesit-te-saj-turistik-video\/\"]}]},{\"@type\":\"BreadcrumbList\",\"@id\":\"https:\/\/www.visit-ulcinj.com\/blog\/2011\/09\/07\/ulqini-viktime-e-suksesit-te-saj-turistik-video\/#breadcrumb\",\"itemListElement\":[{\"@type\":\"ListItem\",\"position\":1,\"name\":\"Ulqini viktime e suksesit t\u00eb saj turistik &#8211; Video\"}]},{\"@type\":\"Person\",\"@id\":\"https:\/\/www.visit-ulcinj.com\/blog\/#\/schema\/person\/dcab619c614d3038751c63bc2aadc06d\",\"name\":\"ulqini\",\"sameAs\":[\"http:\/\/www.visit-ulcinj.com\"],\"url\":\"https:\/\/www.visit-ulcinj.com\/blog\/author\/admin\/\"}]}<\/script>\n<!-- \/ Yoast SEO plugin. -->","yoast_head_json":{"title":"Ulqini viktime e suksesit t\u00eb saj turistik - Video - Lajme nga Ulqini","description":"Nisur nga numri i lart\u00eb i pushuesve n\u00eb vendin ton\u00eb kuptohet se Ulqini ka qen\u00eb e vazhdon t\u00eb jet\u00eb destinacioni m\u00eb atraktiv p\u00ebr pushuesit e Evrop\u00ebs qendrore","robots":{"index":"index","follow":"follow","max-snippet":"max-snippet:-1","max-image-preview":"max-image-preview:large","max-video-preview":"max-video-preview:-1"},"canonical":"https:\/\/www.visit-ulcinj.com\/blog\/2011\/09\/07\/ulqini-viktime-e-suksesit-te-saj-turistik-video\/","og_locale":"en_US","og_type":"article","og_title":"Ulqini viktime e suksesit t\u00eb saj turistik - Video - Lajme nga Ulqini","og_description":"Nisur nga numri i lart\u00eb i pushuesve n\u00eb vendin ton\u00eb kuptohet se Ulqini ka qen\u00eb e vazhdon t\u00eb jet\u00eb destinacioni m\u00eb atraktiv p\u00ebr pushuesit e Evrop\u00ebs qendrore","og_url":"https:\/\/www.visit-ulcinj.com\/blog\/2011\/09\/07\/ulqini-viktime-e-suksesit-te-saj-turistik-video\/","og_site_name":"Lajme nga Ulqini","article_published_time":"2011-09-07T16:36:42+00:00","article_modified_time":"2011-09-09T14:29:21+00:00","og_image":[{"url":"http:\/\/www.visit-ulcinj.com\/blog\/wp-content\/uploads\/2011\/09\/Bum%C3%AB-turistik-n%C3%AB-Ulqin_plazhi-vogel.jpg"}],"twitter_misc":{"Written by":"ulqini","Est. reading time":"4 minutes"},"schema":{"@context":"https:\/\/schema.org","@graph":[{"@type":"WebSite","@id":"https:\/\/www.visit-ulcinj.com\/blog\/#website","url":"https:\/\/www.visit-ulcinj.com\/blog\/","name":"Lajme nga Ulqini","description":"Lajme,Vijesti,Ulqini,Ulqin,Crna Gora,Mali i Zi","potentialAction":[{"@type":"SearchAction","target":{"@type":"EntryPoint","urlTemplate":"https:\/\/www.visit-ulcinj.com\/blog\/?s={search_term_string}"},"query-input":"required name=search_term_string"}],"inLanguage":"en-US"},{"@type":"ImageObject","inLanguage":"en-US","@id":"https:\/\/www.visit-ulcinj.com\/blog\/2011\/09\/07\/ulqini-viktime-e-suksesit-te-saj-turistik-video\/#primaryimage","url":"http:\/\/www.visit-ulcinj.com\/blog\/wp-content\/uploads\/2011\/09\/Bum%C3%AB-turistik-n%C3%AB-Ulqin_plazhi-vogel.jpg","contentUrl":"http:\/\/www.visit-ulcinj.com\/blog\/wp-content\/uploads\/2011\/09\/Bum%C3%AB-turistik-n%C3%AB-Ulqin_plazhi-vogel.jpg"},{"@type":"WebPage","@id":"https:\/\/www.visit-ulcinj.com\/blog\/2011\/09\/07\/ulqini-viktime-e-suksesit-te-saj-turistik-video\/#webpage","url":"https:\/\/www.visit-ulcinj.com\/blog\/2011\/09\/07\/ulqini-viktime-e-suksesit-te-saj-turistik-video\/","name":"Ulqini viktime e suksesit t\u00eb saj turistik - Video - Lajme nga Ulqini","isPartOf":{"@id":"https:\/\/www.visit-ulcinj.com\/blog\/#website"},"primaryImageOfPage":{"@id":"https:\/\/www.visit-ulcinj.com\/blog\/2011\/09\/07\/ulqini-viktime-e-suksesit-te-saj-turistik-video\/#primaryimage"},"datePublished":"2011-09-07T16:36:42+00:00","dateModified":"2011-09-09T14:29:21+00:00","author":{"@id":"https:\/\/www.visit-ulcinj.com\/blog\/#\/schema\/person\/dcab619c614d3038751c63bc2aadc06d"},"description":"Nisur nga numri i lart\u00eb i pushuesve n\u00eb vendin ton\u00eb kuptohet se Ulqini ka qen\u00eb e vazhdon t\u00eb jet\u00eb destinacioni m\u00eb atraktiv p\u00ebr pushuesit e Evrop\u00ebs qendrore","breadcrumb":{"@id":"https:\/\/www.visit-ulcinj.com\/blog\/2011\/09\/07\/ulqini-viktime-e-suksesit-te-saj-turistik-video\/#breadcrumb"},"inLanguage":"en-US","potentialAction":[{"@type":"ReadAction","target":["https:\/\/www.visit-ulcinj.com\/blog\/2011\/09\/07\/ulqini-viktime-e-suksesit-te-saj-turistik-video\/"]}]},{"@type":"BreadcrumbList","@id":"https:\/\/www.visit-ulcinj.com\/blog\/2011\/09\/07\/ulqini-viktime-e-suksesit-te-saj-turistik-video\/#breadcrumb","itemListElement":[{"@type":"ListItem","position":1,"name":"Ulqini viktime e suksesit t\u00eb saj turistik &#8211; Video"}]},{"@type":"Person","@id":"https:\/\/www.visit-ulcinj.com\/blog\/#\/schema\/person\/dcab619c614d3038751c63bc2aadc06d","name":"ulqini","sameAs":["http:\/\/www.visit-ulcinj.com"],"url":"https:\/\/www.visit-ulcinj.com\/blog\/author\/admin\/"}]}},"jetpack_featured_media_url":"","jetpack_sharing_enabled":true,"jetpack_shortlink":"https:\/\/wp.me\/pe6lTn-dbn","_links":{"self":[{"href":"https:\/\/www.visit-ulcinj.com\/blog\/wp-json\/wp\/v2\/posts\/50677"}],"collection":[{"href":"https:\/\/www.visit-ulcinj.com\/blog\/wp-json\/wp\/v2\/posts"}],"about":[{"href":"https:\/\/www.visit-ulcinj.com\/blog\/wp-json\/wp\/v2\/types\/post"}],"author":[{"embeddable":true,"href":"https:\/\/www.visit-ulcinj.com\/blog\/wp-json\/wp\/v2\/users\/1"}],"replies":[{"embeddable":true,"href":"https:\/\/www.visit-ulcinj.com\/blog\/wp-json\/wp\/v2\/comments?post=50677"}],"version-history":[{"count":4,"href":"https:\/\/www.visit-ulcinj.com\/blog\/wp-json\/wp\/v2\/posts\/50677\/revisions"}],"predecessor-version":[{"id":50686,"href":"https:\/\/www.visit-ulcinj.com\/blog\/wp-json\/wp\/v2\/posts\/50677\/revisions\/50686"}],"wp:attachment":[{"href":"https:\/\/www.visit-ulcinj.com\/blog\/wp-json\/wp\/v2\/media?parent=50677"}],"wp:term":[{"taxonomy":"category","embeddable":true,"href":"https:\/\/www.visit-ulcinj.com\/blog\/wp-json\/wp\/v2\/categories?post=50677"},{"taxonomy":"post_tag","embeddable":true,"href":"https:\/\/www.visit-ulcinj.com\/blog\/wp-json\/wp\/v2\/tags?post=50677"}],"curies":[{"name":"wp","href":"https:\/\/api.w.org\/{rel}","templated":true}]}}