{"id":50687,"date":"2011-09-08T09:53:16","date_gmt":"2011-09-08T08:53:16","guid":{"rendered":"http:\/\/www.visit-ulcinj.com\/blog\/?p=50687"},"modified":"2011-09-08T09:53:16","modified_gmt":"2011-09-08T08:53:16","slug":"vidra-fest-2011-iv-festival-prirode-i-kulture","status":"publish","type":"post","link":"https:\/\/www.visit-ulcinj.com\/blog\/2011\/09\/08\/vidra-fest-2011-iv-festival-prirode-i-kulture\/","title":{"rendered":"Vidra fest 2011 &#8211; IV Festival prirode i kulture"},"content":{"rendered":"<p><a href=\"http:\/\/www.visit-ulcinj.com\/blog\/wp-content\/uploads\/2011\/09\/Vidra-fest-Festival-2011.jpg\"><img loading=\"lazy\" class=\"alignleft size-full wp-image-50688\" title=\"Vidra fest Festival 2011\" src=\"http:\/\/www.visit-ulcinj.com\/blog\/wp-content\/uploads\/2011\/09\/Vidra-fest-Festival-2011.jpg\" alt=\"\" width=\"508\" height=\"380\" \/><\/a>Projektna kancelarija za razvoj lokalnih zajednica Skadarskog jezera, organizuje <strong>IV <\/strong><strong>po redu Festival prirode i kulture \u2013 <\/strong><strong>\u201eVidra fest 2011.\u201c<\/strong><strong>, koji \u0107e se odr\u017eati 1<\/strong><strong>0<\/strong><strong>.<\/strong><strong> i 11.<\/strong><strong> septembra na nekoliko lokacija na Skadarskom jezeru.<\/strong><strong><\/strong><\/p>\n<p>Festival ima za cilj predstavljanje kulturnog i prirodnog naslje\u0111a, turisti\u010dke i gastronomske ponude i lokalnih zajednica Skadarskog jezera.<\/p>\n<p><strong>Kako bi lak\u0161e ispratili ve\u0107inu festivalskih aktivnosti pripremili smo i poseban program za medijske ekipe koje budu prisustvovale Festivalu:<\/strong><\/p>\n<p><strong><span style=\"text-decoration: underline;\">10. septembar \u2013 Rijeka Crnojevi\u0107a<\/span><\/strong><\/p>\n<p><strong>11.30 \u2013 12.00h <\/strong>\u2013 Akcija \u010di\u0161\u0107enja uz u\u010de\u0161\u0107e volontera i djece<strong> <\/strong>(mogu\u0107nost uzimanja izjava)<\/p>\n<p><strong>12.00 \u2013 12.30h <\/strong>\u2013 Dje\u010dji program (recikla\u017ea, animacija, ritmika &#8211; oko 150 djece)<\/p>\n<p><strong>12.30 \u2013 13.00h<\/strong> \u2013 Promotivni sajam (doma\u0107i i izlaga\u010di iz Albanije)<\/p>\n<p>&nbsp;<\/p>\n<p><strong><span style=\"text-decoration: underline;\">11. septembar \u2013 Virpazar<\/span><\/strong><\/p>\n<p><strong>10.15 &#8211; 10.45h<\/strong> &#8211; Virpazar (start trke biciklista, vazduhoplovni savez letjelice..)<\/p>\n<p><strong>10.45 \u2013 12.30h<\/strong> &#8211; Ukrcavanje na brod i krstarenje (uzimanje izjava od orgnizatora, bendova&#8230;)<\/p>\n<p>U me\u0111uvremenu dolazak do obale na Vranjini odakle posmatramo aktivnosti na vodi, start trke \u010dunova, brod na kome je salsa \u017eurka i na kraju pratimo trku \u010dunova do fini\u0161a na Virpazaru i iskrcavanje.<\/p>\n<p><strong>12.30 &#8211; 13.15h<\/strong> \u2013 Promotivni sajam sa novim proizvo\u0111a\u010dima (lan\u010d paketi)<\/p>\n<p><strong>13.14 \u2013 14.00h<\/strong> \u2013 Izlo\u017eba stripa, radionica, dje\u010diji program, recila\u017ena radionica<\/p>\n<p>&nbsp;<\/p>\n<p>Za sve ekipe koje imaju plan da snime ili intervjui\u0161u nekoga posebno od organizatora i u\u010desnika u prilicimo da pomognemo u obezbije\u0111ivanju svih raspolo\u017eivih sagovornika.<\/p>\n<p>&nbsp;<\/p>\n<p><strong>U ve\u010dernjim satima u sklopu muzi\u010dkog prorama mogu\u0107e je snimanje do 10 minuta koncerta JINX-a i ostalih bendova.<\/strong><\/p>\n<p><strong>\u00a0<\/strong><\/p>\n<p>Projektna kancelarija i Festival se pridru\u017euju kampanji<strong> &#8220;Govorimo o mogu\u0107nostima&#8221; <\/strong>koju sprovode Vlada Crne Gore i UNICEF u saradnji sa Udru\u017eenjima roditelja djece sa smetnjama u razvoju i mnogim drugim partnerima.<strong> <\/strong><\/p>\n<p>&nbsp;<\/p>\n<p>Podsje\u0107amo, Festival se organizuje kao pilot aktivnosti u okviru Pilot projekta za razvoj lokalnih zajednica Skadarskog jezera, koji se sprovodi u okviru Regionalnog programa za kulturnu i prirodnu ba\u0161tinu Jugoisto\u010dne Evrope.<\/p>\n<p><strong>Ukoliko ste zainteresovani da Va\u0161a ekipa isprati ovogodi\u0161nji festival molimo Vas da nas obavijestite putem t<\/strong><strong>elefon<\/strong><strong>a<\/strong> <strong>067 837 888<\/strong><strong>.<\/strong><\/p>\n<p>S po\u0161tovanjem,<\/p>\n<p>&nbsp;<\/p>\n<p><strong>Koordinator projekta<\/strong><\/p>\n<p><strong>Lejla Abdi\u0107 \u0110okovi\u0107<\/strong><strong><\/strong><\/p>\n","protected":false},"excerpt":{"rendered":"<p>Projektna kancelarija za razvoj lokalnih zajednica Skadarskog jezera, organizuje IV po redu Festival prirode i kulture \u2013 \u201eVidra fest 2011.\u201c, koji \u0107e se odr\u017eati 10. i 11. septembra na nekoliko lokacija na Skadarskom jezeru. Festival ima za cilj predstavljanje kulturnog i prirodnog naslje\u0111a, turisti\u010dke i gastronomske ponude i lokalnih zajednica Skadarskog jezera. Kako bi lak\u0161e [&hellip;]<\/p>\n","protected":false},"author":1,"featured_media":0,"comment_status":"open","ping_status":"closed","sticky":false,"template":"","format":"standard","meta":{"spay_email":"","jetpack_publicize_message":"","jetpack_is_tweetstorm":false,"jetpack_publicize_feature_enabled":true},"categories":[8337],"tags":[19079],"jetpack_publicize_connections":[],"yoast_head":"<!-- This site is optimized with the Yoast SEO plugin v19.1 - https:\/\/yoast.com\/wordpress\/plugins\/seo\/ -->\n<title>Vidra fest 2011 - IV Festival prirode i kulture - Lajme nga Ulqini<\/title>\n<meta name=\"description\" content=\"Projektna kancelarija za razvoj lokalnih zajednica Skadarskog jezera, organizuje IV po redu Festival prirode i kulture \u2013 \u201eVidra fest 2011.\u201c, koji \u0107e se\" \/>\n<meta name=\"robots\" content=\"index, follow, max-snippet:-1, max-image-preview:large, max-video-preview:-1\" \/>\n<link rel=\"canonical\" href=\"https:\/\/www.visit-ulcinj.com\/blog\/2011\/09\/08\/vidra-fest-2011-iv-festival-prirode-i-kulture\/\" \/>\n<meta property=\"og:locale\" content=\"en_US\" \/>\n<meta property=\"og:type\" content=\"article\" \/>\n<meta property=\"og:title\" content=\"Vidra fest 2011 - IV Festival prirode i kulture - Lajme nga Ulqini\" \/>\n<meta property=\"og:description\" content=\"Projektna kancelarija za razvoj lokalnih zajednica Skadarskog jezera, organizuje IV po redu Festival prirode i kulture \u2013 \u201eVidra fest 2011.\u201c, koji \u0107e se\" \/>\n<meta property=\"og:url\" content=\"https:\/\/www.visit-ulcinj.com\/blog\/2011\/09\/08\/vidra-fest-2011-iv-festival-prirode-i-kulture\/\" \/>\n<meta property=\"og:site_name\" content=\"Lajme nga Ulqini\" \/>\n<meta property=\"article:published_time\" content=\"2011-09-08T08:53:16+00:00\" \/>\n<meta property=\"og:image\" content=\"http:\/\/www.visit-ulcinj.com\/blog\/wp-content\/uploads\/2011\/09\/Vidra-fest-Festival-2011.jpg\" \/>\n<meta name=\"twitter:label1\" content=\"Written by\" \/>\n\t<meta name=\"twitter:data1\" content=\"ulqini\" \/>\n\t<meta name=\"twitter:label2\" content=\"Est. reading time\" \/>\n\t<meta name=\"twitter:data2\" content=\"2 minutes\" \/>\n<script type=\"application\/ld+json\" class=\"yoast-schema-graph\">{\"@context\":\"https:\/\/schema.org\",\"@graph\":[{\"@type\":\"WebSite\",\"@id\":\"https:\/\/www.visit-ulcinj.com\/blog\/#website\",\"url\":\"https:\/\/www.visit-ulcinj.com\/blog\/\",\"name\":\"Lajme nga Ulqini\",\"description\":\"Lajme,Vijesti,Ulqini,Ulqin,Crna Gora,Mali i Zi\",\"potentialAction\":[{\"@type\":\"SearchAction\",\"target\":{\"@type\":\"EntryPoint\",\"urlTemplate\":\"https:\/\/www.visit-ulcinj.com\/blog\/?s={search_term_string}\"},\"query-input\":\"required name=search_term_string\"}],\"inLanguage\":\"en-US\"},{\"@type\":\"ImageObject\",\"inLanguage\":\"en-US\",\"@id\":\"https:\/\/www.visit-ulcinj.com\/blog\/2011\/09\/08\/vidra-fest-2011-iv-festival-prirode-i-kulture\/#primaryimage\",\"url\":\"https:\/\/www.visit-ulcinj.com\/blog\/wp-content\/uploads\/2011\/09\/Vidra-fest-Festival-2011.jpg\",\"contentUrl\":\"https:\/\/www.visit-ulcinj.com\/blog\/wp-content\/uploads\/2011\/09\/Vidra-fest-Festival-2011.jpg\",\"width\":\"800\",\"height\":\"455\"},{\"@type\":\"WebPage\",\"@id\":\"https:\/\/www.visit-ulcinj.com\/blog\/2011\/09\/08\/vidra-fest-2011-iv-festival-prirode-i-kulture\/#webpage\",\"url\":\"https:\/\/www.visit-ulcinj.com\/blog\/2011\/09\/08\/vidra-fest-2011-iv-festival-prirode-i-kulture\/\",\"name\":\"Vidra fest 2011 - IV Festival prirode i kulture - Lajme nga Ulqini\",\"isPartOf\":{\"@id\":\"https:\/\/www.visit-ulcinj.com\/blog\/#website\"},\"primaryImageOfPage\":{\"@id\":\"https:\/\/www.visit-ulcinj.com\/blog\/2011\/09\/08\/vidra-fest-2011-iv-festival-prirode-i-kulture\/#primaryimage\"},\"datePublished\":\"2011-09-08T08:53:16+00:00\",\"dateModified\":\"2011-09-08T08:53:16+00:00\",\"author\":{\"@id\":\"https:\/\/www.visit-ulcinj.com\/blog\/#\/schema\/person\/dcab619c614d3038751c63bc2aadc06d\"},\"description\":\"Projektna kancelarija za razvoj lokalnih zajednica Skadarskog jezera, organizuje IV po redu Festival prirode i kulture \u2013 \u201eVidra fest 2011.\u201c, koji \u0107e se\",\"breadcrumb\":{\"@id\":\"https:\/\/www.visit-ulcinj.com\/blog\/2011\/09\/08\/vidra-fest-2011-iv-festival-prirode-i-kulture\/#breadcrumb\"},\"inLanguage\":\"en-US\",\"potentialAction\":[{\"@type\":\"ReadAction\",\"target\":[\"https:\/\/www.visit-ulcinj.com\/blog\/2011\/09\/08\/vidra-fest-2011-iv-festival-prirode-i-kulture\/\"]}]},{\"@type\":\"BreadcrumbList\",\"@id\":\"https:\/\/www.visit-ulcinj.com\/blog\/2011\/09\/08\/vidra-fest-2011-iv-festival-prirode-i-kulture\/#breadcrumb\",\"itemListElement\":[{\"@type\":\"ListItem\",\"position\":1,\"name\":\"Vidra fest 2011 &#8211; IV Festival prirode i kulture\"}]},{\"@type\":\"Person\",\"@id\":\"https:\/\/www.visit-ulcinj.com\/blog\/#\/schema\/person\/dcab619c614d3038751c63bc2aadc06d\",\"name\":\"ulqini\",\"sameAs\":[\"http:\/\/www.visit-ulcinj.com\"],\"url\":\"https:\/\/www.visit-ulcinj.com\/blog\/author\/admin\/\"}]}<\/script>\n<!-- \/ Yoast SEO plugin. -->","yoast_head_json":{"title":"Vidra fest 2011 - IV Festival prirode i kulture - Lajme nga Ulqini","description":"Projektna kancelarija za razvoj lokalnih zajednica Skadarskog jezera, organizuje IV po redu Festival prirode i kulture \u2013 \u201eVidra fest 2011.\u201c, koji \u0107e se","robots":{"index":"index","follow":"follow","max-snippet":"max-snippet:-1","max-image-preview":"max-image-preview:large","max-video-preview":"max-video-preview:-1"},"canonical":"https:\/\/www.visit-ulcinj.com\/blog\/2011\/09\/08\/vidra-fest-2011-iv-festival-prirode-i-kulture\/","og_locale":"en_US","og_type":"article","og_title":"Vidra fest 2011 - IV Festival prirode i kulture - Lajme nga Ulqini","og_description":"Projektna kancelarija za razvoj lokalnih zajednica Skadarskog jezera, organizuje IV po redu Festival prirode i kulture \u2013 \u201eVidra fest 2011.\u201c, koji \u0107e se","og_url":"https:\/\/www.visit-ulcinj.com\/blog\/2011\/09\/08\/vidra-fest-2011-iv-festival-prirode-i-kulture\/","og_site_name":"Lajme nga Ulqini","article_published_time":"2011-09-08T08:53:16+00:00","og_image":[{"url":"http:\/\/www.visit-ulcinj.com\/blog\/wp-content\/uploads\/2011\/09\/Vidra-fest-Festival-2011.jpg"}],"twitter_misc":{"Written by":"ulqini","Est. reading time":"2 minutes"},"schema":{"@context":"https:\/\/schema.org","@graph":[{"@type":"WebSite","@id":"https:\/\/www.visit-ulcinj.com\/blog\/#website","url":"https:\/\/www.visit-ulcinj.com\/blog\/","name":"Lajme nga Ulqini","description":"Lajme,Vijesti,Ulqini,Ulqin,Crna Gora,Mali i Zi","potentialAction":[{"@type":"SearchAction","target":{"@type":"EntryPoint","urlTemplate":"https:\/\/www.visit-ulcinj.com\/blog\/?s={search_term_string}"},"query-input":"required name=search_term_string"}],"inLanguage":"en-US"},{"@type":"ImageObject","inLanguage":"en-US","@id":"https:\/\/www.visit-ulcinj.com\/blog\/2011\/09\/08\/vidra-fest-2011-iv-festival-prirode-i-kulture\/#primaryimage","url":"https:\/\/www.visit-ulcinj.com\/blog\/wp-content\/uploads\/2011\/09\/Vidra-fest-Festival-2011.jpg","contentUrl":"https:\/\/www.visit-ulcinj.com\/blog\/wp-content\/uploads\/2011\/09\/Vidra-fest-Festival-2011.jpg","width":"800","height":"455"},{"@type":"WebPage","@id":"https:\/\/www.visit-ulcinj.com\/blog\/2011\/09\/08\/vidra-fest-2011-iv-festival-prirode-i-kulture\/#webpage","url":"https:\/\/www.visit-ulcinj.com\/blog\/2011\/09\/08\/vidra-fest-2011-iv-festival-prirode-i-kulture\/","name":"Vidra fest 2011 - IV Festival prirode i kulture - Lajme nga Ulqini","isPartOf":{"@id":"https:\/\/www.visit-ulcinj.com\/blog\/#website"},"primaryImageOfPage":{"@id":"https:\/\/www.visit-ulcinj.com\/blog\/2011\/09\/08\/vidra-fest-2011-iv-festival-prirode-i-kulture\/#primaryimage"},"datePublished":"2011-09-08T08:53:16+00:00","dateModified":"2011-09-08T08:53:16+00:00","author":{"@id":"https:\/\/www.visit-ulcinj.com\/blog\/#\/schema\/person\/dcab619c614d3038751c63bc2aadc06d"},"description":"Projektna kancelarija za razvoj lokalnih zajednica Skadarskog jezera, organizuje IV po redu Festival prirode i kulture \u2013 \u201eVidra fest 2011.\u201c, koji \u0107e se","breadcrumb":{"@id":"https:\/\/www.visit-ulcinj.com\/blog\/2011\/09\/08\/vidra-fest-2011-iv-festival-prirode-i-kulture\/#breadcrumb"},"inLanguage":"en-US","potentialAction":[{"@type":"ReadAction","target":["https:\/\/www.visit-ulcinj.com\/blog\/2011\/09\/08\/vidra-fest-2011-iv-festival-prirode-i-kulture\/"]}]},{"@type":"BreadcrumbList","@id":"https:\/\/www.visit-ulcinj.com\/blog\/2011\/09\/08\/vidra-fest-2011-iv-festival-prirode-i-kulture\/#breadcrumb","itemListElement":[{"@type":"ListItem","position":1,"name":"Vidra fest 2011 &#8211; IV Festival prirode i kulture"}]},{"@type":"Person","@id":"https:\/\/www.visit-ulcinj.com\/blog\/#\/schema\/person\/dcab619c614d3038751c63bc2aadc06d","name":"ulqini","sameAs":["http:\/\/www.visit-ulcinj.com"],"url":"https:\/\/www.visit-ulcinj.com\/blog\/author\/admin\/"}]}},"jetpack_featured_media_url":"","jetpack_sharing_enabled":true,"jetpack_shortlink":"https:\/\/wp.me\/pe6lTn-dbx","_links":{"self":[{"href":"https:\/\/www.visit-ulcinj.com\/blog\/wp-json\/wp\/v2\/posts\/50687"}],"collection":[{"href":"https:\/\/www.visit-ulcinj.com\/blog\/wp-json\/wp\/v2\/posts"}],"about":[{"href":"https:\/\/www.visit-ulcinj.com\/blog\/wp-json\/wp\/v2\/types\/post"}],"author":[{"embeddable":true,"href":"https:\/\/www.visit-ulcinj.com\/blog\/wp-json\/wp\/v2\/users\/1"}],"replies":[{"embeddable":true,"href":"https:\/\/www.visit-ulcinj.com\/blog\/wp-json\/wp\/v2\/comments?post=50687"}],"version-history":[{"count":1,"href":"https:\/\/www.visit-ulcinj.com\/blog\/wp-json\/wp\/v2\/posts\/50687\/revisions"}],"predecessor-version":[{"id":50689,"href":"https:\/\/www.visit-ulcinj.com\/blog\/wp-json\/wp\/v2\/posts\/50687\/revisions\/50689"}],"wp:attachment":[{"href":"https:\/\/www.visit-ulcinj.com\/blog\/wp-json\/wp\/v2\/media?parent=50687"}],"wp:term":[{"taxonomy":"category","embeddable":true,"href":"https:\/\/www.visit-ulcinj.com\/blog\/wp-json\/wp\/v2\/categories?post=50687"},{"taxonomy":"post_tag","embeddable":true,"href":"https:\/\/www.visit-ulcinj.com\/blog\/wp-json\/wp\/v2\/tags?post=50687"}],"curies":[{"name":"wp","href":"https:\/\/api.w.org\/{rel}","templated":true}]}}