{"id":50697,"date":"2011-09-08T17:30:40","date_gmt":"2011-09-08T16:30:40","guid":{"rendered":"http:\/\/www.visit-ulcinj.com\/blog\/?p=50697"},"modified":"2011-09-08T17:30:40","modified_gmt":"2011-09-08T16:30:40","slug":"niveli-me-i-ulet-i-liqenit-te-shkodres-ne-60-vjetet-e-fundit","status":"publish","type":"post","link":"https:\/\/www.visit-ulcinj.com\/blog\/2011\/09\/08\/niveli-me-i-ulet-i-liqenit-te-shkodres-ne-60-vjetet-e-fundit\/","title":{"rendered":"Niveli m\u00eb i ul\u00ebt i Liqenit t\u00eb Shkodr\u00ebs n\u00eb 60 vjet\u00ebt e fundit"},"content":{"rendered":"<p><a href=\"http:\/\/www.visit-ulcinj.com\/blog\/wp-content\/uploads\/2011\/09\/LIQENI-SHKODRES.jpg\"><img loading=\"lazy\" class=\"alignleft size-full wp-image-50698\" title=\"LIQENI SHKODRES\" src=\"http:\/\/www.visit-ulcinj.com\/blog\/wp-content\/uploads\/2011\/09\/LIQENI-SHKODRES.jpg\" alt=\"\" width=\"508\" height=\"380\" \/><\/a>Podgoric\u00eb, 8 shtator &#8211; That\u00ebsirat e papara dhe nxeht\u00ebsia tropikale, t\u00eb cilat jan\u00eb duke zot\u00ebruar tash dy muaj e m\u00eb shum\u00eb, kan\u00eb ndikuar q\u00eb niveli i liqenit t\u00eb Shkodr\u00ebs, krahasuar me dhjetorin e vitit t\u00eb kaluar, aktualisht 7 metra m\u00eb i ul\u00ebt, thon\u00eb n\u00eb Entin meteorologjik t\u00eb Malit t\u00eb Zi, b\u00ebn t\u00eb ditur KosovaLive.<\/p>\n<p>Kryeshefi i Qendr\u00ebs s\u00eb analiz\u00ebs dhe parashikimit t\u00eb motit, Branko Micev ka deklaruar t\u00eb enjten se niveli i tanish\u00ebm i liqenit t\u00eb Shkodr\u00ebs \u00ebsht\u00eb vet\u00ebm 12 cm, edhe \u00ebsht\u00eb niveli m\u00eb i ult\u00eb n\u00eb gjasht\u00eb dekadat e fundit.<\/p>\n<p>\u201cP\u00ebr m\u00eb pak se nj\u00eb vit, jan\u00eb evidencuar dy rekorde, dy nivele ekstreme. Oshilimet, brenda nj\u00eb kohe m\u00eb t\u00eb shkurt\u00ebr se nj\u00eb vit, arrin n\u00eb 7 metra. N\u00eb periudh\u00ebn q\u00eb l\u00ebm\u00eb pas, n\u00eb Mal t\u00eb Zi e sidomos n\u00eb zonat gravituese me liqenin e Shkodr\u00ebs, \u00ebsht\u00eb regjistruar nj\u00eb deficit ekstrem i reshjeve\u201d, thot\u00eb Micev, duke potencuar se n\u00eb Nikshiq, qytet i njohur industrial, po shfryt\u00ebzohen uj\u00ebrat ekonomike p\u00ebr nevojat e termocentralit.<\/p>\n<p>N\u00eb 60 vjet\u00ebt e fundit, ky \u00ebsht\u00eb viti me deficitin m\u00eb t\u00eb madh t\u00eb reshjeve. Kjo gjendje e ka kusht\u00ebzuar edhe nivelin m\u00eb t\u00eb ul\u00ebt t\u00eb sistemit t\u00eb ujit n\u00eb lumenj, liqene e sidomos n\u00eb at\u00eb t\u00eb Shkodr\u00ebs, sqaron ky ekspert i hidrometeorologjis\u00eb.<\/p>\n<p>Micev shton se, sipas t\u00eb gjitha gjasave, Mali i Zi n\u00ebn ndikimin e temperaturave tropikale do t\u00eb jet\u00eb deri t\u00eb h\u00ebn\u00ebn, m\u00eb 12 shtator. Nga e h\u00ebna priten reshje t\u00eb shiut dhe zbritje t\u00eb temperatur\u00ebs.<\/p>\n<p><strong>KOHA NET<\/strong><\/p>\n","protected":false},"excerpt":{"rendered":"<p>Podgoric\u00eb, 8 shtator &#8211; That\u00ebsirat e papara dhe nxeht\u00ebsia tropikale, t\u00eb cilat jan\u00eb duke zot\u00ebruar tash dy muaj e m\u00eb shum\u00eb, kan\u00eb ndikuar q\u00eb niveli i liqenit t\u00eb Shkodr\u00ebs, krahasuar me dhjetorin e vitit t\u00eb kaluar, aktualisht 7 metra m\u00eb i ul\u00ebt, thon\u00eb n\u00eb Entin meteorologjik t\u00eb Malit t\u00eb Zi, b\u00ebn t\u00eb ditur KosovaLive. Kryeshefi [&hellip;]<\/p>\n","protected":false},"author":1,"featured_media":0,"comment_status":"open","ping_status":"closed","sticky":false,"template":"","format":"standard","meta":{"spay_email":"","jetpack_publicize_message":"","jetpack_is_tweetstorm":false,"jetpack_publicize_feature_enabled":true},"categories":[12],"tags":[4855],"jetpack_publicize_connections":[],"yoast_head":"<!-- This site is optimized with the Yoast SEO plugin v19.1 - https:\/\/yoast.com\/wordpress\/plugins\/seo\/ -->\n<title>Niveli m\u00eb i ul\u00ebt i Liqenit t\u00eb Shkodr\u00ebs n\u00eb 60 vjet\u00ebt e fundit - Lajme nga Ulqini<\/title>\n<meta name=\"description\" content=\"Podgoric\u00eb, 8 shtator - That\u00ebsirat e papara dhe nxeht\u00ebsia tropikale, t\u00eb cilat jan\u00eb duke zot\u00ebruar tash dy muaj e m\u00eb shum\u00eb, kan\u00eb ndikuar q\u00eb niveli i liqenit\" \/>\n<meta name=\"robots\" content=\"index, follow, max-snippet:-1, max-image-preview:large, max-video-preview:-1\" \/>\n<link rel=\"canonical\" href=\"https:\/\/www.visit-ulcinj.com\/blog\/2011\/09\/08\/niveli-me-i-ulet-i-liqenit-te-shkodres-ne-60-vjetet-e-fundit\/\" \/>\n<meta property=\"og:locale\" content=\"en_US\" \/>\n<meta property=\"og:type\" content=\"article\" \/>\n<meta property=\"og:title\" content=\"Niveli m\u00eb i ul\u00ebt i Liqenit t\u00eb Shkodr\u00ebs n\u00eb 60 vjet\u00ebt e fundit - Lajme nga Ulqini\" \/>\n<meta property=\"og:description\" content=\"Podgoric\u00eb, 8 shtator - That\u00ebsirat e papara dhe nxeht\u00ebsia tropikale, t\u00eb cilat jan\u00eb duke zot\u00ebruar tash dy muaj e m\u00eb shum\u00eb, kan\u00eb ndikuar q\u00eb niveli i liqenit\" \/>\n<meta property=\"og:url\" content=\"https:\/\/www.visit-ulcinj.com\/blog\/2011\/09\/08\/niveli-me-i-ulet-i-liqenit-te-shkodres-ne-60-vjetet-e-fundit\/\" \/>\n<meta property=\"og:site_name\" content=\"Lajme nga Ulqini\" \/>\n<meta property=\"article:published_time\" content=\"2011-09-08T16:30:40+00:00\" \/>\n<meta property=\"og:image\" content=\"http:\/\/www.visit-ulcinj.com\/blog\/wp-content\/uploads\/2011\/09\/LIQENI-SHKODRES.jpg\" \/>\n<meta name=\"twitter:label1\" content=\"Written by\" \/>\n\t<meta name=\"twitter:data1\" content=\"ulqini\" \/>\n\t<meta name=\"twitter:label2\" content=\"Est. reading time\" \/>\n\t<meta name=\"twitter:data2\" content=\"1 minute\" \/>\n<script type=\"application\/ld+json\" class=\"yoast-schema-graph\">{\"@context\":\"https:\/\/schema.org\",\"@graph\":[{\"@type\":\"WebSite\",\"@id\":\"https:\/\/www.visit-ulcinj.com\/blog\/#website\",\"url\":\"https:\/\/www.visit-ulcinj.com\/blog\/\",\"name\":\"Lajme nga Ulqini\",\"description\":\"Lajme,Vijesti,Ulqini,Ulqin,Crna Gora,Mali i Zi\",\"potentialAction\":[{\"@type\":\"SearchAction\",\"target\":{\"@type\":\"EntryPoint\",\"urlTemplate\":\"https:\/\/www.visit-ulcinj.com\/blog\/?s={search_term_string}\"},\"query-input\":\"required name=search_term_string\"}],\"inLanguage\":\"en-US\"},{\"@type\":\"ImageObject\",\"inLanguage\":\"en-US\",\"@id\":\"https:\/\/www.visit-ulcinj.com\/blog\/2011\/09\/08\/niveli-me-i-ulet-i-liqenit-te-shkodres-ne-60-vjetet-e-fundit\/#primaryimage\",\"url\":\"https:\/\/www.visit-ulcinj.com\/blog\/wp-content\/uploads\/2011\/09\/LIQENI-SHKODRES.jpg\",\"contentUrl\":\"https:\/\/www.visit-ulcinj.com\/blog\/wp-content\/uploads\/2011\/09\/LIQENI-SHKODRES.jpg\",\"width\":\"800\",\"height\":\"536\"},{\"@type\":\"WebPage\",\"@id\":\"https:\/\/www.visit-ulcinj.com\/blog\/2011\/09\/08\/niveli-me-i-ulet-i-liqenit-te-shkodres-ne-60-vjetet-e-fundit\/#webpage\",\"url\":\"https:\/\/www.visit-ulcinj.com\/blog\/2011\/09\/08\/niveli-me-i-ulet-i-liqenit-te-shkodres-ne-60-vjetet-e-fundit\/\",\"name\":\"Niveli m\u00eb i ul\u00ebt i Liqenit t\u00eb Shkodr\u00ebs n\u00eb 60 vjet\u00ebt e fundit - Lajme nga Ulqini\",\"isPartOf\":{\"@id\":\"https:\/\/www.visit-ulcinj.com\/blog\/#website\"},\"primaryImageOfPage\":{\"@id\":\"https:\/\/www.visit-ulcinj.com\/blog\/2011\/09\/08\/niveli-me-i-ulet-i-liqenit-te-shkodres-ne-60-vjetet-e-fundit\/#primaryimage\"},\"datePublished\":\"2011-09-08T16:30:40+00:00\",\"dateModified\":\"2011-09-08T16:30:40+00:00\",\"author\":{\"@id\":\"https:\/\/www.visit-ulcinj.com\/blog\/#\/schema\/person\/dcab619c614d3038751c63bc2aadc06d\"},\"description\":\"Podgoric\u00eb, 8 shtator - That\u00ebsirat e papara dhe nxeht\u00ebsia tropikale, t\u00eb cilat jan\u00eb duke zot\u00ebruar tash dy muaj e m\u00eb shum\u00eb, kan\u00eb ndikuar q\u00eb niveli i liqenit\",\"breadcrumb\":{\"@id\":\"https:\/\/www.visit-ulcinj.com\/blog\/2011\/09\/08\/niveli-me-i-ulet-i-liqenit-te-shkodres-ne-60-vjetet-e-fundit\/#breadcrumb\"},\"inLanguage\":\"en-US\",\"potentialAction\":[{\"@type\":\"ReadAction\",\"target\":[\"https:\/\/www.visit-ulcinj.com\/blog\/2011\/09\/08\/niveli-me-i-ulet-i-liqenit-te-shkodres-ne-60-vjetet-e-fundit\/\"]}]},{\"@type\":\"BreadcrumbList\",\"@id\":\"https:\/\/www.visit-ulcinj.com\/blog\/2011\/09\/08\/niveli-me-i-ulet-i-liqenit-te-shkodres-ne-60-vjetet-e-fundit\/#breadcrumb\",\"itemListElement\":[{\"@type\":\"ListItem\",\"position\":1,\"name\":\"Niveli m\u00eb i ul\u00ebt i Liqenit t\u00eb Shkodr\u00ebs n\u00eb 60 vjet\u00ebt e fundit\"}]},{\"@type\":\"Person\",\"@id\":\"https:\/\/www.visit-ulcinj.com\/blog\/#\/schema\/person\/dcab619c614d3038751c63bc2aadc06d\",\"name\":\"ulqini\",\"sameAs\":[\"http:\/\/www.visit-ulcinj.com\"],\"url\":\"https:\/\/www.visit-ulcinj.com\/blog\/author\/admin\/\"}]}<\/script>\n<!-- \/ Yoast SEO plugin. -->","yoast_head_json":{"title":"Niveli m\u00eb i ul\u00ebt i Liqenit t\u00eb Shkodr\u00ebs n\u00eb 60 vjet\u00ebt e fundit - Lajme nga Ulqini","description":"Podgoric\u00eb, 8 shtator - That\u00ebsirat e papara dhe nxeht\u00ebsia tropikale, t\u00eb cilat jan\u00eb duke zot\u00ebruar tash dy muaj e m\u00eb shum\u00eb, kan\u00eb ndikuar q\u00eb niveli i liqenit","robots":{"index":"index","follow":"follow","max-snippet":"max-snippet:-1","max-image-preview":"max-image-preview:large","max-video-preview":"max-video-preview:-1"},"canonical":"https:\/\/www.visit-ulcinj.com\/blog\/2011\/09\/08\/niveli-me-i-ulet-i-liqenit-te-shkodres-ne-60-vjetet-e-fundit\/","og_locale":"en_US","og_type":"article","og_title":"Niveli m\u00eb i ul\u00ebt i Liqenit t\u00eb Shkodr\u00ebs n\u00eb 60 vjet\u00ebt e fundit - Lajme nga Ulqini","og_description":"Podgoric\u00eb, 8 shtator - That\u00ebsirat e papara dhe nxeht\u00ebsia tropikale, t\u00eb cilat jan\u00eb duke zot\u00ebruar tash dy muaj e m\u00eb shum\u00eb, kan\u00eb ndikuar q\u00eb niveli i liqenit","og_url":"https:\/\/www.visit-ulcinj.com\/blog\/2011\/09\/08\/niveli-me-i-ulet-i-liqenit-te-shkodres-ne-60-vjetet-e-fundit\/","og_site_name":"Lajme nga Ulqini","article_published_time":"2011-09-08T16:30:40+00:00","og_image":[{"url":"http:\/\/www.visit-ulcinj.com\/blog\/wp-content\/uploads\/2011\/09\/LIQENI-SHKODRES.jpg"}],"twitter_misc":{"Written by":"ulqini","Est. reading time":"1 minute"},"schema":{"@context":"https:\/\/schema.org","@graph":[{"@type":"WebSite","@id":"https:\/\/www.visit-ulcinj.com\/blog\/#website","url":"https:\/\/www.visit-ulcinj.com\/blog\/","name":"Lajme nga Ulqini","description":"Lajme,Vijesti,Ulqini,Ulqin,Crna Gora,Mali i Zi","potentialAction":[{"@type":"SearchAction","target":{"@type":"EntryPoint","urlTemplate":"https:\/\/www.visit-ulcinj.com\/blog\/?s={search_term_string}"},"query-input":"required name=search_term_string"}],"inLanguage":"en-US"},{"@type":"ImageObject","inLanguage":"en-US","@id":"https:\/\/www.visit-ulcinj.com\/blog\/2011\/09\/08\/niveli-me-i-ulet-i-liqenit-te-shkodres-ne-60-vjetet-e-fundit\/#primaryimage","url":"https:\/\/www.visit-ulcinj.com\/blog\/wp-content\/uploads\/2011\/09\/LIQENI-SHKODRES.jpg","contentUrl":"https:\/\/www.visit-ulcinj.com\/blog\/wp-content\/uploads\/2011\/09\/LIQENI-SHKODRES.jpg","width":"800","height":"536"},{"@type":"WebPage","@id":"https:\/\/www.visit-ulcinj.com\/blog\/2011\/09\/08\/niveli-me-i-ulet-i-liqenit-te-shkodres-ne-60-vjetet-e-fundit\/#webpage","url":"https:\/\/www.visit-ulcinj.com\/blog\/2011\/09\/08\/niveli-me-i-ulet-i-liqenit-te-shkodres-ne-60-vjetet-e-fundit\/","name":"Niveli m\u00eb i ul\u00ebt i Liqenit t\u00eb Shkodr\u00ebs n\u00eb 60 vjet\u00ebt e fundit - Lajme nga Ulqini","isPartOf":{"@id":"https:\/\/www.visit-ulcinj.com\/blog\/#website"},"primaryImageOfPage":{"@id":"https:\/\/www.visit-ulcinj.com\/blog\/2011\/09\/08\/niveli-me-i-ulet-i-liqenit-te-shkodres-ne-60-vjetet-e-fundit\/#primaryimage"},"datePublished":"2011-09-08T16:30:40+00:00","dateModified":"2011-09-08T16:30:40+00:00","author":{"@id":"https:\/\/www.visit-ulcinj.com\/blog\/#\/schema\/person\/dcab619c614d3038751c63bc2aadc06d"},"description":"Podgoric\u00eb, 8 shtator - That\u00ebsirat e papara dhe nxeht\u00ebsia tropikale, t\u00eb cilat jan\u00eb duke zot\u00ebruar tash dy muaj e m\u00eb shum\u00eb, kan\u00eb ndikuar q\u00eb niveli i liqenit","breadcrumb":{"@id":"https:\/\/www.visit-ulcinj.com\/blog\/2011\/09\/08\/niveli-me-i-ulet-i-liqenit-te-shkodres-ne-60-vjetet-e-fundit\/#breadcrumb"},"inLanguage":"en-US","potentialAction":[{"@type":"ReadAction","target":["https:\/\/www.visit-ulcinj.com\/blog\/2011\/09\/08\/niveli-me-i-ulet-i-liqenit-te-shkodres-ne-60-vjetet-e-fundit\/"]}]},{"@type":"BreadcrumbList","@id":"https:\/\/www.visit-ulcinj.com\/blog\/2011\/09\/08\/niveli-me-i-ulet-i-liqenit-te-shkodres-ne-60-vjetet-e-fundit\/#breadcrumb","itemListElement":[{"@type":"ListItem","position":1,"name":"Niveli m\u00eb i ul\u00ebt i Liqenit t\u00eb Shkodr\u00ebs n\u00eb 60 vjet\u00ebt e fundit"}]},{"@type":"Person","@id":"https:\/\/www.visit-ulcinj.com\/blog\/#\/schema\/person\/dcab619c614d3038751c63bc2aadc06d","name":"ulqini","sameAs":["http:\/\/www.visit-ulcinj.com"],"url":"https:\/\/www.visit-ulcinj.com\/blog\/author\/admin\/"}]}},"jetpack_featured_media_url":"","jetpack_sharing_enabled":true,"jetpack_shortlink":"https:\/\/wp.me\/pe6lTn-dbH","_links":{"self":[{"href":"https:\/\/www.visit-ulcinj.com\/blog\/wp-json\/wp\/v2\/posts\/50697"}],"collection":[{"href":"https:\/\/www.visit-ulcinj.com\/blog\/wp-json\/wp\/v2\/posts"}],"about":[{"href":"https:\/\/www.visit-ulcinj.com\/blog\/wp-json\/wp\/v2\/types\/post"}],"author":[{"embeddable":true,"href":"https:\/\/www.visit-ulcinj.com\/blog\/wp-json\/wp\/v2\/users\/1"}],"replies":[{"embeddable":true,"href":"https:\/\/www.visit-ulcinj.com\/blog\/wp-json\/wp\/v2\/comments?post=50697"}],"version-history":[{"count":1,"href":"https:\/\/www.visit-ulcinj.com\/blog\/wp-json\/wp\/v2\/posts\/50697\/revisions"}],"predecessor-version":[{"id":50699,"href":"https:\/\/www.visit-ulcinj.com\/blog\/wp-json\/wp\/v2\/posts\/50697\/revisions\/50699"}],"wp:attachment":[{"href":"https:\/\/www.visit-ulcinj.com\/blog\/wp-json\/wp\/v2\/media?parent=50697"}],"wp:term":[{"taxonomy":"category","embeddable":true,"href":"https:\/\/www.visit-ulcinj.com\/blog\/wp-json\/wp\/v2\/categories?post=50697"},{"taxonomy":"post_tag","embeddable":true,"href":"https:\/\/www.visit-ulcinj.com\/blog\/wp-json\/wp\/v2\/tags?post=50697"}],"curies":[{"name":"wp","href":"https:\/\/api.w.org\/{rel}","templated":true}]}}