{"id":5071,"date":"2008-10-23T14:40:21","date_gmt":"2008-10-23T19:40:21","guid":{"rendered":"http:\/\/www.visit-ulcinj.com\/blog\/?p=5071"},"modified":"2008-10-23T14:50:19","modified_gmt":"2008-10-23T19:50:19","slug":"tadiqserbia-nuk-perzihet-me-punet-e-malit-te-zi","status":"publish","type":"post","link":"https:\/\/www.visit-ulcinj.com\/blog\/2008\/10\/23\/tadiqserbia-nuk-perzihet-me-punet-e-malit-te-zi\/","title":{"rendered":"Tadiq:Serbia nuk p\u00ebrzihet me pun\u00ebt e Malit t\u00eb Zi"},"content":{"rendered":"<p><a href=\"http:\/\/www.lotikxane.com\/boris%20tadic.jpg\"><img loading=\"lazy\" class=\"alignleft\" title=\"Boris Tadiq\" src=\"http:\/\/www.lotikxane.com\/boris%20tadic.jpg\" alt=\"\" width=\"152\" height=\"157\" \/><\/a><span style=\"font-size: 10pt; line-height: 115%; font-family: &quot;Arial&quot;,&quot;sans-serif&quot;; color: #111111;\"><strong>Presidenti serb, Boris Tadi\u00e7 deklaroi se pavar\u00ebsisht njohjes q\u00eb i b\u00ebri Mali i Zi Kosov\u00ebs, Serbia nuk do t\u00eb p\u00ebrzihet n\u00eb pun\u00ebt e brendshme t\u00eb Podgoric\u00ebs<\/strong>.<br \/>\n<\/span><strong><\/strong><span style=\"font-size: 10pt; line-height: 115%; font-family: &quot;Arial&quot;,&quot;sans-serif&quot;; color: #333333;\">Kreu i shtetit serb e b\u00ebri deklarat\u00ebn n\u00eb nj\u00eb intervist\u00eb p\u00ebr televizionin shtet\u00ebror t\u00eb Malit t\u00eb Zi. Presidenti serb Tadi\u00e7 deklaroi se demostratat e brendshme n\u00eb Podgoric\u00eb kund\u00ebr vendimit qeveritar p\u00ebr njohjen e Kosov\u00ebs \u00ebsht\u00eb \u00e7\u00ebshtje e brendshme e Malit t\u00eb Zi, p\u00ebr t\u00eb cil\u00ebn Serbia nuk d\u00ebshiron t\u00eb p\u00ebrzihet.<br \/>\nAi ka vler\u00ebsuar se vendimi i Qeveris\u00eb malazeze p\u00ebr njohjen e Kosov\u00ebs \u00ebsht\u00eb i kusht\u00ebzuar sipas interesave t\u00eb brendshme dhe \u00ebsht\u00eb nj\u00eb vendim legjitim ashtu si vendimi i Serbis\u00eb p\u00ebr tu kujdesur p\u00ebr interesat e saja.<br \/>\nTadic deklaroi se shpreson n\u00eb vendimin pozitiv t\u00eb Gjykat\u00ebs Nd\u00ebrkomb\u00ebtare t\u00eb Drejt\u00ebsis\u00eb p\u00ebr vler\u00ebsimin e ligjshm\u00ebris\u00eb s\u00eb pavar\u00ebsis\u00eb s\u00eb Kosov\u00ebs.<br \/>\n<strong><span style=\"font-family: &quot;Arial&quot;,&quot;sans-serif&quot;;\">Burimi (d.b\/BalkanWeb)<\/span><\/strong><\/span><\/p>\n<p class=\"MsoNormal\"><object classid=\"clsid:6bf52a52-394a-11d3-b153-00c04f79faa6\" width=\"400\" height=\"360\" codebase=\"http:\/\/activex.microsoft.com\/activex\/controls\/mplayer\/en\/nsmp2inf.cab#Version=5,1,52,701\"><param name=\"url\" value=\"http:\/\/www.balkanweb.com\/sitev4\/upload\/multimedia\/1224746266.wmv\" \/><\/object><\/p>\n","protected":false},"excerpt":{"rendered":"<p>Presidenti serb, Boris Tadi\u00e7 deklaroi se pavar\u00ebsisht njohjes q\u00eb i b\u00ebri Mali i Zi Kosov\u00ebs, Serbia nuk do t\u00eb p\u00ebrzihet n\u00eb pun\u00ebt e brendshme t\u00eb Podgoric\u00ebs. Kreu i shtetit serb e b\u00ebri deklarat\u00ebn n\u00eb nj\u00eb intervist\u00eb p\u00ebr televizionin shtet\u00ebror t\u00eb Malit t\u00eb Zi. Presidenti serb Tadi\u00e7 deklaroi se demostratat e brendshme n\u00eb Podgoric\u00eb kund\u00ebr vendimit [&hellip;]<\/p>\n","protected":false},"author":1,"featured_media":0,"comment_status":"open","ping_status":"closed","sticky":false,"template":"","format":"standard","meta":{"spay_email":"","jetpack_publicize_message":"","jetpack_is_tweetstorm":false,"jetpack_publicize_feature_enabled":true},"categories":[14,12],"tags":[926,4830],"jetpack_publicize_connections":[],"yoast_head":"<!-- This site is optimized with the Yoast SEO plugin v19.1 - https:\/\/yoast.com\/wordpress\/plugins\/seo\/ -->\n<title>Tadiq:Serbia nuk p\u00ebrzihet me pun\u00ebt e Malit t\u00eb Zi - Lajme nga Ulqini<\/title>\n<meta name=\"description\" content=\"Presidenti serb, Boris Tadi\u00e7 deklaroi se pavar\u00ebsisht njohjes q\u00eb i b\u00ebri Mali i Zi Kosov\u00ebs, Serbia nuk do t\u00eb p\u00ebrzihet n\u00eb pun\u00ebt e brendshme t\u00eb Podgoric\u00ebs.\" \/>\n<meta name=\"robots\" content=\"index, follow, max-snippet:-1, max-image-preview:large, max-video-preview:-1\" \/>\n<link rel=\"canonical\" href=\"https:\/\/www.visit-ulcinj.com\/blog\/2008\/10\/23\/tadiqserbia-nuk-perzihet-me-punet-e-malit-te-zi\/\" \/>\n<meta property=\"og:locale\" content=\"en_US\" \/>\n<meta property=\"og:type\" content=\"article\" \/>\n<meta property=\"og:title\" content=\"Tadiq:Serbia nuk p\u00ebrzihet me pun\u00ebt e Malit t\u00eb Zi - Lajme nga Ulqini\" \/>\n<meta property=\"og:description\" content=\"Presidenti serb, Boris Tadi\u00e7 deklaroi se pavar\u00ebsisht njohjes q\u00eb i b\u00ebri Mali i Zi Kosov\u00ebs, Serbia nuk do t\u00eb p\u00ebrzihet n\u00eb pun\u00ebt e brendshme t\u00eb Podgoric\u00ebs.\" \/>\n<meta property=\"og:url\" content=\"https:\/\/www.visit-ulcinj.com\/blog\/2008\/10\/23\/tadiqserbia-nuk-perzihet-me-punet-e-malit-te-zi\/\" \/>\n<meta property=\"og:site_name\" content=\"Lajme nga Ulqini\" \/>\n<meta property=\"article:published_time\" content=\"2008-10-23T19:40:21+00:00\" \/>\n<meta property=\"article:modified_time\" content=\"2008-10-23T19:50:19+00:00\" \/>\n<meta property=\"og:image\" content=\"http:\/\/www.lotikxane.com\/boris%20tadic.jpg\" \/>\n<meta name=\"twitter:label1\" content=\"Written by\" \/>\n\t<meta name=\"twitter:data1\" content=\"ulqini\" \/>\n\t<meta name=\"twitter:label2\" content=\"Est. reading time\" \/>\n\t<meta name=\"twitter:data2\" content=\"1 minute\" \/>\n<script type=\"application\/ld+json\" class=\"yoast-schema-graph\">{\"@context\":\"https:\/\/schema.org\",\"@graph\":[{\"@type\":\"WebSite\",\"@id\":\"https:\/\/www.visit-ulcinj.com\/blog\/#website\",\"url\":\"https:\/\/www.visit-ulcinj.com\/blog\/\",\"name\":\"Lajme nga Ulqini\",\"description\":\"Lajme,Vijesti,Ulqini,Ulqin,Crna Gora,Mali i Zi\",\"potentialAction\":[{\"@type\":\"SearchAction\",\"target\":{\"@type\":\"EntryPoint\",\"urlTemplate\":\"https:\/\/www.visit-ulcinj.com\/blog\/?s={search_term_string}\"},\"query-input\":\"required name=search_term_string\"}],\"inLanguage\":\"en-US\"},{\"@type\":\"ImageObject\",\"inLanguage\":\"en-US\",\"@id\":\"https:\/\/www.visit-ulcinj.com\/blog\/2008\/10\/23\/tadiqserbia-nuk-perzihet-me-punet-e-malit-te-zi\/#primaryimage\",\"url\":\"http:\/\/www.lotikxane.com\/boris%20tadic.jpg\",\"contentUrl\":\"http:\/\/www.lotikxane.com\/boris%20tadic.jpg\"},{\"@type\":\"WebPage\",\"@id\":\"https:\/\/www.visit-ulcinj.com\/blog\/2008\/10\/23\/tadiqserbia-nuk-perzihet-me-punet-e-malit-te-zi\/#webpage\",\"url\":\"https:\/\/www.visit-ulcinj.com\/blog\/2008\/10\/23\/tadiqserbia-nuk-perzihet-me-punet-e-malit-te-zi\/\",\"name\":\"Tadiq:Serbia nuk p\u00ebrzihet me pun\u00ebt e Malit t\u00eb Zi - Lajme nga Ulqini\",\"isPartOf\":{\"@id\":\"https:\/\/www.visit-ulcinj.com\/blog\/#website\"},\"primaryImageOfPage\":{\"@id\":\"https:\/\/www.visit-ulcinj.com\/blog\/2008\/10\/23\/tadiqserbia-nuk-perzihet-me-punet-e-malit-te-zi\/#primaryimage\"},\"datePublished\":\"2008-10-23T19:40:21+00:00\",\"dateModified\":\"2008-10-23T19:50:19+00:00\",\"author\":{\"@id\":\"https:\/\/www.visit-ulcinj.com\/blog\/#\/schema\/person\/dcab619c614d3038751c63bc2aadc06d\"},\"description\":\"Presidenti serb, Boris Tadi\u00e7 deklaroi se pavar\u00ebsisht njohjes q\u00eb i b\u00ebri Mali i Zi Kosov\u00ebs, Serbia nuk do t\u00eb p\u00ebrzihet n\u00eb pun\u00ebt e brendshme t\u00eb Podgoric\u00ebs.\",\"breadcrumb\":{\"@id\":\"https:\/\/www.visit-ulcinj.com\/blog\/2008\/10\/23\/tadiqserbia-nuk-perzihet-me-punet-e-malit-te-zi\/#breadcrumb\"},\"inLanguage\":\"en-US\",\"potentialAction\":[{\"@type\":\"ReadAction\",\"target\":[\"https:\/\/www.visit-ulcinj.com\/blog\/2008\/10\/23\/tadiqserbia-nuk-perzihet-me-punet-e-malit-te-zi\/\"]}]},{\"@type\":\"BreadcrumbList\",\"@id\":\"https:\/\/www.visit-ulcinj.com\/blog\/2008\/10\/23\/tadiqserbia-nuk-perzihet-me-punet-e-malit-te-zi\/#breadcrumb\",\"itemListElement\":[{\"@type\":\"ListItem\",\"position\":1,\"name\":\"Tadiq:Serbia nuk p\u00ebrzihet me pun\u00ebt e Malit t\u00eb Zi\"}]},{\"@type\":\"Person\",\"@id\":\"https:\/\/www.visit-ulcinj.com\/blog\/#\/schema\/person\/dcab619c614d3038751c63bc2aadc06d\",\"name\":\"ulqini\",\"sameAs\":[\"http:\/\/www.visit-ulcinj.com\"],\"url\":\"https:\/\/www.visit-ulcinj.com\/blog\/author\/admin\/\"}]}<\/script>\n<!-- \/ Yoast SEO plugin. -->","yoast_head_json":{"title":"Tadiq:Serbia nuk p\u00ebrzihet me pun\u00ebt e Malit t\u00eb Zi - Lajme nga Ulqini","description":"Presidenti serb, Boris Tadi\u00e7 deklaroi se pavar\u00ebsisht njohjes q\u00eb i b\u00ebri Mali i Zi Kosov\u00ebs, Serbia nuk do t\u00eb p\u00ebrzihet n\u00eb pun\u00ebt e brendshme t\u00eb Podgoric\u00ebs.","robots":{"index":"index","follow":"follow","max-snippet":"max-snippet:-1","max-image-preview":"max-image-preview:large","max-video-preview":"max-video-preview:-1"},"canonical":"https:\/\/www.visit-ulcinj.com\/blog\/2008\/10\/23\/tadiqserbia-nuk-perzihet-me-punet-e-malit-te-zi\/","og_locale":"en_US","og_type":"article","og_title":"Tadiq:Serbia nuk p\u00ebrzihet me pun\u00ebt e Malit t\u00eb Zi - Lajme nga Ulqini","og_description":"Presidenti serb, Boris Tadi\u00e7 deklaroi se pavar\u00ebsisht njohjes q\u00eb i b\u00ebri Mali i Zi Kosov\u00ebs, Serbia nuk do t\u00eb p\u00ebrzihet n\u00eb pun\u00ebt e brendshme t\u00eb Podgoric\u00ebs.","og_url":"https:\/\/www.visit-ulcinj.com\/blog\/2008\/10\/23\/tadiqserbia-nuk-perzihet-me-punet-e-malit-te-zi\/","og_site_name":"Lajme nga Ulqini","article_published_time":"2008-10-23T19:40:21+00:00","article_modified_time":"2008-10-23T19:50:19+00:00","og_image":[{"url":"http:\/\/www.lotikxane.com\/boris%20tadic.jpg"}],"twitter_misc":{"Written by":"ulqini","Est. reading time":"1 minute"},"schema":{"@context":"https:\/\/schema.org","@graph":[{"@type":"WebSite","@id":"https:\/\/www.visit-ulcinj.com\/blog\/#website","url":"https:\/\/www.visit-ulcinj.com\/blog\/","name":"Lajme nga Ulqini","description":"Lajme,Vijesti,Ulqini,Ulqin,Crna Gora,Mali i Zi","potentialAction":[{"@type":"SearchAction","target":{"@type":"EntryPoint","urlTemplate":"https:\/\/www.visit-ulcinj.com\/blog\/?s={search_term_string}"},"query-input":"required name=search_term_string"}],"inLanguage":"en-US"},{"@type":"ImageObject","inLanguage":"en-US","@id":"https:\/\/www.visit-ulcinj.com\/blog\/2008\/10\/23\/tadiqserbia-nuk-perzihet-me-punet-e-malit-te-zi\/#primaryimage","url":"http:\/\/www.lotikxane.com\/boris%20tadic.jpg","contentUrl":"http:\/\/www.lotikxane.com\/boris%20tadic.jpg"},{"@type":"WebPage","@id":"https:\/\/www.visit-ulcinj.com\/blog\/2008\/10\/23\/tadiqserbia-nuk-perzihet-me-punet-e-malit-te-zi\/#webpage","url":"https:\/\/www.visit-ulcinj.com\/blog\/2008\/10\/23\/tadiqserbia-nuk-perzihet-me-punet-e-malit-te-zi\/","name":"Tadiq:Serbia nuk p\u00ebrzihet me pun\u00ebt e Malit t\u00eb Zi - Lajme nga Ulqini","isPartOf":{"@id":"https:\/\/www.visit-ulcinj.com\/blog\/#website"},"primaryImageOfPage":{"@id":"https:\/\/www.visit-ulcinj.com\/blog\/2008\/10\/23\/tadiqserbia-nuk-perzihet-me-punet-e-malit-te-zi\/#primaryimage"},"datePublished":"2008-10-23T19:40:21+00:00","dateModified":"2008-10-23T19:50:19+00:00","author":{"@id":"https:\/\/www.visit-ulcinj.com\/blog\/#\/schema\/person\/dcab619c614d3038751c63bc2aadc06d"},"description":"Presidenti serb, Boris Tadi\u00e7 deklaroi se pavar\u00ebsisht njohjes q\u00eb i b\u00ebri Mali i Zi Kosov\u00ebs, Serbia nuk do t\u00eb p\u00ebrzihet n\u00eb pun\u00ebt e brendshme t\u00eb Podgoric\u00ebs.","breadcrumb":{"@id":"https:\/\/www.visit-ulcinj.com\/blog\/2008\/10\/23\/tadiqserbia-nuk-perzihet-me-punet-e-malit-te-zi\/#breadcrumb"},"inLanguage":"en-US","potentialAction":[{"@type":"ReadAction","target":["https:\/\/www.visit-ulcinj.com\/blog\/2008\/10\/23\/tadiqserbia-nuk-perzihet-me-punet-e-malit-te-zi\/"]}]},{"@type":"BreadcrumbList","@id":"https:\/\/www.visit-ulcinj.com\/blog\/2008\/10\/23\/tadiqserbia-nuk-perzihet-me-punet-e-malit-te-zi\/#breadcrumb","itemListElement":[{"@type":"ListItem","position":1,"name":"Tadiq:Serbia nuk p\u00ebrzihet me pun\u00ebt e Malit t\u00eb Zi"}]},{"@type":"Person","@id":"https:\/\/www.visit-ulcinj.com\/blog\/#\/schema\/person\/dcab619c614d3038751c63bc2aadc06d","name":"ulqini","sameAs":["http:\/\/www.visit-ulcinj.com"],"url":"https:\/\/www.visit-ulcinj.com\/blog\/author\/admin\/"}]}},"jetpack_featured_media_url":"","jetpack_sharing_enabled":true,"jetpack_shortlink":"https:\/\/wp.me\/pe6lTn-1jN","_links":{"self":[{"href":"https:\/\/www.visit-ulcinj.com\/blog\/wp-json\/wp\/v2\/posts\/5071"}],"collection":[{"href":"https:\/\/www.visit-ulcinj.com\/blog\/wp-json\/wp\/v2\/posts"}],"about":[{"href":"https:\/\/www.visit-ulcinj.com\/blog\/wp-json\/wp\/v2\/types\/post"}],"author":[{"embeddable":true,"href":"https:\/\/www.visit-ulcinj.com\/blog\/wp-json\/wp\/v2\/users\/1"}],"replies":[{"embeddable":true,"href":"https:\/\/www.visit-ulcinj.com\/blog\/wp-json\/wp\/v2\/comments?post=5071"}],"version-history":[{"count":0,"href":"https:\/\/www.visit-ulcinj.com\/blog\/wp-json\/wp\/v2\/posts\/5071\/revisions"}],"wp:attachment":[{"href":"https:\/\/www.visit-ulcinj.com\/blog\/wp-json\/wp\/v2\/media?parent=5071"}],"wp:term":[{"taxonomy":"category","embeddable":true,"href":"https:\/\/www.visit-ulcinj.com\/blog\/wp-json\/wp\/v2\/categories?post=5071"},{"taxonomy":"post_tag","embeddable":true,"href":"https:\/\/www.visit-ulcinj.com\/blog\/wp-json\/wp\/v2\/tags?post=5071"}],"curies":[{"name":"wp","href":"https:\/\/api.w.org\/{rel}","templated":true}]}}