{"id":50710,"date":"2011-09-09T15:28:07","date_gmt":"2011-09-09T14:28:07","guid":{"rendered":"http:\/\/www.visit-ulcinj.com\/blog\/?p=50710"},"modified":"2011-09-18T14:54:34","modified_gmt":"2011-09-18T13:54:34","slug":"reagojne-deputet-shqiptare-ne-parlamentin-e-malit-te-zi-video","status":"publish","type":"post","link":"https:\/\/www.visit-ulcinj.com\/blog\/2011\/09\/09\/reagojne-deputet-shqiptare-ne-parlamentin-e-malit-te-zi-video\/","title":{"rendered":"Reagojn\u00eb deputet shqiptar\u00eb n\u00eb parlamentin e Malit t\u00eb Zi &#8211; Video"},"content":{"rendered":"<p><a href=\"http:\/\/www.visit-ulcinj.com\/blog\/wp-content\/uploads\/2011\/09\/PARLAMENTI-I-MALIT-TE-ZI.jpg\"><img loading=\"lazy\" class=\"alignleft size-full wp-image-50711\" title=\"PARLAMENTI I MALIT TE ZI\" src=\"http:\/\/www.visit-ulcinj.com\/blog\/wp-content\/uploads\/2011\/09\/PARLAMENTI-I-MALIT-TE-ZI.jpg\" alt=\"\" width=\"508\" height=\"380\" \/><\/a>Pas reagimit t\u00eb p\u00ebrbashk\u00ebt t\u00eb nj\u00eb dite m\u00eb pare duke braktisur parlamentin e Malit t\u00eb Zi para se t\u00eb miratohej ligji i ri zgjedhor, deputet shqiptar\u00eb nj\u00ebz\u00ebri shprehin shqetsimin e tyre p\u00ebr mohimin e t\u00eb drejtave t\u00eb arritura dhe q\u00eb nj\u00eb gj\u00eb e till\u00eb gjeti p\u00ebrkrahjen, pa p\u00ebrjashtim t\u00eb t\u00eb gjitha partive joshqiptare n\u00eb Mal t\u00eb Zi<br \/>\n&#8220;Shqiptar\u00ebt jasht\u00eb parlamentit ishte konsensusi juaj. P\u00ebrgjegjsia d\u00eb t\u00eb jet\u00eb vet\u00ebm e juaja. Ju nuk mund t\u00eb jeni tutor\u00eb mbi ne edhe pse kenti \u00eb gjith\u00eb pushtetin shtet\u00ebror.\u00a0 N\u00ebse ju shikoni gjeografin\u00eb e rajonit do ta kuptoni se do t\u00eb merrni nj\u00eb p\u00ebrgjigje adekuate&#8221; u shpreh Mehmet Bardhi, shkruan Vijesti.<br \/>\nN\u00eb t\u00eb nj\u00ebjt\u00ebn linj\u00eb ishte edhe deputeti tjet\u00ebr shqiptar, Genci Nimanbegu i cili tha se ka frik\u00eb q\u00eb procesi n\u00eb trupin politik t\u00eb shqiptar\u00ebve do t\u00eb kaloj\u00eb n\u00eb drejtim t\u00eb radikalizimit t\u00eb l\u00ebvizje t\u00eb caktuara.<br \/>\nMehmet Zenka shtoi se shqiptar\u00ebt n\u00eb Mal t\u00eb Zi jan\u00eb t\u00eb mashtruar.<\/p>\n<p><strong>Ulqini Online<\/strong><\/p>\n<p>&nbsp;<\/p>\n<p><strong>Kuvendi e ka miratuar kodin zgjedhor<\/strong><\/p>\n<p>Kuvendi i Malit t\u00eb Zi e miratoi ligjin p\u00ebr ndryshimet dhe plot\u00ebsimet t\u00eb ligjit p\u00ebr zgjedhjen e kshilltarve dhe t\u00eb deputet\u00ebve dhe k\u00ebshtu ka plot\u00ebsuar nj\u00ebrin prej kushteve kryesore p\u00ebr marrjen e dat\u00ebs p\u00ebr fillimin e bisedimeve me UE.<\/p>\n<p>Propozim ligjin e kan\u00eb p\u00ebrkrahur t\u00eb gjith\u00eb deputetet e pranish\u00ebm . Para votimit sall\u00ebn e Kuvendit e kan\u00eb braktisur deputetet e Partive shqiptare t\u00eb pa k\u00ebnaqur me tekstin e kodit t\u00eb ri zgjedhor.<\/p>\n<p>Me ligjin zgjedhor \u00ebsht\u00eb parapar\u00eb q\u00eb t\u00eb drejt\u00eb n\u00eb aksionin afirmativ kan\u00eb popujt t\u00eb cil\u00ebt p\u00ebrb\u00ebjn\u00eb m\u00eb pak\u00eb se 15 p\u00ebr qind t\u00eb popullsis\u00eb s\u00eb p\u00ebrgjithshme n\u00eb Mal t\u00eb Zi. Kodi zgjedhor parasheh q\u00eb me kushte t\u00eb privilegjuara n\u00eb Kuvend mund t\u00eb hyjn\u00eb partit\u00eb nacionale t\u00eb popujve pakic\u00eb t\u00eb cilat n\u00eb zgjedhje nuk fitojn\u00eb m\u00eb tep\u00ebr se 3 p\u00ebr qind.<\/p>\n<p><strong>VIDEO TVCG<\/strong><br \/>\n<!--YouTube Error: bad URL entered--><\/p>\n","protected":false},"excerpt":{"rendered":"<p>Pas reagimit t\u00eb p\u00ebrbashk\u00ebt t\u00eb nj\u00eb dite m\u00eb pare duke braktisur parlamentin e Malit t\u00eb Zi para se t\u00eb miratohej ligji i ri zgjedhor, deputet shqiptar\u00eb nj\u00ebz\u00ebri shprehin shqetsimin e tyre p\u00ebr mohimin e t\u00eb drejtave t\u00eb arritura dhe q\u00eb nj\u00eb gj\u00eb e till\u00eb gjeti p\u00ebrkrahjen, pa p\u00ebrjashtim t\u00eb t\u00eb gjitha partive joshqiptare n\u00eb Mal [&hellip;]<\/p>\n","protected":false},"author":1,"featured_media":0,"comment_status":"open","ping_status":"closed","sticky":false,"template":"","format":"standard","meta":{"spay_email":"","jetpack_publicize_message":"","jetpack_is_tweetstorm":false,"jetpack_publicize_feature_enabled":true},"categories":[1],"tags":[1073,347,1341,496,2226],"jetpack_publicize_connections":[],"yoast_head":"<!-- This site is optimized with the Yoast SEO plugin v19.1 - https:\/\/yoast.com\/wordpress\/plugins\/seo\/ -->\n<title>Reagojn\u00eb deputet shqiptar\u00eb n\u00eb parlamentin e Malit t\u00eb Zi - Video - Lajme nga Ulqini<\/title>\n<meta name=\"description\" content=\"Pas reagimit t\u00eb p\u00ebrbashk\u00ebt t\u00eb nj\u00eb dite m\u00eb pare duke braktisur parlamentin e Malit t\u00eb Zi para se t\u00eb miratohej ligji i ri zgjedhor, deputet shqiptar\u00eb\" \/>\n<meta name=\"robots\" content=\"index, follow, max-snippet:-1, max-image-preview:large, max-video-preview:-1\" \/>\n<link rel=\"canonical\" href=\"https:\/\/www.visit-ulcinj.com\/blog\/2011\/09\/09\/reagojne-deputet-shqiptare-ne-parlamentin-e-malit-te-zi-video\/\" \/>\n<meta property=\"og:locale\" content=\"en_US\" \/>\n<meta property=\"og:type\" content=\"article\" \/>\n<meta property=\"og:title\" content=\"Reagojn\u00eb deputet shqiptar\u00eb n\u00eb parlamentin e Malit t\u00eb Zi - Video - Lajme nga Ulqini\" \/>\n<meta property=\"og:description\" content=\"Pas reagimit t\u00eb p\u00ebrbashk\u00ebt t\u00eb nj\u00eb dite m\u00eb pare duke braktisur parlamentin e Malit t\u00eb Zi para se t\u00eb miratohej ligji i ri zgjedhor, deputet shqiptar\u00eb\" \/>\n<meta property=\"og:url\" content=\"https:\/\/www.visit-ulcinj.com\/blog\/2011\/09\/09\/reagojne-deputet-shqiptare-ne-parlamentin-e-malit-te-zi-video\/\" \/>\n<meta property=\"og:site_name\" content=\"Lajme nga Ulqini\" \/>\n<meta property=\"article:published_time\" content=\"2011-09-09T14:28:07+00:00\" \/>\n<meta property=\"article:modified_time\" content=\"2011-09-18T13:54:34+00:00\" \/>\n<meta property=\"og:image\" content=\"http:\/\/www.visit-ulcinj.com\/blog\/wp-content\/uploads\/2011\/09\/PARLAMENTI-I-MALIT-TE-ZI.jpg\" \/>\n<meta name=\"twitter:label1\" content=\"Written by\" \/>\n\t<meta name=\"twitter:data1\" content=\"ulqini\" \/>\n\t<meta name=\"twitter:label2\" content=\"Est. reading time\" \/>\n\t<meta name=\"twitter:data2\" content=\"2 minutes\" \/>\n<script type=\"application\/ld+json\" class=\"yoast-schema-graph\">{\"@context\":\"https:\/\/schema.org\",\"@graph\":[{\"@type\":\"WebSite\",\"@id\":\"https:\/\/www.visit-ulcinj.com\/blog\/#website\",\"url\":\"https:\/\/www.visit-ulcinj.com\/blog\/\",\"name\":\"Lajme nga Ulqini\",\"description\":\"Lajme,Vijesti,Ulqini,Ulqin,Crna Gora,Mali i Zi\",\"potentialAction\":[{\"@type\":\"SearchAction\",\"target\":{\"@type\":\"EntryPoint\",\"urlTemplate\":\"https:\/\/www.visit-ulcinj.com\/blog\/?s={search_term_string}\"},\"query-input\":\"required name=search_term_string\"}],\"inLanguage\":\"en-US\"},{\"@type\":\"ImageObject\",\"inLanguage\":\"en-US\",\"@id\":\"https:\/\/www.visit-ulcinj.com\/blog\/2011\/09\/09\/reagojne-deputet-shqiptare-ne-parlamentin-e-malit-te-zi-video\/#primaryimage\",\"url\":\"https:\/\/www.visit-ulcinj.com\/blog\/wp-content\/uploads\/2011\/09\/PARLAMENTI-I-MALIT-TE-ZI.jpg\",\"contentUrl\":\"https:\/\/www.visit-ulcinj.com\/blog\/wp-content\/uploads\/2011\/09\/PARLAMENTI-I-MALIT-TE-ZI.jpg\",\"width\":\"800\",\"height\":\"555\"},{\"@type\":\"WebPage\",\"@id\":\"https:\/\/www.visit-ulcinj.com\/blog\/2011\/09\/09\/reagojne-deputet-shqiptare-ne-parlamentin-e-malit-te-zi-video\/#webpage\",\"url\":\"https:\/\/www.visit-ulcinj.com\/blog\/2011\/09\/09\/reagojne-deputet-shqiptare-ne-parlamentin-e-malit-te-zi-video\/\",\"name\":\"Reagojn\u00eb deputet shqiptar\u00eb n\u00eb parlamentin e Malit t\u00eb Zi - Video - Lajme nga Ulqini\",\"isPartOf\":{\"@id\":\"https:\/\/www.visit-ulcinj.com\/blog\/#website\"},\"primaryImageOfPage\":{\"@id\":\"https:\/\/www.visit-ulcinj.com\/blog\/2011\/09\/09\/reagojne-deputet-shqiptare-ne-parlamentin-e-malit-te-zi-video\/#primaryimage\"},\"datePublished\":\"2011-09-09T14:28:07+00:00\",\"dateModified\":\"2011-09-18T13:54:34+00:00\",\"author\":{\"@id\":\"https:\/\/www.visit-ulcinj.com\/blog\/#\/schema\/person\/dcab619c614d3038751c63bc2aadc06d\"},\"description\":\"Pas reagimit t\u00eb p\u00ebrbashk\u00ebt t\u00eb nj\u00eb dite m\u00eb pare duke braktisur parlamentin e Malit t\u00eb Zi para se t\u00eb miratohej ligji i ri zgjedhor, deputet shqiptar\u00eb\",\"breadcrumb\":{\"@id\":\"https:\/\/www.visit-ulcinj.com\/blog\/2011\/09\/09\/reagojne-deputet-shqiptare-ne-parlamentin-e-malit-te-zi-video\/#breadcrumb\"},\"inLanguage\":\"en-US\",\"potentialAction\":[{\"@type\":\"ReadAction\",\"target\":[\"https:\/\/www.visit-ulcinj.com\/blog\/2011\/09\/09\/reagojne-deputet-shqiptare-ne-parlamentin-e-malit-te-zi-video\/\"]}]},{\"@type\":\"BreadcrumbList\",\"@id\":\"https:\/\/www.visit-ulcinj.com\/blog\/2011\/09\/09\/reagojne-deputet-shqiptare-ne-parlamentin-e-malit-te-zi-video\/#breadcrumb\",\"itemListElement\":[{\"@type\":\"ListItem\",\"position\":1,\"name\":\"Reagojn\u00eb deputet shqiptar\u00eb n\u00eb parlamentin e Malit t\u00eb Zi &#8211; Video\"}]},{\"@type\":\"Person\",\"@id\":\"https:\/\/www.visit-ulcinj.com\/blog\/#\/schema\/person\/dcab619c614d3038751c63bc2aadc06d\",\"name\":\"ulqini\",\"sameAs\":[\"http:\/\/www.visit-ulcinj.com\"],\"url\":\"https:\/\/www.visit-ulcinj.com\/blog\/author\/admin\/\"}]}<\/script>\n<!-- \/ Yoast SEO plugin. -->","yoast_head_json":{"title":"Reagojn\u00eb deputet shqiptar\u00eb n\u00eb parlamentin e Malit t\u00eb Zi - Video - Lajme nga Ulqini","description":"Pas reagimit t\u00eb p\u00ebrbashk\u00ebt t\u00eb nj\u00eb dite m\u00eb pare duke braktisur parlamentin e Malit t\u00eb Zi para se t\u00eb miratohej ligji i ri zgjedhor, deputet shqiptar\u00eb","robots":{"index":"index","follow":"follow","max-snippet":"max-snippet:-1","max-image-preview":"max-image-preview:large","max-video-preview":"max-video-preview:-1"},"canonical":"https:\/\/www.visit-ulcinj.com\/blog\/2011\/09\/09\/reagojne-deputet-shqiptare-ne-parlamentin-e-malit-te-zi-video\/","og_locale":"en_US","og_type":"article","og_title":"Reagojn\u00eb deputet shqiptar\u00eb n\u00eb parlamentin e Malit t\u00eb Zi - Video - Lajme nga Ulqini","og_description":"Pas reagimit t\u00eb p\u00ebrbashk\u00ebt t\u00eb nj\u00eb dite m\u00eb pare duke braktisur parlamentin e Malit t\u00eb Zi para se t\u00eb miratohej ligji i ri zgjedhor, deputet shqiptar\u00eb","og_url":"https:\/\/www.visit-ulcinj.com\/blog\/2011\/09\/09\/reagojne-deputet-shqiptare-ne-parlamentin-e-malit-te-zi-video\/","og_site_name":"Lajme nga Ulqini","article_published_time":"2011-09-09T14:28:07+00:00","article_modified_time":"2011-09-18T13:54:34+00:00","og_image":[{"url":"http:\/\/www.visit-ulcinj.com\/blog\/wp-content\/uploads\/2011\/09\/PARLAMENTI-I-MALIT-TE-ZI.jpg"}],"twitter_misc":{"Written by":"ulqini","Est. reading time":"2 minutes"},"schema":{"@context":"https:\/\/schema.org","@graph":[{"@type":"WebSite","@id":"https:\/\/www.visit-ulcinj.com\/blog\/#website","url":"https:\/\/www.visit-ulcinj.com\/blog\/","name":"Lajme nga Ulqini","description":"Lajme,Vijesti,Ulqini,Ulqin,Crna Gora,Mali i Zi","potentialAction":[{"@type":"SearchAction","target":{"@type":"EntryPoint","urlTemplate":"https:\/\/www.visit-ulcinj.com\/blog\/?s={search_term_string}"},"query-input":"required name=search_term_string"}],"inLanguage":"en-US"},{"@type":"ImageObject","inLanguage":"en-US","@id":"https:\/\/www.visit-ulcinj.com\/blog\/2011\/09\/09\/reagojne-deputet-shqiptare-ne-parlamentin-e-malit-te-zi-video\/#primaryimage","url":"https:\/\/www.visit-ulcinj.com\/blog\/wp-content\/uploads\/2011\/09\/PARLAMENTI-I-MALIT-TE-ZI.jpg","contentUrl":"https:\/\/www.visit-ulcinj.com\/blog\/wp-content\/uploads\/2011\/09\/PARLAMENTI-I-MALIT-TE-ZI.jpg","width":"800","height":"555"},{"@type":"WebPage","@id":"https:\/\/www.visit-ulcinj.com\/blog\/2011\/09\/09\/reagojne-deputet-shqiptare-ne-parlamentin-e-malit-te-zi-video\/#webpage","url":"https:\/\/www.visit-ulcinj.com\/blog\/2011\/09\/09\/reagojne-deputet-shqiptare-ne-parlamentin-e-malit-te-zi-video\/","name":"Reagojn\u00eb deputet shqiptar\u00eb n\u00eb parlamentin e Malit t\u00eb Zi - Video - Lajme nga Ulqini","isPartOf":{"@id":"https:\/\/www.visit-ulcinj.com\/blog\/#website"},"primaryImageOfPage":{"@id":"https:\/\/www.visit-ulcinj.com\/blog\/2011\/09\/09\/reagojne-deputet-shqiptare-ne-parlamentin-e-malit-te-zi-video\/#primaryimage"},"datePublished":"2011-09-09T14:28:07+00:00","dateModified":"2011-09-18T13:54:34+00:00","author":{"@id":"https:\/\/www.visit-ulcinj.com\/blog\/#\/schema\/person\/dcab619c614d3038751c63bc2aadc06d"},"description":"Pas reagimit t\u00eb p\u00ebrbashk\u00ebt t\u00eb nj\u00eb dite m\u00eb pare duke braktisur parlamentin e Malit t\u00eb Zi para se t\u00eb miratohej ligji i ri zgjedhor, deputet shqiptar\u00eb","breadcrumb":{"@id":"https:\/\/www.visit-ulcinj.com\/blog\/2011\/09\/09\/reagojne-deputet-shqiptare-ne-parlamentin-e-malit-te-zi-video\/#breadcrumb"},"inLanguage":"en-US","potentialAction":[{"@type":"ReadAction","target":["https:\/\/www.visit-ulcinj.com\/blog\/2011\/09\/09\/reagojne-deputet-shqiptare-ne-parlamentin-e-malit-te-zi-video\/"]}]},{"@type":"BreadcrumbList","@id":"https:\/\/www.visit-ulcinj.com\/blog\/2011\/09\/09\/reagojne-deputet-shqiptare-ne-parlamentin-e-malit-te-zi-video\/#breadcrumb","itemListElement":[{"@type":"ListItem","position":1,"name":"Reagojn\u00eb deputet shqiptar\u00eb n\u00eb parlamentin e Malit t\u00eb Zi &#8211; Video"}]},{"@type":"Person","@id":"https:\/\/www.visit-ulcinj.com\/blog\/#\/schema\/person\/dcab619c614d3038751c63bc2aadc06d","name":"ulqini","sameAs":["http:\/\/www.visit-ulcinj.com"],"url":"https:\/\/www.visit-ulcinj.com\/blog\/author\/admin\/"}]}},"jetpack_featured_media_url":"","jetpack_sharing_enabled":true,"jetpack_shortlink":"https:\/\/wp.me\/pe6lTn-dbU","_links":{"self":[{"href":"https:\/\/www.visit-ulcinj.com\/blog\/wp-json\/wp\/v2\/posts\/50710"}],"collection":[{"href":"https:\/\/www.visit-ulcinj.com\/blog\/wp-json\/wp\/v2\/posts"}],"about":[{"href":"https:\/\/www.visit-ulcinj.com\/blog\/wp-json\/wp\/v2\/types\/post"}],"author":[{"embeddable":true,"href":"https:\/\/www.visit-ulcinj.com\/blog\/wp-json\/wp\/v2\/users\/1"}],"replies":[{"embeddable":true,"href":"https:\/\/www.visit-ulcinj.com\/blog\/wp-json\/wp\/v2\/comments?post=50710"}],"version-history":[{"count":4,"href":"https:\/\/www.visit-ulcinj.com\/blog\/wp-json\/wp\/v2\/posts\/50710\/revisions"}],"predecessor-version":[{"id":50817,"href":"https:\/\/www.visit-ulcinj.com\/blog\/wp-json\/wp\/v2\/posts\/50710\/revisions\/50817"}],"wp:attachment":[{"href":"https:\/\/www.visit-ulcinj.com\/blog\/wp-json\/wp\/v2\/media?parent=50710"}],"wp:term":[{"taxonomy":"category","embeddable":true,"href":"https:\/\/www.visit-ulcinj.com\/blog\/wp-json\/wp\/v2\/categories?post=50710"},{"taxonomy":"post_tag","embeddable":true,"href":"https:\/\/www.visit-ulcinj.com\/blog\/wp-json\/wp\/v2\/tags?post=50710"}],"curies":[{"name":"wp","href":"https:\/\/api.w.org\/{rel}","templated":true}]}}