{"id":50714,"date":"2011-09-09T21:01:35","date_gmt":"2011-09-09T20:01:35","guid":{"rendered":"http:\/\/www.visit-ulcinj.com\/blog\/?p=50714"},"modified":"2011-09-09T21:03:57","modified_gmt":"2011-09-09T20:03:57","slug":"knsh-perkrah-dhe-mbeshtet-deputetet-shqiptare","status":"publish","type":"post","link":"https:\/\/www.visit-ulcinj.com\/blog\/2011\/09\/09\/knsh-perkrah-dhe-mbeshtet-deputetet-shqiptare\/","title":{"rendered":"KNSH p\u00ebrkrah dhe mb\u00ebshtet deputetet shqiptar\u00eb"},"content":{"rendered":"<p style=\"text-align: left;\"><a href=\"http:\/\/www.visit-ulcinj.com\/blog\/wp-content\/uploads\/2011\/03\/KNSH_MZ_logo.jpg\"><img loading=\"lazy\" class=\"alignleft size-full wp-image-45189\" title=\"KNSH_MZ_logo\" src=\"http:\/\/www.visit-ulcinj.com\/blog\/wp-content\/uploads\/2011\/03\/KNSH_MZ_logo.jpg\" alt=\"\" width=\"318\" height=\"142\" srcset=\"https:\/\/www.visit-ulcinj.com\/blog\/wp-content\/uploads\/2011\/03\/KNSH_MZ_logo.jpg 318w, https:\/\/www.visit-ulcinj.com\/blog\/wp-content\/uploads\/2011\/03\/KNSH_MZ_logo-300x133.jpg 300w\" sizes=\"(max-width: 318px) 100vw, 318px\" \/><\/a>K\u00cbSHILLI NACIONAL I SHQIPTAR\u00cbVE N\u00cb MALIN E ZI<\/p>\n<p style=\"text-align: left;\">NACIONALNI SAVJET ALBANACA U CRNOJ GORI<\/p>\n<p style=\"text-align: left;\">ALBANIAN NATIONAL COUNCIL IN MONTENEGRO<\/p>\n<p>Nr. 92 \/ 2001<\/p>\n<p>Ulqin, m\u00eb 09.09. 2011<\/p>\n<p><span style=\"text-decoration: underline;\">\u00a0<\/span><\/p>\n<p align=\"center\"><strong>KUMTES\u00cb P\u00cbR OPINION<\/strong><\/p>\n<p align=\"center\"><strong>Reagim<\/strong><\/p>\n<p>\u00a0K\u00ebshilli Nacional i Shqiptar\u00ebve n\u00eb Malin e Zi e konsideron t\u00eb papranuesh\u00ebm, q\u00ebllimkeq dhe antishqiptar, \u00a0aprovimin nj\u00ebz\u00ebri(pa p\u00ebrfaq\u00ebsuesit shqiptar) t\u00eb Ligjit Zgjedhor n\u00eb Parlamentin e Malit t\u00eb Zi, duke p\u00ebrfshir\u00eb edhe opozit\u00ebn .\u00a0 Konsiderojm\u00eb se ky moment \u00ebsht\u00eb \u00a0hap mbrapa \u00a0sa i p\u00ebrket t\u00eb drejtave dhe lirive t\u00eb \u00a0shqiptar\u00ebve, si popull autokton \u00a0n\u00eb trevat e veta st\u00ebrgjysh\u00ebnore n\u00eb Malin e Zi.<\/p>\n<p>Aprovimi i k\u00ebtij Ligji zgjedhor, fatkeq\u00ebsisht mohon t\u00eb drejtat \u00a0e arritura t\u00eb shqiptar\u00ebve si dhe p\u00ebrcaktimet\u00a0 kushtetuese t\u00eb Malit t\u00eb Zi t\u00eb cilat garantojn\u00eb p\u00ebrfaq\u00ebsim autentik duke respektuar aksionin afirmativ n\u00eb Parlament.<\/p>\n<p>P\u00ebr shqiptar\u00ebt n\u00eb Malin e Zi, mohimi i t\u00eb drejtave t\u00eb arriturave, gjegj\u00ebsisht mandateve t\u00eb garantuara n\u00eb Parlament, sikur ishte deri m\u00eb tani, paraqet nj\u00ebkohsisht edhe tentativ\u00eb q\u00eb z\u00ebri i p\u00ebrfaq\u00ebsuesve autentik shqiptar\u00eb t\u00eb d\u00ebgjohet gjithnj\u00eb e m\u00eb pak, me q\u00ebllim q\u00eb n\u00eb t\u00eb ardhmen , shqiptar\u00ebt t\u00eb asimilohen gjithnj\u00eb e m\u00eb shum\u00eb.<\/p>\n<p>Kjo, p\u00ebr K\u00ebshillin Nacional t\u00eb Shqiptar\u00ebve n\u00eb Mal t\u00eb Zi \u00ebsht\u00eb e pa pranueshme dhe theksojm\u00eb se, synimet e tilla shqiptar\u00ebt n\u00eb Malin e Zi do t`i luftojn\u00eb me t\u00eb gjitha mjetet demokratike.<\/p>\n<p>&nbsp;<\/p>\n<p>K\u00ebshilli Nacional i Shqiptar\u00ebve, n\u00eb t\u00ebrsi i p\u00ebrkrah dhe mb\u00ebshtet\u00eb \u00a0deputet\u00ebt shqiptar\u00eb t\u00eb partive nacionale n\u00eb Parlamentin e Malit t\u00eb Zi, t\u00eb cil\u00ebt nj\u00ebz\u00ebri e kund\u00ebrshtuan k\u00ebt\u00eb Ligj \u00a0Zgjedhor diskriminues p\u00ebr ne. \u00a0N\u00eb momentin e votimit, n\u00eb shenj\u00eb proteste e l\u00ebshuan parlamentin. Prandaj i ftojm\u00eb q\u00eb edhe n\u00eb t\u00eb ardhmen t\u00eb veprojn\u00eb t\u00eb bashkuar kur \u00a0\u00a0cenohen t\u00eb drejtat e shqiptar\u00ebve.<\/p>\n<p>&nbsp;<\/p>\n<p>K\u00ebshilli Nacional i Shqiptar\u00ebve , k\u00ebrkon nga \u00a0institucionet shtet\u00ebrore t\u00eb Malit t\u00eb Zi, duke p\u00ebrfshir\u00eb edhe opozit\u00ebn n\u00eb t\u00ebrsi, q\u00eb sa m\u00eb par\u00eb ta rishikojn\u00eb k\u00ebt\u00eb Ligj.T\u00eb marrin p\u00ebr baz\u00eb k\u00ebrkesat e p\u00ebrfaq\u00ebsuesve legjitim t\u00eb shqiptar\u00ebve, p\u00ebr t\u00eb d\u00ebshmuar \u00a0se v\u00ebrtet\u00eb jan\u00eb p\u00ebr vlerat e demokracis\u00eb. \u00a0Kur\u00eb cenohen t\u00eb drejtat e nj\u00eb populli, n\u00eb \u00a0\u00a0rastin \u00a0konkret t\u00eb shqiptar\u00ebve n\u00eb Malin e Zi, as integrimet Evropiane\u00a0 nuk jan\u00eb t\u00eb vlef\u00ebshme.<\/p>\n<p><a href=\"http:\/\/www.visit-ulcinj.com\/blog\/wp-content\/uploads\/2011\/03\/Keshilli-Nacional-Shqiptar-ne-Mal-te-Zi_KUMTES-MEDIA.jpg\"><img loading=\"lazy\" class=\"alignleft size-full wp-image-45190\" title=\"Keshilli Nacional Shqiptar ne Mal te Zi_KUMTES MEDIA\" src=\"http:\/\/www.visit-ulcinj.com\/blog\/wp-content\/uploads\/2011\/03\/Keshilli-Nacional-Shqiptar-ne-Mal-te-Zi_KUMTES-MEDIA.jpg\" alt=\"\" width=\"508\" height=\"158\" \/><\/a><\/p>\n","protected":false},"excerpt":{"rendered":"<p>K\u00cbSHILLI NACIONAL I SHQIPTAR\u00cbVE N\u00cb MALIN E ZI NACIONALNI SAVJET ALBANACA U CRNOJ GORI ALBANIAN NATIONAL COUNCIL IN MONTENEGRO Nr. 92 \/ 2001 Ulqin, m\u00eb 09.09. 2011 \u00a0 KUMTES\u00cb P\u00cbR OPINION Reagim \u00a0K\u00ebshilli Nacional i Shqiptar\u00ebve n\u00eb Malin e Zi e konsideron t\u00eb papranuesh\u00ebm, q\u00ebllimkeq dhe antishqiptar, \u00a0aprovimin nj\u00ebz\u00ebri(pa p\u00ebrfaq\u00ebsuesit shqiptar) t\u00eb Ligjit Zgjedhor n\u00eb [&hellip;]<\/p>\n","protected":false},"author":1,"featured_media":0,"comment_status":"open","ping_status":"closed","sticky":false,"template":"","format":"standard","meta":{"spay_email":"","jetpack_publicize_message":"","jetpack_is_tweetstorm":false,"jetpack_publicize_feature_enabled":true},"categories":[6],"tags":[12280,5913,4474,12279,200,18],"jetpack_publicize_connections":[],"yoast_head":"<!-- This site is optimized with the Yoast SEO plugin v19.1 - https:\/\/yoast.com\/wordpress\/plugins\/seo\/ -->\n<title>KNSH p\u00ebrkrah dhe mb\u00ebshtet deputetet shqiptar\u00eb - Lajme nga Ulqini<\/title>\n<meta name=\"description\" content=\"K\u00cbSHILLI NACIONAL I SHQIPTAR\u00cbVE N\u00cb MALIN E ZI NACIONALNI SAVJET ALBANACA U CRNOJ GORI ALBANIAN NATIONAL COUNCIL IN MONTENEGRO Nr. 92 \/ 2001 Ulqin, m\u00eb\" \/>\n<meta name=\"robots\" content=\"index, follow, max-snippet:-1, max-image-preview:large, max-video-preview:-1\" \/>\n<link rel=\"canonical\" href=\"https:\/\/www.visit-ulcinj.com\/blog\/2011\/09\/09\/knsh-perkrah-dhe-mbeshtet-deputetet-shqiptare\/\" \/>\n<meta property=\"og:locale\" content=\"en_US\" \/>\n<meta property=\"og:type\" content=\"article\" \/>\n<meta property=\"og:title\" content=\"KNSH p\u00ebrkrah dhe mb\u00ebshtet deputetet shqiptar\u00eb - Lajme nga Ulqini\" \/>\n<meta property=\"og:description\" content=\"K\u00cbSHILLI NACIONAL I SHQIPTAR\u00cbVE N\u00cb MALIN E ZI NACIONALNI SAVJET ALBANACA U CRNOJ GORI ALBANIAN NATIONAL COUNCIL IN MONTENEGRO Nr. 92 \/ 2001 Ulqin, m\u00eb\" \/>\n<meta property=\"og:url\" content=\"https:\/\/www.visit-ulcinj.com\/blog\/2011\/09\/09\/knsh-perkrah-dhe-mbeshtet-deputetet-shqiptare\/\" \/>\n<meta property=\"og:site_name\" content=\"Lajme nga Ulqini\" \/>\n<meta property=\"article:published_time\" content=\"2011-09-09T20:01:35+00:00\" \/>\n<meta property=\"article:modified_time\" content=\"2011-09-09T20:03:57+00:00\" \/>\n<meta property=\"og:image\" content=\"http:\/\/www.visit-ulcinj.com\/blog\/wp-content\/uploads\/2011\/03\/KNSH_MZ_logo.jpg\" \/>\n<meta name=\"twitter:label1\" content=\"Written by\" \/>\n\t<meta name=\"twitter:data1\" content=\"ulqini\" \/>\n\t<meta name=\"twitter:label2\" content=\"Est. reading time\" \/>\n\t<meta name=\"twitter:data2\" content=\"2 minutes\" \/>\n<script type=\"application\/ld+json\" class=\"yoast-schema-graph\">{\"@context\":\"https:\/\/schema.org\",\"@graph\":[{\"@type\":\"WebSite\",\"@id\":\"https:\/\/www.visit-ulcinj.com\/blog\/#website\",\"url\":\"https:\/\/www.visit-ulcinj.com\/blog\/\",\"name\":\"Lajme nga Ulqini\",\"description\":\"Lajme,Vijesti,Ulqini,Ulqin,Crna Gora,Mali i Zi\",\"potentialAction\":[{\"@type\":\"SearchAction\",\"target\":{\"@type\":\"EntryPoint\",\"urlTemplate\":\"https:\/\/www.visit-ulcinj.com\/blog\/?s={search_term_string}\"},\"query-input\":\"required name=search_term_string\"}],\"inLanguage\":\"en-US\"},{\"@type\":\"ImageObject\",\"inLanguage\":\"en-US\",\"@id\":\"https:\/\/www.visit-ulcinj.com\/blog\/2011\/09\/09\/knsh-perkrah-dhe-mbeshtet-deputetet-shqiptare\/#primaryimage\",\"url\":\"https:\/\/www.visit-ulcinj.com\/blog\/wp-content\/uploads\/2011\/03\/KNSH_MZ_logo.jpg\",\"contentUrl\":\"https:\/\/www.visit-ulcinj.com\/blog\/wp-content\/uploads\/2011\/03\/KNSH_MZ_logo.jpg\",\"width\":\"318\",\"height\":\"142\"},{\"@type\":\"WebPage\",\"@id\":\"https:\/\/www.visit-ulcinj.com\/blog\/2011\/09\/09\/knsh-perkrah-dhe-mbeshtet-deputetet-shqiptare\/#webpage\",\"url\":\"https:\/\/www.visit-ulcinj.com\/blog\/2011\/09\/09\/knsh-perkrah-dhe-mbeshtet-deputetet-shqiptare\/\",\"name\":\"KNSH p\u00ebrkrah dhe mb\u00ebshtet deputetet shqiptar\u00eb - Lajme nga Ulqini\",\"isPartOf\":{\"@id\":\"https:\/\/www.visit-ulcinj.com\/blog\/#website\"},\"primaryImageOfPage\":{\"@id\":\"https:\/\/www.visit-ulcinj.com\/blog\/2011\/09\/09\/knsh-perkrah-dhe-mbeshtet-deputetet-shqiptare\/#primaryimage\"},\"datePublished\":\"2011-09-09T20:01:35+00:00\",\"dateModified\":\"2011-09-09T20:03:57+00:00\",\"author\":{\"@id\":\"https:\/\/www.visit-ulcinj.com\/blog\/#\/schema\/person\/dcab619c614d3038751c63bc2aadc06d\"},\"description\":\"K\u00cbSHILLI NACIONAL I SHQIPTAR\u00cbVE N\u00cb MALIN E ZI NACIONALNI SAVJET ALBANACA U CRNOJ GORI ALBANIAN NATIONAL COUNCIL IN MONTENEGRO Nr. 92 \/ 2001 Ulqin, m\u00eb\",\"breadcrumb\":{\"@id\":\"https:\/\/www.visit-ulcinj.com\/blog\/2011\/09\/09\/knsh-perkrah-dhe-mbeshtet-deputetet-shqiptare\/#breadcrumb\"},\"inLanguage\":\"en-US\",\"potentialAction\":[{\"@type\":\"ReadAction\",\"target\":[\"https:\/\/www.visit-ulcinj.com\/blog\/2011\/09\/09\/knsh-perkrah-dhe-mbeshtet-deputetet-shqiptare\/\"]}]},{\"@type\":\"BreadcrumbList\",\"@id\":\"https:\/\/www.visit-ulcinj.com\/blog\/2011\/09\/09\/knsh-perkrah-dhe-mbeshtet-deputetet-shqiptare\/#breadcrumb\",\"itemListElement\":[{\"@type\":\"ListItem\",\"position\":1,\"name\":\"KNSH p\u00ebrkrah dhe mb\u00ebshtet deputetet shqiptar\u00eb\"}]},{\"@type\":\"Person\",\"@id\":\"https:\/\/www.visit-ulcinj.com\/blog\/#\/schema\/person\/dcab619c614d3038751c63bc2aadc06d\",\"name\":\"ulqini\",\"sameAs\":[\"http:\/\/www.visit-ulcinj.com\"],\"url\":\"https:\/\/www.visit-ulcinj.com\/blog\/author\/admin\/\"}]}<\/script>\n<!-- \/ Yoast SEO plugin. -->","yoast_head_json":{"title":"KNSH p\u00ebrkrah dhe mb\u00ebshtet deputetet shqiptar\u00eb - Lajme nga Ulqini","description":"K\u00cbSHILLI NACIONAL I SHQIPTAR\u00cbVE N\u00cb MALIN E ZI NACIONALNI SAVJET ALBANACA U CRNOJ GORI ALBANIAN NATIONAL COUNCIL IN MONTENEGRO Nr. 92 \/ 2001 Ulqin, m\u00eb","robots":{"index":"index","follow":"follow","max-snippet":"max-snippet:-1","max-image-preview":"max-image-preview:large","max-video-preview":"max-video-preview:-1"},"canonical":"https:\/\/www.visit-ulcinj.com\/blog\/2011\/09\/09\/knsh-perkrah-dhe-mbeshtet-deputetet-shqiptare\/","og_locale":"en_US","og_type":"article","og_title":"KNSH p\u00ebrkrah dhe mb\u00ebshtet deputetet shqiptar\u00eb - Lajme nga Ulqini","og_description":"K\u00cbSHILLI NACIONAL I SHQIPTAR\u00cbVE N\u00cb MALIN E ZI NACIONALNI SAVJET ALBANACA U CRNOJ GORI ALBANIAN NATIONAL COUNCIL IN MONTENEGRO Nr. 92 \/ 2001 Ulqin, m\u00eb","og_url":"https:\/\/www.visit-ulcinj.com\/blog\/2011\/09\/09\/knsh-perkrah-dhe-mbeshtet-deputetet-shqiptare\/","og_site_name":"Lajme nga Ulqini","article_published_time":"2011-09-09T20:01:35+00:00","article_modified_time":"2011-09-09T20:03:57+00:00","og_image":[{"url":"http:\/\/www.visit-ulcinj.com\/blog\/wp-content\/uploads\/2011\/03\/KNSH_MZ_logo.jpg"}],"twitter_misc":{"Written by":"ulqini","Est. reading time":"2 minutes"},"schema":{"@context":"https:\/\/schema.org","@graph":[{"@type":"WebSite","@id":"https:\/\/www.visit-ulcinj.com\/blog\/#website","url":"https:\/\/www.visit-ulcinj.com\/blog\/","name":"Lajme nga Ulqini","description":"Lajme,Vijesti,Ulqini,Ulqin,Crna Gora,Mali i Zi","potentialAction":[{"@type":"SearchAction","target":{"@type":"EntryPoint","urlTemplate":"https:\/\/www.visit-ulcinj.com\/blog\/?s={search_term_string}"},"query-input":"required name=search_term_string"}],"inLanguage":"en-US"},{"@type":"ImageObject","inLanguage":"en-US","@id":"https:\/\/www.visit-ulcinj.com\/blog\/2011\/09\/09\/knsh-perkrah-dhe-mbeshtet-deputetet-shqiptare\/#primaryimage","url":"https:\/\/www.visit-ulcinj.com\/blog\/wp-content\/uploads\/2011\/03\/KNSH_MZ_logo.jpg","contentUrl":"https:\/\/www.visit-ulcinj.com\/blog\/wp-content\/uploads\/2011\/03\/KNSH_MZ_logo.jpg","width":"318","height":"142"},{"@type":"WebPage","@id":"https:\/\/www.visit-ulcinj.com\/blog\/2011\/09\/09\/knsh-perkrah-dhe-mbeshtet-deputetet-shqiptare\/#webpage","url":"https:\/\/www.visit-ulcinj.com\/blog\/2011\/09\/09\/knsh-perkrah-dhe-mbeshtet-deputetet-shqiptare\/","name":"KNSH p\u00ebrkrah dhe mb\u00ebshtet deputetet shqiptar\u00eb - Lajme nga Ulqini","isPartOf":{"@id":"https:\/\/www.visit-ulcinj.com\/blog\/#website"},"primaryImageOfPage":{"@id":"https:\/\/www.visit-ulcinj.com\/blog\/2011\/09\/09\/knsh-perkrah-dhe-mbeshtet-deputetet-shqiptare\/#primaryimage"},"datePublished":"2011-09-09T20:01:35+00:00","dateModified":"2011-09-09T20:03:57+00:00","author":{"@id":"https:\/\/www.visit-ulcinj.com\/blog\/#\/schema\/person\/dcab619c614d3038751c63bc2aadc06d"},"description":"K\u00cbSHILLI NACIONAL I SHQIPTAR\u00cbVE N\u00cb MALIN E ZI NACIONALNI SAVJET ALBANACA U CRNOJ GORI ALBANIAN NATIONAL COUNCIL IN MONTENEGRO Nr. 92 \/ 2001 Ulqin, m\u00eb","breadcrumb":{"@id":"https:\/\/www.visit-ulcinj.com\/blog\/2011\/09\/09\/knsh-perkrah-dhe-mbeshtet-deputetet-shqiptare\/#breadcrumb"},"inLanguage":"en-US","potentialAction":[{"@type":"ReadAction","target":["https:\/\/www.visit-ulcinj.com\/blog\/2011\/09\/09\/knsh-perkrah-dhe-mbeshtet-deputetet-shqiptare\/"]}]},{"@type":"BreadcrumbList","@id":"https:\/\/www.visit-ulcinj.com\/blog\/2011\/09\/09\/knsh-perkrah-dhe-mbeshtet-deputetet-shqiptare\/#breadcrumb","itemListElement":[{"@type":"ListItem","position":1,"name":"KNSH p\u00ebrkrah dhe mb\u00ebshtet deputetet shqiptar\u00eb"}]},{"@type":"Person","@id":"https:\/\/www.visit-ulcinj.com\/blog\/#\/schema\/person\/dcab619c614d3038751c63bc2aadc06d","name":"ulqini","sameAs":["http:\/\/www.visit-ulcinj.com"],"url":"https:\/\/www.visit-ulcinj.com\/blog\/author\/admin\/"}]}},"jetpack_featured_media_url":"","jetpack_sharing_enabled":true,"jetpack_shortlink":"https:\/\/wp.me\/pe6lTn-dbY","_links":{"self":[{"href":"https:\/\/www.visit-ulcinj.com\/blog\/wp-json\/wp\/v2\/posts\/50714"}],"collection":[{"href":"https:\/\/www.visit-ulcinj.com\/blog\/wp-json\/wp\/v2\/posts"}],"about":[{"href":"https:\/\/www.visit-ulcinj.com\/blog\/wp-json\/wp\/v2\/types\/post"}],"author":[{"embeddable":true,"href":"https:\/\/www.visit-ulcinj.com\/blog\/wp-json\/wp\/v2\/users\/1"}],"replies":[{"embeddable":true,"href":"https:\/\/www.visit-ulcinj.com\/blog\/wp-json\/wp\/v2\/comments?post=50714"}],"version-history":[{"count":4,"href":"https:\/\/www.visit-ulcinj.com\/blog\/wp-json\/wp\/v2\/posts\/50714\/revisions"}],"predecessor-version":[{"id":52439,"href":"https:\/\/www.visit-ulcinj.com\/blog\/wp-json\/wp\/v2\/posts\/50714\/revisions\/52439"}],"wp:attachment":[{"href":"https:\/\/www.visit-ulcinj.com\/blog\/wp-json\/wp\/v2\/media?parent=50714"}],"wp:term":[{"taxonomy":"category","embeddable":true,"href":"https:\/\/www.visit-ulcinj.com\/blog\/wp-json\/wp\/v2\/categories?post=50714"},{"taxonomy":"post_tag","embeddable":true,"href":"https:\/\/www.visit-ulcinj.com\/blog\/wp-json\/wp\/v2\/tags?post=50714"}],"curies":[{"name":"wp","href":"https:\/\/api.w.org\/{rel}","templated":true}]}}