{"id":50740,"date":"2011-09-09T23:11:07","date_gmt":"2011-09-09T22:11:07","guid":{"rendered":"http:\/\/www.visit-ulcinj.com\/blog\/?p=50740"},"modified":"2011-09-09T23:11:07","modified_gmt":"2011-09-09T22:11:07","slug":"mali-i-zi-para-kolapsit-financiar","status":"publish","type":"post","link":"https:\/\/www.visit-ulcinj.com\/blog\/2011\/09\/09\/mali-i-zi-para-kolapsit-financiar\/","title":{"rendered":"Mali i Zi para kolapsit financiar"},"content":{"rendered":"<p><a href=\"http:\/\/www.visit-ulcinj.com\/blog\/wp-content\/uploads\/2011\/09\/Mali-i-Zi-para-kolapsit-financiar.jpg\"><img loading=\"lazy\" class=\"alignleft size-full wp-image-50741\" title=\"Mali i Zi para kolapsit financiar\" src=\"http:\/\/www.visit-ulcinj.com\/blog\/wp-content\/uploads\/2011\/09\/Mali-i-Zi-para-kolapsit-financiar.jpg\" alt=\"\" width=\"330\" height=\"330\" srcset=\"https:\/\/www.visit-ulcinj.com\/blog\/wp-content\/uploads\/2011\/09\/Mali-i-Zi-para-kolapsit-financiar.jpg 347w, https:\/\/www.visit-ulcinj.com\/blog\/wp-content\/uploads\/2011\/09\/Mali-i-Zi-para-kolapsit-financiar-150x150.jpg 150w, https:\/\/www.visit-ulcinj.com\/blog\/wp-content\/uploads\/2011\/09\/Mali-i-Zi-para-kolapsit-financiar-300x300.jpg 300w\" sizes=\"(max-width: 330px) 100vw, 330px\" \/><\/a>Podgoric\u00eb, 6 shtator \u2013 Borxhi i Malit t\u00eb Zi ka arritur gati n\u00eb nj\u00eb miliard e gjysm\u00eb euro, q\u00eb \u00ebsht\u00eb di\u00e7ka m\u00eb pak se gjysma e bruto prodhimit vendor (GDP).M\u00eb shum\u00eb s\u00eb nj\u00eb miliard, q\u00eb \u00ebsht\u00eb nj\u00eb e treta e GDP-s\u00eb, \u00ebsht\u00eb borxh i jasht\u00ebm, nd\u00ebrkoh\u00eb q\u00eb Qeveria ka t\u00ebrhequr kredi t\u00eb re nga Banka Bot\u00ebrore prej 59.1 milion\u00eb eurosh.<\/p>\n<p>K\u00ebto t\u00eb dh\u00ebna tregojn\u00eb p\u00ebr nj\u00eb trend t\u00eb shpejtuar t\u00eb rritjes s\u00eb borxhit shtet\u00ebror, nd\u00ebrkoh\u00eb q\u00eb edhe n\u00eb vet\u00eb Ministrin\u00eb e Financave e pranojn\u00eb se pik\u00ebrisht niveli i lart\u00eb i borxhit publik dhe rritja e vazhdueshme e tij jan\u00eb faktor\u00ebt kryesor\u00eb t\u00eb rrezikut p\u00ebr ekonomin\u00eb vendore, raporton Radio Evropa e Lir\u00eb.<\/p>\n<p>Mali i Zi n\u00eb fund t\u00eb shtatorit t\u00eb vitit t\u00eb kaluar ka emetuar letrat e para me vler\u00eb, me t\u00eb cilat ka grumbulluar 200 milion\u00eb euro. Afati p\u00ebr zbutjen e k\u00ebtij borxhi \u00ebsht\u00eb pes\u00eb vjet, n\u00eb nd\u00ebrkoh\u00eb gjat\u00eb viteve do t\u00eb duhet t\u00eb paguaj\u00eb kamat\u00ebn e cila n\u00eb total arrin gati 80 milion\u00eb euro.<\/p>\n<p>Kur i shtohen edhe transaksionet e tjera shpenzuese, shuma rritet edhe p\u00ebr disa miliona.<\/p>\n<p>N\u00eb fillim t\u00eb prillit Mali i Zi, p\u00ebrs\u00ebri, p\u00ebr shkak t\u00eb borxhit t\u00eb vjet\u00ebr dhe arnimit t\u00eb vrimave n\u00eb buxhet, tregut nd\u00ebrkomb\u00ebtar i ka borxh edhe 180 milion\u00eb euro.<\/p>\n<p>Parat\u00eb s\u00ebrish jan\u00eb huazuar p\u00ebr pes\u00eb vjet, nd\u00ebrsa kamata do t\u00eb shkoj\u00eb mbi 65 milion\u00eb euro.<\/p>\n<p><strong>KOHA NET<\/strong><\/p>\n","protected":false},"excerpt":{"rendered":"<p>Podgoric\u00eb, 6 shtator \u2013 Borxhi i Malit t\u00eb Zi ka arritur gati n\u00eb nj\u00eb miliard e gjysm\u00eb euro, q\u00eb \u00ebsht\u00eb di\u00e7ka m\u00eb pak se gjysma e bruto prodhimit vendor (GDP).M\u00eb shum\u00eb s\u00eb nj\u00eb miliard, q\u00eb \u00ebsht\u00eb nj\u00eb e treta e GDP-s\u00eb, \u00ebsht\u00eb borxh i jasht\u00ebm, nd\u00ebrkoh\u00eb q\u00eb Qeveria ka t\u00ebrhequr kredi t\u00eb re nga Banka [&hellip;]<\/p>\n","protected":false},"author":1,"featured_media":0,"comment_status":"open","ping_status":"closed","sticky":false,"template":"","format":"standard","meta":{"spay_email":"","jetpack_publicize_message":"","jetpack_is_tweetstorm":false,"jetpack_publicize_feature_enabled":true},"categories":[12],"tags":[19083,95],"jetpack_publicize_connections":[],"yoast_head":"<!-- This site is optimized with the Yoast SEO plugin v19.1 - https:\/\/yoast.com\/wordpress\/plugins\/seo\/ -->\n<title>Mali i Zi para kolapsit financiar - Lajme nga Ulqini<\/title>\n<meta name=\"description\" content=\"Podgoric\u00eb, 6 shtator \u2013 Borxhi i Malit t\u00eb Zi ka arritur gati n\u00eb nj\u00eb miliard e gjysm\u00eb euro, q\u00eb \u00ebsht\u00eb di\u00e7ka m\u00eb pak se gjysma e bruto prodhimit vendor\" \/>\n<meta name=\"robots\" content=\"index, follow, max-snippet:-1, max-image-preview:large, max-video-preview:-1\" \/>\n<link rel=\"canonical\" href=\"https:\/\/www.visit-ulcinj.com\/blog\/2011\/09\/09\/mali-i-zi-para-kolapsit-financiar\/\" \/>\n<meta property=\"og:locale\" content=\"en_US\" \/>\n<meta property=\"og:type\" content=\"article\" \/>\n<meta property=\"og:title\" content=\"Mali i Zi para kolapsit financiar - Lajme nga Ulqini\" \/>\n<meta property=\"og:description\" content=\"Podgoric\u00eb, 6 shtator \u2013 Borxhi i Malit t\u00eb Zi ka arritur gati n\u00eb nj\u00eb miliard e gjysm\u00eb euro, q\u00eb \u00ebsht\u00eb di\u00e7ka m\u00eb pak se gjysma e bruto prodhimit vendor\" \/>\n<meta property=\"og:url\" content=\"https:\/\/www.visit-ulcinj.com\/blog\/2011\/09\/09\/mali-i-zi-para-kolapsit-financiar\/\" \/>\n<meta property=\"og:site_name\" content=\"Lajme nga Ulqini\" \/>\n<meta property=\"article:published_time\" content=\"2011-09-09T22:11:07+00:00\" \/>\n<meta property=\"og:image\" content=\"http:\/\/www.visit-ulcinj.com\/blog\/wp-content\/uploads\/2011\/09\/Mali-i-Zi-para-kolapsit-financiar.jpg\" \/>\n<meta name=\"twitter:label1\" content=\"Written by\" \/>\n\t<meta name=\"twitter:data1\" content=\"ulqini\" \/>\n\t<meta name=\"twitter:label2\" content=\"Est. reading time\" \/>\n\t<meta name=\"twitter:data2\" content=\"1 minute\" \/>\n<script type=\"application\/ld+json\" class=\"yoast-schema-graph\">{\"@context\":\"https:\/\/schema.org\",\"@graph\":[{\"@type\":\"WebSite\",\"@id\":\"https:\/\/www.visit-ulcinj.com\/blog\/#website\",\"url\":\"https:\/\/www.visit-ulcinj.com\/blog\/\",\"name\":\"Lajme nga Ulqini\",\"description\":\"Lajme,Vijesti,Ulqini,Ulqin,Crna Gora,Mali i Zi\",\"potentialAction\":[{\"@type\":\"SearchAction\",\"target\":{\"@type\":\"EntryPoint\",\"urlTemplate\":\"https:\/\/www.visit-ulcinj.com\/blog\/?s={search_term_string}\"},\"query-input\":\"required name=search_term_string\"}],\"inLanguage\":\"en-US\"},{\"@type\":\"ImageObject\",\"inLanguage\":\"en-US\",\"@id\":\"https:\/\/www.visit-ulcinj.com\/blog\/2011\/09\/09\/mali-i-zi-para-kolapsit-financiar\/#primaryimage\",\"url\":\"https:\/\/www.visit-ulcinj.com\/blog\/wp-content\/uploads\/2011\/09\/Mali-i-Zi-para-kolapsit-financiar.jpg\",\"contentUrl\":\"https:\/\/www.visit-ulcinj.com\/blog\/wp-content\/uploads\/2011\/09\/Mali-i-Zi-para-kolapsit-financiar.jpg\",\"width\":\"347\",\"height\":\"346\"},{\"@type\":\"WebPage\",\"@id\":\"https:\/\/www.visit-ulcinj.com\/blog\/2011\/09\/09\/mali-i-zi-para-kolapsit-financiar\/#webpage\",\"url\":\"https:\/\/www.visit-ulcinj.com\/blog\/2011\/09\/09\/mali-i-zi-para-kolapsit-financiar\/\",\"name\":\"Mali i Zi para kolapsit financiar - Lajme nga Ulqini\",\"isPartOf\":{\"@id\":\"https:\/\/www.visit-ulcinj.com\/blog\/#website\"},\"primaryImageOfPage\":{\"@id\":\"https:\/\/www.visit-ulcinj.com\/blog\/2011\/09\/09\/mali-i-zi-para-kolapsit-financiar\/#primaryimage\"},\"datePublished\":\"2011-09-09T22:11:07+00:00\",\"dateModified\":\"2011-09-09T22:11:07+00:00\",\"author\":{\"@id\":\"https:\/\/www.visit-ulcinj.com\/blog\/#\/schema\/person\/dcab619c614d3038751c63bc2aadc06d\"},\"description\":\"Podgoric\u00eb, 6 shtator \u2013 Borxhi i Malit t\u00eb Zi ka arritur gati n\u00eb nj\u00eb miliard e gjysm\u00eb euro, q\u00eb \u00ebsht\u00eb di\u00e7ka m\u00eb pak se gjysma e bruto prodhimit vendor\",\"breadcrumb\":{\"@id\":\"https:\/\/www.visit-ulcinj.com\/blog\/2011\/09\/09\/mali-i-zi-para-kolapsit-financiar\/#breadcrumb\"},\"inLanguage\":\"en-US\",\"potentialAction\":[{\"@type\":\"ReadAction\",\"target\":[\"https:\/\/www.visit-ulcinj.com\/blog\/2011\/09\/09\/mali-i-zi-para-kolapsit-financiar\/\"]}]},{\"@type\":\"BreadcrumbList\",\"@id\":\"https:\/\/www.visit-ulcinj.com\/blog\/2011\/09\/09\/mali-i-zi-para-kolapsit-financiar\/#breadcrumb\",\"itemListElement\":[{\"@type\":\"ListItem\",\"position\":1,\"name\":\"Mali i Zi para kolapsit financiar\"}]},{\"@type\":\"Person\",\"@id\":\"https:\/\/www.visit-ulcinj.com\/blog\/#\/schema\/person\/dcab619c614d3038751c63bc2aadc06d\",\"name\":\"ulqini\",\"sameAs\":[\"http:\/\/www.visit-ulcinj.com\"],\"url\":\"https:\/\/www.visit-ulcinj.com\/blog\/author\/admin\/\"}]}<\/script>\n<!-- \/ Yoast SEO plugin. -->","yoast_head_json":{"title":"Mali i Zi para kolapsit financiar - Lajme nga Ulqini","description":"Podgoric\u00eb, 6 shtator \u2013 Borxhi i Malit t\u00eb Zi ka arritur gati n\u00eb nj\u00eb miliard e gjysm\u00eb euro, q\u00eb \u00ebsht\u00eb di\u00e7ka m\u00eb pak se gjysma e bruto prodhimit vendor","robots":{"index":"index","follow":"follow","max-snippet":"max-snippet:-1","max-image-preview":"max-image-preview:large","max-video-preview":"max-video-preview:-1"},"canonical":"https:\/\/www.visit-ulcinj.com\/blog\/2011\/09\/09\/mali-i-zi-para-kolapsit-financiar\/","og_locale":"en_US","og_type":"article","og_title":"Mali i Zi para kolapsit financiar - Lajme nga Ulqini","og_description":"Podgoric\u00eb, 6 shtator \u2013 Borxhi i Malit t\u00eb Zi ka arritur gati n\u00eb nj\u00eb miliard e gjysm\u00eb euro, q\u00eb \u00ebsht\u00eb di\u00e7ka m\u00eb pak se gjysma e bruto prodhimit vendor","og_url":"https:\/\/www.visit-ulcinj.com\/blog\/2011\/09\/09\/mali-i-zi-para-kolapsit-financiar\/","og_site_name":"Lajme nga Ulqini","article_published_time":"2011-09-09T22:11:07+00:00","og_image":[{"url":"http:\/\/www.visit-ulcinj.com\/blog\/wp-content\/uploads\/2011\/09\/Mali-i-Zi-para-kolapsit-financiar.jpg"}],"twitter_misc":{"Written by":"ulqini","Est. reading time":"1 minute"},"schema":{"@context":"https:\/\/schema.org","@graph":[{"@type":"WebSite","@id":"https:\/\/www.visit-ulcinj.com\/blog\/#website","url":"https:\/\/www.visit-ulcinj.com\/blog\/","name":"Lajme nga Ulqini","description":"Lajme,Vijesti,Ulqini,Ulqin,Crna Gora,Mali i Zi","potentialAction":[{"@type":"SearchAction","target":{"@type":"EntryPoint","urlTemplate":"https:\/\/www.visit-ulcinj.com\/blog\/?s={search_term_string}"},"query-input":"required name=search_term_string"}],"inLanguage":"en-US"},{"@type":"ImageObject","inLanguage":"en-US","@id":"https:\/\/www.visit-ulcinj.com\/blog\/2011\/09\/09\/mali-i-zi-para-kolapsit-financiar\/#primaryimage","url":"https:\/\/www.visit-ulcinj.com\/blog\/wp-content\/uploads\/2011\/09\/Mali-i-Zi-para-kolapsit-financiar.jpg","contentUrl":"https:\/\/www.visit-ulcinj.com\/blog\/wp-content\/uploads\/2011\/09\/Mali-i-Zi-para-kolapsit-financiar.jpg","width":"347","height":"346"},{"@type":"WebPage","@id":"https:\/\/www.visit-ulcinj.com\/blog\/2011\/09\/09\/mali-i-zi-para-kolapsit-financiar\/#webpage","url":"https:\/\/www.visit-ulcinj.com\/blog\/2011\/09\/09\/mali-i-zi-para-kolapsit-financiar\/","name":"Mali i Zi para kolapsit financiar - Lajme nga Ulqini","isPartOf":{"@id":"https:\/\/www.visit-ulcinj.com\/blog\/#website"},"primaryImageOfPage":{"@id":"https:\/\/www.visit-ulcinj.com\/blog\/2011\/09\/09\/mali-i-zi-para-kolapsit-financiar\/#primaryimage"},"datePublished":"2011-09-09T22:11:07+00:00","dateModified":"2011-09-09T22:11:07+00:00","author":{"@id":"https:\/\/www.visit-ulcinj.com\/blog\/#\/schema\/person\/dcab619c614d3038751c63bc2aadc06d"},"description":"Podgoric\u00eb, 6 shtator \u2013 Borxhi i Malit t\u00eb Zi ka arritur gati n\u00eb nj\u00eb miliard e gjysm\u00eb euro, q\u00eb \u00ebsht\u00eb di\u00e7ka m\u00eb pak se gjysma e bruto prodhimit vendor","breadcrumb":{"@id":"https:\/\/www.visit-ulcinj.com\/blog\/2011\/09\/09\/mali-i-zi-para-kolapsit-financiar\/#breadcrumb"},"inLanguage":"en-US","potentialAction":[{"@type":"ReadAction","target":["https:\/\/www.visit-ulcinj.com\/blog\/2011\/09\/09\/mali-i-zi-para-kolapsit-financiar\/"]}]},{"@type":"BreadcrumbList","@id":"https:\/\/www.visit-ulcinj.com\/blog\/2011\/09\/09\/mali-i-zi-para-kolapsit-financiar\/#breadcrumb","itemListElement":[{"@type":"ListItem","position":1,"name":"Mali i Zi para kolapsit financiar"}]},{"@type":"Person","@id":"https:\/\/www.visit-ulcinj.com\/blog\/#\/schema\/person\/dcab619c614d3038751c63bc2aadc06d","name":"ulqini","sameAs":["http:\/\/www.visit-ulcinj.com"],"url":"https:\/\/www.visit-ulcinj.com\/blog\/author\/admin\/"}]}},"jetpack_featured_media_url":"","jetpack_sharing_enabled":true,"jetpack_shortlink":"https:\/\/wp.me\/pe6lTn-dco","_links":{"self":[{"href":"https:\/\/www.visit-ulcinj.com\/blog\/wp-json\/wp\/v2\/posts\/50740"}],"collection":[{"href":"https:\/\/www.visit-ulcinj.com\/blog\/wp-json\/wp\/v2\/posts"}],"about":[{"href":"https:\/\/www.visit-ulcinj.com\/blog\/wp-json\/wp\/v2\/types\/post"}],"author":[{"embeddable":true,"href":"https:\/\/www.visit-ulcinj.com\/blog\/wp-json\/wp\/v2\/users\/1"}],"replies":[{"embeddable":true,"href":"https:\/\/www.visit-ulcinj.com\/blog\/wp-json\/wp\/v2\/comments?post=50740"}],"version-history":[{"count":1,"href":"https:\/\/www.visit-ulcinj.com\/blog\/wp-json\/wp\/v2\/posts\/50740\/revisions"}],"predecessor-version":[{"id":50742,"href":"https:\/\/www.visit-ulcinj.com\/blog\/wp-json\/wp\/v2\/posts\/50740\/revisions\/50742"}],"wp:attachment":[{"href":"https:\/\/www.visit-ulcinj.com\/blog\/wp-json\/wp\/v2\/media?parent=50740"}],"wp:term":[{"taxonomy":"category","embeddable":true,"href":"https:\/\/www.visit-ulcinj.com\/blog\/wp-json\/wp\/v2\/categories?post=50740"},{"taxonomy":"post_tag","embeddable":true,"href":"https:\/\/www.visit-ulcinj.com\/blog\/wp-json\/wp\/v2\/tags?post=50740"}],"curies":[{"name":"wp","href":"https:\/\/api.w.org\/{rel}","templated":true}]}}