{"id":50744,"date":"2011-09-09T23:38:09","date_gmt":"2011-09-09T22:38:09","guid":{"rendered":"http:\/\/www.visit-ulcinj.com\/blog\/?p=50744"},"modified":"2011-09-09T23:38:09","modified_gmt":"2011-09-09T22:38:09","slug":"aferdita-dreshaj-beson-ne-jashtetokesore-video","status":"publish","type":"post","link":"https:\/\/www.visit-ulcinj.com\/blog\/2011\/09\/09\/aferdita-dreshaj-beson-ne-jashtetokesore-video\/","title":{"rendered":"Af\u00ebrdita Dreshaj beson n\u00eb jasht\u00ebtok\u00ebsor\u00eb &#8211; Video"},"content":{"rendered":"<p><a href=\"http:\/\/www.visit-ulcinj.com\/blog\/wp-content\/uploads\/2011\/09\/Aferdita-Dreshaj._.jpg\"><img loading=\"lazy\" class=\"alignleft size-full wp-image-50745\" title=\"Aferdita Dreshaj._\" src=\"http:\/\/www.visit-ulcinj.com\/blog\/wp-content\/uploads\/2011\/09\/Aferdita-Dreshaj._.jpg\" alt=\"\" width=\"508\" height=\"380\" \/><\/a>\u00c7far\u00eb avantazhi kan\u00eb femrat ndaj meshkujve? Dhe \u00e7far\u00eb do t\u00eb b\u00ebheshin po t\u00eb ishin kafsh\u00eb dhe pse? Dhe n\u00eb k\u00ebto pyetje jan\u00eb p\u00ebrgjigjur edhe garueset nga Ballkani, si Miss Kosova, Af\u00ebrdita Dreshaj, pastaj Miss Serbia, Miss Mali i Zi, Miss Maqedonia, Miss Kroacia dhe Miss Sllovenia.<br \/>\nP\u00ebr t\u00eb d\u00ebshmuar se nuk jan\u00eb vet\u00ebm t\u00eb bukura por edhe t\u00eb men\u00e7ura, pjes\u00ebmarr\u00ebset n\u00eb garat e bukuris\u00eb rregullisht duhet t\u00eb p\u00ebrgjigjen n\u00eb pyetje. Pjes\u00ebmarr\u00ebset e sivjetme n\u00eb gar\u00ebn e bukuris\u00eb \u2018Miss Universe\u2019, \u00ebsht\u00eb dashur t\u00eb p\u00ebrgjigjen n\u00eb pyetjet n\u00eb vijim: A beson se ka jet\u00eb n\u00eb ndonj\u00eb planet tjet\u00ebr?<\/p>\n<p>\u00c7far\u00eb avantazhi kan\u00eb femrat ndaj meshkujve? Dhe \u00e7far\u00eb do t\u00eb b\u00ebheshin po t\u00eb ishin kafsh\u00eb dhe pse? Dhe n\u00eb k\u00ebto pyetje jan\u00eb p\u00ebrgjigjur edhe garueset nga Ballkani, si Miss Kosova, Af\u00ebrdita Dreshaj, pastaj Miss Serbia, Miss Mali i Zi, Miss Maqedonia, Miss Kroacia dhe Miss Sllovenia.<\/p>\n<p>Po ne na intereson m\u00eb shum\u00eb se \u00e7far\u00eb p\u00ebrgjigjesh ka dh\u00ebn\u00eb p\u00ebrfaq\u00ebsuesja jon\u00eb. E pyetur n\u00ebse beson se ka jet\u00eb n\u00eb ndonj\u00eb planet tjet\u00ebr, Af\u00ebrdita \u00ebsht\u00eb p\u00ebrgjigjur. \u201cPo, besoj se ka jet\u00eb n\u00eb ndonj\u00eb planet tjet\u00ebr, sikurse q\u00eb ka jet\u00eb n\u00eb planetin ton\u00eb, prandaj nuk ka arsye pse t\u00eb mos besoj se ka jet\u00eb n\u00eb ndonj\u00eb planet tjet\u00ebr\u201d.<\/p>\n<p>N\u00eb pyetjen e dyt\u00eb, pra \u00e7far\u00eb avantazhi kan\u00eb femrat ndaj meshkujve, ajo \u00ebsht\u00eb shprehur: \u201cE para \u00ebsht\u00eb se ne mund t\u00eb b\u00ebjm\u00eb gara bukurie, nd\u00ebrsa tjetra \u00ebsht\u00eb se p\u00ebr n\u00ebnt\u00eb muaj ne ndjejm\u00eb brenda nesh nj\u00eb f\u00ebmij\u00eb, nj\u00eb foshnje, pra k\u00ebto jan\u00eb gj\u00ebra q\u00eb meshkujt nuk mund t\u2019i b\u00ebjn\u00eb\u201d.<\/p>\n<p>\u201cMe siguri se do t\u00eb isha nj\u00eb mace, pasi macet jan\u00eb tejet t\u00eb ndjeshme, nd\u00ebrsa n\u00eb an\u00ebn tjet\u00ebr jan\u00eb shum\u00eb t\u00eb fuqishme, pra do t\u00eb zgjidhja t\u00eb isha nj\u00eb mace dhe po, ato kan\u00eb sy t\u00eb bukur\u201d, ishte p\u00ebrgjigja e Af\u00ebrdit\u00ebs n\u00eb pyetjen se po t\u00eb ishte nj\u00eb kafsh\u00eb, \u00e7far\u00eb do t\u00eb ishte dhe pse.<\/p>\n<p>\u00cbsht\u00eb interesant se p\u00ebrgjigje gati t\u00eb nj\u00ebjta ka dh\u00ebn\u00eb edhe Miss Serbia, p\u00ebrve\u00e7 q\u00eb n\u00eb vend t\u00eb maces, ajo ka zgjedhur t\u00eb jet\u00eb nj\u00eb luanesh\u00eb, derisa n\u00eb pyetjen e par\u00eb dhe t\u00eb dyt\u00eb, jan\u00eb gati t\u00ebr\u00ebsisht identike. P\u00ebrndryshe, Af\u00ebrdita n\u00eb k\u00ebt\u00eb gar\u00eb ka pozuar n\u00eb nj\u00eb version modern t\u00eb veshjeve tona komb\u00ebtare.<\/p>\n<p><strong>Yll Press<br \/>\n<\/p>\n<p><\/strong><br \/>\n<!--YouTube Error: bad URL entered--><\/p>\n","protected":false},"excerpt":{"rendered":"<p>\u00c7far\u00eb avantazhi kan\u00eb femrat ndaj meshkujve? Dhe \u00e7far\u00eb do t\u00eb b\u00ebheshin po t\u00eb ishin kafsh\u00eb dhe pse? Dhe n\u00eb k\u00ebto pyetje jan\u00eb p\u00ebrgjigjur edhe garueset nga Ballkani, si Miss Kosova, Af\u00ebrdita Dreshaj, pastaj Miss Serbia, Miss Mali i Zi, Miss Maqedonia, Miss Kroacia dhe Miss Sllovenia. P\u00ebr t\u00eb d\u00ebshmuar se nuk jan\u00eb vet\u00ebm t\u00eb bukura [&hellip;]<\/p>\n","protected":false},"author":1,"featured_media":0,"comment_status":"open","ping_status":"closed","sticky":false,"template":"","format":"standard","meta":{"spay_email":"","jetpack_publicize_message":"","jetpack_is_tweetstorm":false,"jetpack_publicize_feature_enabled":true},"categories":[1],"tags":[6121,5494],"jetpack_publicize_connections":[],"yoast_head":"<!-- This site is optimized with the Yoast SEO plugin v19.1 - https:\/\/yoast.com\/wordpress\/plugins\/seo\/ -->\n<title>Af\u00ebrdita Dreshaj beson n\u00eb jasht\u00ebtok\u00ebsor\u00eb - Video - Lajme nga Ulqini<\/title>\n<meta name=\"description\" content=\"\u00c7far\u00eb avantazhi kan\u00eb femrat ndaj meshkujve? Dhe \u00e7far\u00eb do t\u00eb b\u00ebheshin po t\u00eb ishin kafsh\u00eb dhe pse? Dhe n\u00eb k\u00ebto pyetje jan\u00eb p\u00ebrgjigjur edhe garueset nga\" \/>\n<meta name=\"robots\" content=\"index, follow, max-snippet:-1, max-image-preview:large, max-video-preview:-1\" \/>\n<link rel=\"canonical\" href=\"https:\/\/www.visit-ulcinj.com\/blog\/2011\/09\/09\/aferdita-dreshaj-beson-ne-jashtetokesore-video\/\" \/>\n<meta property=\"og:locale\" content=\"en_US\" \/>\n<meta property=\"og:type\" content=\"article\" \/>\n<meta property=\"og:title\" content=\"Af\u00ebrdita Dreshaj beson n\u00eb jasht\u00ebtok\u00ebsor\u00eb - Video - Lajme nga Ulqini\" \/>\n<meta property=\"og:description\" content=\"\u00c7far\u00eb avantazhi kan\u00eb femrat ndaj meshkujve? Dhe \u00e7far\u00eb do t\u00eb b\u00ebheshin po t\u00eb ishin kafsh\u00eb dhe pse? Dhe n\u00eb k\u00ebto pyetje jan\u00eb p\u00ebrgjigjur edhe garueset nga\" \/>\n<meta property=\"og:url\" content=\"https:\/\/www.visit-ulcinj.com\/blog\/2011\/09\/09\/aferdita-dreshaj-beson-ne-jashtetokesore-video\/\" \/>\n<meta property=\"og:site_name\" content=\"Lajme nga Ulqini\" \/>\n<meta property=\"article:published_time\" content=\"2011-09-09T22:38:09+00:00\" \/>\n<meta property=\"og:image\" content=\"https:\/\/www.visit-ulcinj.com\/blog\/wp-content\/uploads\/2011\/09\/Aferdita-Dreshaj._-150x150.jpg\" \/>\n<meta name=\"twitter:label1\" content=\"Written by\" \/>\n\t<meta name=\"twitter:data1\" content=\"ulqini\" \/>\n\t<meta name=\"twitter:label2\" content=\"Est. reading time\" \/>\n\t<meta name=\"twitter:data2\" content=\"2 minutes\" \/>\n<script type=\"application\/ld+json\" class=\"yoast-schema-graph\">{\"@context\":\"https:\/\/schema.org\",\"@graph\":[{\"@type\":\"WebSite\",\"@id\":\"https:\/\/www.visit-ulcinj.com\/blog\/#website\",\"url\":\"https:\/\/www.visit-ulcinj.com\/blog\/\",\"name\":\"Lajme nga Ulqini\",\"description\":\"Lajme,Vijesti,Ulqini,Ulqin,Crna Gora,Mali i Zi\",\"potentialAction\":[{\"@type\":\"SearchAction\",\"target\":{\"@type\":\"EntryPoint\",\"urlTemplate\":\"https:\/\/www.visit-ulcinj.com\/blog\/?s={search_term_string}\"},\"query-input\":\"required name=search_term_string\"}],\"inLanguage\":\"en-US\"},{\"@type\":\"ImageObject\",\"inLanguage\":\"en-US\",\"@id\":\"https:\/\/www.visit-ulcinj.com\/blog\/2011\/09\/09\/aferdita-dreshaj-beson-ne-jashtetokesore-video\/#primaryimage\",\"url\":\"http:\/\/www.visit-ulcinj.com\/blog\/wp-content\/uploads\/2011\/09\/Aferdita-Dreshaj._.jpg\",\"contentUrl\":\"http:\/\/www.visit-ulcinj.com\/blog\/wp-content\/uploads\/2011\/09\/Aferdita-Dreshaj._.jpg\"},{\"@type\":\"WebPage\",\"@id\":\"https:\/\/www.visit-ulcinj.com\/blog\/2011\/09\/09\/aferdita-dreshaj-beson-ne-jashtetokesore-video\/#webpage\",\"url\":\"https:\/\/www.visit-ulcinj.com\/blog\/2011\/09\/09\/aferdita-dreshaj-beson-ne-jashtetokesore-video\/\",\"name\":\"Af\u00ebrdita Dreshaj beson n\u00eb jasht\u00ebtok\u00ebsor\u00eb - Video - Lajme nga Ulqini\",\"isPartOf\":{\"@id\":\"https:\/\/www.visit-ulcinj.com\/blog\/#website\"},\"primaryImageOfPage\":{\"@id\":\"https:\/\/www.visit-ulcinj.com\/blog\/2011\/09\/09\/aferdita-dreshaj-beson-ne-jashtetokesore-video\/#primaryimage\"},\"datePublished\":\"2011-09-09T22:38:09+00:00\",\"dateModified\":\"2011-09-09T22:38:09+00:00\",\"author\":{\"@id\":\"https:\/\/www.visit-ulcinj.com\/blog\/#\/schema\/person\/dcab619c614d3038751c63bc2aadc06d\"},\"description\":\"\u00c7far\u00eb avantazhi kan\u00eb femrat ndaj meshkujve? Dhe \u00e7far\u00eb do t\u00eb b\u00ebheshin po t\u00eb ishin kafsh\u00eb dhe pse? Dhe n\u00eb k\u00ebto pyetje jan\u00eb p\u00ebrgjigjur edhe garueset nga\",\"breadcrumb\":{\"@id\":\"https:\/\/www.visit-ulcinj.com\/blog\/2011\/09\/09\/aferdita-dreshaj-beson-ne-jashtetokesore-video\/#breadcrumb\"},\"inLanguage\":\"en-US\",\"potentialAction\":[{\"@type\":\"ReadAction\",\"target\":[\"https:\/\/www.visit-ulcinj.com\/blog\/2011\/09\/09\/aferdita-dreshaj-beson-ne-jashtetokesore-video\/\"]}]},{\"@type\":\"BreadcrumbList\",\"@id\":\"https:\/\/www.visit-ulcinj.com\/blog\/2011\/09\/09\/aferdita-dreshaj-beson-ne-jashtetokesore-video\/#breadcrumb\",\"itemListElement\":[{\"@type\":\"ListItem\",\"position\":1,\"name\":\"Af\u00ebrdita Dreshaj beson n\u00eb jasht\u00ebtok\u00ebsor\u00eb &#8211; Video\"}]},{\"@type\":\"Person\",\"@id\":\"https:\/\/www.visit-ulcinj.com\/blog\/#\/schema\/person\/dcab619c614d3038751c63bc2aadc06d\",\"name\":\"ulqini\",\"sameAs\":[\"http:\/\/www.visit-ulcinj.com\"],\"url\":\"https:\/\/www.visit-ulcinj.com\/blog\/author\/admin\/\"}]}<\/script>\n<!-- \/ Yoast SEO plugin. -->","yoast_head_json":{"title":"Af\u00ebrdita Dreshaj beson n\u00eb jasht\u00ebtok\u00ebsor\u00eb - Video - Lajme nga Ulqini","description":"\u00c7far\u00eb avantazhi kan\u00eb femrat ndaj meshkujve? Dhe \u00e7far\u00eb do t\u00eb b\u00ebheshin po t\u00eb ishin kafsh\u00eb dhe pse? Dhe n\u00eb k\u00ebto pyetje jan\u00eb p\u00ebrgjigjur edhe garueset nga","robots":{"index":"index","follow":"follow","max-snippet":"max-snippet:-1","max-image-preview":"max-image-preview:large","max-video-preview":"max-video-preview:-1"},"canonical":"https:\/\/www.visit-ulcinj.com\/blog\/2011\/09\/09\/aferdita-dreshaj-beson-ne-jashtetokesore-video\/","og_locale":"en_US","og_type":"article","og_title":"Af\u00ebrdita Dreshaj beson n\u00eb jasht\u00ebtok\u00ebsor\u00eb - Video - Lajme nga Ulqini","og_description":"\u00c7far\u00eb avantazhi kan\u00eb femrat ndaj meshkujve? Dhe \u00e7far\u00eb do t\u00eb b\u00ebheshin po t\u00eb ishin kafsh\u00eb dhe pse? Dhe n\u00eb k\u00ebto pyetje jan\u00eb p\u00ebrgjigjur edhe garueset nga","og_url":"https:\/\/www.visit-ulcinj.com\/blog\/2011\/09\/09\/aferdita-dreshaj-beson-ne-jashtetokesore-video\/","og_site_name":"Lajme nga Ulqini","article_published_time":"2011-09-09T22:38:09+00:00","og_image":[{"url":"https:\/\/www.visit-ulcinj.com\/blog\/wp-content\/uploads\/2011\/09\/Aferdita-Dreshaj._-150x150.jpg"}],"twitter_misc":{"Written by":"ulqini","Est. reading time":"2 minutes"},"schema":{"@context":"https:\/\/schema.org","@graph":[{"@type":"WebSite","@id":"https:\/\/www.visit-ulcinj.com\/blog\/#website","url":"https:\/\/www.visit-ulcinj.com\/blog\/","name":"Lajme nga Ulqini","description":"Lajme,Vijesti,Ulqini,Ulqin,Crna Gora,Mali i Zi","potentialAction":[{"@type":"SearchAction","target":{"@type":"EntryPoint","urlTemplate":"https:\/\/www.visit-ulcinj.com\/blog\/?s={search_term_string}"},"query-input":"required name=search_term_string"}],"inLanguage":"en-US"},{"@type":"ImageObject","inLanguage":"en-US","@id":"https:\/\/www.visit-ulcinj.com\/blog\/2011\/09\/09\/aferdita-dreshaj-beson-ne-jashtetokesore-video\/#primaryimage","url":"http:\/\/www.visit-ulcinj.com\/blog\/wp-content\/uploads\/2011\/09\/Aferdita-Dreshaj._.jpg","contentUrl":"http:\/\/www.visit-ulcinj.com\/blog\/wp-content\/uploads\/2011\/09\/Aferdita-Dreshaj._.jpg"},{"@type":"WebPage","@id":"https:\/\/www.visit-ulcinj.com\/blog\/2011\/09\/09\/aferdita-dreshaj-beson-ne-jashtetokesore-video\/#webpage","url":"https:\/\/www.visit-ulcinj.com\/blog\/2011\/09\/09\/aferdita-dreshaj-beson-ne-jashtetokesore-video\/","name":"Af\u00ebrdita Dreshaj beson n\u00eb jasht\u00ebtok\u00ebsor\u00eb - Video - Lajme nga Ulqini","isPartOf":{"@id":"https:\/\/www.visit-ulcinj.com\/blog\/#website"},"primaryImageOfPage":{"@id":"https:\/\/www.visit-ulcinj.com\/blog\/2011\/09\/09\/aferdita-dreshaj-beson-ne-jashtetokesore-video\/#primaryimage"},"datePublished":"2011-09-09T22:38:09+00:00","dateModified":"2011-09-09T22:38:09+00:00","author":{"@id":"https:\/\/www.visit-ulcinj.com\/blog\/#\/schema\/person\/dcab619c614d3038751c63bc2aadc06d"},"description":"\u00c7far\u00eb avantazhi kan\u00eb femrat ndaj meshkujve? Dhe \u00e7far\u00eb do t\u00eb b\u00ebheshin po t\u00eb ishin kafsh\u00eb dhe pse? Dhe n\u00eb k\u00ebto pyetje jan\u00eb p\u00ebrgjigjur edhe garueset nga","breadcrumb":{"@id":"https:\/\/www.visit-ulcinj.com\/blog\/2011\/09\/09\/aferdita-dreshaj-beson-ne-jashtetokesore-video\/#breadcrumb"},"inLanguage":"en-US","potentialAction":[{"@type":"ReadAction","target":["https:\/\/www.visit-ulcinj.com\/blog\/2011\/09\/09\/aferdita-dreshaj-beson-ne-jashtetokesore-video\/"]}]},{"@type":"BreadcrumbList","@id":"https:\/\/www.visit-ulcinj.com\/blog\/2011\/09\/09\/aferdita-dreshaj-beson-ne-jashtetokesore-video\/#breadcrumb","itemListElement":[{"@type":"ListItem","position":1,"name":"Af\u00ebrdita Dreshaj beson n\u00eb jasht\u00ebtok\u00ebsor\u00eb &#8211; Video"}]},{"@type":"Person","@id":"https:\/\/www.visit-ulcinj.com\/blog\/#\/schema\/person\/dcab619c614d3038751c63bc2aadc06d","name":"ulqini","sameAs":["http:\/\/www.visit-ulcinj.com"],"url":"https:\/\/www.visit-ulcinj.com\/blog\/author\/admin\/"}]}},"jetpack_featured_media_url":"","jetpack_sharing_enabled":true,"jetpack_shortlink":"https:\/\/wp.me\/pe6lTn-dcs","_links":{"self":[{"href":"https:\/\/www.visit-ulcinj.com\/blog\/wp-json\/wp\/v2\/posts\/50744"}],"collection":[{"href":"https:\/\/www.visit-ulcinj.com\/blog\/wp-json\/wp\/v2\/posts"}],"about":[{"href":"https:\/\/www.visit-ulcinj.com\/blog\/wp-json\/wp\/v2\/types\/post"}],"author":[{"embeddable":true,"href":"https:\/\/www.visit-ulcinj.com\/blog\/wp-json\/wp\/v2\/users\/1"}],"replies":[{"embeddable":true,"href":"https:\/\/www.visit-ulcinj.com\/blog\/wp-json\/wp\/v2\/comments?post=50744"}],"version-history":[{"count":2,"href":"https:\/\/www.visit-ulcinj.com\/blog\/wp-json\/wp\/v2\/posts\/50744\/revisions"}],"predecessor-version":[{"id":50753,"href":"https:\/\/www.visit-ulcinj.com\/blog\/wp-json\/wp\/v2\/posts\/50744\/revisions\/50753"}],"wp:attachment":[{"href":"https:\/\/www.visit-ulcinj.com\/blog\/wp-json\/wp\/v2\/media?parent=50744"}],"wp:term":[{"taxonomy":"category","embeddable":true,"href":"https:\/\/www.visit-ulcinj.com\/blog\/wp-json\/wp\/v2\/categories?post=50744"},{"taxonomy":"post_tag","embeddable":true,"href":"https:\/\/www.visit-ulcinj.com\/blog\/wp-json\/wp\/v2\/tags?post=50744"}],"curies":[{"name":"wp","href":"https:\/\/api.w.org\/{rel}","templated":true}]}}