{"id":50818,"date":"2011-09-10T13:08:55","date_gmt":"2011-09-10T12:08:55","guid":{"rendered":"http:\/\/www.visit-ulcinj.com\/blog\/?p=50818"},"modified":"2011-09-10T13:08:55","modified_gmt":"2011-09-10T12:08:55","slug":"dafina-zeqiri-ndahet-nga-krenari","status":"publish","type":"post","link":"https:\/\/www.visit-ulcinj.com\/blog\/2011\/09\/10\/dafina-zeqiri-ndahet-nga-krenari\/","title":{"rendered":"Dafina Zeqiri ndahet nga Krenari?"},"content":{"rendered":"<p><a href=\"http:\/\/www.visit-ulcinj.com\/blog\/wp-content\/uploads\/2011\/09\/Dafina-zeqiri-ndahet-nga-krenar-Cocaj.jpg\"><img loading=\"lazy\" class=\"alignleft size-full wp-image-50819\" title=\"Dafina zeqiri ndahet nga krenar Cocaj\" src=\"http:\/\/www.visit-ulcinj.com\/blog\/wp-content\/uploads\/2011\/09\/Dafina-zeqiri-ndahet-nga-krenar-Cocaj.jpg\" alt=\"\" width=\"508\" height=\"380\" \/><\/a>K\u00ebng\u00ebtarja kosovare, Dafina Zeqiri besohet t\u00eb jet\u00eb ndar\u00eb nga i dashuri i saj, Krenar \u00c7o\u00e7aj, edhe pse kjo informat\u00eb ende nuk \u00ebsht\u00eb e konfirmuar nga vet Duffye.<\/p>\n<p>Panorama shkruan se Dafina \u00ebsht\u00eb ndar\u00eb nga i dashuri i saj me t\u00eb cilin \u00ebsht\u00eb n\u00eb lidhje q\u00eb prej m\u00eb se nj\u00eb viti dhe shkak p\u00ebr k\u00ebt\u00eb sipas gazet\u00ebs \u00ebsht\u00eb xhelozia mes tyre. Madje Panorama shkon aq larg sa q\u00eb beson se Dafina \u00ebsht\u00eb n\u00eb lidhje me menaxherin Drin Zatriqi.<\/p>\n<p>Megjithat\u00eb, ne besojm\u00eb se p\u00ebrderisa mund t\u00eb jet\u00eb i v\u00ebrtet\u00eb lajmi p\u00ebr ndarjen nga Krenari, mund t\u00eb konsiderohet i pa v\u00ebrtet\u00eb pohimi se ajo mund t\u00eb jet\u00eb e p\u00ebrfshir\u00eb n\u00eb nj\u00eb afer\u00eb me Drin Zatriqin.<\/p>\n<p>Telegrafi ka tentuar t\u2019i kontaktoj\u00eb Drinin dhe Dafin\u00ebn, por kjo ishte e pamundur pasi q\u00eb t\u00eb dy i kishin celular\u00ebt e fikur.<\/p>\n<p>\u2018Tweet\u2019-i i fundit i Dafin\u00ebs n\u00eb Twitter ishte para shtat\u00eb or\u00ebsh dhe n\u00eb t\u00eb ajo shkroi titullin e k\u00ebng\u00ebs \u201cKing of Sorrow\u201d t\u00eb k\u00ebnduar nga Sade, k\u00ebng\u00eb kjo dashurie p\u00ebrmbajtja e t\u00eb cil\u00ebs sugjeron se di\u00e7ka mund t\u00eb ket\u00eb ndodhur n\u00eb jet\u00ebn private t\u00eb k\u00ebng\u00ebtares.<\/p>\n<p><strong>Telegrafi<\/strong><\/p>\n<!--YouTube Error: bad URL entered-->\n","protected":false},"excerpt":{"rendered":"<p>K\u00ebng\u00ebtarja kosovare, Dafina Zeqiri besohet t\u00eb jet\u00eb ndar\u00eb nga i dashuri i saj, Krenar \u00c7o\u00e7aj, edhe pse kjo informat\u00eb ende nuk \u00ebsht\u00eb e konfirmuar nga vet Duffye. Panorama shkruan se Dafina \u00ebsht\u00eb ndar\u00eb nga i dashuri i saj me t\u00eb cilin \u00ebsht\u00eb n\u00eb lidhje q\u00eb prej m\u00eb se nj\u00eb viti dhe shkak p\u00ebr k\u00ebt\u00eb sipas [&hellip;]<\/p>\n","protected":false},"author":1,"featured_media":0,"comment_status":"open","ping_status":"closed","sticky":false,"template":"","format":"standard","meta":{"spay_email":"","jetpack_publicize_message":"","jetpack_is_tweetstorm":false,"jetpack_publicize_feature_enabled":true},"categories":[1],"tags":[4926,12655],"jetpack_publicize_connections":[],"yoast_head":"<!-- This site is optimized with the Yoast SEO plugin v19.1 - https:\/\/yoast.com\/wordpress\/plugins\/seo\/ -->\n<title>Dafina Zeqiri ndahet nga Krenari? - Lajme nga Ulqini<\/title>\n<meta name=\"description\" content=\"K\u00ebng\u00ebtarja kosovare, Dafina Zeqiri besohet t\u00eb jet\u00eb ndar\u00eb nga i dashuri i saj, Krenar \u00c7o\u00e7aj, edhe pse kjo informat\u00eb ende nuk \u00ebsht\u00eb e konfirmuar nga vet\" \/>\n<meta name=\"robots\" content=\"index, follow, max-snippet:-1, max-image-preview:large, max-video-preview:-1\" \/>\n<link rel=\"canonical\" href=\"https:\/\/www.visit-ulcinj.com\/blog\/2011\/09\/10\/dafina-zeqiri-ndahet-nga-krenari\/\" \/>\n<meta property=\"og:locale\" content=\"en_US\" \/>\n<meta property=\"og:type\" content=\"article\" \/>\n<meta property=\"og:title\" content=\"Dafina Zeqiri ndahet nga Krenari? - Lajme nga Ulqini\" \/>\n<meta property=\"og:description\" content=\"K\u00ebng\u00ebtarja kosovare, Dafina Zeqiri besohet t\u00eb jet\u00eb ndar\u00eb nga i dashuri i saj, Krenar \u00c7o\u00e7aj, edhe pse kjo informat\u00eb ende nuk \u00ebsht\u00eb e konfirmuar nga vet\" \/>\n<meta property=\"og:url\" content=\"https:\/\/www.visit-ulcinj.com\/blog\/2011\/09\/10\/dafina-zeqiri-ndahet-nga-krenari\/\" \/>\n<meta property=\"og:site_name\" content=\"Lajme nga Ulqini\" \/>\n<meta property=\"article:published_time\" content=\"2011-09-10T12:08:55+00:00\" \/>\n<meta property=\"og:image\" content=\"http:\/\/www.visit-ulcinj.com\/blog\/wp-content\/uploads\/2011\/09\/Dafina-zeqiri-ndahet-nga-krenar-Cocaj.jpg\" \/>\n<meta name=\"twitter:label1\" content=\"Written by\" \/>\n\t<meta name=\"twitter:data1\" content=\"ulqini\" \/>\n\t<meta name=\"twitter:label2\" content=\"Est. reading time\" \/>\n\t<meta name=\"twitter:data2\" content=\"1 minute\" \/>\n<script type=\"application\/ld+json\" class=\"yoast-schema-graph\">{\"@context\":\"https:\/\/schema.org\",\"@graph\":[{\"@type\":\"WebSite\",\"@id\":\"https:\/\/www.visit-ulcinj.com\/blog\/#website\",\"url\":\"https:\/\/www.visit-ulcinj.com\/blog\/\",\"name\":\"Lajme nga Ulqini\",\"description\":\"Lajme,Vijesti,Ulqini,Ulqin,Crna Gora,Mali i Zi\",\"potentialAction\":[{\"@type\":\"SearchAction\",\"target\":{\"@type\":\"EntryPoint\",\"urlTemplate\":\"https:\/\/www.visit-ulcinj.com\/blog\/?s={search_term_string}\"},\"query-input\":\"required name=search_term_string\"}],\"inLanguage\":\"en-US\"},{\"@type\":\"ImageObject\",\"inLanguage\":\"en-US\",\"@id\":\"https:\/\/www.visit-ulcinj.com\/blog\/2011\/09\/10\/dafina-zeqiri-ndahet-nga-krenari\/#primaryimage\",\"url\":\"http:\/\/www.visit-ulcinj.com\/blog\/wp-content\/uploads\/2011\/09\/Dafina-zeqiri-ndahet-nga-krenar-Cocaj.jpg\",\"contentUrl\":\"http:\/\/www.visit-ulcinj.com\/blog\/wp-content\/uploads\/2011\/09\/Dafina-zeqiri-ndahet-nga-krenar-Cocaj.jpg\"},{\"@type\":\"WebPage\",\"@id\":\"https:\/\/www.visit-ulcinj.com\/blog\/2011\/09\/10\/dafina-zeqiri-ndahet-nga-krenari\/#webpage\",\"url\":\"https:\/\/www.visit-ulcinj.com\/blog\/2011\/09\/10\/dafina-zeqiri-ndahet-nga-krenari\/\",\"name\":\"Dafina Zeqiri ndahet nga Krenari? - Lajme nga Ulqini\",\"isPartOf\":{\"@id\":\"https:\/\/www.visit-ulcinj.com\/blog\/#website\"},\"primaryImageOfPage\":{\"@id\":\"https:\/\/www.visit-ulcinj.com\/blog\/2011\/09\/10\/dafina-zeqiri-ndahet-nga-krenari\/#primaryimage\"},\"datePublished\":\"2011-09-10T12:08:55+00:00\",\"dateModified\":\"2011-09-10T12:08:55+00:00\",\"author\":{\"@id\":\"https:\/\/www.visit-ulcinj.com\/blog\/#\/schema\/person\/dcab619c614d3038751c63bc2aadc06d\"},\"description\":\"K\u00ebng\u00ebtarja kosovare, Dafina Zeqiri besohet t\u00eb jet\u00eb ndar\u00eb nga i dashuri i saj, Krenar \u00c7o\u00e7aj, edhe pse kjo informat\u00eb ende nuk \u00ebsht\u00eb e konfirmuar nga vet\",\"breadcrumb\":{\"@id\":\"https:\/\/www.visit-ulcinj.com\/blog\/2011\/09\/10\/dafina-zeqiri-ndahet-nga-krenari\/#breadcrumb\"},\"inLanguage\":\"en-US\",\"potentialAction\":[{\"@type\":\"ReadAction\",\"target\":[\"https:\/\/www.visit-ulcinj.com\/blog\/2011\/09\/10\/dafina-zeqiri-ndahet-nga-krenari\/\"]}]},{\"@type\":\"BreadcrumbList\",\"@id\":\"https:\/\/www.visit-ulcinj.com\/blog\/2011\/09\/10\/dafina-zeqiri-ndahet-nga-krenari\/#breadcrumb\",\"itemListElement\":[{\"@type\":\"ListItem\",\"position\":1,\"name\":\"Dafina Zeqiri ndahet nga Krenari?\"}]},{\"@type\":\"Person\",\"@id\":\"https:\/\/www.visit-ulcinj.com\/blog\/#\/schema\/person\/dcab619c614d3038751c63bc2aadc06d\",\"name\":\"ulqini\",\"sameAs\":[\"http:\/\/www.visit-ulcinj.com\"],\"url\":\"https:\/\/www.visit-ulcinj.com\/blog\/author\/admin\/\"}]}<\/script>\n<!-- \/ Yoast SEO plugin. -->","yoast_head_json":{"title":"Dafina Zeqiri ndahet nga Krenari? - Lajme nga Ulqini","description":"K\u00ebng\u00ebtarja kosovare, Dafina Zeqiri besohet t\u00eb jet\u00eb ndar\u00eb nga i dashuri i saj, Krenar \u00c7o\u00e7aj, edhe pse kjo informat\u00eb ende nuk \u00ebsht\u00eb e konfirmuar nga vet","robots":{"index":"index","follow":"follow","max-snippet":"max-snippet:-1","max-image-preview":"max-image-preview:large","max-video-preview":"max-video-preview:-1"},"canonical":"https:\/\/www.visit-ulcinj.com\/blog\/2011\/09\/10\/dafina-zeqiri-ndahet-nga-krenari\/","og_locale":"en_US","og_type":"article","og_title":"Dafina Zeqiri ndahet nga Krenari? - Lajme nga Ulqini","og_description":"K\u00ebng\u00ebtarja kosovare, Dafina Zeqiri besohet t\u00eb jet\u00eb ndar\u00eb nga i dashuri i saj, Krenar \u00c7o\u00e7aj, edhe pse kjo informat\u00eb ende nuk \u00ebsht\u00eb e konfirmuar nga vet","og_url":"https:\/\/www.visit-ulcinj.com\/blog\/2011\/09\/10\/dafina-zeqiri-ndahet-nga-krenari\/","og_site_name":"Lajme nga Ulqini","article_published_time":"2011-09-10T12:08:55+00:00","og_image":[{"url":"http:\/\/www.visit-ulcinj.com\/blog\/wp-content\/uploads\/2011\/09\/Dafina-zeqiri-ndahet-nga-krenar-Cocaj.jpg"}],"twitter_misc":{"Written by":"ulqini","Est. reading time":"1 minute"},"schema":{"@context":"https:\/\/schema.org","@graph":[{"@type":"WebSite","@id":"https:\/\/www.visit-ulcinj.com\/blog\/#website","url":"https:\/\/www.visit-ulcinj.com\/blog\/","name":"Lajme nga Ulqini","description":"Lajme,Vijesti,Ulqini,Ulqin,Crna Gora,Mali i Zi","potentialAction":[{"@type":"SearchAction","target":{"@type":"EntryPoint","urlTemplate":"https:\/\/www.visit-ulcinj.com\/blog\/?s={search_term_string}"},"query-input":"required name=search_term_string"}],"inLanguage":"en-US"},{"@type":"ImageObject","inLanguage":"en-US","@id":"https:\/\/www.visit-ulcinj.com\/blog\/2011\/09\/10\/dafina-zeqiri-ndahet-nga-krenari\/#primaryimage","url":"http:\/\/www.visit-ulcinj.com\/blog\/wp-content\/uploads\/2011\/09\/Dafina-zeqiri-ndahet-nga-krenar-Cocaj.jpg","contentUrl":"http:\/\/www.visit-ulcinj.com\/blog\/wp-content\/uploads\/2011\/09\/Dafina-zeqiri-ndahet-nga-krenar-Cocaj.jpg"},{"@type":"WebPage","@id":"https:\/\/www.visit-ulcinj.com\/blog\/2011\/09\/10\/dafina-zeqiri-ndahet-nga-krenari\/#webpage","url":"https:\/\/www.visit-ulcinj.com\/blog\/2011\/09\/10\/dafina-zeqiri-ndahet-nga-krenari\/","name":"Dafina Zeqiri ndahet nga Krenari? - Lajme nga Ulqini","isPartOf":{"@id":"https:\/\/www.visit-ulcinj.com\/blog\/#website"},"primaryImageOfPage":{"@id":"https:\/\/www.visit-ulcinj.com\/blog\/2011\/09\/10\/dafina-zeqiri-ndahet-nga-krenari\/#primaryimage"},"datePublished":"2011-09-10T12:08:55+00:00","dateModified":"2011-09-10T12:08:55+00:00","author":{"@id":"https:\/\/www.visit-ulcinj.com\/blog\/#\/schema\/person\/dcab619c614d3038751c63bc2aadc06d"},"description":"K\u00ebng\u00ebtarja kosovare, Dafina Zeqiri besohet t\u00eb jet\u00eb ndar\u00eb nga i dashuri i saj, Krenar \u00c7o\u00e7aj, edhe pse kjo informat\u00eb ende nuk \u00ebsht\u00eb e konfirmuar nga vet","breadcrumb":{"@id":"https:\/\/www.visit-ulcinj.com\/blog\/2011\/09\/10\/dafina-zeqiri-ndahet-nga-krenari\/#breadcrumb"},"inLanguage":"en-US","potentialAction":[{"@type":"ReadAction","target":["https:\/\/www.visit-ulcinj.com\/blog\/2011\/09\/10\/dafina-zeqiri-ndahet-nga-krenari\/"]}]},{"@type":"BreadcrumbList","@id":"https:\/\/www.visit-ulcinj.com\/blog\/2011\/09\/10\/dafina-zeqiri-ndahet-nga-krenari\/#breadcrumb","itemListElement":[{"@type":"ListItem","position":1,"name":"Dafina Zeqiri ndahet nga Krenari?"}]},{"@type":"Person","@id":"https:\/\/www.visit-ulcinj.com\/blog\/#\/schema\/person\/dcab619c614d3038751c63bc2aadc06d","name":"ulqini","sameAs":["http:\/\/www.visit-ulcinj.com"],"url":"https:\/\/www.visit-ulcinj.com\/blog\/author\/admin\/"}]}},"jetpack_featured_media_url":"","jetpack_sharing_enabled":true,"jetpack_shortlink":"https:\/\/wp.me\/pe6lTn-ddE","_links":{"self":[{"href":"https:\/\/www.visit-ulcinj.com\/blog\/wp-json\/wp\/v2\/posts\/50818"}],"collection":[{"href":"https:\/\/www.visit-ulcinj.com\/blog\/wp-json\/wp\/v2\/posts"}],"about":[{"href":"https:\/\/www.visit-ulcinj.com\/blog\/wp-json\/wp\/v2\/types\/post"}],"author":[{"embeddable":true,"href":"https:\/\/www.visit-ulcinj.com\/blog\/wp-json\/wp\/v2\/users\/1"}],"replies":[{"embeddable":true,"href":"https:\/\/www.visit-ulcinj.com\/blog\/wp-json\/wp\/v2\/comments?post=50818"}],"version-history":[{"count":2,"href":"https:\/\/www.visit-ulcinj.com\/blog\/wp-json\/wp\/v2\/posts\/50818\/revisions"}],"predecessor-version":[{"id":50821,"href":"https:\/\/www.visit-ulcinj.com\/blog\/wp-json\/wp\/v2\/posts\/50818\/revisions\/50821"}],"wp:attachment":[{"href":"https:\/\/www.visit-ulcinj.com\/blog\/wp-json\/wp\/v2\/media?parent=50818"}],"wp:term":[{"taxonomy":"category","embeddable":true,"href":"https:\/\/www.visit-ulcinj.com\/blog\/wp-json\/wp\/v2\/categories?post=50818"},{"taxonomy":"post_tag","embeddable":true,"href":"https:\/\/www.visit-ulcinj.com\/blog\/wp-json\/wp\/v2\/tags?post=50818"}],"curies":[{"name":"wp","href":"https:\/\/api.w.org\/{rel}","templated":true}]}}