{"id":50822,"date":"2011-09-10T17:10:20","date_gmt":"2011-09-10T16:10:20","guid":{"rendered":"http:\/\/www.visit-ulcinj.com\/blog\/?p=50822"},"modified":"2011-09-10T17:14:09","modified_gmt":"2011-09-10T16:14:09","slug":"vesa-luma-une-ndihem-njeriu-me-i-lumtur-ne-bote","status":"publish","type":"post","link":"https:\/\/www.visit-ulcinj.com\/blog\/2011\/09\/10\/vesa-luma-une-ndihem-njeriu-me-i-lumtur-ne-bote\/","title":{"rendered":"Vesa Luma: Une ndihem njeriu m\u00eb i lumtur n\u00eb bot\u00eb"},"content":{"rendered":"<p><strong><a href=\"http:\/\/www.visit-ulcinj.com\/blog\/wp-content\/uploads\/2011\/09\/Vesa-Luma.jpg\"><img loading=\"lazy\" class=\"alignleft size-full wp-image-50823\" title=\"Vesa Luma\" src=\"http:\/\/www.visit-ulcinj.com\/blog\/wp-content\/uploads\/2011\/09\/Vesa-Luma.jpg\" alt=\"\" width=\"508\" height=\"620\" \/><\/a>Vesa Luma vazhdon ta ruaj\u00eb me fanatiz\u00ebm jet\u00ebn e saj private<\/strong><\/p>\n<p>K\u00ebng\u00ebt e Ves\u00ebs mbesin n\u00eb mendje t\u00eb publikut nj\u00eb koh\u00eb t\u00eb gjat\u00eb, duke kujtuar hitin \u2018Jemi dhe s\u2019jemi\u2019. Ajo po p\u00ebrgatitet p\u00ebr albumin e ri, duke vazhduar karrier\u00ebn e saj me hov t\u00eb madh. P\u00ebrtej klipeve q\u00eb transmetohen dhe \u00e7mimeve t\u00eb fituara, p\u00ebrmes k\u00ebsaj interviste, njohim pakse me imtesi Vesa Lumen, nj\u00eb k\u00ebng\u00ebtare ambicioze, shum\u00eb simpatike, me nj\u00eb z\u00eb interesant q\u00eb vazhdon t\u00eb jet\u00eb t\u00ebrheq\u00ebse, si n\u00eb jet\u00ebn e p\u00ebrditshme, ashtu si n\u00eb ekran, por ka edhe nj\u00eb gj\u00eb q\u00eb ajo vazhdon ta ruaj\u00eb me fanatiz\u00ebm: jet\u00ebn private.<\/p>\n<p><strong>Klipi juaj i fundit me titull \u201cTi po don\u201d ka pasur goxha sukses. Pse mendoni q\u00eb \u00ebsht\u00eb p\u00eblqyer kaq shum\u00eb?<\/strong><br \/>\nK\u00ebnga \u201cTi po don\u201d \u00ebsht\u00eb nj\u00eb k\u00ebng\u00eb ritmike e cila i \u00ebsht\u00eb p\u00ebrshtatur stin\u00ebs s\u00eb ver\u00ebs me nj\u00eb klip fresh dhe, m\u00eb \u00ebsht\u00eb b\u00ebr\u00eb shum\u00eb qejfi q\u00eb \u00ebsht\u00eb vler\u00ebsuar si hit veror, duke u klasifikuar n\u00eb majat e top listave n\u00eb Kosov\u00eb dhe Shqip\u00ebri.<\/p>\n<p><strong><a href=\"http:\/\/www.visit-ulcinj.com\/blog\/wp-content\/uploads\/2011\/09\/Vesa-Luma.1.jpg\"><img loading=\"lazy\" class=\"alignleft size-full wp-image-50824\" title=\"Vesa Luma.1\" src=\"http:\/\/www.visit-ulcinj.com\/blog\/wp-content\/uploads\/2011\/09\/Vesa-Luma.1.jpg\" alt=\"\" width=\"330\" height=\"420\" \/><\/a>S\u00eb fundmi, keni deklaruar q\u00eb po realizoni dy k\u00ebng\u00eb t\u00eb reja, cila \u00ebsht\u00eb p\u00ebrmbajtja e tij dhe kur do t\u00eb jet\u00eb gati p\u00ebr publikun? \u00c7\u2019do t\u00eb ket\u00eb t\u00eb ve\u00e7ant\u00eb ai??<\/strong><br \/>\nNdjeva se pas ca kohe ia kam borxh publikut apo adhuruesve t\u00eb muzik\u00ebs sime nj\u00eb album, ku do t\u00eb p\u00ebrfshihen disa nga k\u00ebng\u00ebt q\u00eb jan\u00eb edituar vitet e fundit. N\u00eb k\u00ebt\u00eb album, patjet\u00ebr q\u00eb do t\u00eb p\u00ebrfshihen edhe dy k\u00ebng\u00eb t\u00eb reja q\u00eb jam duke i p\u00ebrgatitur me shum\u00eb kujdes. Shpresoj se do t\u00eb mir\u00ebpriten nga publiku.<\/p>\n<p><strong>&#8220;K\u00ebnga Magjike&#8221; ka qen\u00eb nj\u00eb sken\u00eb fatsjell\u00ebse p\u00ebr ju. \u00cbsht\u00eb zgjedhja juaj dhe \u00e7\u2019pritshm\u00ebri keni p\u00ebr k\u00ebt\u00eb her\u00eb?<\/strong><br \/>\nVjet ishte hera e par\u00eb e pjes\u00ebmarrjes sime n\u00eb \u2018K\u00ebnga Magjike\u2019. Ishte ftesa e Arditit, por edhe nj\u00eb d\u00ebshir\u00eb e imja q\u00eb t\u00eb jem pjes\u00eb e festivalit. Bashk\u00ebpunimi me artistin e madh Pirro \u00c7ako, m\u00eb kuror\u00ebzoi me nj\u00eb nd\u00ebr k\u00ebng\u00ebt m\u00eb t\u00eb bukura dhe m\u00eb t\u00eb guximshme q\u00eb kam realizuar deri tani. Sivjet nuk e di n\u00ebse do t\u00eb jem pjes\u00eb e ndonj\u00eb festivali, sepse po merrem me albumin, por e kam deklaruar gjithmon\u00eb q\u00eb festivalet m\u00eb p\u00eblqejn\u00eb shum\u00eb, jan\u00eb m\u00ebnyr\u00eb shum\u00eb e mir\u00eb e promovimit t\u00eb k\u00ebng\u00ebs, ndaj, edhe do t\u00eb vazhdoj t\u00eb jem pjes\u00eb e tyre edhe p\u00ebr nj\u00eb koh\u00eb.<\/p>\n<p><strong>Ju keni shum\u00eb k\u00ebng\u00eb, t\u00eb cilat jan\u00eb tejet t\u00eb p\u00eblqyera te publiku, po ju vet\u00eb, cil\u00ebn k\u00ebng\u00eb e ve\u00e7oni dhe \u00e7far\u00eb emocionesh ju lidhin me t\u00eb?<\/strong><br \/>\nT\u2019i ndaj\u00eb k\u00ebng\u00ebt \u00ebsht\u00eb sikur t\u00eb ndaj\u00eb nj\u00eb gisht nga dora, sepse \u00e7do k\u00ebng\u00eb m\u00eb kujton nj\u00eb koh\u00eb, nj\u00eb emocion. \u00cbsht\u00eb si nj\u00eb album fotografish, t\u00eb cilin kur e shfleton, t\u00eb jep ndjenja t\u00eb p\u00ebrziera. Por (edhe pse mund t\u00eb jet\u00eb kjo befasi p\u00ebr ata q\u00eb e lexojn\u00eb intervist\u00ebn), jam adhuruese e madhe e baladave dhe \u00ebsht\u00eb zhanri q\u00eb un\u00eb p\u00eblqej m\u00eb s\u00eb shumti, edhe pse, n\u00eb repertorin tim kam m\u00eb shum\u00eb k\u00ebng\u00eb ritmike.<\/p>\n<p><strong>P\u00ebrve\u00e7 k\u00ebndimit, natyrisht, nevojitet edhe ngritja intelektuale. Cili \u00ebsht\u00eb niveli i shkollimit tuaj?<\/strong><br \/>\nPatjet\u00ebr q\u00eb ngritja intelektuale ndikon edhe n\u00eb jet\u00ebgjat\u00ebsin\u00eb e karrier\u00ebs s\u00eb nj\u00eb k\u00ebng\u00ebtari. Un\u00eb kam kryer shkoll\u00ebn e mesme t\u00eb muzik\u00ebs, deg\u00ebn e kantos, fakultetin e Komunikimit Masiv si dhe jam duke ndjekur ligj\u00ebratat p\u00ebr master n\u00eb Komunikim Masiv.<br \/>\n<a href=\"http:\/\/www.visit-ulcinj.com\/blog\/wp-content\/uploads\/2011\/09\/Vesa-Luma.2.jpg\"><img loading=\"lazy\" class=\"alignleft size-full wp-image-50825\" title=\"Vesa Luma.2\" src=\"http:\/\/www.visit-ulcinj.com\/blog\/wp-content\/uploads\/2011\/09\/Vesa-Luma.2.jpg\" alt=\"\" width=\"508\" height=\"340\" \/><\/a><br \/>\n<strong>Mendon se nj\u00eb k\u00ebng\u00ebtare duhet t\u00eb jet\u00eb patjet\u00ebr sensuale n\u00eb sken\u00eb?<\/strong><br \/>\n\u00c7do k\u00ebng\u00ebtare duhet t\u00eb ket\u00eb di\u00e7ka t\u00eb ve\u00e7ant\u00eb q\u00eb t\u00eb dallohet, por jo patjet\u00ebr sensualitetin. Edhe pse jo vet\u00ebm ne shqiptaret, por edhe n\u00eb bot\u00eb, sensualiteti \u00ebsht\u00eb plus p\u00ebr nj\u00eb k\u00ebng\u00ebtare. Por, n\u00ebse marrim shembullin e Lady Gagas e cila \u00ebsht\u00eb k\u00ebng\u00ebtarja m\u00eb e paguar, at\u00ebher\u00eb definitivisht e hedh posht\u00eb k\u00ebt\u00eb teori.<\/p>\n<p><strong>Artist\u00ebt dhe super star\u00ebt e bot\u00ebs shpeshher\u00eb elektrizojn\u00eb publikun duke u zhveshur n\u00eb sken\u00eb. Ju mendoni p\u00ebr surpriza t\u00eb tilla?<\/strong><strong><br \/>\n<\/strong>Asnj\u00ebher\u00eb nuk jam zhveshur n\u00eb sken\u00eb, por nuk kam asgj\u00eb kund\u00ebr atyre q\u00eb kan\u00eb b\u00ebr\u00eb gj\u00ebra t\u00eb tilla p\u00ebr show apo p\u00ebr ndonj\u00eb arsye t\u00eb caktuar. P\u00ebrderisa tashm\u00eb e ca vjet jam shum\u00eb aktive n\u00eb koncerte edhe pa u zhveshur, nuk mendoj t\u00eb b\u00ebj skena t\u00eb tilla p\u00ebr momentin.<br \/>\n<a href=\"http:\/\/www.visit-ulcinj.com\/blog\/wp-content\/uploads\/2011\/09\/Vesa-Luma.3.jpg\"><img loading=\"lazy\" class=\"alignleft size-full wp-image-50826\" title=\"Vesa Luma.3\" src=\"http:\/\/www.visit-ulcinj.com\/blog\/wp-content\/uploads\/2011\/09\/Vesa-Luma.3.jpg\" alt=\"\" width=\"508\" height=\"340\" \/><\/a><br \/>\n<strong>T\u00eb qenit n\u00eb form\u00eb, k\u00ebrkon angazhim. A mbani dieta strikte dhe sa ushtroni n\u00eb palestra?<\/strong><strong><br \/>\n<\/strong>K\u00ebrkon shum\u00eb angazhim t\u00eb qenit n\u00eb form\u00eb, megjith\u00ebse un\u00eb diet\u00eb strikte nuk mbaj, por ruhem nga brum\u00ebrat dhe ushqimet me kalori t\u00eb tep\u00ebrt. \u2018Dancing with the stars\u2019 m\u00eb ka ndihmuar shum\u00eb q\u00eb t\u00eb sensibilizohem akoma m\u00eb shum\u00eb p\u00ebr mir\u00ebmbajtjen e trupit n\u00eb form\u00eb.<\/p>\n<p><strong>Shumica thon\u00eb q\u00eb fama \u00ebsht\u00eb sh\u00ebrb\u00ebtor i mir\u00eb, por zot\u00ebrues i keq. Pajtoheni ju dhe a \u00ebsht\u00eb fama juaj shije e \u00ebmb\u00ebl, ose ndonj\u00ebher\u00eb ka ditur t\u00eb jet\u00eb edhe e hidhur?<\/strong><br \/>\nN\u00eb shumic\u00ebn e rasteve, t\u00eb mos them n\u00eb 80% t\u00eb rasteve, ka shije t\u00eb \u00ebmb\u00ebl, nd\u00ebrkoh\u00eb ai 20% \u00ebsht\u00eb personaliteti im i ndjesh\u00ebm q\u00eb ndikon n\u00eb disa raste t\u2019i marr gj\u00ebrat m\u00eb af\u00ebr zemr\u00ebs.<\/p>\n<p><strong>Cilat jan\u00eb ambiciet n\u00eb bot\u00ebn e muzik\u00ebs, deri ku shkojn\u00eb d\u00ebshirat e t\u2019ua. \u00c7far\u00eb doni t\u00eb arrini?<\/strong><br \/>\nDua q\u00eb t\u00eb jem pran\u00eb publikut p\u00ebr aq koh\u00eb sa e kam p\u00ebrkrahjen e tyre, t\u00eb dhuroj k\u00ebng\u00eb t\u00eb bukura q\u00eb p\u00eblqehen, k\u00ebndohen nga publiku duke iu dhuruar gjithmon\u00eb emocione, sepse mendoj q\u00eb secili njeri ka ardhur n\u00eb k\u00ebt\u00eb bot\u00eb p\u00ebr nj\u00eb mision t\u00eb caktuar. Un\u00eb, misionin dua ta vazhdoj deri n\u00eb fund.<br \/>\n<a href=\"http:\/\/www.visit-ulcinj.com\/blog\/wp-content\/uploads\/2011\/09\/Vesa-Luma.5.jpg\"><img loading=\"lazy\" class=\"alignleft size-full wp-image-50830\" title=\"Vesa Luma.5\" src=\"http:\/\/www.visit-ulcinj.com\/blog\/wp-content\/uploads\/2011\/09\/Vesa-Luma.5.jpg\" alt=\"\" width=\"331\" height=\"450\" \/><\/a><\/p>\n<p><strong>Si \u00ebsht\u00eb klima mes k\u00ebng\u00ebtar\u00ebve, kryesisht atyre femra. Ka b\u00ebrryla, dhe k\u00ebta bazohen m\u00eb shum\u00eb te talenti apo pamja e jashtme?<\/strong><strong><br \/>\n<\/strong>Sikur edhe n\u00eb \u00e7do profesion tjet\u00ebr, edhe n\u00eb Kosov\u00eb ka xhelozi apo inate mes nj\u00ebri- tjetrit. Por, p\u00ebr fat t\u00eb mir\u00eb, un\u00eb gjithmon\u00eb e kam shikuar pun\u00ebn time, nuk jam marr\u00eb me ask\u00ebnd, sepse kam kuptuar qysh her\u00ebt q\u00eb, secili k\u00ebng\u00ebtar\u00eb ka publikun e vet dhe \u00ebsht\u00eb e kot\u00eb t\u00eb mundohesh t\u00eb b\u00ebhesh dikush q\u00eb nuk mund t\u00eb jesh. Kam shum\u00eb miq k\u00ebng\u00ebtar, por n\u00eb fakt, shoq\u00ebria ime e ngusht\u00eb jan\u00eb njer\u00ebz, e jo publik.<\/p>\n<p><strong>P\u00ebrve\u00e7 zhanrit q\u00eb ju p\u00ebrfaq\u00ebsoni, \u00e7far\u00eb lloj muzike ju p\u00eblqen tjet\u00ebr?<\/strong><br \/>\nM\u00eb p\u00eblqen shum\u00eb muzika rock, bile, ajo hard rock q\u00eb shpesh her\u00eb e d\u00ebgjoj me z\u00eb t\u00eb lart\u00eb n\u00eb makin\u00eb. Ndaj, nj\u00ebra nga d\u00ebshirat e mia \u00ebsht\u00eb t\u00eb b\u00ebj nj\u00eb k\u00ebng\u00eb rok dhe jam e bindur q\u00eb do t\u00eb m\u00eb shkoj\u00eb shum\u00eb mir\u00eb.<\/p>\n<p><strong>Ku i kaluat pushimet dhe me k\u00eb?<\/strong><br \/>\nKam pasur vet\u00ebm nj\u00eb jav\u00eb pushim n\u00eb fund t\u00eb gushtit dhe i kam kaluar me t\u00eb af\u00ebrt t\u00eb mi. Kam mbledhur shum\u00eb energji p\u00ebr t\u00eb vazhduar me pun\u00eb.<\/p>\n<p><strong>Ekziston ndonj\u00eb mashkull q\u00eb ta prish gjumin e nat\u00ebs?<\/strong><br \/>\nZakonisht, nat\u00ebn kur bie n\u00eb gjum\u00eb, e mbyll telefonin.<\/p>\n<p><strong>T\u00eb p\u00eblqen m\u00eb shum\u00eb martesa apo bashk\u00ebjetesa?<\/strong><br \/>\nBashk\u00ebjetesa \u00ebsht\u00eb nj\u00eb m\u00ebnyr\u00eb e mir\u00eb p\u00ebr t\u00eb njohur m\u00eb shum\u00eb personin me t\u00eb cilin mendon ta kalosh jet\u00ebn t\u00ebnde.<\/p>\n<p><strong>Mendoni se dashuria p\u00ebr shum\u00eb vajza \u00ebsht\u00eb kopsht ku rriten tr\u00ebndafila dhe gjemba?<\/strong><br \/>\nJo vet\u00ebm p\u00ebr vajza, por edhe p\u00ebr meshkuj dhe p\u00ebr \u00e7dok\u00ebnd q\u00eb di t\u00eb dashuroj\u00eb dhe ka ndjenja, dashuria \u00ebsht\u00eb kopsht ku ka edhe tr\u00ebndafila, por edhe gjemba.<\/p>\n<p><strong>Ju i keni propozuar ndonj\u00eb mashkulli?<\/strong><strong><br \/>\n<\/strong>Nuk i kam propozuar un\u00eb asnj\u00eb mashkulli, por m\u00eb p\u00eblqejn\u00eb femrat t\u00eb cilat e kan\u00eb guximin ta b\u00ebjn\u00eb. N\u00eb fund t\u00eb fundit, nuk \u00ebsht\u00eb e r\u00ebnd\u00ebsishme kush e propozon, apo jo..<br \/>\n<strong><br \/>\n<strong>Ekziston bindja q\u00eb meshkujt u frik\u00ebsohen femrave t\u00eb fuqishme. Sa \u00ebsht\u00eb e v\u00ebrtet\u00eb kjo?<\/strong><\/strong><br \/>\nN\u00eb shum\u00eb raste meshkujt ndjehen inferior ndaj femrave t\u00eb fuqishme, por e kam nj\u00eb bindje q\u00eb femrat e fuqishme jan\u00eb shum\u00eb m\u00eb t\u00eb thjeshta dhe m\u00eb t\u00eb kuptueshme&#8230;din\u00eb t\u00eb vler\u00ebsojn\u00eb m\u00eb shum\u00eb nj\u00eb mashkull.<br \/>\n<strong><a href=\"http:\/\/www.visit-ulcinj.com\/blog\/wp-content\/uploads\/2011\/09\/Vesa-Luma.4.jpg\"><img loading=\"lazy\" class=\"alignleft size-full wp-image-50827\" title=\"Vesa Luma.4\" src=\"http:\/\/www.visit-ulcinj.com\/blog\/wp-content\/uploads\/2011\/09\/Vesa-Luma.4.jpg\" alt=\"\" width=\"508\" height=\"340\" \/><\/a><br \/>\n<strong>Mendon q\u00eb meshkujt nuk jan\u00eb aq t\u00eb rrept\u00eb kur vler\u00ebsojn\u00eb bukurin\u00eb fem\u00ebrore, si\u00e7 mendojn\u00eb dhe besojn\u00eb femrat? A e ngarkoni tep\u00ebr veten me imt\u00ebsi t\u00eb cilat, si duket, p\u00ebr meshkujt nuk jan\u00eb edhe aq t\u00eb r\u00ebnd\u00ebsishme?<\/strong><\/strong><br \/>\n\u00c7do fem\u00ebr ka d\u00ebshir\u00eb q\u00eb para nj\u00eb mashkulli \u00e7do detaj t\u00eb jet\u00eb n\u00eb vend t\u00eb duhur, k\u00ebshtu ndodh edhe me mua, por pa e tepruar&#8230;nuk jam nga ato q\u00eb \u00e7do 5 minuta ta shikoj veten n\u00eb pasqyr\u00eb.<br \/>\n<strong><br \/>\n<strong>P\u00ebr \u00e7ka n\u00eb jet\u00eb nuk keni pasur guxim, e ndoshta akoma e lakmoni at\u00eb?<\/strong><br \/>\n<\/strong>Nuk e kam menduar nj\u00eb gj\u00eb t\u00eb till\u00eb, sepse \u00e7ka do q\u00eb e kam d\u00ebshiruar n\u00eb jet\u00eb, jam munduar ta b\u00ebj t\u00eb realizueshme.<\/p>\n<p><strong>Ekziston ndonj\u00eb oqean q\u00eb ndan zemrat ose \u00ebndrrat p\u00ebr Ves\u00ebn?<\/strong><br \/>\nKa ekzistuar, por tashm\u00eb, jo. Jam, p\u00ebr momentin, njeriu m\u00eb i lumtur n\u00eb bot\u00eb.<\/p>\n<p><strong>ikub.al<br \/>\n<!--YouTube Error: bad URL entered--><br \/>\n<\/strong><\/p>\n","protected":false},"excerpt":{"rendered":"<p>Vesa Luma vazhdon ta ruaj\u00eb me fanatiz\u00ebm jet\u00ebn e saj private K\u00ebng\u00ebt e Ves\u00ebs mbesin n\u00eb mendje t\u00eb publikut nj\u00eb koh\u00eb t\u00eb gjat\u00eb, duke kujtuar hitin \u2018Jemi dhe s\u2019jemi\u2019. Ajo po p\u00ebrgatitet p\u00ebr albumin e ri, duke vazhduar karrier\u00ebn e saj me hov t\u00eb madh. P\u00ebrtej klipeve q\u00eb transmetohen dhe \u00e7mimeve t\u00eb fituara, p\u00ebrmes k\u00ebsaj [&hellip;]<\/p>\n","protected":false},"author":1,"featured_media":0,"comment_status":"open","ping_status":"closed","sticky":false,"template":"","format":"standard","meta":{"spay_email":"","jetpack_publicize_message":"","jetpack_is_tweetstorm":false,"jetpack_publicize_feature_enabled":true},"categories":[1],"tags":[5017],"jetpack_publicize_connections":[],"yoast_head":"<!-- This site is optimized with the Yoast SEO plugin v19.1 - https:\/\/yoast.com\/wordpress\/plugins\/seo\/ -->\n<title>Vesa Luma: Une ndihem njeriu m\u00eb i lumtur n\u00eb bot\u00eb - Lajme nga Ulqini<\/title>\n<meta name=\"description\" content=\"Vesa Luma vazhdon ta ruaj\u00eb me fanatiz\u00ebm jet\u00ebn e saj private K\u00ebng\u00ebt e Ves\u00ebs mbesin n\u00eb mendje t\u00eb publikut nj\u00eb koh\u00eb t\u00eb gjat\u00eb, duke kujtuar hitin \u2018Jemi dhe\" \/>\n<meta name=\"robots\" content=\"index, follow, max-snippet:-1, max-image-preview:large, max-video-preview:-1\" \/>\n<link rel=\"canonical\" href=\"https:\/\/www.visit-ulcinj.com\/blog\/2011\/09\/10\/vesa-luma-une-ndihem-njeriu-me-i-lumtur-ne-bote\/\" \/>\n<meta property=\"og:locale\" content=\"en_US\" \/>\n<meta property=\"og:type\" content=\"article\" \/>\n<meta property=\"og:title\" content=\"Vesa Luma: Une ndihem njeriu m\u00eb i lumtur n\u00eb bot\u00eb - Lajme nga Ulqini\" \/>\n<meta property=\"og:description\" content=\"Vesa Luma vazhdon ta ruaj\u00eb me fanatiz\u00ebm jet\u00ebn e saj private K\u00ebng\u00ebt e Ves\u00ebs mbesin n\u00eb mendje t\u00eb publikut nj\u00eb koh\u00eb t\u00eb gjat\u00eb, duke kujtuar hitin \u2018Jemi dhe\" \/>\n<meta property=\"og:url\" content=\"https:\/\/www.visit-ulcinj.com\/blog\/2011\/09\/10\/vesa-luma-une-ndihem-njeriu-me-i-lumtur-ne-bote\/\" \/>\n<meta property=\"og:site_name\" content=\"Lajme nga Ulqini\" \/>\n<meta property=\"article:published_time\" content=\"2011-09-10T16:10:20+00:00\" \/>\n<meta property=\"article:modified_time\" content=\"2011-09-10T16:14:09+00:00\" \/>\n<meta property=\"og:image\" content=\"http:\/\/www.visit-ulcinj.com\/blog\/wp-content\/uploads\/2011\/09\/Vesa-Luma.jpg\" \/>\n<meta name=\"twitter:label1\" content=\"Written by\" \/>\n\t<meta name=\"twitter:data1\" content=\"ulqini\" \/>\n\t<meta name=\"twitter:label2\" content=\"Est. reading time\" \/>\n\t<meta name=\"twitter:data2\" content=\"8 minutes\" \/>\n<script type=\"application\/ld+json\" class=\"yoast-schema-graph\">{\"@context\":\"https:\/\/schema.org\",\"@graph\":[{\"@type\":\"WebSite\",\"@id\":\"https:\/\/www.visit-ulcinj.com\/blog\/#website\",\"url\":\"https:\/\/www.visit-ulcinj.com\/blog\/\",\"name\":\"Lajme nga Ulqini\",\"description\":\"Lajme,Vijesti,Ulqini,Ulqin,Crna Gora,Mali i Zi\",\"potentialAction\":[{\"@type\":\"SearchAction\",\"target\":{\"@type\":\"EntryPoint\",\"urlTemplate\":\"https:\/\/www.visit-ulcinj.com\/blog\/?s={search_term_string}\"},\"query-input\":\"required name=search_term_string\"}],\"inLanguage\":\"en-US\"},{\"@type\":\"ImageObject\",\"inLanguage\":\"en-US\",\"@id\":\"https:\/\/www.visit-ulcinj.com\/blog\/2011\/09\/10\/vesa-luma-une-ndihem-njeriu-me-i-lumtur-ne-bote\/#primaryimage\",\"url\":\"http:\/\/www.visit-ulcinj.com\/blog\/wp-content\/uploads\/2011\/09\/Vesa-Luma.jpg\",\"contentUrl\":\"http:\/\/www.visit-ulcinj.com\/blog\/wp-content\/uploads\/2011\/09\/Vesa-Luma.jpg\"},{\"@type\":\"WebPage\",\"@id\":\"https:\/\/www.visit-ulcinj.com\/blog\/2011\/09\/10\/vesa-luma-une-ndihem-njeriu-me-i-lumtur-ne-bote\/#webpage\",\"url\":\"https:\/\/www.visit-ulcinj.com\/blog\/2011\/09\/10\/vesa-luma-une-ndihem-njeriu-me-i-lumtur-ne-bote\/\",\"name\":\"Vesa Luma: Une ndihem njeriu m\u00eb i lumtur n\u00eb bot\u00eb - Lajme nga Ulqini\",\"isPartOf\":{\"@id\":\"https:\/\/www.visit-ulcinj.com\/blog\/#website\"},\"primaryImageOfPage\":{\"@id\":\"https:\/\/www.visit-ulcinj.com\/blog\/2011\/09\/10\/vesa-luma-une-ndihem-njeriu-me-i-lumtur-ne-bote\/#primaryimage\"},\"datePublished\":\"2011-09-10T16:10:20+00:00\",\"dateModified\":\"2011-09-10T16:14:09+00:00\",\"author\":{\"@id\":\"https:\/\/www.visit-ulcinj.com\/blog\/#\/schema\/person\/dcab619c614d3038751c63bc2aadc06d\"},\"description\":\"Vesa Luma vazhdon ta ruaj\u00eb me fanatiz\u00ebm jet\u00ebn e saj private K\u00ebng\u00ebt e Ves\u00ebs mbesin n\u00eb mendje t\u00eb publikut nj\u00eb koh\u00eb t\u00eb gjat\u00eb, duke kujtuar hitin \u2018Jemi dhe\",\"breadcrumb\":{\"@id\":\"https:\/\/www.visit-ulcinj.com\/blog\/2011\/09\/10\/vesa-luma-une-ndihem-njeriu-me-i-lumtur-ne-bote\/#breadcrumb\"},\"inLanguage\":\"en-US\",\"potentialAction\":[{\"@type\":\"ReadAction\",\"target\":[\"https:\/\/www.visit-ulcinj.com\/blog\/2011\/09\/10\/vesa-luma-une-ndihem-njeriu-me-i-lumtur-ne-bote\/\"]}]},{\"@type\":\"BreadcrumbList\",\"@id\":\"https:\/\/www.visit-ulcinj.com\/blog\/2011\/09\/10\/vesa-luma-une-ndihem-njeriu-me-i-lumtur-ne-bote\/#breadcrumb\",\"itemListElement\":[{\"@type\":\"ListItem\",\"position\":1,\"name\":\"Vesa Luma: Une ndihem njeriu m\u00eb i lumtur n\u00eb bot\u00eb\"}]},{\"@type\":\"Person\",\"@id\":\"https:\/\/www.visit-ulcinj.com\/blog\/#\/schema\/person\/dcab619c614d3038751c63bc2aadc06d\",\"name\":\"ulqini\",\"sameAs\":[\"http:\/\/www.visit-ulcinj.com\"],\"url\":\"https:\/\/www.visit-ulcinj.com\/blog\/author\/admin\/\"}]}<\/script>\n<!-- \/ Yoast SEO plugin. -->","yoast_head_json":{"title":"Vesa Luma: Une ndihem njeriu m\u00eb i lumtur n\u00eb bot\u00eb - Lajme nga Ulqini","description":"Vesa Luma vazhdon ta ruaj\u00eb me fanatiz\u00ebm jet\u00ebn e saj private K\u00ebng\u00ebt e Ves\u00ebs mbesin n\u00eb mendje t\u00eb publikut nj\u00eb koh\u00eb t\u00eb gjat\u00eb, duke kujtuar hitin \u2018Jemi dhe","robots":{"index":"index","follow":"follow","max-snippet":"max-snippet:-1","max-image-preview":"max-image-preview:large","max-video-preview":"max-video-preview:-1"},"canonical":"https:\/\/www.visit-ulcinj.com\/blog\/2011\/09\/10\/vesa-luma-une-ndihem-njeriu-me-i-lumtur-ne-bote\/","og_locale":"en_US","og_type":"article","og_title":"Vesa Luma: Une ndihem njeriu m\u00eb i lumtur n\u00eb bot\u00eb - Lajme nga Ulqini","og_description":"Vesa Luma vazhdon ta ruaj\u00eb me fanatiz\u00ebm jet\u00ebn e saj private K\u00ebng\u00ebt e Ves\u00ebs mbesin n\u00eb mendje t\u00eb publikut nj\u00eb koh\u00eb t\u00eb gjat\u00eb, duke kujtuar hitin \u2018Jemi dhe","og_url":"https:\/\/www.visit-ulcinj.com\/blog\/2011\/09\/10\/vesa-luma-une-ndihem-njeriu-me-i-lumtur-ne-bote\/","og_site_name":"Lajme nga Ulqini","article_published_time":"2011-09-10T16:10:20+00:00","article_modified_time":"2011-09-10T16:14:09+00:00","og_image":[{"url":"http:\/\/www.visit-ulcinj.com\/blog\/wp-content\/uploads\/2011\/09\/Vesa-Luma.jpg"}],"twitter_misc":{"Written by":"ulqini","Est. reading time":"8 minutes"},"schema":{"@context":"https:\/\/schema.org","@graph":[{"@type":"WebSite","@id":"https:\/\/www.visit-ulcinj.com\/blog\/#website","url":"https:\/\/www.visit-ulcinj.com\/blog\/","name":"Lajme nga Ulqini","description":"Lajme,Vijesti,Ulqini,Ulqin,Crna Gora,Mali i Zi","potentialAction":[{"@type":"SearchAction","target":{"@type":"EntryPoint","urlTemplate":"https:\/\/www.visit-ulcinj.com\/blog\/?s={search_term_string}"},"query-input":"required name=search_term_string"}],"inLanguage":"en-US"},{"@type":"ImageObject","inLanguage":"en-US","@id":"https:\/\/www.visit-ulcinj.com\/blog\/2011\/09\/10\/vesa-luma-une-ndihem-njeriu-me-i-lumtur-ne-bote\/#primaryimage","url":"http:\/\/www.visit-ulcinj.com\/blog\/wp-content\/uploads\/2011\/09\/Vesa-Luma.jpg","contentUrl":"http:\/\/www.visit-ulcinj.com\/blog\/wp-content\/uploads\/2011\/09\/Vesa-Luma.jpg"},{"@type":"WebPage","@id":"https:\/\/www.visit-ulcinj.com\/blog\/2011\/09\/10\/vesa-luma-une-ndihem-njeriu-me-i-lumtur-ne-bote\/#webpage","url":"https:\/\/www.visit-ulcinj.com\/blog\/2011\/09\/10\/vesa-luma-une-ndihem-njeriu-me-i-lumtur-ne-bote\/","name":"Vesa Luma: Une ndihem njeriu m\u00eb i lumtur n\u00eb bot\u00eb - Lajme nga Ulqini","isPartOf":{"@id":"https:\/\/www.visit-ulcinj.com\/blog\/#website"},"primaryImageOfPage":{"@id":"https:\/\/www.visit-ulcinj.com\/blog\/2011\/09\/10\/vesa-luma-une-ndihem-njeriu-me-i-lumtur-ne-bote\/#primaryimage"},"datePublished":"2011-09-10T16:10:20+00:00","dateModified":"2011-09-10T16:14:09+00:00","author":{"@id":"https:\/\/www.visit-ulcinj.com\/blog\/#\/schema\/person\/dcab619c614d3038751c63bc2aadc06d"},"description":"Vesa Luma vazhdon ta ruaj\u00eb me fanatiz\u00ebm jet\u00ebn e saj private K\u00ebng\u00ebt e Ves\u00ebs mbesin n\u00eb mendje t\u00eb publikut nj\u00eb koh\u00eb t\u00eb gjat\u00eb, duke kujtuar hitin \u2018Jemi dhe","breadcrumb":{"@id":"https:\/\/www.visit-ulcinj.com\/blog\/2011\/09\/10\/vesa-luma-une-ndihem-njeriu-me-i-lumtur-ne-bote\/#breadcrumb"},"inLanguage":"en-US","potentialAction":[{"@type":"ReadAction","target":["https:\/\/www.visit-ulcinj.com\/blog\/2011\/09\/10\/vesa-luma-une-ndihem-njeriu-me-i-lumtur-ne-bote\/"]}]},{"@type":"BreadcrumbList","@id":"https:\/\/www.visit-ulcinj.com\/blog\/2011\/09\/10\/vesa-luma-une-ndihem-njeriu-me-i-lumtur-ne-bote\/#breadcrumb","itemListElement":[{"@type":"ListItem","position":1,"name":"Vesa Luma: Une ndihem njeriu m\u00eb i lumtur n\u00eb bot\u00eb"}]},{"@type":"Person","@id":"https:\/\/www.visit-ulcinj.com\/blog\/#\/schema\/person\/dcab619c614d3038751c63bc2aadc06d","name":"ulqini","sameAs":["http:\/\/www.visit-ulcinj.com"],"url":"https:\/\/www.visit-ulcinj.com\/blog\/author\/admin\/"}]}},"jetpack_featured_media_url":"","jetpack_sharing_enabled":true,"jetpack_shortlink":"https:\/\/wp.me\/pe6lTn-ddI","_links":{"self":[{"href":"https:\/\/www.visit-ulcinj.com\/blog\/wp-json\/wp\/v2\/posts\/50822"}],"collection":[{"href":"https:\/\/www.visit-ulcinj.com\/blog\/wp-json\/wp\/v2\/posts"}],"about":[{"href":"https:\/\/www.visit-ulcinj.com\/blog\/wp-json\/wp\/v2\/types\/post"}],"author":[{"embeddable":true,"href":"https:\/\/www.visit-ulcinj.com\/blog\/wp-json\/wp\/v2\/users\/1"}],"replies":[{"embeddable":true,"href":"https:\/\/www.visit-ulcinj.com\/blog\/wp-json\/wp\/v2\/comments?post=50822"}],"version-history":[{"count":3,"href":"https:\/\/www.visit-ulcinj.com\/blog\/wp-json\/wp\/v2\/posts\/50822\/revisions"}],"predecessor-version":[{"id":50829,"href":"https:\/\/www.visit-ulcinj.com\/blog\/wp-json\/wp\/v2\/posts\/50822\/revisions\/50829"}],"wp:attachment":[{"href":"https:\/\/www.visit-ulcinj.com\/blog\/wp-json\/wp\/v2\/media?parent=50822"}],"wp:term":[{"taxonomy":"category","embeddable":true,"href":"https:\/\/www.visit-ulcinj.com\/blog\/wp-json\/wp\/v2\/categories?post=50822"},{"taxonomy":"post_tag","embeddable":true,"href":"https:\/\/www.visit-ulcinj.com\/blog\/wp-json\/wp\/v2\/tags?post=50822"}],"curies":[{"name":"wp","href":"https:\/\/api.w.org\/{rel}","templated":true}]}}