{"id":50832,"date":"2011-09-10T17:38:59","date_gmt":"2011-09-10T16:38:59","guid":{"rendered":"http:\/\/www.visit-ulcinj.com\/blog\/?p=50832"},"modified":"2011-09-10T17:38:59","modified_gmt":"2011-09-10T16:38:59","slug":"tuna-sejdiu-gjithe-jeten-do-jem-beqare","status":"publish","type":"post","link":"https:\/\/www.visit-ulcinj.com\/blog\/2011\/09\/10\/tuna-sejdiu-gjithe-jeten-do-jem-beqare\/","title":{"rendered":"Tuna Sejdiu gjith\u00eb jet\u00ebn do jem beqare"},"content":{"rendered":"<p><a href=\"http:\/\/www.visit-ulcinj.com\/blog\/wp-content\/uploads\/2011\/09\/Altuna-Sejdiu.1.jpg\"><img loading=\"lazy\" class=\"alignleft size-full wp-image-50833\" title=\"Altuna Sejdiu.1\" src=\"http:\/\/www.visit-ulcinj.com\/blog\/wp-content\/uploads\/2011\/09\/Altuna-Sejdiu.1.jpg\" alt=\"\" width=\"508\" height=\"620\" \/><\/a>Nj\u00eb ver\u00eb plot an gazhime, plane, takime, e thashetheme\u2026 E till\u00eb ka qen\u00eb k\u00ebt\u00eb vit stina e nxeht\u00eb p\u00ebr k\u00ebng\u00ebtaren Tuna Sejdi, e cila vjen sot n\u00eb nj\u00eb rr\u00ebfim special p\u00ebr faqet e s\u00eb shtun\u00ebs. Nj\u00eb intervist\u00eb plot t\u00eb path\u00ebna, e me shum\u00eb detaje surpriz\u00eb. Si nj\u00eb personazh q\u00eb gjithmon\u00eb shet, e ka gjetur veten jo rrall\u00eb her\u00eb n\u00eb faqet e para t\u00eb gazetave me lajme t\u00eb supozuara, t\u00eb ngritura mbi statuset e saj n\u00eb Facebook, ndaj dhe ajo me t\u00eb drejt\u00eb e ka shpallur veten si t\u00eb dashur\u00ebn e \u201d Thashethemit\u201d.. .<br \/>\n<a href=\"http:\/\/www.visit-ulcinj.com\/blog\/wp-content\/uploads\/2011\/09\/Altuna-Sejdiu.jpg\"><img loading=\"lazy\" class=\"alignleft size-full wp-image-50838\" title=\"Altuna Sejdiu\" src=\"http:\/\/www.visit-ulcinj.com\/blog\/wp-content\/uploads\/2011\/09\/Altuna-Sejdiu.jpg\" alt=\"\" width=\"508\" height=\"340\" \/><\/a><br \/>\nPo sa t\u00eb v\u00ebrteta jan\u00eb k\u00ebto thashetheme, cila \u00ebsht\u00eb e v\u00ebrteta e marr\u00ebdh\u00ebnieve t\u00eb saj? A i ka dedikuar ndonj\u00eb status ish-bashk\u00ebshortit, \u00e7far\u00eb e lidh me Blerim Destanin, si ka ndryshuar jeta e saj tani q\u00eb \u00ebsht\u00eb beqare\u2026 Tuna p\u00ebrgjigjet sot! D\u00ebshiron t\u2019i ruaj\u00eb p\u00ebr vete arsyet q\u00eb soll\u00ebn divorcin dhe p\u00ebrjetimet e asaj kohe, duke m\u00eb censuruar disa prej pyetjeve q\u00eb lidhen me jet\u00ebn private, por vet\u00ebm disa ama\u2026 T\u00eb tjerave u p\u00ebrgjigjet plot zell e sinqeritet, me natyr\u00ebn e saj moskok\u00eb\u00e7ar\u00ebse, duke m\u00eb dh\u00ebn\u00eb k\u00ebshtu at\u00eb q\u00eb ajo n\u00eb bised\u00ebn paraprake me mua, p\u00ebrpara se t\u00eb m\u00eb p\u00ebrgjigjej, e quan intervist\u00ebn e vitit\u2026<br \/>\n<a href=\"http:\/\/www.visit-ulcinj.com\/blog\/wp-content\/uploads\/2011\/09\/Altuna-Sejdiu.3.jpg\"><img loading=\"lazy\" class=\"alignleft size-medium wp-image-50835\" title=\"Altuna Sejdiu.3\" src=\"http:\/\/www.visit-ulcinj.com\/blog\/wp-content\/uploads\/2011\/09\/Altuna-Sejdiu.3-225x300.jpg\" alt=\"\" width=\"225\" height=\"300\" \/><\/a><br \/>\n<strong>Tuna si po kalon k\u00ebto koh\u00eb?<\/strong><\/p>\n<p>Angazhime, plane, takime, familje, miq, koncerte, intervista, gjum\u00eb, etj\u2026 Si shkoi kjo ver\u00eb p\u00ebr ty? Ishte nj\u00eb ver\u00eb e nxeht\u00eb, ashtu si \u00e7do ver\u00eb tjet\u00ebr me pun\u00eb, pushime dhe pafund thashetheme.<br \/>\n<a href=\"http:\/\/www.visit-ulcinj.com\/blog\/wp-content\/uploads\/2011\/09\/Altuna-Sejdiu.4.jpg\"><img loading=\"lazy\" class=\"alignleft size-medium wp-image-50836\" title=\"Altuna Sejdiu.4\" src=\"http:\/\/www.visit-ulcinj.com\/blog\/wp-content\/uploads\/2011\/09\/Altuna-Sejdiu.4-300x224.jpg\" alt=\"\" width=\"508\" height=\"340\" \/><\/a><\/p>\n<p><strong>Kemi par\u00eb s\u00eb fundmi klipin t\u00ebnd m\u00eb t\u00eb ri, p\u00ebr t\u00eb cilin gjejm\u00eb rastin t\u00eb t\u00eb p\u00ebrg\u00ebzojm\u00eb. Teksti i dedikohet dikujt n\u00eb ve\u00e7anti?<\/strong><\/p>\n<p>Shum\u00eb prej k\u00ebng\u00ebve t\u00eb mia jan\u00eb keqkuptuar si tematika, kujtoj k\u00ebtu rastin me 10 vite n\u00eb sken\u00eb, me nj\u00eb bilanc suksesesh t\u00eb vazhdueshme\u2026 \u00c7mime, k\u00ebng\u00eb t\u00eb kthyera n\u00eb hite, rekorde klikimesh n\u00eb internet, kjo \u00ebsht\u00eb m\u00eb e pakta e asaj q\u00eb mund t\u00eb thuhet p\u00ebr k\u00ebng\u00ebtaren Tuna Sejdi, e cila pavar\u00ebsisht se ka shum\u00eb vite n\u00eb k\u00ebt\u00eb biznes, vazhdon t\u00eb jet\u00eb e p\u00eblqyer, n\u00eb ndryshim me disa prej kolege t\u00eb saj, t\u00eb cilat tanim\u00eb e kan\u00eb humbur popullaritetin. Pavar\u00ebsisht se mediat jan\u00eb kurioze m\u00eb s\u00eb shumti p\u00ebr jet\u00ebn e saj private, Tuna ka shum\u00eb p\u00ebr t\u00eb treguar edhe nga jeta profesionale, mjafton t\u00eb p\u00ebrmendim k\u00ebtu q\u00eb vet\u00ebm gjat\u00eb k\u00ebsaj vere ka publikuar 2 k\u00ebng\u00eb tejet t\u00eb p\u00eblqyera\u2026<\/p>\n<p><strong>Bluetooth<br \/>\n<!--YouTube Error: bad URL entered--><br \/>\n<\/strong><\/p>\n","protected":false},"excerpt":{"rendered":"<p>Nj\u00eb ver\u00eb plot an gazhime, plane, takime, e thashetheme\u2026 E till\u00eb ka qen\u00eb k\u00ebt\u00eb vit stina e nxeht\u00eb p\u00ebr k\u00ebng\u00ebtaren Tuna Sejdi, e cila vjen sot n\u00eb nj\u00eb rr\u00ebfim special p\u00ebr faqet e s\u00eb shtun\u00ebs. Nj\u00eb intervist\u00eb plot t\u00eb path\u00ebna, e me shum\u00eb detaje surpriz\u00eb. Si nj\u00eb personazh q\u00eb gjithmon\u00eb shet, e ka gjetur veten [&hellip;]<\/p>\n","protected":false},"author":1,"featured_media":0,"comment_status":"open","ping_status":"closed","sticky":false,"template":"","format":"standard","meta":{"spay_email":"","jetpack_publicize_message":"","jetpack_is_tweetstorm":false,"jetpack_publicize_feature_enabled":true},"categories":[1],"tags":[4970],"jetpack_publicize_connections":[],"yoast_head":"<!-- This site is optimized with the Yoast SEO plugin v19.1 - https:\/\/yoast.com\/wordpress\/plugins\/seo\/ -->\n<title>Tuna Sejdiu gjith\u00eb jet\u00ebn do jem beqare - Lajme nga Ulqini<\/title>\n<meta name=\"description\" content=\"Nj\u00eb ver\u00eb plot an gazhime, plane, takime, e thashetheme\u2026 E till\u00eb ka qen\u00eb k\u00ebt\u00eb vit stina e nxeht\u00eb p\u00ebr k\u00ebng\u00ebtaren Tuna Sejdi, e cila vjen sot n\u00eb nj\u00eb rr\u00ebfim\" \/>\n<meta name=\"robots\" content=\"index, follow, max-snippet:-1, max-image-preview:large, max-video-preview:-1\" \/>\n<link rel=\"canonical\" href=\"https:\/\/www.visit-ulcinj.com\/blog\/2011\/09\/10\/tuna-sejdiu-gjithe-jeten-do-jem-beqare\/\" \/>\n<meta property=\"og:locale\" content=\"en_US\" \/>\n<meta property=\"og:type\" content=\"article\" \/>\n<meta property=\"og:title\" content=\"Tuna Sejdiu gjith\u00eb jet\u00ebn do jem beqare - Lajme nga Ulqini\" \/>\n<meta property=\"og:description\" content=\"Nj\u00eb ver\u00eb plot an gazhime, plane, takime, e thashetheme\u2026 E till\u00eb ka qen\u00eb k\u00ebt\u00eb vit stina e nxeht\u00eb p\u00ebr k\u00ebng\u00ebtaren Tuna Sejdi, e cila vjen sot n\u00eb nj\u00eb rr\u00ebfim\" \/>\n<meta property=\"og:url\" content=\"https:\/\/www.visit-ulcinj.com\/blog\/2011\/09\/10\/tuna-sejdiu-gjithe-jeten-do-jem-beqare\/\" \/>\n<meta property=\"og:site_name\" content=\"Lajme nga Ulqini\" \/>\n<meta property=\"article:published_time\" content=\"2011-09-10T16:38:59+00:00\" \/>\n<meta property=\"og:image\" content=\"http:\/\/www.visit-ulcinj.com\/blog\/wp-content\/uploads\/2011\/09\/Altuna-Sejdiu.1.jpg\" \/>\n<meta name=\"twitter:label1\" content=\"Written by\" \/>\n\t<meta name=\"twitter:data1\" content=\"ulqini\" \/>\n\t<meta name=\"twitter:label2\" content=\"Est. reading time\" \/>\n\t<meta name=\"twitter:data2\" content=\"2 minutes\" \/>\n<script type=\"application\/ld+json\" class=\"yoast-schema-graph\">{\"@context\":\"https:\/\/schema.org\",\"@graph\":[{\"@type\":\"WebSite\",\"@id\":\"https:\/\/www.visit-ulcinj.com\/blog\/#website\",\"url\":\"https:\/\/www.visit-ulcinj.com\/blog\/\",\"name\":\"Lajme nga Ulqini\",\"description\":\"Lajme,Vijesti,Ulqini,Ulqin,Crna Gora,Mali i Zi\",\"potentialAction\":[{\"@type\":\"SearchAction\",\"target\":{\"@type\":\"EntryPoint\",\"urlTemplate\":\"https:\/\/www.visit-ulcinj.com\/blog\/?s={search_term_string}\"},\"query-input\":\"required name=search_term_string\"}],\"inLanguage\":\"en-US\"},{\"@type\":\"ImageObject\",\"inLanguage\":\"en-US\",\"@id\":\"https:\/\/www.visit-ulcinj.com\/blog\/2011\/09\/10\/tuna-sejdiu-gjithe-jeten-do-jem-beqare\/#primaryimage\",\"url\":\"http:\/\/www.visit-ulcinj.com\/blog\/wp-content\/uploads\/2011\/09\/Altuna-Sejdiu.1.jpg\",\"contentUrl\":\"http:\/\/www.visit-ulcinj.com\/blog\/wp-content\/uploads\/2011\/09\/Altuna-Sejdiu.1.jpg\"},{\"@type\":\"WebPage\",\"@id\":\"https:\/\/www.visit-ulcinj.com\/blog\/2011\/09\/10\/tuna-sejdiu-gjithe-jeten-do-jem-beqare\/#webpage\",\"url\":\"https:\/\/www.visit-ulcinj.com\/blog\/2011\/09\/10\/tuna-sejdiu-gjithe-jeten-do-jem-beqare\/\",\"name\":\"Tuna Sejdiu gjith\u00eb jet\u00ebn do jem beqare - Lajme nga Ulqini\",\"isPartOf\":{\"@id\":\"https:\/\/www.visit-ulcinj.com\/blog\/#website\"},\"primaryImageOfPage\":{\"@id\":\"https:\/\/www.visit-ulcinj.com\/blog\/2011\/09\/10\/tuna-sejdiu-gjithe-jeten-do-jem-beqare\/#primaryimage\"},\"datePublished\":\"2011-09-10T16:38:59+00:00\",\"dateModified\":\"2011-09-10T16:38:59+00:00\",\"author\":{\"@id\":\"https:\/\/www.visit-ulcinj.com\/blog\/#\/schema\/person\/dcab619c614d3038751c63bc2aadc06d\"},\"description\":\"Nj\u00eb ver\u00eb plot an gazhime, plane, takime, e thashetheme\u2026 E till\u00eb ka qen\u00eb k\u00ebt\u00eb vit stina e nxeht\u00eb p\u00ebr k\u00ebng\u00ebtaren Tuna Sejdi, e cila vjen sot n\u00eb nj\u00eb rr\u00ebfim\",\"breadcrumb\":{\"@id\":\"https:\/\/www.visit-ulcinj.com\/blog\/2011\/09\/10\/tuna-sejdiu-gjithe-jeten-do-jem-beqare\/#breadcrumb\"},\"inLanguage\":\"en-US\",\"potentialAction\":[{\"@type\":\"ReadAction\",\"target\":[\"https:\/\/www.visit-ulcinj.com\/blog\/2011\/09\/10\/tuna-sejdiu-gjithe-jeten-do-jem-beqare\/\"]}]},{\"@type\":\"BreadcrumbList\",\"@id\":\"https:\/\/www.visit-ulcinj.com\/blog\/2011\/09\/10\/tuna-sejdiu-gjithe-jeten-do-jem-beqare\/#breadcrumb\",\"itemListElement\":[{\"@type\":\"ListItem\",\"position\":1,\"name\":\"Tuna Sejdiu gjith\u00eb jet\u00ebn do jem beqare\"}]},{\"@type\":\"Person\",\"@id\":\"https:\/\/www.visit-ulcinj.com\/blog\/#\/schema\/person\/dcab619c614d3038751c63bc2aadc06d\",\"name\":\"ulqini\",\"sameAs\":[\"http:\/\/www.visit-ulcinj.com\"],\"url\":\"https:\/\/www.visit-ulcinj.com\/blog\/author\/admin\/\"}]}<\/script>\n<!-- \/ Yoast SEO plugin. -->","yoast_head_json":{"title":"Tuna Sejdiu gjith\u00eb jet\u00ebn do jem beqare - Lajme nga Ulqini","description":"Nj\u00eb ver\u00eb plot an gazhime, plane, takime, e thashetheme\u2026 E till\u00eb ka qen\u00eb k\u00ebt\u00eb vit stina e nxeht\u00eb p\u00ebr k\u00ebng\u00ebtaren Tuna Sejdi, e cila vjen sot n\u00eb nj\u00eb rr\u00ebfim","robots":{"index":"index","follow":"follow","max-snippet":"max-snippet:-1","max-image-preview":"max-image-preview:large","max-video-preview":"max-video-preview:-1"},"canonical":"https:\/\/www.visit-ulcinj.com\/blog\/2011\/09\/10\/tuna-sejdiu-gjithe-jeten-do-jem-beqare\/","og_locale":"en_US","og_type":"article","og_title":"Tuna Sejdiu gjith\u00eb jet\u00ebn do jem beqare - Lajme nga Ulqini","og_description":"Nj\u00eb ver\u00eb plot an gazhime, plane, takime, e thashetheme\u2026 E till\u00eb ka qen\u00eb k\u00ebt\u00eb vit stina e nxeht\u00eb p\u00ebr k\u00ebng\u00ebtaren Tuna Sejdi, e cila vjen sot n\u00eb nj\u00eb rr\u00ebfim","og_url":"https:\/\/www.visit-ulcinj.com\/blog\/2011\/09\/10\/tuna-sejdiu-gjithe-jeten-do-jem-beqare\/","og_site_name":"Lajme nga Ulqini","article_published_time":"2011-09-10T16:38:59+00:00","og_image":[{"url":"http:\/\/www.visit-ulcinj.com\/blog\/wp-content\/uploads\/2011\/09\/Altuna-Sejdiu.1.jpg"}],"twitter_misc":{"Written by":"ulqini","Est. reading time":"2 minutes"},"schema":{"@context":"https:\/\/schema.org","@graph":[{"@type":"WebSite","@id":"https:\/\/www.visit-ulcinj.com\/blog\/#website","url":"https:\/\/www.visit-ulcinj.com\/blog\/","name":"Lajme nga Ulqini","description":"Lajme,Vijesti,Ulqini,Ulqin,Crna Gora,Mali i Zi","potentialAction":[{"@type":"SearchAction","target":{"@type":"EntryPoint","urlTemplate":"https:\/\/www.visit-ulcinj.com\/blog\/?s={search_term_string}"},"query-input":"required name=search_term_string"}],"inLanguage":"en-US"},{"@type":"ImageObject","inLanguage":"en-US","@id":"https:\/\/www.visit-ulcinj.com\/blog\/2011\/09\/10\/tuna-sejdiu-gjithe-jeten-do-jem-beqare\/#primaryimage","url":"http:\/\/www.visit-ulcinj.com\/blog\/wp-content\/uploads\/2011\/09\/Altuna-Sejdiu.1.jpg","contentUrl":"http:\/\/www.visit-ulcinj.com\/blog\/wp-content\/uploads\/2011\/09\/Altuna-Sejdiu.1.jpg"},{"@type":"WebPage","@id":"https:\/\/www.visit-ulcinj.com\/blog\/2011\/09\/10\/tuna-sejdiu-gjithe-jeten-do-jem-beqare\/#webpage","url":"https:\/\/www.visit-ulcinj.com\/blog\/2011\/09\/10\/tuna-sejdiu-gjithe-jeten-do-jem-beqare\/","name":"Tuna Sejdiu gjith\u00eb jet\u00ebn do jem beqare - Lajme nga Ulqini","isPartOf":{"@id":"https:\/\/www.visit-ulcinj.com\/blog\/#website"},"primaryImageOfPage":{"@id":"https:\/\/www.visit-ulcinj.com\/blog\/2011\/09\/10\/tuna-sejdiu-gjithe-jeten-do-jem-beqare\/#primaryimage"},"datePublished":"2011-09-10T16:38:59+00:00","dateModified":"2011-09-10T16:38:59+00:00","author":{"@id":"https:\/\/www.visit-ulcinj.com\/blog\/#\/schema\/person\/dcab619c614d3038751c63bc2aadc06d"},"description":"Nj\u00eb ver\u00eb plot an gazhime, plane, takime, e thashetheme\u2026 E till\u00eb ka qen\u00eb k\u00ebt\u00eb vit stina e nxeht\u00eb p\u00ebr k\u00ebng\u00ebtaren Tuna Sejdi, e cila vjen sot n\u00eb nj\u00eb rr\u00ebfim","breadcrumb":{"@id":"https:\/\/www.visit-ulcinj.com\/blog\/2011\/09\/10\/tuna-sejdiu-gjithe-jeten-do-jem-beqare\/#breadcrumb"},"inLanguage":"en-US","potentialAction":[{"@type":"ReadAction","target":["https:\/\/www.visit-ulcinj.com\/blog\/2011\/09\/10\/tuna-sejdiu-gjithe-jeten-do-jem-beqare\/"]}]},{"@type":"BreadcrumbList","@id":"https:\/\/www.visit-ulcinj.com\/blog\/2011\/09\/10\/tuna-sejdiu-gjithe-jeten-do-jem-beqare\/#breadcrumb","itemListElement":[{"@type":"ListItem","position":1,"name":"Tuna Sejdiu gjith\u00eb jet\u00ebn do jem beqare"}]},{"@type":"Person","@id":"https:\/\/www.visit-ulcinj.com\/blog\/#\/schema\/person\/dcab619c614d3038751c63bc2aadc06d","name":"ulqini","sameAs":["http:\/\/www.visit-ulcinj.com"],"url":"https:\/\/www.visit-ulcinj.com\/blog\/author\/admin\/"}]}},"jetpack_featured_media_url":"","jetpack_sharing_enabled":true,"jetpack_shortlink":"https:\/\/wp.me\/pe6lTn-ddS","_links":{"self":[{"href":"https:\/\/www.visit-ulcinj.com\/blog\/wp-json\/wp\/v2\/posts\/50832"}],"collection":[{"href":"https:\/\/www.visit-ulcinj.com\/blog\/wp-json\/wp\/v2\/posts"}],"about":[{"href":"https:\/\/www.visit-ulcinj.com\/blog\/wp-json\/wp\/v2\/types\/post"}],"author":[{"embeddable":true,"href":"https:\/\/www.visit-ulcinj.com\/blog\/wp-json\/wp\/v2\/users\/1"}],"replies":[{"embeddable":true,"href":"https:\/\/www.visit-ulcinj.com\/blog\/wp-json\/wp\/v2\/comments?post=50832"}],"version-history":[{"count":2,"href":"https:\/\/www.visit-ulcinj.com\/blog\/wp-json\/wp\/v2\/posts\/50832\/revisions"}],"predecessor-version":[{"id":51180,"href":"https:\/\/www.visit-ulcinj.com\/blog\/wp-json\/wp\/v2\/posts\/50832\/revisions\/51180"}],"wp:attachment":[{"href":"https:\/\/www.visit-ulcinj.com\/blog\/wp-json\/wp\/v2\/media?parent=50832"}],"wp:term":[{"taxonomy":"category","embeddable":true,"href":"https:\/\/www.visit-ulcinj.com\/blog\/wp-json\/wp\/v2\/categories?post=50832"},{"taxonomy":"post_tag","embeddable":true,"href":"https:\/\/www.visit-ulcinj.com\/blog\/wp-json\/wp\/v2\/tags?post=50832"}],"curies":[{"name":"wp","href":"https:\/\/api.w.org\/{rel}","templated":true}]}}