{"id":50840,"date":"2011-09-11T13:24:34","date_gmt":"2011-09-11T12:24:34","guid":{"rendered":"http:\/\/www.visit-ulcinj.com\/blog\/?p=50840"},"modified":"2011-09-11T13:24:34","modified_gmt":"2011-09-11T12:24:34","slug":"11-shtatori-10-vite-me-pas","status":"publish","type":"post","link":"https:\/\/www.visit-ulcinj.com\/blog\/2011\/09\/11\/11-shtatori-10-vite-me-pas\/","title":{"rendered":"11 SHTATORI &#8211; 10 VITE M\u00cb PAS"},"content":{"rendered":"<p><a href=\"http:\/\/www.visit-ulcinj.com\/blog\/wp-content\/uploads\/2011\/09\/11-SHTATORI-10-VITE-M%C3%8B-PAS.jpg\"><img loading=\"lazy\" class=\"alignleft size-full wp-image-50841\" title=\"11 SHTATORI- 10 VITE M\u00cb PAS\" src=\"http:\/\/www.visit-ulcinj.com\/blog\/wp-content\/uploads\/2011\/09\/11-SHTATORI-10-VITE-M%C3%8B-PAS.jpg\" alt=\"\" width=\"330\" height=\"270\" \/><\/a>Para dhjet\u00eb viteve,me 11 shtator 2001, Shtetet e Bashkuara t\u00eb Amerik\u00ebs\u00a0 p\u00ebrjetuan nj\u00eb nd\u00ebr sulmet m\u00eb barbare terroriste q\u00eb njeh ndonj\u00ebher\u00eb historia e k\u00ebtij vendi, me \u00e7\u2019rast humb\u00ebn jet\u00ebn rreth tre mij\u00eb njer\u00ebz t\u00eb pafajsh\u00ebm.Me plot\u00eb t\u00eb drejt\u00eb \u00ebsht\u00eb shkruar dhe folur shum\u00eb p\u00ebr k\u00ebt\u00eb ngjarje tragjike t\u00eb fillimit t\u00eb shekullit 21.<\/p>\n<p>Megjithate, ka di\u00e7ka t\u00eb ve\u00e7ant\u00eb dhe unike p\u00ebr sulmin e 11 shtatorit sa i p\u00ebrket diverzitetit t\u00eb viktimave q\u00eb p\u00ebsuan n\u00eb k\u00ebt\u00eb ngjarje tragjike. Ata u takonin disa besimeve fetare si t\u00eb\u00a0 besimit krishter\u00eb,ortodoks, mysliman, hebrej\u00eb, budist\u00eb, etj.Viktimat,gjithashtu ishin pjes\u00ebtar\u00eb t\u00eb t\u00eb gjitha racave njer\u00ebzore.Ata q\u00eb humb\u00ebn jet\u00ebn me 11 shtator ishin qytetar\u00eb t\u00eb mbi 60 vendeve t\u00eb ndryshme t\u00eb bot\u00ebs.<\/p>\n<p>Prandaj mund t\u00eb themi se sulmet e 11 shtatorit ishin sulme, jo vet\u00ebm ndaj popullit amerikan,por ishin sulme edhe ndaj secilit popull apo njeri i cili d\u00ebshiron t\u00eb jetoj\u00eb i lir\u00eb,t\u00eb praktikoj\u00eb besimin e vet, apo\u00a0 t\u2019i\u00a0 takoj\u00eb \u00e7far\u00eb do race,pa dallim. Pra,sulmi i 11 shtatorit ishte sulm kund\u00ebr \u00e7do populli liridash\u00ebs n\u00eb bot\u00eb.<\/p>\n<p>\u00c7do sulm terrorist ndaj popullit amerikan, \u00ebsht\u00eb sulm edhe ndaj popullit shqiptar<\/p>\n<p>Me rastin e sulmit terrorist t\u00eb 11 shtatorit, n\u00eb New York-ut,humb\u00ebn jet\u00ebn edhe kat\u00ebr shqiptar\u00eb:Viktor Sara\u00e7ini\u00a0 (pilot n\u00eb nj\u00eb prej kat\u00ebr avion\u00ebve t\u00eb rr\u00ebmbyer nga terrorist\u00ebt), Rrok Camaj, Mon Gjonbalaj dhe Simon Dedvukaj. Ky i fundit ishte vet\u00ebm 26 vje\u00e7. Kjo ishte humbje e madhe,n\u00eb rradh\u00eb t\u00eb par\u00eb, p\u00ebr an\u00ebtar\u00ebt e familjeve\u00a0 s\u00eb tyre,por nj\u00ebkoh\u00ebsisht ishte humbje edhe p\u00ebr komunitetin shqiptar n\u00eb SHBA, si dhe p\u00ebr popullin shqiptar n\u00eb p\u00ebrgjith\u00ebsi. Por kjo nuk \u00ebsht\u00eb e vetmja arsy se pse sulmi terrorist ndaj popullit amerikan \u00ebsht\u00eb edhe sulm ndaj popullit shqiptar. SHBA jan\u00eb aleati dhe miku i vertet\u00eb\u00a0 i shqiptar\u00ebve i cili n\u2019a \u00ebsht\u00eb gjetur pran\u00eb disa her\u00eb gjat\u00eb koh\u00ebve t\u00eb v\u00ebshtira t\u00eb historis\u00eb s\u00eb popullit ton\u00eb. Prandaj, edhe shqiptar\u00ebt, dhimjen e popullit amerikan duhen t\u2019a ndijejn\u00eb si dhemjen e vet.<\/p>\n<p>Mund t\u00eb thuhet se 11 shtatori ndryshoj shum\u00eb \u00e7ka , por ajo q\u00eb nuk ndryshoj \u00ebsht\u00eb vendosm\u00ebria e popullit amerikan q\u00eb gjithnj\u00eb t\u00eb ndjek dhe t\u00eb vazhdoj\u00eb rrug\u00ebn e liris\u00eb,demokracis\u00eb dhe jo vet\u00ebm p\u00ebr popullin e vet, por edhe p\u00ebr t\u00eb gjith\u00eb ata popuj tjer\u00eb t\u00eb bot\u00ebs, ku sfidohen apo cenohen vlerat t\u00eb shenjta t\u00eb shoq\u00ebris\u00eb amerikane por edhe t\u00eb shoq\u00ebrive t\u00eb tjera demokratike n\u00eb bot\u00eb.<\/p>\n<p>N\u00eb k\u00ebt\u00eb p\u00ebrvjetor, kujtojm\u00eb bashkatdhetar\u00ebt tan\u00eb q\u00eb humb\u00ebn jet\u00ebn para dhjet\u00eb viteve , si dhe kujtojm\u00eb viktimat e tjera t\u00eb aktit terrorist t\u00eb 11 shtatorit si dhe akteve t\u00eb tjera terroriste n\u00eb mbar\u00eb globin tok\u00ebsor.<\/p>\n<p>E dhasht\u00eb zoti q\u00eb asnj\u00ebher\u00eb t\u00eb mos p\u00ebrs\u00ebriten akte t\u00eb tilla urrejtjeje,por q\u00eb dashuria,paqa, toleranca dhe mir\u00ebkuptimi t\u00eb dominoj\u00eb \u00e7doher\u00eb n\u00eb mendjet dhe zemrat e njer\u00ebzve.<\/p>\n<p><strong>Xheladin Zeneli\u00a0\u00a0\u00a0\u00a0\u00a0\u00a0\u00a0\u00a0\u00a0\u00a0\u00a0\u00a0\u00a0\u00a0\u00a0\u00a0\u00a0\u00a0\u00a0\u00a0\u00a0\u00a0\u00a0\u00a0\u00a0\u00a0\u00a0\u00a0\u00a0\u00a0\u00a0\u00a0\u00a0\u00a0\u00a0\u00a0\u00a0\u00a0\u00a0\u00a0\u00a0\u00a0\u00a0\u00a0\u00a0\u00a0\u00a0\u00a0\u00a0\u00a0\u00a0\u00a0\u00a0\u00a0\u00a0\u00a0\u00a0\u00a0\u00a0\u00a0\u00a0\u00a0\u00a0\u00a0\u00a0\u00a0\u00a0\u00a0\u00a0\u00a0\u00a0\u00a0\u00a0\u00a0\u00a0\u00a0\u00a0\u00a0\u00a0\u00a0\u00a0 Shtator 2011<\/strong><\/p>\n<p><strong> New York<\/strong><\/p>\n","protected":false},"excerpt":{"rendered":"<p>Para dhjet\u00eb viteve,me 11 shtator 2001, Shtetet e Bashkuara t\u00eb Amerik\u00ebs\u00a0 p\u00ebrjetuan nj\u00eb nd\u00ebr sulmet m\u00eb barbare terroriste q\u00eb njeh ndonj\u00ebher\u00eb historia e k\u00ebtij vendi, me \u00e7\u2019rast humb\u00ebn jet\u00ebn rreth tre mij\u00eb njer\u00ebz t\u00eb pafajsh\u00ebm.Me plot\u00eb t\u00eb drejt\u00eb \u00ebsht\u00eb shkruar dhe folur shum\u00eb p\u00ebr k\u00ebt\u00eb ngjarje tragjike t\u00eb fillimit t\u00eb shekullit 21. Megjithate, ka di\u00e7ka [&hellip;]<\/p>\n","protected":false},"author":1,"featured_media":0,"comment_status":"open","ping_status":"closed","sticky":false,"template":"","format":"standard","meta":{"spay_email":"","jetpack_publicize_message":"","jetpack_is_tweetstorm":false,"jetpack_publicize_feature_enabled":true},"categories":[14249],"tags":[5629,19090],"jetpack_publicize_connections":[],"yoast_head":"<!-- This site is optimized with the Yoast SEO plugin v19.1 - https:\/\/yoast.com\/wordpress\/plugins\/seo\/ -->\n<title>11 SHTATORI - 10 VITE M\u00cb PAS - Lajme nga Ulqini<\/title>\n<meta name=\"description\" content=\"Para dhjet\u00eb viteve,me 11 shtator 2001, Shtetet e Bashkuara t\u00eb Amerik\u00ebs\u00a0 p\u00ebrjetuan nj\u00eb nd\u00ebr sulmet m\u00eb barbare terroriste q\u00eb njeh ndonj\u00ebher\u00eb historia e\" \/>\n<meta name=\"robots\" content=\"index, follow, max-snippet:-1, max-image-preview:large, max-video-preview:-1\" \/>\n<link rel=\"canonical\" href=\"https:\/\/www.visit-ulcinj.com\/blog\/2011\/09\/11\/11-shtatori-10-vite-me-pas\/\" \/>\n<meta property=\"og:locale\" content=\"en_US\" \/>\n<meta property=\"og:type\" content=\"article\" \/>\n<meta property=\"og:title\" content=\"11 SHTATORI - 10 VITE M\u00cb PAS - Lajme nga Ulqini\" \/>\n<meta property=\"og:description\" content=\"Para dhjet\u00eb viteve,me 11 shtator 2001, Shtetet e Bashkuara t\u00eb Amerik\u00ebs\u00a0 p\u00ebrjetuan nj\u00eb nd\u00ebr sulmet m\u00eb barbare terroriste q\u00eb njeh ndonj\u00ebher\u00eb historia e\" \/>\n<meta property=\"og:url\" content=\"https:\/\/www.visit-ulcinj.com\/blog\/2011\/09\/11\/11-shtatori-10-vite-me-pas\/\" \/>\n<meta property=\"og:site_name\" content=\"Lajme nga Ulqini\" \/>\n<meta property=\"article:published_time\" content=\"2011-09-11T12:24:34+00:00\" \/>\n<meta property=\"og:image\" content=\"http:\/\/www.visit-ulcinj.com\/blog\/wp-content\/uploads\/2011\/09\/11-SHTATORI-10-VITE-M%C3%8B-PAS.jpg\" \/>\n<meta name=\"twitter:label1\" content=\"Written by\" \/>\n\t<meta name=\"twitter:data1\" content=\"ulqini\" \/>\n\t<meta name=\"twitter:label2\" content=\"Est. reading time\" \/>\n\t<meta name=\"twitter:data2\" content=\"3 minutes\" \/>\n<script type=\"application\/ld+json\" class=\"yoast-schema-graph\">{\"@context\":\"https:\/\/schema.org\",\"@graph\":[{\"@type\":\"WebSite\",\"@id\":\"https:\/\/www.visit-ulcinj.com\/blog\/#website\",\"url\":\"https:\/\/www.visit-ulcinj.com\/blog\/\",\"name\":\"Lajme nga Ulqini\",\"description\":\"Lajme,Vijesti,Ulqini,Ulqin,Crna Gora,Mali i Zi\",\"potentialAction\":[{\"@type\":\"SearchAction\",\"target\":{\"@type\":\"EntryPoint\",\"urlTemplate\":\"https:\/\/www.visit-ulcinj.com\/blog\/?s={search_term_string}\"},\"query-input\":\"required name=search_term_string\"}],\"inLanguage\":\"en-US\"},{\"@type\":\"ImageObject\",\"inLanguage\":\"en-US\",\"@id\":\"https:\/\/www.visit-ulcinj.com\/blog\/2011\/09\/11\/11-shtatori-10-vite-me-pas\/#primaryimage\",\"url\":\"http:\/\/www.visit-ulcinj.com\/blog\/wp-content\/uploads\/2011\/09\/11-SHTATORI-10-VITE-M%C3%8B-PAS.jpg\",\"contentUrl\":\"http:\/\/www.visit-ulcinj.com\/blog\/wp-content\/uploads\/2011\/09\/11-SHTATORI-10-VITE-M%C3%8B-PAS.jpg\"},{\"@type\":\"WebPage\",\"@id\":\"https:\/\/www.visit-ulcinj.com\/blog\/2011\/09\/11\/11-shtatori-10-vite-me-pas\/#webpage\",\"url\":\"https:\/\/www.visit-ulcinj.com\/blog\/2011\/09\/11\/11-shtatori-10-vite-me-pas\/\",\"name\":\"11 SHTATORI - 10 VITE M\u00cb PAS - Lajme nga Ulqini\",\"isPartOf\":{\"@id\":\"https:\/\/www.visit-ulcinj.com\/blog\/#website\"},\"primaryImageOfPage\":{\"@id\":\"https:\/\/www.visit-ulcinj.com\/blog\/2011\/09\/11\/11-shtatori-10-vite-me-pas\/#primaryimage\"},\"datePublished\":\"2011-09-11T12:24:34+00:00\",\"dateModified\":\"2011-09-11T12:24:34+00:00\",\"author\":{\"@id\":\"https:\/\/www.visit-ulcinj.com\/blog\/#\/schema\/person\/dcab619c614d3038751c63bc2aadc06d\"},\"description\":\"Para dhjet\u00eb viteve,me 11 shtator 2001, Shtetet e Bashkuara t\u00eb Amerik\u00ebs\u00a0 p\u00ebrjetuan nj\u00eb nd\u00ebr sulmet m\u00eb barbare terroriste q\u00eb njeh ndonj\u00ebher\u00eb historia e\",\"breadcrumb\":{\"@id\":\"https:\/\/www.visit-ulcinj.com\/blog\/2011\/09\/11\/11-shtatori-10-vite-me-pas\/#breadcrumb\"},\"inLanguage\":\"en-US\",\"potentialAction\":[{\"@type\":\"ReadAction\",\"target\":[\"https:\/\/www.visit-ulcinj.com\/blog\/2011\/09\/11\/11-shtatori-10-vite-me-pas\/\"]}]},{\"@type\":\"BreadcrumbList\",\"@id\":\"https:\/\/www.visit-ulcinj.com\/blog\/2011\/09\/11\/11-shtatori-10-vite-me-pas\/#breadcrumb\",\"itemListElement\":[{\"@type\":\"ListItem\",\"position\":1,\"name\":\"11 SHTATORI &#8211; 10 VITE M\u00cb PAS\"}]},{\"@type\":\"Person\",\"@id\":\"https:\/\/www.visit-ulcinj.com\/blog\/#\/schema\/person\/dcab619c614d3038751c63bc2aadc06d\",\"name\":\"ulqini\",\"sameAs\":[\"http:\/\/www.visit-ulcinj.com\"],\"url\":\"https:\/\/www.visit-ulcinj.com\/blog\/author\/admin\/\"}]}<\/script>\n<!-- \/ Yoast SEO plugin. -->","yoast_head_json":{"title":"11 SHTATORI - 10 VITE M\u00cb PAS - Lajme nga Ulqini","description":"Para dhjet\u00eb viteve,me 11 shtator 2001, Shtetet e Bashkuara t\u00eb Amerik\u00ebs\u00a0 p\u00ebrjetuan nj\u00eb nd\u00ebr sulmet m\u00eb barbare terroriste q\u00eb njeh ndonj\u00ebher\u00eb historia e","robots":{"index":"index","follow":"follow","max-snippet":"max-snippet:-1","max-image-preview":"max-image-preview:large","max-video-preview":"max-video-preview:-1"},"canonical":"https:\/\/www.visit-ulcinj.com\/blog\/2011\/09\/11\/11-shtatori-10-vite-me-pas\/","og_locale":"en_US","og_type":"article","og_title":"11 SHTATORI - 10 VITE M\u00cb PAS - Lajme nga Ulqini","og_description":"Para dhjet\u00eb viteve,me 11 shtator 2001, Shtetet e Bashkuara t\u00eb Amerik\u00ebs\u00a0 p\u00ebrjetuan nj\u00eb nd\u00ebr sulmet m\u00eb barbare terroriste q\u00eb njeh ndonj\u00ebher\u00eb historia e","og_url":"https:\/\/www.visit-ulcinj.com\/blog\/2011\/09\/11\/11-shtatori-10-vite-me-pas\/","og_site_name":"Lajme nga Ulqini","article_published_time":"2011-09-11T12:24:34+00:00","og_image":[{"url":"http:\/\/www.visit-ulcinj.com\/blog\/wp-content\/uploads\/2011\/09\/11-SHTATORI-10-VITE-M%C3%8B-PAS.jpg"}],"twitter_misc":{"Written by":"ulqini","Est. reading time":"3 minutes"},"schema":{"@context":"https:\/\/schema.org","@graph":[{"@type":"WebSite","@id":"https:\/\/www.visit-ulcinj.com\/blog\/#website","url":"https:\/\/www.visit-ulcinj.com\/blog\/","name":"Lajme nga Ulqini","description":"Lajme,Vijesti,Ulqini,Ulqin,Crna Gora,Mali i Zi","potentialAction":[{"@type":"SearchAction","target":{"@type":"EntryPoint","urlTemplate":"https:\/\/www.visit-ulcinj.com\/blog\/?s={search_term_string}"},"query-input":"required name=search_term_string"}],"inLanguage":"en-US"},{"@type":"ImageObject","inLanguage":"en-US","@id":"https:\/\/www.visit-ulcinj.com\/blog\/2011\/09\/11\/11-shtatori-10-vite-me-pas\/#primaryimage","url":"http:\/\/www.visit-ulcinj.com\/blog\/wp-content\/uploads\/2011\/09\/11-SHTATORI-10-VITE-M%C3%8B-PAS.jpg","contentUrl":"http:\/\/www.visit-ulcinj.com\/blog\/wp-content\/uploads\/2011\/09\/11-SHTATORI-10-VITE-M%C3%8B-PAS.jpg"},{"@type":"WebPage","@id":"https:\/\/www.visit-ulcinj.com\/blog\/2011\/09\/11\/11-shtatori-10-vite-me-pas\/#webpage","url":"https:\/\/www.visit-ulcinj.com\/blog\/2011\/09\/11\/11-shtatori-10-vite-me-pas\/","name":"11 SHTATORI - 10 VITE M\u00cb PAS - Lajme nga Ulqini","isPartOf":{"@id":"https:\/\/www.visit-ulcinj.com\/blog\/#website"},"primaryImageOfPage":{"@id":"https:\/\/www.visit-ulcinj.com\/blog\/2011\/09\/11\/11-shtatori-10-vite-me-pas\/#primaryimage"},"datePublished":"2011-09-11T12:24:34+00:00","dateModified":"2011-09-11T12:24:34+00:00","author":{"@id":"https:\/\/www.visit-ulcinj.com\/blog\/#\/schema\/person\/dcab619c614d3038751c63bc2aadc06d"},"description":"Para dhjet\u00eb viteve,me 11 shtator 2001, Shtetet e Bashkuara t\u00eb Amerik\u00ebs\u00a0 p\u00ebrjetuan nj\u00eb nd\u00ebr sulmet m\u00eb barbare terroriste q\u00eb njeh ndonj\u00ebher\u00eb historia e","breadcrumb":{"@id":"https:\/\/www.visit-ulcinj.com\/blog\/2011\/09\/11\/11-shtatori-10-vite-me-pas\/#breadcrumb"},"inLanguage":"en-US","potentialAction":[{"@type":"ReadAction","target":["https:\/\/www.visit-ulcinj.com\/blog\/2011\/09\/11\/11-shtatori-10-vite-me-pas\/"]}]},{"@type":"BreadcrumbList","@id":"https:\/\/www.visit-ulcinj.com\/blog\/2011\/09\/11\/11-shtatori-10-vite-me-pas\/#breadcrumb","itemListElement":[{"@type":"ListItem","position":1,"name":"11 SHTATORI &#8211; 10 VITE M\u00cb PAS"}]},{"@type":"Person","@id":"https:\/\/www.visit-ulcinj.com\/blog\/#\/schema\/person\/dcab619c614d3038751c63bc2aadc06d","name":"ulqini","sameAs":["http:\/\/www.visit-ulcinj.com"],"url":"https:\/\/www.visit-ulcinj.com\/blog\/author\/admin\/"}]}},"jetpack_featured_media_url":"","jetpack_sharing_enabled":true,"jetpack_shortlink":"https:\/\/wp.me\/pe6lTn-de0","_links":{"self":[{"href":"https:\/\/www.visit-ulcinj.com\/blog\/wp-json\/wp\/v2\/posts\/50840"}],"collection":[{"href":"https:\/\/www.visit-ulcinj.com\/blog\/wp-json\/wp\/v2\/posts"}],"about":[{"href":"https:\/\/www.visit-ulcinj.com\/blog\/wp-json\/wp\/v2\/types\/post"}],"author":[{"embeddable":true,"href":"https:\/\/www.visit-ulcinj.com\/blog\/wp-json\/wp\/v2\/users\/1"}],"replies":[{"embeddable":true,"href":"https:\/\/www.visit-ulcinj.com\/blog\/wp-json\/wp\/v2\/comments?post=50840"}],"version-history":[{"count":1,"href":"https:\/\/www.visit-ulcinj.com\/blog\/wp-json\/wp\/v2\/posts\/50840\/revisions"}],"predecessor-version":[{"id":50842,"href":"https:\/\/www.visit-ulcinj.com\/blog\/wp-json\/wp\/v2\/posts\/50840\/revisions\/50842"}],"wp:attachment":[{"href":"https:\/\/www.visit-ulcinj.com\/blog\/wp-json\/wp\/v2\/media?parent=50840"}],"wp:term":[{"taxonomy":"category","embeddable":true,"href":"https:\/\/www.visit-ulcinj.com\/blog\/wp-json\/wp\/v2\/categories?post=50840"},{"taxonomy":"post_tag","embeddable":true,"href":"https:\/\/www.visit-ulcinj.com\/blog\/wp-json\/wp\/v2\/tags?post=50840"}],"curies":[{"name":"wp","href":"https:\/\/api.w.org\/{rel}","templated":true}]}}