{"id":50854,"date":"2011-09-12T15:29:16","date_gmt":"2011-09-12T14:29:16","guid":{"rendered":"http:\/\/www.visit-ulcinj.com\/blog\/?p=50854"},"modified":"2011-09-14T08:25:10","modified_gmt":"2011-09-14T07:25:10","slug":"ulqini-cdo-vit-po-perjeton-rritje-te-numrit-te-turisteve","status":"publish","type":"post","link":"https:\/\/www.visit-ulcinj.com\/blog\/2011\/09\/12\/ulqini-cdo-vit-po-perjeton-rritje-te-numrit-te-turisteve\/","title":{"rendered":"Ulqini \u00e7do vit po p\u00ebrjeton rritje t\u00eb numrit t\u00eb turist\u00ebve"},"content":{"rendered":"<p><strong><a href=\"http:\/\/www.visit-ulcinj.com\/blog\/wp-content\/uploads\/2011\/09\/Ulqini-Destinacioni-m%C3%AB-atraktiv-p%C3%ABr-turist%C3%ABt.jpg\"><img loading=\"lazy\" class=\"alignleft size-full wp-image-50858\" title=\"Ulqini Destinacioni m\u00eb atraktiv p\u00ebr turist\u00ebt\" src=\"http:\/\/www.visit-ulcinj.com\/blog\/wp-content\/uploads\/2011\/09\/Ulqini-Destinacioni-m%C3%AB-atraktiv-p%C3%ABr-turist%C3%ABt.jpg\" alt=\"\" width=\"508\" height=\"380\" \/><\/a>Destinacioni m\u00eb atraktiv p\u00ebr turist\u00ebt n\u00eb rajon<\/strong><\/p>\n<p><strong>Ulqin, 12 shtator <\/strong><\/p>\n<p>Temperaturat e larta kan\u00eb ndikuar q\u00eb edhe n\u00eb gjysm\u00ebn e par\u00eb t\u00eb muajit shtator plazhet e Ulqinit, vazhdojn\u00eb t\u00eb vlojn\u00eb nga qindra e mij\u00ebra turist\u00eb. K\u00ebt\u00eb e ka mund\u00ebsuar koha shum\u00eb e mir\u00eb,e cila po rrit apetitin e turist\u00ebve q\u00eb t\u00eb shijojn\u00eb\u00a0 bukurit, plazhet dhe t\u00eb mirat tjera t\u00eb bregdetit t\u00eb Ulqinit.<\/p>\n<p>Plazhi Rana q\u00eb n\u00eb qytet quhet plazhi vog\u00ebl dhe plazhi i Shtoit, q\u00eb nd\u00ebr turist\u00ebt quhet plazhi i madh, shihen qindra turist\u00eb q\u00eb po shijojn\u00eb r\u00ebr\u00ebn, ujin dhe diellin. N\u00eb\u00a0 32.7 kilometra plazhe dhe qytetin n\u00eb fjal\u00eb shihen shum\u00eb turist\u00eb jo vet\u00ebm nga Kosova, por edhe nga shtete t\u00eb ndryshme t\u00eb Evrop\u00ebs q\u00eb p\u00eblqejn\u00eb k\u00ebt\u00eb rajon p\u00ebr pushim. Sipas tyre jo vet\u00ebm kushtet e mira, por edhe \u00e7mimet e volitshme ndikojn\u00eb q\u00eb t\u00eb ken\u00eb Ulqinin destinacion kryesor p\u00ebr pushime e ku \u00e7do vit ndikojn\u00eb edhe tek familjar\u00ebt e tyre q\u00eb t\u00eb pushojn\u00eb n\u00eb Ulqin.<\/p>\n<p>N\u00eb baz\u00eb t\u00eb disa analizave jo zyrtare n\u00eb plazhet e Ulqinit sivjet kan\u00eb qen\u00eb rreth nj\u00eb milion\u00eb turist\u00eb, apo brenda nj\u00eb nate rreth 10 mij\u00eb sosh. Por num\u00ebr i madh i tyre nuk jan\u00eb regjistruar. N\u00eb Ulqin \u00e7do vit numri i turist\u00ebve po sh\u00ebnon ngritje<\/p>\n<p><a href=\"http:\/\/www.visit-ulcinj.com\/blog\/wp-content\/uploads\/2011\/09\/Ali-Redza_drejtor-i-OTU.jpg\"><img loading=\"lazy\" class=\"alignleft size-medium wp-image-50859\" title=\"Ali-Redza_drejtor i OTU\" src=\"http:\/\/www.visit-ulcinj.com\/blog\/wp-content\/uploads\/2011\/09\/Ali-Redza_drejtor-i-OTU-261x300.jpg\" alt=\"\" width=\"261\" height=\"300\" srcset=\"https:\/\/www.visit-ulcinj.com\/blog\/wp-content\/uploads\/2011\/09\/Ali-Redza_drejtor-i-OTU-261x300.jpg 261w, https:\/\/www.visit-ulcinj.com\/blog\/wp-content\/uploads\/2011\/09\/Ali-Redza_drejtor-i-OTU.jpg 522w\" sizes=\"(max-width: 261px) 100vw, 261px\" \/><\/a>Ulqini, qytet n\u00eb jug\u00eb t\u00eb Malit t\u00eb Zi, me 32.7 kilometra bregdet, prej tyre18 plazhe t\u00eb rregulluara, me mbi 260 dit\u00eb me diell gjat\u00eb vitit. Ka p\u00ebrputhje\u00a0 ideale t\u00eb lindje dhe per\u00ebndimit, e modernes dhe historikes, nj\u00eb nd\u00ebr destinacionet m\u00eb atraktive. Mozaiku\u00a0 natyror i Ulqinit \u00ebsht\u00eb i p\u00ebrb\u00ebr\u00eb nga lumi Buna, deti Adriatik, liqeni i Shasit, ullinjt\u00eb qindvje\u00e7ar\u00eb me gjirin e Valdanosirt, ishullit magjeps Ada dhe vegjetacionit t\u00eb pasur n\u00eb \u00e7do hap\u00eb.<\/p>\n<p>Ali Rexha, drejtor i Organizat\u00ebs Turistike t\u00eb Ulqinit, tha se turizmi sivjet ishte i shk\u00eblqyer. \u201cKemi nj\u00eb pasur nj\u00eb para sezon t\u00eb mir\u00eb, sezon t\u00eb mrekullueshme dhe nj\u00eb pas sezon shum\u00eb t\u00eb mir\u00eb dhe tashm\u00eb t\u00eb gjitha hotelet jan\u00eb plot\u00eb p\u00ebr plot\u00eb me turist\u00eb nga Kosova dhe vende t\u00eb ndryshme t\u00eb rajonit dhe m\u00eb gjer\u00eb\u201d, tha drejtori i OTU-s\u00eb. Sipas tij po ashtu turist\u00eb ka shum\u00eb edhe n\u00ebp\u00ebr sht\u00ebpi private. Edhe pse jemi n\u00eb gjysm\u00ebn e shtatorit plazhet, hotelet dhe banesat jan\u00eb plot\u00eb me turist\u00eb, kjo gj\u00eb mund edhe t\u00eb shihet nga syri. \u201cKoha e mir\u00eb ka ndikuar q\u00eb edhe n\u00eb k\u00ebt\u00eb muaj t\u00eb kemi\u00a0 turiz\u00ebm t\u00eb mrekulluesh\u00ebm. Nj\u00eb gj\u00eb tjet\u00ebr \u00ebsht\u00eb edhe politika e \u00e7mimeve e cila \u00ebsht\u00eb m\u00eb e ul\u00ebt dhe se turist\u00ebt po e shfryt\u00ebzojn\u00eb k\u00ebto dy gj\u00ebra p\u00ebr pushime\u201d, tha Ali Rexha.\u00a0 Ai p\u00ebrmendi se nj\u00ebri nd\u00ebr faktor\u00ebt kryesor t\u00eb rrit\u00ebs s\u00eb turizmit \u00ebsht\u00eb\u00a0 edhe Rruga e Kombit, e cila e ka afruar Ulqinin af\u00ebr Kosov\u00ebs. Tash disa vjet kosovar\u00ebt jan\u00eb n\u00eb maj\u00eb t\u00eb list\u00ebs q\u00eb i prijn\u00eb numrit m\u00eb t\u00eb madh t\u00eb turist\u00ebve n\u00eb Ulqin.<\/p>\n<p>\u201cNumri i turist\u00ebve n\u00eb krahasim me vitin e kaluar \u00ebsht\u00eb shum\u00eb m\u00eb i madh, por akoma nuk kemi numrin total t\u00eb tyre, kur dihet se num\u00ebr i madh i tyre nuk regjistrohen fare\u201d, tha drejtori i OTU-s\u00eb.\u00a0 Sipas Ali Rexh\u00ebs numri i turist\u00ebve \u00ebsht\u00eb rritur sidomos nga shtetet e rajonit dhe m\u00eb gjer ku Organizata Turistike e Ulqinit, ka b\u00ebr\u00eb promovimin n\u00eb panaire t\u00eb ndryshme. Turist\u00ebt e huaj e kan\u00eb shtruar numrin dhe vitin tjet\u00ebr do t\u00eb dyfishohen. Turist\u00eb kishte dhe akoma ka nga Bosna dhe Hercegovina,Gjermania, Polonia, \u00c7ekia, Sllovakia, Hungaria, Italia dhe ka pasur edhe nga Rusia e vend tjera.<\/p>\n<p>Nga ana tjet\u00ebr edhe pronar\u00ebt e hoteleve e vler\u00ebsojn\u00eb\u00a0 turizmin sivjet si shum\u00eb t\u00eb suksessh\u00ebm dhe tregojn\u00eb se hotelet e tyre jan\u00eb p\u00ebrplot me turist\u00eb.<\/p>\n<p><a href=\"http:\/\/www.visit-ulcinj.com\/blog\/wp-content\/uploads\/2011\/09\/Hotel-Mediteran-Resort-Ulqin1.jpg\"><img loading=\"lazy\" class=\"alignleft size-full wp-image-50860\" title=\"Hotel Mediteran Resort Ulqin\" src=\"http:\/\/www.visit-ulcinj.com\/blog\/wp-content\/uploads\/2011\/09\/Hotel-Mediteran-Resort-Ulqin1.jpg\" alt=\"\" width=\"508\" height=\"340\" \/><\/a><\/p>\n<p>Nj\u00ebri nd\u00ebr hotelet m\u00eb t\u00eb njohura n\u00eb Ulqin Hoteli \u201cMediteran resort\u201d, i cili gjendet pak metra lart plazhit Rana, k\u00ebto dit\u00eb shtatori ishte i mbushur me turist\u00eb kryesisht t\u00eb huaj. Turist\u00ebt nis\u00ebn \u00e7do dit\u00eb drejt plazhit t\u00eb vog\u00ebl, i cili duket si\u00a0n\u00eb shuplak\u00eb dore nga Hotel \u201cMediteran\u201d, ata posa shkoj\u00eb n\u00eb plazh vendosen n\u00eb shtret\u00ebr, p\u00ebr t\u00eb ikur nga vapa.<\/p>\n<p>Selatin Gjeloshi, drejtor i p\u00ebrgjithsh\u00ebm i Hotelit Mediteran Restort n\u00eb Ulqin, tha se jan\u00eb shum\u00eb t\u00eb k\u00ebnaqur me sezonin e sivjetshme turistike e cila akoma po vazhdon me\u00a0 num\u00ebr t\u00eb madh t\u00eb vizitor\u00ebve. \u201cSezona turistike 2011 p\u00ebr ne si hotel ka qen\u00eb shum\u00eb e suksesshme duke shpresuar se vitin tjet\u00ebr do t\u00eb korrim suksese t\u00eb reja. Hoteli jon\u00eb ofron kushte\u00a0komode p\u00ebr turist\u00ebt. N\u00eb pes\u00eb vilat e hotelit jan\u00eb 100 dhoma ku mund t\u00eb akomodohen rreth 400 turist\u00eb\u201d, tha drejtori e Hotelit \u201cMediteran\u201d Selatin Gjeloshi. Ai tregoi se \u00e7mimet jan\u00eb nj\u00ebjt\u00eb sikur vitin e kaluar. \u00c7do vit kemi rritje t\u00eb numrit t\u00eb turist\u00ebve dhe tash hoteli \u00ebsht\u00eb i mbushur me turist\u00eb sidomos t\u00eb huaj. M\u00eb s\u00eb shumti k\u00ebtu kishte turist\u00eb nga Poloni, Rumunia, Kosova e vendet tjera.\u00a0 Sipas tij p\u00ebr sukseset e rrit\u00ebs turistike, kan\u00eb ndikuar investimet e m\u00ebdha q\u00eb kan\u00eb b\u00ebr\u00eb, ku jan\u00eb p\u00ebrmir\u00ebsuar kushtet, derisa nga ana tjet\u00ebr nuk an\u00eb ngritur \u00e7mimet. Ai tregon nga hoteli se klient\u00ebt kan\u00eb shikim t\u00eb thell\u00eb kah Deti Adriatik dhe pjes\u00ebn m\u00eb arg\u00ebtuese\u00a0t\u00eb Ulqinit. Hoteli ka apartamente t\u00eb bukura me t\u00eb gjith\u00eb infrastruktur\u00ebn p\u00ebrcjell\u00ebse q\u00eb i duhet turist\u00ebve. Gjat\u00eb vitit do t\u00eb b\u00ebhen investime\u00a0n\u00eb p\u00ebrmir\u00ebsimin e kushteve m\u00eb komode.<\/p>\n<p>T\u2019i informojm\u00eb qytetar\u00ebt se ky hotel \u00ebsht\u00eb privatizuar\u00a0nga biznesmeni shqiptaro-amerikan Isa Beqoviq, i cili pritet t\u00eb nd\u00ebrtoj hotele me pes\u00eb yje. Ai k\u00ebto dit\u00eb pritet t\u00eb\u00a0 vij\u00eb n\u00eb Ulqin p\u00ebr disa dit\u00eb.<\/p>\n<p><a href=\"http:\/\/www.visit-ulcinj.com\/blog\/wp-content\/uploads\/2011\/09\/isat-dragovoja.jpg\"><img loading=\"lazy\" class=\"alignleft size-medium wp-image-50861\" title=\"isat-dragovoja\" src=\"http:\/\/www.visit-ulcinj.com\/blog\/wp-content\/uploads\/2011\/09\/isat-dragovoja-195x300.jpg\" alt=\"\" width=\"195\" height=\"300\" srcset=\"https:\/\/www.visit-ulcinj.com\/blog\/wp-content\/uploads\/2011\/09\/isat-dragovoja-195x300.jpg 195w, https:\/\/www.visit-ulcinj.com\/blog\/wp-content\/uploads\/2011\/09\/isat-dragovoja.jpg 395w\" sizes=\"(max-width: 195px) 100vw, 195px\" \/><\/a>Nd\u00ebrsa Isat Dragovoja, drejtor i shitjes n\u00eb\u00a0 Rivier\u00ebn e Ulqinit, e vler\u00ebson shum\u00eb shum\u00eb t\u00eb suksesshme sezonin turistike t\u00eb k\u00ebtij viti, apo m\u00eb t\u00eb mir\u00eb se vitin e kaluar. Sipas tij edhe n\u00eb k\u00ebto dit\u00eb t\u00eb shtatorit kan\u00eb shum\u00eb turist\u00eb n\u00eb hotelet e Rivier\u00ebs s\u00eb Ulqinit. Kosovar\u00ebt jan\u00eb\u00a0 turist\u00ebt m\u00eb besnik e t\u00eb cilit\u00a0 do t\u00eb\u00a0 vijn\u00eb p\u00ebrs\u00ebri n\u00eb Rivier\u00ebn e Ulqinit.<\/p>\n<p>\u201cKemi rritje t\u00eb numrit t\u00eb turist\u00ebve mbi 20 p\u00ebr qind, ku m\u00eb s\u00eb shumti kemi turist\u00eb nga \u00c7ekia, Kosova, Polonia, Gjermania e vende tjera. Akoma kemi num\u00ebr i madh t\u00eb turist\u00ebve dhe besojm\u00eb se koha e mir\u00eb do t\u00eb vazhdoi deri n\u00eb fund t\u00eb muajit dhe t\u00eb punojm\u00eb si deri m\u00eb sot\u201d, tha Isat Dragovoja. Sipas drejtorit t\u00eb shitjes kushtet\u00a0 jan\u00eb shum\u00eb t\u00eb mir\u00eb dhe cil\u00ebsore, por edhe \u00e7mimet e volitshme.<\/p>\n<p>&nbsp;<\/p>\n<p>Isat Dragovoja, tregon se Reviera e Ulqinit, ka n\u00eb menaxhim hotel Bellevue, Olympic dhe vilat Ada Bojana. \u00a0Sipas tij Ada nudistike ofron natyr\u00eb mahnit\u00ebse p\u00ebr naturista n\u00eb ishullin e parajs\u00ebs me 3 kilometra plazh ranore, apo 15 kilometra larg qendr\u00ebs. Ka kapacitete prej 600 shtret\u00ebrve me t\u00eb gjith\u00eb infrastruktur\u00ebn p\u00ebrcjell\u00ebse moderne. Olympiku, \u00ebsht\u00eb nj\u00eb parajs\u00eb\u00a0 e v\u00ebrtet\u00eb p\u00ebr familje dhe oaz\u00eb p\u00ebr sportist\u00eb me 13 kilometra plazhi ranor dhe me kapacitet 262 shtret\u00ebr me gjith\u00eb infrastruktur\u00ebn p\u00ebrcjell\u00ebse moderne e rrethuar me pisha. Bellevue, \u00ebsht\u00eb nj\u00eb vend ideal p\u00ebr pushim, rekreacion dhe mbledhjen e grupeve t\u00eb m\u00ebdha me plazhin e saj ranor i rrethuar nga parku dhe pylli i pishave. Kapacitete jan\u00eb mbi 700 shtret\u00ebr \u00a0me gjith\u00eb infrastruktur\u00ebn moderne.<\/p>\n<p><strong>Besim Toska<\/strong><strong><br \/>\nwww.ylli.i<\/strong><wbr><strong>nfo<\/strong><br \/>\n<!--YouTube Error: bad URL entered--><\/wbr><\/p>\n","protected":false},"excerpt":{"rendered":"<p>Destinacioni m\u00eb atraktiv p\u00ebr turist\u00ebt n\u00eb rajon Ulqin, 12 shtator Temperaturat e larta kan\u00eb ndikuar q\u00eb edhe n\u00eb gjysm\u00ebn e par\u00eb t\u00eb muajit shtator plazhet e Ulqinit, vazhdojn\u00eb t\u00eb vlojn\u00eb nga qindra e mij\u00ebra turist\u00eb. K\u00ebt\u00eb e ka mund\u00ebsuar koha shum\u00eb e mir\u00eb,e cila po rrit apetitin e turist\u00ebve q\u00eb t\u00eb shijojn\u00eb\u00a0 bukurit, plazhet dhe [&hellip;]<\/p>\n","protected":false},"author":1,"featured_media":0,"comment_status":"open","ping_status":"closed","sticky":false,"template":"","format":"standard","meta":{"spay_email":"","jetpack_publicize_message":"","jetpack_is_tweetstorm":false,"jetpack_publicize_feature_enabled":true},"categories":[1,14],"tags":[8870,14887,18],"jetpack_publicize_connections":[],"yoast_head":"<!-- This site is optimized with the Yoast SEO plugin v19.1 - https:\/\/yoast.com\/wordpress\/plugins\/seo\/ -->\n<title>Ulqini \u00e7do vit po p\u00ebrjeton rritje t\u00eb numrit t\u00eb turist\u00ebve - Lajme nga Ulqini<\/title>\n<meta name=\"description\" content=\"Destinacioni m\u00eb atraktiv p\u00ebr turist\u00ebt n\u00eb rajon Ulqin, 12 shtator Temperaturat e larta kan\u00eb ndikuar q\u00eb edhe n\u00eb gjysm\u00ebn e par\u00eb t\u00eb muajit shtator plazhet e\" \/>\n<meta name=\"robots\" content=\"index, follow, max-snippet:-1, max-image-preview:large, max-video-preview:-1\" \/>\n<link rel=\"canonical\" href=\"https:\/\/www.visit-ulcinj.com\/blog\/2011\/09\/12\/ulqini-cdo-vit-po-perjeton-rritje-te-numrit-te-turisteve\/\" \/>\n<meta property=\"og:locale\" content=\"en_US\" \/>\n<meta property=\"og:type\" content=\"article\" \/>\n<meta property=\"og:title\" content=\"Ulqini \u00e7do vit po p\u00ebrjeton rritje t\u00eb numrit t\u00eb turist\u00ebve - Lajme nga Ulqini\" \/>\n<meta property=\"og:description\" content=\"Destinacioni m\u00eb atraktiv p\u00ebr turist\u00ebt n\u00eb rajon Ulqin, 12 shtator Temperaturat e larta kan\u00eb ndikuar q\u00eb edhe n\u00eb gjysm\u00ebn e par\u00eb t\u00eb muajit shtator plazhet e\" \/>\n<meta property=\"og:url\" content=\"https:\/\/www.visit-ulcinj.com\/blog\/2011\/09\/12\/ulqini-cdo-vit-po-perjeton-rritje-te-numrit-te-turisteve\/\" \/>\n<meta property=\"og:site_name\" content=\"Lajme nga Ulqini\" \/>\n<meta property=\"article:published_time\" content=\"2011-09-12T14:29:16+00:00\" \/>\n<meta property=\"article:modified_time\" content=\"2011-09-14T07:25:10+00:00\" \/>\n<meta property=\"og:image\" content=\"http:\/\/www.visit-ulcinj.com\/blog\/wp-content\/uploads\/2011\/09\/Ulqini-Destinacioni-m%C3%AB-atraktiv-p%C3%ABr-turist%C3%ABt.jpg\" \/>\n<meta name=\"twitter:label1\" content=\"Written by\" \/>\n\t<meta name=\"twitter:data1\" content=\"ulqini\" \/>\n\t<meta name=\"twitter:label2\" content=\"Est. reading time\" \/>\n\t<meta name=\"twitter:data2\" content=\"6 minutes\" \/>\n<script type=\"application\/ld+json\" class=\"yoast-schema-graph\">{\"@context\":\"https:\/\/schema.org\",\"@graph\":[{\"@type\":\"WebSite\",\"@id\":\"https:\/\/www.visit-ulcinj.com\/blog\/#website\",\"url\":\"https:\/\/www.visit-ulcinj.com\/blog\/\",\"name\":\"Lajme nga Ulqini\",\"description\":\"Lajme,Vijesti,Ulqini,Ulqin,Crna Gora,Mali i Zi\",\"potentialAction\":[{\"@type\":\"SearchAction\",\"target\":{\"@type\":\"EntryPoint\",\"urlTemplate\":\"https:\/\/www.visit-ulcinj.com\/blog\/?s={search_term_string}\"},\"query-input\":\"required name=search_term_string\"}],\"inLanguage\":\"en-US\"},{\"@type\":\"ImageObject\",\"inLanguage\":\"en-US\",\"@id\":\"https:\/\/www.visit-ulcinj.com\/blog\/2011\/09\/12\/ulqini-cdo-vit-po-perjeton-rritje-te-numrit-te-turisteve\/#primaryimage\",\"url\":\"http:\/\/www.visit-ulcinj.com\/blog\/wp-content\/uploads\/2011\/09\/Ulqini-Destinacioni-m%C3%AB-atraktiv-p%C3%ABr-turist%C3%ABt.jpg\",\"contentUrl\":\"http:\/\/www.visit-ulcinj.com\/blog\/wp-content\/uploads\/2011\/09\/Ulqini-Destinacioni-m%C3%AB-atraktiv-p%C3%ABr-turist%C3%ABt.jpg\"},{\"@type\":\"WebPage\",\"@id\":\"https:\/\/www.visit-ulcinj.com\/blog\/2011\/09\/12\/ulqini-cdo-vit-po-perjeton-rritje-te-numrit-te-turisteve\/#webpage\",\"url\":\"https:\/\/www.visit-ulcinj.com\/blog\/2011\/09\/12\/ulqini-cdo-vit-po-perjeton-rritje-te-numrit-te-turisteve\/\",\"name\":\"Ulqini \u00e7do vit po p\u00ebrjeton rritje t\u00eb numrit t\u00eb turist\u00ebve - Lajme nga Ulqini\",\"isPartOf\":{\"@id\":\"https:\/\/www.visit-ulcinj.com\/blog\/#website\"},\"primaryImageOfPage\":{\"@id\":\"https:\/\/www.visit-ulcinj.com\/blog\/2011\/09\/12\/ulqini-cdo-vit-po-perjeton-rritje-te-numrit-te-turisteve\/#primaryimage\"},\"datePublished\":\"2011-09-12T14:29:16+00:00\",\"dateModified\":\"2011-09-14T07:25:10+00:00\",\"author\":{\"@id\":\"https:\/\/www.visit-ulcinj.com\/blog\/#\/schema\/person\/dcab619c614d3038751c63bc2aadc06d\"},\"description\":\"Destinacioni m\u00eb atraktiv p\u00ebr turist\u00ebt n\u00eb rajon Ulqin, 12 shtator Temperaturat e larta kan\u00eb ndikuar q\u00eb edhe n\u00eb gjysm\u00ebn e par\u00eb t\u00eb muajit shtator plazhet e\",\"breadcrumb\":{\"@id\":\"https:\/\/www.visit-ulcinj.com\/blog\/2011\/09\/12\/ulqini-cdo-vit-po-perjeton-rritje-te-numrit-te-turisteve\/#breadcrumb\"},\"inLanguage\":\"en-US\",\"potentialAction\":[{\"@type\":\"ReadAction\",\"target\":[\"https:\/\/www.visit-ulcinj.com\/blog\/2011\/09\/12\/ulqini-cdo-vit-po-perjeton-rritje-te-numrit-te-turisteve\/\"]}]},{\"@type\":\"BreadcrumbList\",\"@id\":\"https:\/\/www.visit-ulcinj.com\/blog\/2011\/09\/12\/ulqini-cdo-vit-po-perjeton-rritje-te-numrit-te-turisteve\/#breadcrumb\",\"itemListElement\":[{\"@type\":\"ListItem\",\"position\":1,\"name\":\"Ulqini \u00e7do vit po p\u00ebrjeton rritje t\u00eb numrit t\u00eb turist\u00ebve\"}]},{\"@type\":\"Person\",\"@id\":\"https:\/\/www.visit-ulcinj.com\/blog\/#\/schema\/person\/dcab619c614d3038751c63bc2aadc06d\",\"name\":\"ulqini\",\"sameAs\":[\"http:\/\/www.visit-ulcinj.com\"],\"url\":\"https:\/\/www.visit-ulcinj.com\/blog\/author\/admin\/\"}]}<\/script>\n<!-- \/ Yoast SEO plugin. -->","yoast_head_json":{"title":"Ulqini \u00e7do vit po p\u00ebrjeton rritje t\u00eb numrit t\u00eb turist\u00ebve - Lajme nga Ulqini","description":"Destinacioni m\u00eb atraktiv p\u00ebr turist\u00ebt n\u00eb rajon Ulqin, 12 shtator Temperaturat e larta kan\u00eb ndikuar q\u00eb edhe n\u00eb gjysm\u00ebn e par\u00eb t\u00eb muajit shtator plazhet e","robots":{"index":"index","follow":"follow","max-snippet":"max-snippet:-1","max-image-preview":"max-image-preview:large","max-video-preview":"max-video-preview:-1"},"canonical":"https:\/\/www.visit-ulcinj.com\/blog\/2011\/09\/12\/ulqini-cdo-vit-po-perjeton-rritje-te-numrit-te-turisteve\/","og_locale":"en_US","og_type":"article","og_title":"Ulqini \u00e7do vit po p\u00ebrjeton rritje t\u00eb numrit t\u00eb turist\u00ebve - Lajme nga Ulqini","og_description":"Destinacioni m\u00eb atraktiv p\u00ebr turist\u00ebt n\u00eb rajon Ulqin, 12 shtator Temperaturat e larta kan\u00eb ndikuar q\u00eb edhe n\u00eb gjysm\u00ebn e par\u00eb t\u00eb muajit shtator plazhet e","og_url":"https:\/\/www.visit-ulcinj.com\/blog\/2011\/09\/12\/ulqini-cdo-vit-po-perjeton-rritje-te-numrit-te-turisteve\/","og_site_name":"Lajme nga Ulqini","article_published_time":"2011-09-12T14:29:16+00:00","article_modified_time":"2011-09-14T07:25:10+00:00","og_image":[{"url":"http:\/\/www.visit-ulcinj.com\/blog\/wp-content\/uploads\/2011\/09\/Ulqini-Destinacioni-m%C3%AB-atraktiv-p%C3%ABr-turist%C3%ABt.jpg"}],"twitter_misc":{"Written by":"ulqini","Est. reading time":"6 minutes"},"schema":{"@context":"https:\/\/schema.org","@graph":[{"@type":"WebSite","@id":"https:\/\/www.visit-ulcinj.com\/blog\/#website","url":"https:\/\/www.visit-ulcinj.com\/blog\/","name":"Lajme nga Ulqini","description":"Lajme,Vijesti,Ulqini,Ulqin,Crna Gora,Mali i Zi","potentialAction":[{"@type":"SearchAction","target":{"@type":"EntryPoint","urlTemplate":"https:\/\/www.visit-ulcinj.com\/blog\/?s={search_term_string}"},"query-input":"required name=search_term_string"}],"inLanguage":"en-US"},{"@type":"ImageObject","inLanguage":"en-US","@id":"https:\/\/www.visit-ulcinj.com\/blog\/2011\/09\/12\/ulqini-cdo-vit-po-perjeton-rritje-te-numrit-te-turisteve\/#primaryimage","url":"http:\/\/www.visit-ulcinj.com\/blog\/wp-content\/uploads\/2011\/09\/Ulqini-Destinacioni-m%C3%AB-atraktiv-p%C3%ABr-turist%C3%ABt.jpg","contentUrl":"http:\/\/www.visit-ulcinj.com\/blog\/wp-content\/uploads\/2011\/09\/Ulqini-Destinacioni-m%C3%AB-atraktiv-p%C3%ABr-turist%C3%ABt.jpg"},{"@type":"WebPage","@id":"https:\/\/www.visit-ulcinj.com\/blog\/2011\/09\/12\/ulqini-cdo-vit-po-perjeton-rritje-te-numrit-te-turisteve\/#webpage","url":"https:\/\/www.visit-ulcinj.com\/blog\/2011\/09\/12\/ulqini-cdo-vit-po-perjeton-rritje-te-numrit-te-turisteve\/","name":"Ulqini \u00e7do vit po p\u00ebrjeton rritje t\u00eb numrit t\u00eb turist\u00ebve - Lajme nga Ulqini","isPartOf":{"@id":"https:\/\/www.visit-ulcinj.com\/blog\/#website"},"primaryImageOfPage":{"@id":"https:\/\/www.visit-ulcinj.com\/blog\/2011\/09\/12\/ulqini-cdo-vit-po-perjeton-rritje-te-numrit-te-turisteve\/#primaryimage"},"datePublished":"2011-09-12T14:29:16+00:00","dateModified":"2011-09-14T07:25:10+00:00","author":{"@id":"https:\/\/www.visit-ulcinj.com\/blog\/#\/schema\/person\/dcab619c614d3038751c63bc2aadc06d"},"description":"Destinacioni m\u00eb atraktiv p\u00ebr turist\u00ebt n\u00eb rajon Ulqin, 12 shtator Temperaturat e larta kan\u00eb ndikuar q\u00eb edhe n\u00eb gjysm\u00ebn e par\u00eb t\u00eb muajit shtator plazhet e","breadcrumb":{"@id":"https:\/\/www.visit-ulcinj.com\/blog\/2011\/09\/12\/ulqini-cdo-vit-po-perjeton-rritje-te-numrit-te-turisteve\/#breadcrumb"},"inLanguage":"en-US","potentialAction":[{"@type":"ReadAction","target":["https:\/\/www.visit-ulcinj.com\/blog\/2011\/09\/12\/ulqini-cdo-vit-po-perjeton-rritje-te-numrit-te-turisteve\/"]}]},{"@type":"BreadcrumbList","@id":"https:\/\/www.visit-ulcinj.com\/blog\/2011\/09\/12\/ulqini-cdo-vit-po-perjeton-rritje-te-numrit-te-turisteve\/#breadcrumb","itemListElement":[{"@type":"ListItem","position":1,"name":"Ulqini \u00e7do vit po p\u00ebrjeton rritje t\u00eb numrit t\u00eb turist\u00ebve"}]},{"@type":"Person","@id":"https:\/\/www.visit-ulcinj.com\/blog\/#\/schema\/person\/dcab619c614d3038751c63bc2aadc06d","name":"ulqini","sameAs":["http:\/\/www.visit-ulcinj.com"],"url":"https:\/\/www.visit-ulcinj.com\/blog\/author\/admin\/"}]}},"jetpack_featured_media_url":"","jetpack_sharing_enabled":true,"jetpack_shortlink":"https:\/\/wp.me\/pe6lTn-dee","_links":{"self":[{"href":"https:\/\/www.visit-ulcinj.com\/blog\/wp-json\/wp\/v2\/posts\/50854"}],"collection":[{"href":"https:\/\/www.visit-ulcinj.com\/blog\/wp-json\/wp\/v2\/posts"}],"about":[{"href":"https:\/\/www.visit-ulcinj.com\/blog\/wp-json\/wp\/v2\/types\/post"}],"author":[{"embeddable":true,"href":"https:\/\/www.visit-ulcinj.com\/blog\/wp-json\/wp\/v2\/users\/1"}],"replies":[{"embeddable":true,"href":"https:\/\/www.visit-ulcinj.com\/blog\/wp-json\/wp\/v2\/comments?post=50854"}],"version-history":[{"count":5,"href":"https:\/\/www.visit-ulcinj.com\/blog\/wp-json\/wp\/v2\/posts\/50854\/revisions"}],"predecessor-version":[{"id":50909,"href":"https:\/\/www.visit-ulcinj.com\/blog\/wp-json\/wp\/v2\/posts\/50854\/revisions\/50909"}],"wp:attachment":[{"href":"https:\/\/www.visit-ulcinj.com\/blog\/wp-json\/wp\/v2\/media?parent=50854"}],"wp:term":[{"taxonomy":"category","embeddable":true,"href":"https:\/\/www.visit-ulcinj.com\/blog\/wp-json\/wp\/v2\/categories?post=50854"},{"taxonomy":"post_tag","embeddable":true,"href":"https:\/\/www.visit-ulcinj.com\/blog\/wp-json\/wp\/v2\/tags?post=50854"}],"curies":[{"name":"wp","href":"https:\/\/api.w.org\/{rel}","templated":true}]}}