{"id":50883,"date":"2011-09-13T15:57:32","date_gmt":"2011-09-13T14:57:32","guid":{"rendered":"http:\/\/www.visit-ulcinj.com\/blog\/?p=50883"},"modified":"2011-09-14T19:12:31","modified_gmt":"2011-09-14T18:12:31","slug":"dinosa-albanci-nijesu-prevareni-izbornim-zakonom","status":"publish","type":"post","link":"https:\/\/www.visit-ulcinj.com\/blog\/2011\/09\/13\/dinosa-albanci-nijesu-prevareni-izbornim-zakonom\/","title":{"rendered":"Dino\u0161a: Albanci nijesu prevareni izbornim zakonom"},"content":{"rendered":"<p><strong><a href=\"http:\/\/www.visit-ulcinj.com\/blog\/wp-content\/uploads\/2011\/09\/ferhat-dinosa.jpg\"><img loading=\"lazy\" class=\"alignleft size-medium wp-image-50884\" title=\"ferhat dinosa\" src=\"http:\/\/www.visit-ulcinj.com\/blog\/wp-content\/uploads\/2011\/09\/ferhat-dinosa-215x300.jpg\" alt=\"\" width=\"330\" height=\"430\" \/><\/a>Ustav \u0107e biti prekr\u0161en ako se ne desi drugi krug glasanja za izborni zakon. Ovo je drama u dva \u010dina. Odigran je prvi \u010din, \u010deka se drugi &#8211; ina\u010de je glasanje protiv Ustava. DUA \u0107e insistirati da se to pojasni i mislim da se to mo\u017ee razjasniti u razgovoru sa relevantnim subjektima, ako ne &#8211; onda \u0107emo se mi obratiti i Ustavnom sudu. Albanci imaju svoja ste\u010dena prava kad je u pitanju predstavljanje u parlamentu Crne Gore i to je predlaga\u010d zakona morao imati u vidu, ka\u017ee Dino\u0161a.<\/strong><\/p>\n<p>Predsjednik Demokratske unije Albanaca Ferhat Dino\u0161a ogradio se u razgovoru\u00a0 za Portal Analitika od postupka poslanika DUA Mehmeta Zenke koji je &#8211; neposredno pred glasanje o izbornom zakonu &#8211; napustio sjednicu parlamenta zajedno sa ostalim kolegama iz albanskih stranaka. Dino\u0161a ka\u017ee da ne smatra da su usvajanjem izbornog zakona Albanci prevareni ve\u0107 da je u pitanju nedostatak komunikacije koji se mo\u017ee rije\u0161iti jer je postoje\u0107e rje\u0161enje, iako nedovoljno, blizu kompromisa koje bi moglo zadovoljiti Albance.<\/p>\n<p>&#8211; Poslanik DUA nije imao mandat Glavnog odbora stranke da napusti sjednicu Skup\u0161tine ve\u0107 je morao ostati u sali i glasati protiv izbornog zakona. Poslanik DUA nije smio da ulazi u kolo sa drugim albanskim strankama. Pogotovo kad on ne vodi to kolo ve\u0107 ga vodi neko drugi, kazao je Dino\u0161a za Portal Analitika.<\/p>\n<p>Dino\u0161a, koji je i ministar za ljudska i manjinska prava u Luk\u0161i\u0107evoj Vladi ocijenio je kao besmislen i nepotreban zahtjev albanskih poslanika da se u za\u0161titi prava Albanaca uputi zahtjev Vladama Kosova i Albanije.<\/p>\n<p>&#8211; Mi smo bez tih stranaka bili i u kolu referenduma. Njih nije bilo tamo, a DUA je bila tu i ona \u0107e nastaviti da doprinosi demokratskim procesima u Crnoj Gori. Vjerujem u mudrost ljudi koji donose odluke u Crnoj Gori, kazao je Dino\u0161a koji je osudio izjavu predsjednika Demokratskog saveza u Crnoj Gori Mehmeda Bardhija o &#8221;druga\u010dijoj geografiji regiona&#8221; ako zahtjevi Albanaca ne budu ispo\u0161tovani.<\/p>\n<p>&#8211; Osu\u0111ujem takvu izjavu albanskog politi\u010dara. To je velikosrpska politika i takve izjave i politika \u0107e biti kratkog daha, rekao je Dino\u0161a.<br \/>\n<a href=\"http:\/\/www.visit-ulcinj.com\/blog\/wp-content\/uploads\/2011\/09\/FERHAT-DINOSHA_MEHMET-BARDHI.jpg\"><img loading=\"lazy\" class=\"alignleft size-full wp-image-50887\" title=\"FERHAT-DINOSHA_MEHMET-BARDHI\" src=\"http:\/\/www.visit-ulcinj.com\/blog\/wp-content\/uploads\/2011\/09\/FERHAT-DINOSHA_MEHMET-BARDHI.jpg\" alt=\"\" width=\"508\" height=\"330\" \/><\/a><\/p>\n<p><strong>ANALITIKA: Izborni zakon je usvojen bez glasova albanskih stranaka. Koji su bili klju\u010dni razlozi zbog kojih je on Albancima bio neprihvatljiv?<\/strong><\/p>\n<p><strong>DINO\u0160A:<\/strong> Prvo da ka\u017eem: mislim da izborni zakon nije kona\u010dno usvojen i nije mogao biti usvojen u prvom krugu.<\/p>\n<p><strong>ANALITIKA: Kako to mislite?<\/strong><\/p>\n<p><strong>DINO\u0160A: <\/strong>Citira\u0107u stav 4 \u010dlana 91. Ustava Crne Gore koji govori odlu\u010di o na\u010dinu odlu\u010divanja u Skup\u0161tini Crne Gore.<\/p>\n<p>Citaram: U prvom glasanju dvotre\u0107inskom ve\u0107inom i u drugom glasanju ve\u0107inom svih poslanika najranije nakon tri mjeseca Skup\u0161tina odlu\u010duje o zakonima kojim se odre\u0111uje na\u010din ostvarivanja ste\u010denih manjinskih prava i upotreba jedinica Vojske u me\u0111unarodnim snagama.<\/p>\n<p><strong>ANALITIKA: To po Vama zna\u010di da, ako ne bude novog glasanja za izborni zakon &#8211; bi\u0107e prekr\u0161en Ustav?<\/strong><\/p>\n<p><strong>DINO\u0160A: <\/strong>Ustav \u0107e biti prekr\u0161en ako se ne desi drugi krug glasanja za izborni zakon. Ovo je drama u dva \u010dina. Odigran je prvi \u010din, \u010deka se drugi &#8211; ina\u010de je to protiv Ustava. DUA \u0107e insistirati da se to pojasni i ja mislim da se to mo\u017ee razjasniti u razgovoru sa relavntnim subjektima, ako ne &#8211; onda \u0107emo se mi obratiti i Ustavnom sudu.<\/p>\n<p>Albanci imaju svoja ste\u010dena prava kad je u pitanju predstavljanje u parlamentu Crne Gore i to je predlaga\u010d zakona morao imati u vidu. Na\u017ealost, niko se nije sjetio da to pogleda i ja \u0107u ovih ovih dana kontaktirati relevante subjekte i re\u0107i da je to povreda Ustava ako se ne obavi drugi krug glasanja! Ovo sam rje\u0161enje oblikovao kada je dono\u0161en Ustav i \u00a0kada su pojedini Albanci &#8211; koji su bili na strani opozicije &#8211; predlo\u017eili dvije tre\u0107ine za manjinska pitanja u drugom krugu. Odmah sam reagovao i rekao da se jedva dolazi i do proste ve\u0107ine, \u0161to je na kraju ostalo kao rje\u0161enje u Ustavu za drugi krug glasanja za takve zakone.<br \/>\n<a href=\"http:\/\/www.visit-ulcinj.com\/blog\/wp-content\/uploads\/2011\/09\/Ferhat-Dino%C5%A1a_Manjine-nedovoljno-zastupljeni.jpg\"><img loading=\"lazy\" class=\"alignleft size-full wp-image-50889\" title=\"Ferhat-Dino\u0161a_Manjine-nedovoljno-zastupljeni\" src=\"http:\/\/www.visit-ulcinj.com\/blog\/wp-content\/uploads\/2011\/09\/Ferhat-Dino%C5%A1a_Manjine-nedovoljno-zastupljeni.jpg\" alt=\"\" width=\"508\" height=\"300\" \/><\/a><\/p>\n<p><strong>ANALITIKA: Kako obja\u0161njavate \u010dinjenicu da je izborni zakon ipak pro\u0161ao i ekspertizu Venecijanske komisije pa i OEBS-a?<\/strong><\/p>\n<p><strong>DINO\u0160A: <\/strong>Venecijanska komisija je dala signal da se zakon doradi i pojasne stvari koje se ti\u010du afirmativne akcije! Na\u017ealost, to nije u\u010dinjeno i tako\u0111e nije kori\u0161\u0107ena jedna dobra praksa koja je kori\u0161\u0107ena ranije &#8211; da se za ovakva pitanja kontaktiraju lideri svih parlamentarnih stranaka. Znam da postoji kolegijum Skup\u0161tine ali se finale ovakvih pitanja uvijek zavr\u0161i razgovorima svih predsjednika parlamentarnih stranaka. Ovog puta se to nije desilo.<\/p>\n<p>Prema tome, insistira\u0107u na drugom krugu glasanja i sa Evropljanima i sa na\u0161im\u00a0 relevantnim institucijama, ako \u0107emo da po\u0161tujemo Ustav ove dr\u017eave &#8211; a ako ne\u0107emo onda je to ve\u0107 druga pri\u010da.<\/p>\n<p><strong>ANALITIKA: Po odredbama izbornog zakona Alabanci mogu ra\u010dunati na tri mandata. Ranije se u albanskoj izbornoj jedinici biralo pet, ali tvrdnja i vlasti i opozicije da bi albanske partije sa jedinstvenim nastupom mogle osvojiti do 5 mandata&#8230;<\/strong><\/p>\n<p><strong>DINO\u0160A:<\/strong> To je druga dimenzija pri\u010de i mislim da se to se moglo iskristalisati u hodu i na na\u010din koji ne bi povrijedio ste\u010dena prava Albanaca i ne bi poremetio ni\u0161ta u politi\u010dkom predstavljanju manjina. DUA je bila spremna da podr\u017ei rje\u0161enje koje govori o 0,7 odsto kao cenzusu za manjinske stranke. Me\u0111utim, prag od 0,7 odsto treba da bude stvar utakmice izme\u0111u manjinskih subjekata. Bio sam siguran da bi to podr\u017eale i druge albanske stranke. Dakle, neka &#8221;ko\u0161ta&#8221; i manjinski manadat, neka ima svoju cijenu ali ta cijena ne smije da bude ista sa dr\u017eavnim mandatom, sa onim \u0161to je op\u0161ta cijena mandata jer to vi\u0161e nije afirmativna akcija. Tu se zadire u ono \u0161to je Ustav jer on govori da politi\u010dko predstavljanje manjina treba da se bazira na afirmativnoj akciji!<\/p>\n<p>Ovo \u0161to je pro\u0161lo prvi krug jeste stepen afirmativne akcije ali je to apsolutno nedovoljno da zadovolji sve korisnike afirmativne akcije. Ja ne znam za\u0161to i otkud ta &#8221;\u0161krtost&#8221; da se u\u0111e u poja\u0161njenje sa predstavnicima Albanaca i da se napravi rje\u0161enje koje je vrlo blizu postoje\u0107em i koje bi zadovoljilo sve.<\/p>\n<p>Ako bi vi\u0161e stranaka manjina dobilo 0,7 odsto one bi sve trebalo da ra\u010dunaju na mandat koji mo\u017ee biti izgubljen samo od druge manjinske stranke koja ima duplo vi\u0161e glasova. U tom slu\u010daju se radi o utakmici i profili\u0161u se najja\u010di manjinski subjekti koji su kadri da prave partnerstvo sa demokratskom Vladom Crne Gore na putu evropskih i NATO integracija i svega \u0161to \u010deka Crnu Goru. To ne bi stvorilo ovakvu situaciju kakva je stvorena nakon prvog kruga glasanja.<\/p>\n<p><strong><a href=\"http:\/\/www.visit-ulcinj.com\/blog\/wp-content\/uploads\/2011\/09\/ferhat-dinosa_zenka_ulcinj.jpg\"><img loading=\"lazy\" class=\"alignleft size-full wp-image-50885\" title=\"ferhat dinosa_zenka_ulcinj\" src=\"http:\/\/www.visit-ulcinj.com\/blog\/wp-content\/uploads\/2011\/09\/ferhat-dinosa_zenka_ulcinj.jpg\" alt=\"\" width=\"301\" height=\"256\" srcset=\"https:\/\/www.visit-ulcinj.com\/blog\/wp-content\/uploads\/2011\/09\/ferhat-dinosa_zenka_ulcinj.jpg 301w, https:\/\/www.visit-ulcinj.com\/blog\/wp-content\/uploads\/2011\/09\/ferhat-dinosa_zenka_ulcinj-300x255.jpg 300w\" sizes=\"(max-width: 301px) 100vw, 301px\" \/><\/a>ANALITIKA: Da li su Albanci prevareni ovim izbornim zakonom, kao se to moglo \u010duti od poslanika DUA Mehmeta Zenke neposredno pred glasanje za izborni zakon?<\/strong><\/p>\n<p><strong>DINO\u0160A<\/strong>: Ja ne do\u017eivljavam to kao prevaru, ve\u0107 do\u017eivljavam to kao uzrokom nedovolje komunikacije i nedovoljnog poja\u0161njenja stvari. Pravo da vam ka\u017eem izborni zakon proizvodi autenti\u010dne mandate i to je na\u0161 permanenti zahtjev da Albanci budu prestavljeni autenti\u010dno u parlamentu Crne Gore. Zna\u010di, preko svojih partija i ovaj aktuelni predlog izbornog zakona to omogu\u0107ava. Me\u0111utim, omogu\u0107ava u manjoj mjeri nego \u0161to su to Albanci navikli! Mi smo do sada govorili o zagarantovanim mandatima ali apsolutno nije moglo biti rije\u010di o tome jer su na njih konkurisali svi. I uvijek se de\u0161avalo da od pet Albanci dobiju dva ili tri.<\/p>\n<p>To bi se i sa na\u0161im\u00a0 predlogom de\u0161avalo i dalje. Za\u0161to zbog jednog manadata kvariti utakmicu? Zagovornik sam toga da mi se vi\u0161e dopadaju tri &#8221;mercedesa&#8221; nego \u010detiri &#8221;golfa&#8221;.<\/p>\n<p><strong>ANALITIKA: O\u010dekujete li da bi moglo do 2013. godine i novih izbora, da se rije\u0161i pitanje predstavljanja Albanaca u parlamentu na na\u010din koji bi zadovoljio interese albanskog naroda?<\/strong><\/p>\n<p><strong>DINO\u0160A: <\/strong>Apsolutno. Vjerujem u zdrav razum politi\u010dkih faktora i njih \u0107e DUA pozvati na zajedni\u010dki okrugli sto i na konsultacije. Uputi\u0107u poziv svima da imamo iskrenu, otvorenu komunikaciju kroz ustavnu pri\u010du da bi se to pitanje rije\u0161ilo na zadovoljstvo svih.<\/p>\n<p><strong><a href=\"http:\/\/www.visit-ulcinj.com\/blog\/wp-content\/uploads\/2011\/09\/dinosa_djukanovic.jpg\"><img loading=\"lazy\" class=\"alignleft size-full wp-image-50886\" title=\"dinosa_djukanovic\" src=\"http:\/\/www.visit-ulcinj.com\/blog\/wp-content\/uploads\/2011\/09\/dinosa_djukanovic.jpg\" alt=\"\" width=\"300\" height=\"400\" \/><\/a>ANALITIKA: Da li \u0107e te komunicirati i sa premijerom Luk\u0161i\u0107em?<\/strong><\/p>\n<p><strong>DINO\u0160A:<\/strong> Imao sam kontakte sa premijerom i pominjao sam mu da bi mogli da na\u0111emo neko rje\u0161enje. Bili smo blizu i jo\u0161 uvijek smo blizu, jer po meni ovo nije finalno usvajanje izbornog zakona.<\/p>\n<p><strong>ANALITIKA: Kako komentari\u0161ete zahtjeve ostalih albanskih partija da \u0107e se obratiti Vladama Albanije i Kosova za pomo\u0107 u za\u0161titi interesa Albanaca u Crnoj Gori?<\/strong><\/p>\n<p><strong>DINO\u0160A:<\/strong> Taj poziv je nepotreban i brzoplet. Ja nisam zagovornik brzopletosti u politi\u010dkim odlukama. Dr\u017eim da ko &#8221;brzo plete taj brzo i rasplete a potom i pocijepa&#8221;!<\/p>\n<p><strong>ANALITIKA<\/strong>: <strong>Va\u0161 poslanik je napustio sjednicu parlamenta pred glasanje o izbornom zakonu&#8230;<\/strong><\/p>\n<p><strong>DINO\u0160A<\/strong>: Apsolutno nije bilo potrebe za takvim reakcijama. Na\u0161 poslanik je imao mandat Glavnog odbora da ne glasa izborni zakon ali ne i da napusti sjednicu Parlamenta! To niko nije kazao, ali vjerovatno trenutak proizvodi to \u0161to proizvodi a to je bio afekat. Te stvari su demokratski mehanizam, me\u0111utim za DUA to nije potrebno. Poslanik DUA nije smio da ulazi u kolo sa drugim albanskim strankama. Pogotovo kad on ne vodi to kolo ve\u0107 ga vodi neko drugi. Mi smo bez tih stranaka bili i u kolo referenduma i njih nije bilo tamo. DUA je bila tu i mi \u0107emo nastaviti da doprinosimo demokratskim procesima u Crnoj Gori i vjerujem u mudrost ljudi koji donose odluke u Crnoj Gori.<\/p>\n<p><strong>ANALTIKA:<\/strong> <strong>Kako komentari\u0161ete izjavu lidera Demokratskog saveza Mehmeda Bardhija\u00a0 da \u0107e vlast u Crnoj Gori ako se &#8221;pogleda geografija regiona kad -tad imati adekvatan odgovor&#8221; ukoliko ne budu ispo\u0161tovani zahtjevi Albanaca?<\/strong><\/p>\n<p><strong>DINO\u0160A:<\/strong> Osu\u0111ujem takvu izjavu albanskog politi\u010dara. To je kao velikosrpska politika i takve izjave i politika \u0107e biti kratkog daha.<\/p>\n<p><strong><a href=\"http:\/\/www.portalanalitika.me\/politika\/tema\/37013-albanci-nijesu-prevareni-izbornim-zakonom.html\" target=\"_blank\">Nenad ZE\u010cEVI\u0106<br \/>\nAnalitika &#8211; Informativni Portal<\/a><\/strong><\/p>\n<p><strong><\/strong><strong><strong>VIDEO TVCG<\/strong><br \/>\n<!--YouTube Error: bad URL entered--><br \/>\n<\/strong><\/p>\n","protected":false},"excerpt":{"rendered":"<p>Ustav \u0107e biti prekr\u0161en ako se ne desi drugi krug glasanja za izborni zakon. Ovo je drama u dva \u010dina. Odigran je prvi \u010din, \u010deka se drugi &#8211; ina\u010de je glasanje protiv Ustava. DUA \u0107e insistirati da se to pojasni i mislim da se to mo\u017ee razjasniti u razgovoru sa relevantnim subjektima, ako ne &#8211; [&hellip;]<\/p>\n","protected":false},"author":1,"featured_media":0,"comment_status":"open","ping_status":"closed","sticky":false,"template":"","format":"standard","meta":{"spay_email":"","jetpack_publicize_message":"","jetpack_is_tweetstorm":false,"jetpack_publicize_feature_enabled":true},"categories":[8337],"tags":[97,88],"jetpack_publicize_connections":[],"yoast_head":"<!-- This site is optimized with the Yoast SEO plugin v19.1 - https:\/\/yoast.com\/wordpress\/plugins\/seo\/ -->\n<title>Dino\u0161a: Albanci nijesu prevareni izbornim zakonom - Lajme nga Ulqini<\/title>\n<meta name=\"description\" content=\"Ustav \u0107e biti prekr\u0161en ako se ne desi drugi krug glasanja za izborni zakon. Ovo je drama u dva \u010dina. Odigran je prvi \u010din, \u010deka se drugi - ina\u010de je\" \/>\n<meta name=\"robots\" content=\"index, follow, max-snippet:-1, max-image-preview:large, max-video-preview:-1\" \/>\n<link rel=\"canonical\" href=\"https:\/\/www.visit-ulcinj.com\/blog\/2011\/09\/13\/dinosa-albanci-nijesu-prevareni-izbornim-zakonom\/\" \/>\n<meta property=\"og:locale\" content=\"en_US\" \/>\n<meta property=\"og:type\" content=\"article\" \/>\n<meta property=\"og:title\" content=\"Dino\u0161a: Albanci nijesu prevareni izbornim zakonom - Lajme nga Ulqini\" \/>\n<meta property=\"og:description\" content=\"Ustav \u0107e biti prekr\u0161en ako se ne desi drugi krug glasanja za izborni zakon. Ovo je drama u dva \u010dina. Odigran je prvi \u010din, \u010deka se drugi - ina\u010de je\" \/>\n<meta property=\"og:url\" content=\"https:\/\/www.visit-ulcinj.com\/blog\/2011\/09\/13\/dinosa-albanci-nijesu-prevareni-izbornim-zakonom\/\" \/>\n<meta property=\"og:site_name\" content=\"Lajme nga Ulqini\" \/>\n<meta property=\"article:published_time\" content=\"2011-09-13T14:57:32+00:00\" \/>\n<meta property=\"article:modified_time\" content=\"2011-09-14T18:12:31+00:00\" \/>\n<meta property=\"og:image\" content=\"http:\/\/www.visit-ulcinj.com\/blog\/wp-content\/uploads\/2011\/09\/ferhat-dinosa-215x300.jpg\" \/>\n<meta name=\"twitter:label1\" content=\"Written by\" \/>\n\t<meta name=\"twitter:data1\" content=\"ulqini\" \/>\n\t<meta name=\"twitter:label2\" content=\"Est. reading time\" \/>\n\t<meta name=\"twitter:data2\" content=\"9 minutes\" \/>\n<script type=\"application\/ld+json\" class=\"yoast-schema-graph\">{\"@context\":\"https:\/\/schema.org\",\"@graph\":[{\"@type\":\"WebSite\",\"@id\":\"https:\/\/www.visit-ulcinj.com\/blog\/#website\",\"url\":\"https:\/\/www.visit-ulcinj.com\/blog\/\",\"name\":\"Lajme nga Ulqini\",\"description\":\"Lajme,Vijesti,Ulqini,Ulqin,Crna Gora,Mali i Zi\",\"potentialAction\":[{\"@type\":\"SearchAction\",\"target\":{\"@type\":\"EntryPoint\",\"urlTemplate\":\"https:\/\/www.visit-ulcinj.com\/blog\/?s={search_term_string}\"},\"query-input\":\"required name=search_term_string\"}],\"inLanguage\":\"en-US\"},{\"@type\":\"ImageObject\",\"inLanguage\":\"en-US\",\"@id\":\"https:\/\/www.visit-ulcinj.com\/blog\/2011\/09\/13\/dinosa-albanci-nijesu-prevareni-izbornim-zakonom\/#primaryimage\",\"url\":\"https:\/\/www.visit-ulcinj.com\/blog\/wp-content\/uploads\/2011\/09\/ferhat-dinosa.jpg\",\"contentUrl\":\"https:\/\/www.visit-ulcinj.com\/blog\/wp-content\/uploads\/2011\/09\/ferhat-dinosa.jpg\",\"width\":\"1149\",\"height\":\"1600\"},{\"@type\":\"WebPage\",\"@id\":\"https:\/\/www.visit-ulcinj.com\/blog\/2011\/09\/13\/dinosa-albanci-nijesu-prevareni-izbornim-zakonom\/#webpage\",\"url\":\"https:\/\/www.visit-ulcinj.com\/blog\/2011\/09\/13\/dinosa-albanci-nijesu-prevareni-izbornim-zakonom\/\",\"name\":\"Dino\u0161a: Albanci nijesu prevareni izbornim zakonom - Lajme nga Ulqini\",\"isPartOf\":{\"@id\":\"https:\/\/www.visit-ulcinj.com\/blog\/#website\"},\"primaryImageOfPage\":{\"@id\":\"https:\/\/www.visit-ulcinj.com\/blog\/2011\/09\/13\/dinosa-albanci-nijesu-prevareni-izbornim-zakonom\/#primaryimage\"},\"datePublished\":\"2011-09-13T14:57:32+00:00\",\"dateModified\":\"2011-09-14T18:12:31+00:00\",\"author\":{\"@id\":\"https:\/\/www.visit-ulcinj.com\/blog\/#\/schema\/person\/dcab619c614d3038751c63bc2aadc06d\"},\"description\":\"Ustav \u0107e biti prekr\u0161en ako se ne desi drugi krug glasanja za izborni zakon. Ovo je drama u dva \u010dina. Odigran je prvi \u010din, \u010deka se drugi - ina\u010de je\",\"breadcrumb\":{\"@id\":\"https:\/\/www.visit-ulcinj.com\/blog\/2011\/09\/13\/dinosa-albanci-nijesu-prevareni-izbornim-zakonom\/#breadcrumb\"},\"inLanguage\":\"en-US\",\"potentialAction\":[{\"@type\":\"ReadAction\",\"target\":[\"https:\/\/www.visit-ulcinj.com\/blog\/2011\/09\/13\/dinosa-albanci-nijesu-prevareni-izbornim-zakonom\/\"]}]},{\"@type\":\"BreadcrumbList\",\"@id\":\"https:\/\/www.visit-ulcinj.com\/blog\/2011\/09\/13\/dinosa-albanci-nijesu-prevareni-izbornim-zakonom\/#breadcrumb\",\"itemListElement\":[{\"@type\":\"ListItem\",\"position\":1,\"name\":\"Dino\u0161a: Albanci nijesu prevareni izbornim zakonom\"}]},{\"@type\":\"Person\",\"@id\":\"https:\/\/www.visit-ulcinj.com\/blog\/#\/schema\/person\/dcab619c614d3038751c63bc2aadc06d\",\"name\":\"ulqini\",\"sameAs\":[\"http:\/\/www.visit-ulcinj.com\"],\"url\":\"https:\/\/www.visit-ulcinj.com\/blog\/author\/admin\/\"}]}<\/script>\n<!-- \/ Yoast SEO plugin. -->","yoast_head_json":{"title":"Dino\u0161a: Albanci nijesu prevareni izbornim zakonom - Lajme nga Ulqini","description":"Ustav \u0107e biti prekr\u0161en ako se ne desi drugi krug glasanja za izborni zakon. Ovo je drama u dva \u010dina. Odigran je prvi \u010din, \u010deka se drugi - ina\u010de je","robots":{"index":"index","follow":"follow","max-snippet":"max-snippet:-1","max-image-preview":"max-image-preview:large","max-video-preview":"max-video-preview:-1"},"canonical":"https:\/\/www.visit-ulcinj.com\/blog\/2011\/09\/13\/dinosa-albanci-nijesu-prevareni-izbornim-zakonom\/","og_locale":"en_US","og_type":"article","og_title":"Dino\u0161a: Albanci nijesu prevareni izbornim zakonom - Lajme nga Ulqini","og_description":"Ustav \u0107e biti prekr\u0161en ako se ne desi drugi krug glasanja za izborni zakon. Ovo je drama u dva \u010dina. Odigran je prvi \u010din, \u010deka se drugi - ina\u010de je","og_url":"https:\/\/www.visit-ulcinj.com\/blog\/2011\/09\/13\/dinosa-albanci-nijesu-prevareni-izbornim-zakonom\/","og_site_name":"Lajme nga Ulqini","article_published_time":"2011-09-13T14:57:32+00:00","article_modified_time":"2011-09-14T18:12:31+00:00","og_image":[{"url":"http:\/\/www.visit-ulcinj.com\/blog\/wp-content\/uploads\/2011\/09\/ferhat-dinosa-215x300.jpg"}],"twitter_misc":{"Written by":"ulqini","Est. reading time":"9 minutes"},"schema":{"@context":"https:\/\/schema.org","@graph":[{"@type":"WebSite","@id":"https:\/\/www.visit-ulcinj.com\/blog\/#website","url":"https:\/\/www.visit-ulcinj.com\/blog\/","name":"Lajme nga Ulqini","description":"Lajme,Vijesti,Ulqini,Ulqin,Crna Gora,Mali i Zi","potentialAction":[{"@type":"SearchAction","target":{"@type":"EntryPoint","urlTemplate":"https:\/\/www.visit-ulcinj.com\/blog\/?s={search_term_string}"},"query-input":"required name=search_term_string"}],"inLanguage":"en-US"},{"@type":"ImageObject","inLanguage":"en-US","@id":"https:\/\/www.visit-ulcinj.com\/blog\/2011\/09\/13\/dinosa-albanci-nijesu-prevareni-izbornim-zakonom\/#primaryimage","url":"https:\/\/www.visit-ulcinj.com\/blog\/wp-content\/uploads\/2011\/09\/ferhat-dinosa.jpg","contentUrl":"https:\/\/www.visit-ulcinj.com\/blog\/wp-content\/uploads\/2011\/09\/ferhat-dinosa.jpg","width":"1149","height":"1600"},{"@type":"WebPage","@id":"https:\/\/www.visit-ulcinj.com\/blog\/2011\/09\/13\/dinosa-albanci-nijesu-prevareni-izbornim-zakonom\/#webpage","url":"https:\/\/www.visit-ulcinj.com\/blog\/2011\/09\/13\/dinosa-albanci-nijesu-prevareni-izbornim-zakonom\/","name":"Dino\u0161a: Albanci nijesu prevareni izbornim zakonom - Lajme nga Ulqini","isPartOf":{"@id":"https:\/\/www.visit-ulcinj.com\/blog\/#website"},"primaryImageOfPage":{"@id":"https:\/\/www.visit-ulcinj.com\/blog\/2011\/09\/13\/dinosa-albanci-nijesu-prevareni-izbornim-zakonom\/#primaryimage"},"datePublished":"2011-09-13T14:57:32+00:00","dateModified":"2011-09-14T18:12:31+00:00","author":{"@id":"https:\/\/www.visit-ulcinj.com\/blog\/#\/schema\/person\/dcab619c614d3038751c63bc2aadc06d"},"description":"Ustav \u0107e biti prekr\u0161en ako se ne desi drugi krug glasanja za izborni zakon. Ovo je drama u dva \u010dina. Odigran je prvi \u010din, \u010deka se drugi - ina\u010de je","breadcrumb":{"@id":"https:\/\/www.visit-ulcinj.com\/blog\/2011\/09\/13\/dinosa-albanci-nijesu-prevareni-izbornim-zakonom\/#breadcrumb"},"inLanguage":"en-US","potentialAction":[{"@type":"ReadAction","target":["https:\/\/www.visit-ulcinj.com\/blog\/2011\/09\/13\/dinosa-albanci-nijesu-prevareni-izbornim-zakonom\/"]}]},{"@type":"BreadcrumbList","@id":"https:\/\/www.visit-ulcinj.com\/blog\/2011\/09\/13\/dinosa-albanci-nijesu-prevareni-izbornim-zakonom\/#breadcrumb","itemListElement":[{"@type":"ListItem","position":1,"name":"Dino\u0161a: Albanci nijesu prevareni izbornim zakonom"}]},{"@type":"Person","@id":"https:\/\/www.visit-ulcinj.com\/blog\/#\/schema\/person\/dcab619c614d3038751c63bc2aadc06d","name":"ulqini","sameAs":["http:\/\/www.visit-ulcinj.com"],"url":"https:\/\/www.visit-ulcinj.com\/blog\/author\/admin\/"}]}},"jetpack_featured_media_url":"","jetpack_sharing_enabled":true,"jetpack_shortlink":"https:\/\/wp.me\/pe6lTn-deH","_links":{"self":[{"href":"https:\/\/www.visit-ulcinj.com\/blog\/wp-json\/wp\/v2\/posts\/50883"}],"collection":[{"href":"https:\/\/www.visit-ulcinj.com\/blog\/wp-json\/wp\/v2\/posts"}],"about":[{"href":"https:\/\/www.visit-ulcinj.com\/blog\/wp-json\/wp\/v2\/types\/post"}],"author":[{"embeddable":true,"href":"https:\/\/www.visit-ulcinj.com\/blog\/wp-json\/wp\/v2\/users\/1"}],"replies":[{"embeddable":true,"href":"https:\/\/www.visit-ulcinj.com\/blog\/wp-json\/wp\/v2\/comments?post=50883"}],"version-history":[{"count":4,"href":"https:\/\/www.visit-ulcinj.com\/blog\/wp-json\/wp\/v2\/posts\/50883\/revisions"}],"predecessor-version":[{"id":50935,"href":"https:\/\/www.visit-ulcinj.com\/blog\/wp-json\/wp\/v2\/posts\/50883\/revisions\/50935"}],"wp:attachment":[{"href":"https:\/\/www.visit-ulcinj.com\/blog\/wp-json\/wp\/v2\/media?parent=50883"}],"wp:term":[{"taxonomy":"category","embeddable":true,"href":"https:\/\/www.visit-ulcinj.com\/blog\/wp-json\/wp\/v2\/categories?post=50883"},{"taxonomy":"post_tag","embeddable":true,"href":"https:\/\/www.visit-ulcinj.com\/blog\/wp-json\/wp\/v2\/tags?post=50883"}],"curies":[{"name":"wp","href":"https:\/\/api.w.org\/{rel}","templated":true}]}}