{"id":50891,"date":"2011-09-13T18:04:24","date_gmt":"2011-09-13T17:04:24","guid":{"rendered":"http:\/\/www.visit-ulcinj.com\/blog\/?p=50891"},"modified":"2011-09-14T19:11:00","modified_gmt":"2011-09-14T18:11:00","slug":"bardhi-dinosa-privrzen-svom-gospodaru","status":"publish","type":"post","link":"https:\/\/www.visit-ulcinj.com\/blog\/2011\/09\/13\/bardhi-dinosa-privrzen-svom-gospodaru\/","title":{"rendered":"Bardhi: Dino\u0161a privr\u017een svom gospodaru"},"content":{"rendered":"<p><a href=\"http:\/\/www.visit-ulcinj.com\/blog\/wp-content\/uploads\/2011\/09\/predsjednik-Demokratskog-saveza-Mehmed-Bardhi..jpg\"><img loading=\"lazy\" class=\"alignleft size-full wp-image-50892\" title=\"predsjednik-Demokratskog-saveza-Mehmed-Bardhi.\" src=\"http:\/\/www.visit-ulcinj.com\/blog\/wp-content\/uploads\/2011\/09\/predsjednik-Demokratskog-saveza-Mehmed-Bardhi..jpg\" alt=\"\" width=\"300\" height=\"200\" \/><\/a>Lider Demokratskog saveza u Crnoj Gori Mehmed Bardhi o\u0161tro je osudio izjavu lidera Demokratske unije Alabanaca datu Portalu Analitika da Albanci nijesu prevareni usvajanjem izbornog zakona.<\/p>\n<p>&#8211; Dino\u0161a je pokazao doslednost i privr\u017eenost prema gospodaru ili gosodarima njegove politi\u010dke opredijeljenosti i posve\u0107enosti. Drugo, Dino\u0161a je poku\u0161ao da dr\u017ei tutorstvo nad njegovom strankom i uva\u017eenim poslanikom njegove stranke, \u0161to nije u redu, kazao je Bardhi za radio Slobodna Evropa.<\/p>\n<p>Bardhi je optu\u017eio Dino\u0161u da je zahtjevom za drugi krug glasanja o izbornom zakonu pokazao elementarno nepoznavanje zakona, Ustava i Poslovnika u Skup\u0161tini i dodao da je lider DUA bio pasivan kada je u pitanju rad oko Ustava a potom i izbornog zakona.<\/p>\n<p>&#8211; Primjetno je njegovo neuklju\u010divanje u svim situacijama koje su bile presudne za polo\u017eaj manjina. Niti se uklju\u010dio kao ministar niti kao predsjednik DUA. Sve je to u cilju relativizacije problema nepo\u0161tovanja prava Albanaca u Crnoj Gori i u cilju razbijanja kohezije Albanaca, ka\u017ee Bardhi.<\/p>\n<p><a href=\"http:\/\/www.portalanalitika.me\/politika\/vijesti\/37074-bardhi-dinoa-privren-svom-gospodaru-.html\" target=\"_blank\"><strong>Analitika &#8211; Informativni Portal<\/strong><\/a><\/p>\n<p><strong>VIDEO TVCG<\/strong><br \/>\n<!--YouTube Error: bad URL entered--><\/p>\n","protected":false},"excerpt":{"rendered":"<p>Lider Demokratskog saveza u Crnoj Gori Mehmed Bardhi o\u0161tro je osudio izjavu lidera Demokratske unije Alabanaca datu Portalu Analitika da Albanci nijesu prevareni usvajanjem izbornog zakona. &#8211; Dino\u0161a je pokazao doslednost i privr\u017eenost prema gospodaru ili gosodarima njegove politi\u010dke opredijeljenosti i posve\u0107enosti. Drugo, Dino\u0161a je poku\u0161ao da dr\u017ei tutorstvo nad njegovom strankom i uva\u017eenim poslanikom [&hellip;]<\/p>\n","protected":false},"author":1,"featured_media":0,"comment_status":"open","ping_status":"closed","sticky":false,"template":"","format":"standard","meta":{"spay_email":"","jetpack_publicize_message":"","jetpack_is_tweetstorm":false,"jetpack_publicize_feature_enabled":true},"categories":[8337],"tags":[2544],"jetpack_publicize_connections":[],"yoast_head":"<!-- This site is optimized with the Yoast SEO plugin v19.1 - https:\/\/yoast.com\/wordpress\/plugins\/seo\/ -->\n<title>Bardhi: Dino\u0161a privr\u017een svom gospodaru - Lajme nga Ulqini<\/title>\n<meta name=\"description\" content=\"Lider Demokratskog saveza u Crnoj Gori Mehmed Bardhi o\u0161tro je osudio izjavu lidera Demokratske unije Alabanaca datu Portalu Analitika da Albanci nijesu\" \/>\n<meta name=\"robots\" content=\"index, follow, max-snippet:-1, max-image-preview:large, max-video-preview:-1\" \/>\n<link rel=\"canonical\" href=\"https:\/\/www.visit-ulcinj.com\/blog\/2011\/09\/13\/bardhi-dinosa-privrzen-svom-gospodaru\/\" \/>\n<meta property=\"og:locale\" content=\"en_US\" \/>\n<meta property=\"og:type\" content=\"article\" \/>\n<meta property=\"og:title\" content=\"Bardhi: Dino\u0161a privr\u017een svom gospodaru - Lajme nga Ulqini\" \/>\n<meta property=\"og:description\" content=\"Lider Demokratskog saveza u Crnoj Gori Mehmed Bardhi o\u0161tro je osudio izjavu lidera Demokratske unije Alabanaca datu Portalu Analitika da Albanci nijesu\" \/>\n<meta property=\"og:url\" content=\"https:\/\/www.visit-ulcinj.com\/blog\/2011\/09\/13\/bardhi-dinosa-privrzen-svom-gospodaru\/\" \/>\n<meta property=\"og:site_name\" content=\"Lajme nga Ulqini\" \/>\n<meta property=\"article:published_time\" content=\"2011-09-13T17:04:24+00:00\" \/>\n<meta property=\"article:modified_time\" content=\"2011-09-14T18:11:00+00:00\" \/>\n<meta property=\"og:image\" content=\"http:\/\/www.visit-ulcinj.com\/blog\/wp-content\/uploads\/2011\/09\/predsjednik-Demokratskog-saveza-Mehmed-Bardhi..jpg\" \/>\n<meta name=\"twitter:label1\" content=\"Written by\" \/>\n\t<meta name=\"twitter:data1\" content=\"ulqini\" \/>\n\t<meta name=\"twitter:label2\" content=\"Est. reading time\" \/>\n\t<meta name=\"twitter:data2\" content=\"1 minute\" \/>\n<script type=\"application\/ld+json\" class=\"yoast-schema-graph\">{\"@context\":\"https:\/\/schema.org\",\"@graph\":[{\"@type\":\"WebSite\",\"@id\":\"https:\/\/www.visit-ulcinj.com\/blog\/#website\",\"url\":\"https:\/\/www.visit-ulcinj.com\/blog\/\",\"name\":\"Lajme nga Ulqini\",\"description\":\"Lajme,Vijesti,Ulqini,Ulqin,Crna Gora,Mali i Zi\",\"potentialAction\":[{\"@type\":\"SearchAction\",\"target\":{\"@type\":\"EntryPoint\",\"urlTemplate\":\"https:\/\/www.visit-ulcinj.com\/blog\/?s={search_term_string}\"},\"query-input\":\"required name=search_term_string\"}],\"inLanguage\":\"en-US\"},{\"@type\":\"ImageObject\",\"inLanguage\":\"en-US\",\"@id\":\"https:\/\/www.visit-ulcinj.com\/blog\/2011\/09\/13\/bardhi-dinosa-privrzen-svom-gospodaru\/#primaryimage\",\"url\":\"https:\/\/www.visit-ulcinj.com\/blog\/wp-content\/uploads\/2011\/09\/predsjednik-Demokratskog-saveza-Mehmed-Bardhi..jpg\",\"contentUrl\":\"https:\/\/www.visit-ulcinj.com\/blog\/wp-content\/uploads\/2011\/09\/predsjednik-Demokratskog-saveza-Mehmed-Bardhi..jpg\",\"width\":\"290\",\"height\":\"190\"},{\"@type\":\"WebPage\",\"@id\":\"https:\/\/www.visit-ulcinj.com\/blog\/2011\/09\/13\/bardhi-dinosa-privrzen-svom-gospodaru\/#webpage\",\"url\":\"https:\/\/www.visit-ulcinj.com\/blog\/2011\/09\/13\/bardhi-dinosa-privrzen-svom-gospodaru\/\",\"name\":\"Bardhi: Dino\u0161a privr\u017een svom gospodaru - Lajme nga Ulqini\",\"isPartOf\":{\"@id\":\"https:\/\/www.visit-ulcinj.com\/blog\/#website\"},\"primaryImageOfPage\":{\"@id\":\"https:\/\/www.visit-ulcinj.com\/blog\/2011\/09\/13\/bardhi-dinosa-privrzen-svom-gospodaru\/#primaryimage\"},\"datePublished\":\"2011-09-13T17:04:24+00:00\",\"dateModified\":\"2011-09-14T18:11:00+00:00\",\"author\":{\"@id\":\"https:\/\/www.visit-ulcinj.com\/blog\/#\/schema\/person\/dcab619c614d3038751c63bc2aadc06d\"},\"description\":\"Lider Demokratskog saveza u Crnoj Gori Mehmed Bardhi o\u0161tro je osudio izjavu lidera Demokratske unije Alabanaca datu Portalu Analitika da Albanci nijesu\",\"breadcrumb\":{\"@id\":\"https:\/\/www.visit-ulcinj.com\/blog\/2011\/09\/13\/bardhi-dinosa-privrzen-svom-gospodaru\/#breadcrumb\"},\"inLanguage\":\"en-US\",\"potentialAction\":[{\"@type\":\"ReadAction\",\"target\":[\"https:\/\/www.visit-ulcinj.com\/blog\/2011\/09\/13\/bardhi-dinosa-privrzen-svom-gospodaru\/\"]}]},{\"@type\":\"BreadcrumbList\",\"@id\":\"https:\/\/www.visit-ulcinj.com\/blog\/2011\/09\/13\/bardhi-dinosa-privrzen-svom-gospodaru\/#breadcrumb\",\"itemListElement\":[{\"@type\":\"ListItem\",\"position\":1,\"name\":\"Bardhi: Dino\u0161a privr\u017een svom gospodaru\"}]},{\"@type\":\"Person\",\"@id\":\"https:\/\/www.visit-ulcinj.com\/blog\/#\/schema\/person\/dcab619c614d3038751c63bc2aadc06d\",\"name\":\"ulqini\",\"sameAs\":[\"http:\/\/www.visit-ulcinj.com\"],\"url\":\"https:\/\/www.visit-ulcinj.com\/blog\/author\/admin\/\"}]}<\/script>\n<!-- \/ Yoast SEO plugin. -->","yoast_head_json":{"title":"Bardhi: Dino\u0161a privr\u017een svom gospodaru - Lajme nga Ulqini","description":"Lider Demokratskog saveza u Crnoj Gori Mehmed Bardhi o\u0161tro je osudio izjavu lidera Demokratske unije Alabanaca datu Portalu Analitika da Albanci nijesu","robots":{"index":"index","follow":"follow","max-snippet":"max-snippet:-1","max-image-preview":"max-image-preview:large","max-video-preview":"max-video-preview:-1"},"canonical":"https:\/\/www.visit-ulcinj.com\/blog\/2011\/09\/13\/bardhi-dinosa-privrzen-svom-gospodaru\/","og_locale":"en_US","og_type":"article","og_title":"Bardhi: Dino\u0161a privr\u017een svom gospodaru - Lajme nga Ulqini","og_description":"Lider Demokratskog saveza u Crnoj Gori Mehmed Bardhi o\u0161tro je osudio izjavu lidera Demokratske unije Alabanaca datu Portalu Analitika da Albanci nijesu","og_url":"https:\/\/www.visit-ulcinj.com\/blog\/2011\/09\/13\/bardhi-dinosa-privrzen-svom-gospodaru\/","og_site_name":"Lajme nga Ulqini","article_published_time":"2011-09-13T17:04:24+00:00","article_modified_time":"2011-09-14T18:11:00+00:00","og_image":[{"url":"http:\/\/www.visit-ulcinj.com\/blog\/wp-content\/uploads\/2011\/09\/predsjednik-Demokratskog-saveza-Mehmed-Bardhi..jpg"}],"twitter_misc":{"Written by":"ulqini","Est. reading time":"1 minute"},"schema":{"@context":"https:\/\/schema.org","@graph":[{"@type":"WebSite","@id":"https:\/\/www.visit-ulcinj.com\/blog\/#website","url":"https:\/\/www.visit-ulcinj.com\/blog\/","name":"Lajme nga Ulqini","description":"Lajme,Vijesti,Ulqini,Ulqin,Crna Gora,Mali i Zi","potentialAction":[{"@type":"SearchAction","target":{"@type":"EntryPoint","urlTemplate":"https:\/\/www.visit-ulcinj.com\/blog\/?s={search_term_string}"},"query-input":"required name=search_term_string"}],"inLanguage":"en-US"},{"@type":"ImageObject","inLanguage":"en-US","@id":"https:\/\/www.visit-ulcinj.com\/blog\/2011\/09\/13\/bardhi-dinosa-privrzen-svom-gospodaru\/#primaryimage","url":"https:\/\/www.visit-ulcinj.com\/blog\/wp-content\/uploads\/2011\/09\/predsjednik-Demokratskog-saveza-Mehmed-Bardhi..jpg","contentUrl":"https:\/\/www.visit-ulcinj.com\/blog\/wp-content\/uploads\/2011\/09\/predsjednik-Demokratskog-saveza-Mehmed-Bardhi..jpg","width":"290","height":"190"},{"@type":"WebPage","@id":"https:\/\/www.visit-ulcinj.com\/blog\/2011\/09\/13\/bardhi-dinosa-privrzen-svom-gospodaru\/#webpage","url":"https:\/\/www.visit-ulcinj.com\/blog\/2011\/09\/13\/bardhi-dinosa-privrzen-svom-gospodaru\/","name":"Bardhi: Dino\u0161a privr\u017een svom gospodaru - Lajme nga Ulqini","isPartOf":{"@id":"https:\/\/www.visit-ulcinj.com\/blog\/#website"},"primaryImageOfPage":{"@id":"https:\/\/www.visit-ulcinj.com\/blog\/2011\/09\/13\/bardhi-dinosa-privrzen-svom-gospodaru\/#primaryimage"},"datePublished":"2011-09-13T17:04:24+00:00","dateModified":"2011-09-14T18:11:00+00:00","author":{"@id":"https:\/\/www.visit-ulcinj.com\/blog\/#\/schema\/person\/dcab619c614d3038751c63bc2aadc06d"},"description":"Lider Demokratskog saveza u Crnoj Gori Mehmed Bardhi o\u0161tro je osudio izjavu lidera Demokratske unije Alabanaca datu Portalu Analitika da Albanci nijesu","breadcrumb":{"@id":"https:\/\/www.visit-ulcinj.com\/blog\/2011\/09\/13\/bardhi-dinosa-privrzen-svom-gospodaru\/#breadcrumb"},"inLanguage":"en-US","potentialAction":[{"@type":"ReadAction","target":["https:\/\/www.visit-ulcinj.com\/blog\/2011\/09\/13\/bardhi-dinosa-privrzen-svom-gospodaru\/"]}]},{"@type":"BreadcrumbList","@id":"https:\/\/www.visit-ulcinj.com\/blog\/2011\/09\/13\/bardhi-dinosa-privrzen-svom-gospodaru\/#breadcrumb","itemListElement":[{"@type":"ListItem","position":1,"name":"Bardhi: Dino\u0161a privr\u017een svom gospodaru"}]},{"@type":"Person","@id":"https:\/\/www.visit-ulcinj.com\/blog\/#\/schema\/person\/dcab619c614d3038751c63bc2aadc06d","name":"ulqini","sameAs":["http:\/\/www.visit-ulcinj.com"],"url":"https:\/\/www.visit-ulcinj.com\/blog\/author\/admin\/"}]}},"jetpack_featured_media_url":"","jetpack_sharing_enabled":true,"jetpack_shortlink":"https:\/\/wp.me\/pe6lTn-deP","_links":{"self":[{"href":"https:\/\/www.visit-ulcinj.com\/blog\/wp-json\/wp\/v2\/posts\/50891"}],"collection":[{"href":"https:\/\/www.visit-ulcinj.com\/blog\/wp-json\/wp\/v2\/posts"}],"about":[{"href":"https:\/\/www.visit-ulcinj.com\/blog\/wp-json\/wp\/v2\/types\/post"}],"author":[{"embeddable":true,"href":"https:\/\/www.visit-ulcinj.com\/blog\/wp-json\/wp\/v2\/users\/1"}],"replies":[{"embeddable":true,"href":"https:\/\/www.visit-ulcinj.com\/blog\/wp-json\/wp\/v2\/comments?post=50891"}],"version-history":[{"count":2,"href":"https:\/\/www.visit-ulcinj.com\/blog\/wp-json\/wp\/v2\/posts\/50891\/revisions"}],"predecessor-version":[{"id":50932,"href":"https:\/\/www.visit-ulcinj.com\/blog\/wp-json\/wp\/v2\/posts\/50891\/revisions\/50932"}],"wp:attachment":[{"href":"https:\/\/www.visit-ulcinj.com\/blog\/wp-json\/wp\/v2\/media?parent=50891"}],"wp:term":[{"taxonomy":"category","embeddable":true,"href":"https:\/\/www.visit-ulcinj.com\/blog\/wp-json\/wp\/v2\/categories?post=50891"},{"taxonomy":"post_tag","embeddable":true,"href":"https:\/\/www.visit-ulcinj.com\/blog\/wp-json\/wp\/v2\/tags?post=50891"}],"curies":[{"name":"wp","href":"https:\/\/api.w.org\/{rel}","templated":true}]}}