{"id":50894,"date":"2011-09-13T18:32:08","date_gmt":"2011-09-13T17:32:08","guid":{"rendered":"http:\/\/www.visit-ulcinj.com\/blog\/?p=50894"},"modified":"2011-09-14T19:09:55","modified_gmt":"2011-09-14T18:09:55","slug":"ferhat-dinosha-distancohet-nga-zenka","status":"publish","type":"post","link":"https:\/\/www.visit-ulcinj.com\/blog\/2011\/09\/13\/ferhat-dinosha-distancohet-nga-zenka\/","title":{"rendered":"Ferhat Dinosha distancohet nga Zenka"},"content":{"rendered":"<p><a href=\"http:\/\/www.visit-ulcinj.com\/blog\/wp-content\/uploads\/2011\/09\/Dinosha-distancohet-nga-Zenka.jpg\"><img loading=\"lazy\" class=\"alignleft size-full wp-image-50895\" title=\"Dinosha distancohet nga Zenka\" src=\"http:\/\/www.visit-ulcinj.com\/blog\/wp-content\/uploads\/2011\/09\/Dinosha-distancohet-nga-Zenka.jpg\" alt=\"\" width=\"301\" height=\"256\" srcset=\"https:\/\/www.visit-ulcinj.com\/blog\/wp-content\/uploads\/2011\/09\/Dinosha-distancohet-nga-Zenka.jpg 301w, https:\/\/www.visit-ulcinj.com\/blog\/wp-content\/uploads\/2011\/09\/Dinosha-distancohet-nga-Zenka-300x255.jpg 300w\" sizes=\"(max-width: 301px) 100vw, 301px\" \/><\/a>Kryetari i Unionit Demokratik t\u00eb Shqiptar\u00ebve Ferhat Dinosha \u00ebsht\u00eb distancuar nga veprimi i deputetit t\u00eb UDSH-s\u00eb\u00a0 Mehmet Zenka i cili para se t\u00eb votohej ligji zgjedhor u\u00a0 largua nga seanca parlamentare s\u00eb bashku me koleg\u00ebt e tjer\u00eb nga partit\u00eb shqiptare. Dinosha thot\u00eb se ai nuk beson se me miratimin e ligjit zgjedhor shqiptar\u00ebt jan\u00eb mashtruar por ka munges\u00eb\u00a0 komunikimi q\u00eb mund t\u00eb zgjidh\u00eb situat\u00ebn pasi edhe pse \u00ebsht\u00eb e disfavorshme mund t\u00eb gjindet kompromisi q\u00eb do i k\u00ebnaq edhe shqiptaret.<\/p>\n<p>&#8220;Deputeti i UDSH-s\u00eb nuk kishte mandatin e K\u00ebshillit\u00a0 qendror t\u00eb partis\u00eb p\u00ebr tu larguar nga seanca e Kuvendit, por duhej t\u00eb kishte\u00a0 q\u00ebndruar n\u00eb sall\u00eb dhe t\u00eb votonte kund\u00ebr ligjit zgjedhor. Deputeti i UDSH-s\u00eb\u00a0 nuk ka guxuar t\u00eb hyj\u00eb n\u00eb valle\u00a0 me partit\u00eb e tjera shqiptare, posa\u00e7arisht kur ai nuk nuk e udh\u00ebheq vallen pasi at\u00eb valle e udh\u00ebheq dikush tjet\u00ebr&#8221;, tha Dinosha p\u00ebr portalin Analitika.<\/p>\n<p><strong>Ulqini Online<\/strong><\/p>\n<p><strong>VIDEO TVCG<\/strong><br \/>\n<!--YouTube Error: bad URL entered--><\/p>\n","protected":false},"excerpt":{"rendered":"<p>Kryetari i Unionit Demokratik t\u00eb Shqiptar\u00ebve Ferhat Dinosha \u00ebsht\u00eb distancuar nga veprimi i deputetit t\u00eb UDSH-s\u00eb\u00a0 Mehmet Zenka i cili para se t\u00eb votohej ligji zgjedhor u\u00a0 largua nga seanca parlamentare s\u00eb bashku me koleg\u00ebt e tjer\u00eb nga partit\u00eb shqiptare. Dinosha thot\u00eb se ai nuk beson se me miratimin e ligjit zgjedhor shqiptar\u00ebt jan\u00eb mashtruar [&hellip;]<\/p>\n","protected":false},"author":1,"featured_media":0,"comment_status":"open","ping_status":"closed","sticky":false,"template":"","format":"standard","meta":{"spay_email":"","jetpack_publicize_message":"","jetpack_is_tweetstorm":false,"jetpack_publicize_feature_enabled":true},"categories":[6],"tags":[97,3371,2394,200],"jetpack_publicize_connections":[],"yoast_head":"<!-- This site is optimized with the Yoast SEO plugin v19.1 - https:\/\/yoast.com\/wordpress\/plugins\/seo\/ -->\n<title>Ferhat Dinosha distancohet nga Zenka - Lajme nga Ulqini<\/title>\n<meta name=\"description\" content=\"Kryetari i Unionit Demokratik t\u00eb Shqiptar\u00ebve Ferhat Dinosha \u00ebsht\u00eb distancuar nga veprimi i deputetit t\u00eb UDSH-s\u00eb\u00a0 Mehmet Zenka i cili para se t\u00eb votohej\" \/>\n<meta name=\"robots\" content=\"index, follow, max-snippet:-1, max-image-preview:large, max-video-preview:-1\" \/>\n<link rel=\"canonical\" href=\"https:\/\/www.visit-ulcinj.com\/blog\/2011\/09\/13\/ferhat-dinosha-distancohet-nga-zenka\/\" \/>\n<meta property=\"og:locale\" content=\"en_US\" \/>\n<meta property=\"og:type\" content=\"article\" \/>\n<meta property=\"og:title\" content=\"Ferhat Dinosha distancohet nga Zenka - Lajme nga Ulqini\" \/>\n<meta property=\"og:description\" content=\"Kryetari i Unionit Demokratik t\u00eb Shqiptar\u00ebve Ferhat Dinosha \u00ebsht\u00eb distancuar nga veprimi i deputetit t\u00eb UDSH-s\u00eb\u00a0 Mehmet Zenka i cili para se t\u00eb votohej\" \/>\n<meta property=\"og:url\" content=\"https:\/\/www.visit-ulcinj.com\/blog\/2011\/09\/13\/ferhat-dinosha-distancohet-nga-zenka\/\" \/>\n<meta property=\"og:site_name\" content=\"Lajme nga Ulqini\" \/>\n<meta property=\"article:published_time\" content=\"2011-09-13T17:32:08+00:00\" \/>\n<meta property=\"article:modified_time\" content=\"2011-09-14T18:09:55+00:00\" \/>\n<meta property=\"og:image\" content=\"http:\/\/www.visit-ulcinj.com\/blog\/wp-content\/uploads\/2011\/09\/Dinosha-distancohet-nga-Zenka.jpg\" \/>\n<meta name=\"twitter:label1\" content=\"Written by\" \/>\n\t<meta name=\"twitter:data1\" content=\"ulqini\" \/>\n\t<meta name=\"twitter:label2\" content=\"Est. reading time\" \/>\n\t<meta name=\"twitter:data2\" content=\"1 minute\" \/>\n<script type=\"application\/ld+json\" class=\"yoast-schema-graph\">{\"@context\":\"https:\/\/schema.org\",\"@graph\":[{\"@type\":\"WebSite\",\"@id\":\"https:\/\/www.visit-ulcinj.com\/blog\/#website\",\"url\":\"https:\/\/www.visit-ulcinj.com\/blog\/\",\"name\":\"Lajme nga Ulqini\",\"description\":\"Lajme,Vijesti,Ulqini,Ulqin,Crna Gora,Mali i Zi\",\"potentialAction\":[{\"@type\":\"SearchAction\",\"target\":{\"@type\":\"EntryPoint\",\"urlTemplate\":\"https:\/\/www.visit-ulcinj.com\/blog\/?s={search_term_string}\"},\"query-input\":\"required name=search_term_string\"}],\"inLanguage\":\"en-US\"},{\"@type\":\"ImageObject\",\"inLanguage\":\"en-US\",\"@id\":\"https:\/\/www.visit-ulcinj.com\/blog\/2011\/09\/13\/ferhat-dinosha-distancohet-nga-zenka\/#primaryimage\",\"url\":\"https:\/\/www.visit-ulcinj.com\/blog\/wp-content\/uploads\/2011\/09\/Dinosha-distancohet-nga-Zenka.jpg\",\"contentUrl\":\"https:\/\/www.visit-ulcinj.com\/blog\/wp-content\/uploads\/2011\/09\/Dinosha-distancohet-nga-Zenka.jpg\",\"width\":\"301\",\"height\":\"256\"},{\"@type\":\"WebPage\",\"@id\":\"https:\/\/www.visit-ulcinj.com\/blog\/2011\/09\/13\/ferhat-dinosha-distancohet-nga-zenka\/#webpage\",\"url\":\"https:\/\/www.visit-ulcinj.com\/blog\/2011\/09\/13\/ferhat-dinosha-distancohet-nga-zenka\/\",\"name\":\"Ferhat Dinosha distancohet nga Zenka - Lajme nga Ulqini\",\"isPartOf\":{\"@id\":\"https:\/\/www.visit-ulcinj.com\/blog\/#website\"},\"primaryImageOfPage\":{\"@id\":\"https:\/\/www.visit-ulcinj.com\/blog\/2011\/09\/13\/ferhat-dinosha-distancohet-nga-zenka\/#primaryimage\"},\"datePublished\":\"2011-09-13T17:32:08+00:00\",\"dateModified\":\"2011-09-14T18:09:55+00:00\",\"author\":{\"@id\":\"https:\/\/www.visit-ulcinj.com\/blog\/#\/schema\/person\/dcab619c614d3038751c63bc2aadc06d\"},\"description\":\"Kryetari i Unionit Demokratik t\u00eb Shqiptar\u00ebve Ferhat Dinosha \u00ebsht\u00eb distancuar nga veprimi i deputetit t\u00eb UDSH-s\u00eb\u00a0 Mehmet Zenka i cili para se t\u00eb votohej\",\"breadcrumb\":{\"@id\":\"https:\/\/www.visit-ulcinj.com\/blog\/2011\/09\/13\/ferhat-dinosha-distancohet-nga-zenka\/#breadcrumb\"},\"inLanguage\":\"en-US\",\"potentialAction\":[{\"@type\":\"ReadAction\",\"target\":[\"https:\/\/www.visit-ulcinj.com\/blog\/2011\/09\/13\/ferhat-dinosha-distancohet-nga-zenka\/\"]}]},{\"@type\":\"BreadcrumbList\",\"@id\":\"https:\/\/www.visit-ulcinj.com\/blog\/2011\/09\/13\/ferhat-dinosha-distancohet-nga-zenka\/#breadcrumb\",\"itemListElement\":[{\"@type\":\"ListItem\",\"position\":1,\"name\":\"Ferhat Dinosha distancohet nga Zenka\"}]},{\"@type\":\"Person\",\"@id\":\"https:\/\/www.visit-ulcinj.com\/blog\/#\/schema\/person\/dcab619c614d3038751c63bc2aadc06d\",\"name\":\"ulqini\",\"sameAs\":[\"http:\/\/www.visit-ulcinj.com\"],\"url\":\"https:\/\/www.visit-ulcinj.com\/blog\/author\/admin\/\"}]}<\/script>\n<!-- \/ Yoast SEO plugin. -->","yoast_head_json":{"title":"Ferhat Dinosha distancohet nga Zenka - Lajme nga Ulqini","description":"Kryetari i Unionit Demokratik t\u00eb Shqiptar\u00ebve Ferhat Dinosha \u00ebsht\u00eb distancuar nga veprimi i deputetit t\u00eb UDSH-s\u00eb\u00a0 Mehmet Zenka i cili para se t\u00eb votohej","robots":{"index":"index","follow":"follow","max-snippet":"max-snippet:-1","max-image-preview":"max-image-preview:large","max-video-preview":"max-video-preview:-1"},"canonical":"https:\/\/www.visit-ulcinj.com\/blog\/2011\/09\/13\/ferhat-dinosha-distancohet-nga-zenka\/","og_locale":"en_US","og_type":"article","og_title":"Ferhat Dinosha distancohet nga Zenka - Lajme nga Ulqini","og_description":"Kryetari i Unionit Demokratik t\u00eb Shqiptar\u00ebve Ferhat Dinosha \u00ebsht\u00eb distancuar nga veprimi i deputetit t\u00eb UDSH-s\u00eb\u00a0 Mehmet Zenka i cili para se t\u00eb votohej","og_url":"https:\/\/www.visit-ulcinj.com\/blog\/2011\/09\/13\/ferhat-dinosha-distancohet-nga-zenka\/","og_site_name":"Lajme nga Ulqini","article_published_time":"2011-09-13T17:32:08+00:00","article_modified_time":"2011-09-14T18:09:55+00:00","og_image":[{"url":"http:\/\/www.visit-ulcinj.com\/blog\/wp-content\/uploads\/2011\/09\/Dinosha-distancohet-nga-Zenka.jpg"}],"twitter_misc":{"Written by":"ulqini","Est. reading time":"1 minute"},"schema":{"@context":"https:\/\/schema.org","@graph":[{"@type":"WebSite","@id":"https:\/\/www.visit-ulcinj.com\/blog\/#website","url":"https:\/\/www.visit-ulcinj.com\/blog\/","name":"Lajme nga Ulqini","description":"Lajme,Vijesti,Ulqini,Ulqin,Crna Gora,Mali i Zi","potentialAction":[{"@type":"SearchAction","target":{"@type":"EntryPoint","urlTemplate":"https:\/\/www.visit-ulcinj.com\/blog\/?s={search_term_string}"},"query-input":"required name=search_term_string"}],"inLanguage":"en-US"},{"@type":"ImageObject","inLanguage":"en-US","@id":"https:\/\/www.visit-ulcinj.com\/blog\/2011\/09\/13\/ferhat-dinosha-distancohet-nga-zenka\/#primaryimage","url":"https:\/\/www.visit-ulcinj.com\/blog\/wp-content\/uploads\/2011\/09\/Dinosha-distancohet-nga-Zenka.jpg","contentUrl":"https:\/\/www.visit-ulcinj.com\/blog\/wp-content\/uploads\/2011\/09\/Dinosha-distancohet-nga-Zenka.jpg","width":"301","height":"256"},{"@type":"WebPage","@id":"https:\/\/www.visit-ulcinj.com\/blog\/2011\/09\/13\/ferhat-dinosha-distancohet-nga-zenka\/#webpage","url":"https:\/\/www.visit-ulcinj.com\/blog\/2011\/09\/13\/ferhat-dinosha-distancohet-nga-zenka\/","name":"Ferhat Dinosha distancohet nga Zenka - Lajme nga Ulqini","isPartOf":{"@id":"https:\/\/www.visit-ulcinj.com\/blog\/#website"},"primaryImageOfPage":{"@id":"https:\/\/www.visit-ulcinj.com\/blog\/2011\/09\/13\/ferhat-dinosha-distancohet-nga-zenka\/#primaryimage"},"datePublished":"2011-09-13T17:32:08+00:00","dateModified":"2011-09-14T18:09:55+00:00","author":{"@id":"https:\/\/www.visit-ulcinj.com\/blog\/#\/schema\/person\/dcab619c614d3038751c63bc2aadc06d"},"description":"Kryetari i Unionit Demokratik t\u00eb Shqiptar\u00ebve Ferhat Dinosha \u00ebsht\u00eb distancuar nga veprimi i deputetit t\u00eb UDSH-s\u00eb\u00a0 Mehmet Zenka i cili para se t\u00eb votohej","breadcrumb":{"@id":"https:\/\/www.visit-ulcinj.com\/blog\/2011\/09\/13\/ferhat-dinosha-distancohet-nga-zenka\/#breadcrumb"},"inLanguage":"en-US","potentialAction":[{"@type":"ReadAction","target":["https:\/\/www.visit-ulcinj.com\/blog\/2011\/09\/13\/ferhat-dinosha-distancohet-nga-zenka\/"]}]},{"@type":"BreadcrumbList","@id":"https:\/\/www.visit-ulcinj.com\/blog\/2011\/09\/13\/ferhat-dinosha-distancohet-nga-zenka\/#breadcrumb","itemListElement":[{"@type":"ListItem","position":1,"name":"Ferhat Dinosha distancohet nga Zenka"}]},{"@type":"Person","@id":"https:\/\/www.visit-ulcinj.com\/blog\/#\/schema\/person\/dcab619c614d3038751c63bc2aadc06d","name":"ulqini","sameAs":["http:\/\/www.visit-ulcinj.com"],"url":"https:\/\/www.visit-ulcinj.com\/blog\/author\/admin\/"}]}},"jetpack_featured_media_url":"","jetpack_sharing_enabled":true,"jetpack_shortlink":"https:\/\/wp.me\/pe6lTn-deS","_links":{"self":[{"href":"https:\/\/www.visit-ulcinj.com\/blog\/wp-json\/wp\/v2\/posts\/50894"}],"collection":[{"href":"https:\/\/www.visit-ulcinj.com\/blog\/wp-json\/wp\/v2\/posts"}],"about":[{"href":"https:\/\/www.visit-ulcinj.com\/blog\/wp-json\/wp\/v2\/types\/post"}],"author":[{"embeddable":true,"href":"https:\/\/www.visit-ulcinj.com\/blog\/wp-json\/wp\/v2\/users\/1"}],"replies":[{"embeddable":true,"href":"https:\/\/www.visit-ulcinj.com\/blog\/wp-json\/wp\/v2\/comments?post=50894"}],"version-history":[{"count":2,"href":"https:\/\/www.visit-ulcinj.com\/blog\/wp-json\/wp\/v2\/posts\/50894\/revisions"}],"predecessor-version":[{"id":50930,"href":"https:\/\/www.visit-ulcinj.com\/blog\/wp-json\/wp\/v2\/posts\/50894\/revisions\/50930"}],"wp:attachment":[{"href":"https:\/\/www.visit-ulcinj.com\/blog\/wp-json\/wp\/v2\/media?parent=50894"}],"wp:term":[{"taxonomy":"category","embeddable":true,"href":"https:\/\/www.visit-ulcinj.com\/blog\/wp-json\/wp\/v2\/categories?post=50894"},{"taxonomy":"post_tag","embeddable":true,"href":"https:\/\/www.visit-ulcinj.com\/blog\/wp-json\/wp\/v2\/tags?post=50894"}],"curies":[{"name":"wp","href":"https:\/\/api.w.org\/{rel}","templated":true}]}}