{"id":5090,"date":"2008-10-24T17:20:04","date_gmt":"2008-10-24T22:20:04","guid":{"rendered":"http:\/\/www.visit-ulcinj.com\/blog\/?p=5090"},"modified":"2008-10-26T06:06:33","modified_gmt":"2008-10-26T11:06:33","slug":"ulcinjiznevjerena-obecanjamarina-spala-na-lucicu","status":"publish","type":"post","link":"https:\/\/www.visit-ulcinj.com\/blog\/2008\/10\/24\/ulcinjiznevjerena-obecanjamarina-spala-na-lucicu\/","title":{"rendered":"Ulcinj:Iznevjerena obe?anja,Marina spala na lu?icu"},"content":{"rendered":"<p><a href=\"http:\/\/www.visit-ulcinj.com\/blog\/wp-content\/uploads\/2008\/10\/kaceme-ulcinj.jpg\"><img loading=\"lazy\" class=\"alignleft size-medium wp-image-5092\" title=\"kaceme-ulcinj\" src=\"http:\/\/www.visit-ulcinj.com\/blog\/wp-content\/uploads\/2008\/10\/kaceme-ulcinj-300x199.jpg\" alt=\"\" width=\"366\" height=\"209\" \/><\/a><strong>Ba\u0161 kao \u0161to je i najavljeno iz Javnog preduze?a za upravljanje morskim dobrom sa sjedi\u0161tem u Budvi, u Ulcinju su ove sedmice po?eli radovi na izgradnje lu?ice Kacema. Projekat je vrijedan ne\u0161to manje od 400 hiljada eura, a radove ?e izvoditi preduze?e YU BRIV d.o.o. iz Kotora.<\/strong><\/p>\n<p><strong>OKRETANJE KAMENA: <\/strong>Na prostoru, podno ju\u017enog ulaza u ulcinjski Stari grad, mo?i ?e da stane nekoliko desetina barki. Da bar ribolovci ne strepe od svakog narednog juga. Mnogi Ulcinjani, me?utim, \u017eale \u0161to se vi\u0161e ne?e mo?i kupati u toj lijepoj uvali. O jahtama i razvoju nauti?kog turizma vi\u0161e, ?ini se, niko ne razmi\u0161lja. <a href=\"http:\/\/www.visit-ulcinj.com\/blog\/wp-content\/uploads\/2008\/01\/ismet-karamanaga.jpg\"><img loading=\"lazy\" class=\"alignright size-thumbnail wp-image-61\" title=\" ISMET KARAMANAG\u00cbN\" src=\"http:\/\/www.visit-ulcinj.com\/blog\/wp-content\/uploads\/2008\/01\/ismet-karamanaga.thumbnail.jpg\" alt=\"\" width=\"128\" height=\"115\" \/><\/a><br \/>\nPredsjednik Udru\u017eenja prijatelja Starog grada Kaljaja Ismet Karamanaga rekao je za Monitor da je dobro \u0161to se kona?no ne\u0161to gradi i u Ulcinju. \u201eMakar da se kamen okrene\u201c, kazao je on i izrazio uvjerenje da ?e taj prostor ispod Starog grada ubudu?e ljep\u0161e izgledati. Karamanaga je dodao da je inicijativu o gradnji lu?ice na tom prostoru zapravo pokrenulo ovo Udru\u017eenje prije deset godina. Niko nije pitao odgovorne u Morskom dobru, nije, valjda, sada red, ho?e li se obistiniti i ostali njihovi projekti. Jer, jo\u0161 od sredine devedesetih Ulcinjanima se obe?ava da ?e ovo preduze?e, koje ve? 16 godina gazduje ?itavim priobalnim pojasom njihovog grada, ovdje izgraditi ?ak pet malih marina: u Limanu, Valdanosu i Kru?ama, a na Adi ?ak dvije.<a href=\"http:\/\/www.visit-ulcinj.com\/blog\/wp-content\/uploads\/2008\/09\/marina-e-ulqinit.jpg\"><img loading=\"lazy\" class=\"size-medium wp-image-3355 alignleft\" title=\"marina-e-ulqinit\" src=\"http:\/\/www.visit-ulcinj.com\/blog\/wp-content\/uploads\/2008\/09\/marina-e-ulqinit-300x204.jpg\" alt=\"\" width=\"210\" height=\"143\" srcset=\"https:\/\/www.visit-ulcinj.com\/blog\/wp-content\/uploads\/2008\/09\/marina-e-ulqinit-300x204.jpg 300w, https:\/\/www.visit-ulcinj.com\/blog\/wp-content\/uploads\/2008\/09\/marina-e-ulqinit.jpg 473w\" sizes=\"(max-width: 210px) 100vw, 210px\" \/><\/a><br \/>\n<strong>IGRA SA SLOVENCIMA: <\/strong>Ne\u0161to novija su obe?anja vladinih i op\u0161tinskih zvani?nika o gradnji velelepne marine u Limanu, ispod zapadnih zidina Starog grada. Tako je Ministarstvo za za\u0161titu prava pripadnika manjinskih grupa po?etkom februara 2004. godine obznanilo da je delegacija, sastavljena od ?elnika tog vladinog resora i op\u0161tine Ulcinj boravila u Sloveniji. Kako je saop\u0161teno, slovena?ka strana, koju su ?inili dr\u017eavni sekretar za pomorstvo i saobra?aj Branko Mahne i direktor izolske kompanije Galeb Vilijam Orel, \u201ekao ozbiljan partner i investitor spremna je da u?e u posao izgradnje marine kapaciteta 500-600 vezova, a da treba o?ekivati da radovi po?nu ve? u septembru\u201c. U martu te godine preduzimljivi Slovenci boravili su u Ulcinju i ponovo izrazili spremnost da realizuju projekat. Ve? tada je broj vezova opao: tom prilikom je kazano da ?e kapacitet luke biti 300 vezova. Formirano je zajedni?ko preduze?e i imenovani direktori, ali je uslijedio problem s pribavljanjem dokumentacije za izradu idejnog projekta. Slovenci su ubrzo uvidjeli da od posla nema ni\u0161ta, \u0161to nije omelo zvani?nike u Ulcinju da uvjeravaju gra?anstvo da je sve u redu i da gradnja marine samo \u0161to nije po?ela. I tako pune ?etiri godine. Tek, pro\u0161log mjeseca uslijedilo je javno priznanje da \u201ezbog nemogu?nosti dogovora s vlasnicima zemlji\u0161ta\u201c, nije mogu?e izgraditi ?ak ni put prema naselju Limanu, odnosno zami\u0161ljenoj marini.<br \/>\n<a href=\"http:\/\/www.visit-ulcinj.com\/blog\/wp-content\/uploads\/2008\/08\/marina-tivat.jpg\"><img loading=\"lazy\" class=\"size-medium wp-image-2504 alignright\" title=\"marina-tivat\" src=\"http:\/\/www.visit-ulcinj.com\/blog\/wp-content\/uploads\/2008\/08\/marina-tivat.jpg\" alt=\"\" width=\"173\" height=\"131\" \/><\/a><strong>MARINA, OPET:<\/strong> Ono \u0161to je, mo\u017eda, najgore u ovoj pri?i jeste izigrano povjerenje Slovenaca. Jer, bolje gubiti novac nego povjerenje. Lo\u0161e je, tako?e, \u0161to ni stanovnici naselja Liman ne?e jo\u0161 dugo dobiti adekvatan put i \u0161to ?e im tokom sezone biti lak\u0161e da do svojih ku?a sti\u017eu barkama nego kopnom! No, u narednih deset godina svakako ?e biti izgra?ena marina u Ulcinju. U okviru projekta \u201cevropski odgovor na Dubai\u201d, na Velikoj pla\u017ei ruski tajkun Oleg Deripaska, kanadski milijarder Piter Mank i porodica Rot\u0161ild 2010. godine krenu?e u gradnju kompleksa hotela i, naravno, marine. Problem je samo \u0161to ?e od svega toga veoma malu korist imati grad Ulcinj.<br \/>\n<a href=\"http:\/\/www.visit-ulcinj.com\/blog\/wp-content\/uploads\/2008\/10\/port-milena.jpg\"><img loading=\"lazy\" class=\"alignleft size-thumbnail wp-image-5093\" title=\"port-milena\" src=\"http:\/\/www.visit-ulcinj.com\/blog\/wp-content\/uploads\/2008\/10\/port-milena-150x150.jpg\" alt=\"\" width=\"226\" height=\"179\" \/><\/a>Naime, ista ekipa je zakupila tivatski Arsenal, gdje planira gradnju marine za megajahte, a ?elnici te op\u0161tine ve? sa \u017ealjenjem priznaju da ?e od bu?no najavljivanih investicija u Porto Montenegro prihodi op\u0161tine, barem u prvo vrijeme, biti jako mali. Jer, nova zakonska rje\u0161enja o planiranju prostora i gradnji objekata koja, kako s pravom isti?u u Ministarstvu za ekonomski razvoj, idu u susret potrebama investitora, predvi?aju da gradnja objekata mo\u017ee po?eti i na osnovu idejnog projekta, a da se komunalije pla?aju tek po dobijanju upotrebne dozvole. To zna?i da ?e korist od izdavanja u dugoro?ni zakup prostora Velike pla\u017ee, Ade i Valdanosa i najavljenih ulaganja od nekoliko milijardi eura, op\u0161tina Ulcinj i njeni gra?ani imati tek onda kada to (i ako to) ovi silni investitori budu \u017eeljeli. Ali, ono \u0161to lokalna samouprava bar mo\u017ee u?initi jeste da crnogorskoj Vladi uputi zahtjev da i Ulcinj, kao na primjer Zelenika i Risan, postane grani?ni prijelaz. Da oni koji brodom \u017eele do?i u ovaj grad ne moraju prvo do carinarnice u Baru, pa onda ponovo 12 milja nazad do Ulcinja.<br \/>\n<strong>Mustafa CANKA <\/strong><\/p>\n<p><strong>Dug prema tradiciji<\/strong><a href=\"http:\/\/8e.img.v4.skyrock.com\/8e7\/ulqini\/pics\/924884306.jpg\"><img loading=\"lazy\" class=\"alignright\" title=\"Mentor Llunji\" src=\"http:\/\/8e.img.v4.skyrock.com\/8e7\/ulqini\/pics\/924884306.jpg\" alt=\"\" width=\"160\" height=\"113\" \/><\/a><br \/>\nMarina u Ulcinju i dug je prema istoriji i tradiciji. Ulcinj je sredinom 19. stolje?a imao 180 velikih i 450 malih brodova, odnosno vi\u0161e plovila od Dubrovnika i Kotora zajedno. \u201cDanas mladi ljudi, i to ne svojom krivicom, nemaju svijest o tome, pa ?ak i ne razumiju zna?enja rije?i koje imaju veze sa morem i pomorstvom\u201d, ka\u017ee in\u017einjer Mentor Lunji i isti?e da \u201cmarina nije samo uto?i\u0161te za ?amce i jahte ve?, prije svega, uto?i\u0161te za na\u0161u kulturu i tradiciju\u201d. On dodaje da zbog nedostatka marine Ulcinj trpi i komercijalnu \u0161tetu koja se ogleda u su\u017eavanju turisti?ke ponude grada i gubitku utakmice sa drugim destinacijama, a sve vi\u0161e i obilje\u017eja mediteranskog mjesta.<br \/>\n<strong>Izvor \/ Monitor<\/strong><br \/>\n<center><!-- vimeo error: not a vimeo video --><\/center><\/p>\n","protected":false},"excerpt":{"rendered":"<p>Ba\u0161 kao \u0161to je i najavljeno iz Javnog preduze?a za upravljanje morskim dobrom sa sjedi\u0161tem u Budvi, u Ulcinju su ove sedmice po?eli radovi na izgradnje lu?ice Kacema. Projekat je vrijedan ne\u0161to manje od 400 hiljada eura, a radove ?e izvoditi preduze?e YU BRIV d.o.o. iz Kotora. OKRETANJE KAMENA: Na prostoru, podno ju\u017enog ulaza u [&hellip;]<\/p>\n","protected":false},"author":1,"featured_media":0,"comment_status":"open","ping_status":"closed","sticky":false,"template":"","format":"standard","meta":{"spay_email":"","jetpack_publicize_message":"","jetpack_is_tweetstorm":false,"jetpack_publicize_feature_enabled":true},"categories":[11,12],"tags":[4834,294,850,19],"jetpack_publicize_connections":[],"yoast_head":"<!-- This site is optimized with the Yoast SEO plugin v19.1 - https:\/\/yoast.com\/wordpress\/plugins\/seo\/ -->\n<title>Ulcinj:Iznevjerena obe?anja,Marina spala na lu?icu - Lajme nga Ulqini<\/title>\n<meta name=\"description\" content=\"Ba\u0161 kao \u0161to je i najavljeno iz Javnog preduze?a za upravljanje morskim dobrom sa sjedi\u0161tem u Budvi, u Ulcinju su ove sedmice po?eli radovi na izgradnje\" \/>\n<meta name=\"robots\" content=\"index, follow, max-snippet:-1, max-image-preview:large, max-video-preview:-1\" \/>\n<link rel=\"canonical\" href=\"https:\/\/www.visit-ulcinj.com\/blog\/2008\/10\/24\/ulcinjiznevjerena-obecanjamarina-spala-na-lucicu\/\" \/>\n<meta property=\"og:locale\" content=\"en_US\" \/>\n<meta property=\"og:type\" content=\"article\" \/>\n<meta property=\"og:title\" content=\"Ulcinj:Iznevjerena obe?anja,Marina spala na lu?icu - Lajme nga Ulqini\" \/>\n<meta property=\"og:description\" content=\"Ba\u0161 kao \u0161to je i najavljeno iz Javnog preduze?a za upravljanje morskim dobrom sa sjedi\u0161tem u Budvi, u Ulcinju su ove sedmice po?eli radovi na izgradnje\" \/>\n<meta property=\"og:url\" content=\"https:\/\/www.visit-ulcinj.com\/blog\/2008\/10\/24\/ulcinjiznevjerena-obecanjamarina-spala-na-lucicu\/\" \/>\n<meta property=\"og:site_name\" content=\"Lajme nga Ulqini\" \/>\n<meta property=\"article:published_time\" content=\"2008-10-24T22:20:04+00:00\" \/>\n<meta property=\"article:modified_time\" content=\"2008-10-26T11:06:33+00:00\" \/>\n<meta property=\"og:image\" content=\"http:\/\/www.visit-ulcinj.com\/blog\/wp-content\/uploads\/2008\/10\/kaceme-ulcinj-300x199.jpg\" \/>\n<meta name=\"twitter:label1\" content=\"Written by\" \/>\n\t<meta name=\"twitter:data1\" content=\"ulqini\" \/>\n\t<meta name=\"twitter:label2\" content=\"Est. reading time\" \/>\n\t<meta name=\"twitter:data2\" content=\"5 minutes\" \/>\n<script type=\"application\/ld+json\" class=\"yoast-schema-graph\">{\"@context\":\"https:\/\/schema.org\",\"@graph\":[{\"@type\":\"WebSite\",\"@id\":\"https:\/\/www.visit-ulcinj.com\/blog\/#website\",\"url\":\"https:\/\/www.visit-ulcinj.com\/blog\/\",\"name\":\"Lajme nga Ulqini\",\"description\":\"Lajme,Vijesti,Ulqini,Ulqin,Crna Gora,Mali i Zi\",\"potentialAction\":[{\"@type\":\"SearchAction\",\"target\":{\"@type\":\"EntryPoint\",\"urlTemplate\":\"https:\/\/www.visit-ulcinj.com\/blog\/?s={search_term_string}\"},\"query-input\":\"required name=search_term_string\"}],\"inLanguage\":\"en-US\"},{\"@type\":\"ImageObject\",\"inLanguage\":\"en-US\",\"@id\":\"https:\/\/www.visit-ulcinj.com\/blog\/2008\/10\/24\/ulcinjiznevjerena-obecanjamarina-spala-na-lucicu\/#primaryimage\",\"url\":\"http:\/\/www.visit-ulcinj.com\/blog\/wp-content\/uploads\/2008\/10\/kaceme-ulcinj-300x199.jpg\",\"contentUrl\":\"http:\/\/www.visit-ulcinj.com\/blog\/wp-content\/uploads\/2008\/10\/kaceme-ulcinj-300x199.jpg\"},{\"@type\":\"WebPage\",\"@id\":\"https:\/\/www.visit-ulcinj.com\/blog\/2008\/10\/24\/ulcinjiznevjerena-obecanjamarina-spala-na-lucicu\/#webpage\",\"url\":\"https:\/\/www.visit-ulcinj.com\/blog\/2008\/10\/24\/ulcinjiznevjerena-obecanjamarina-spala-na-lucicu\/\",\"name\":\"Ulcinj:Iznevjerena obe?anja,Marina spala na lu?icu - Lajme nga Ulqini\",\"isPartOf\":{\"@id\":\"https:\/\/www.visit-ulcinj.com\/blog\/#website\"},\"primaryImageOfPage\":{\"@id\":\"https:\/\/www.visit-ulcinj.com\/blog\/2008\/10\/24\/ulcinjiznevjerena-obecanjamarina-spala-na-lucicu\/#primaryimage\"},\"datePublished\":\"2008-10-24T22:20:04+00:00\",\"dateModified\":\"2008-10-26T11:06:33+00:00\",\"author\":{\"@id\":\"https:\/\/www.visit-ulcinj.com\/blog\/#\/schema\/person\/dcab619c614d3038751c63bc2aadc06d\"},\"description\":\"Ba\u0161 kao \u0161to je i najavljeno iz Javnog preduze?a za upravljanje morskim dobrom sa sjedi\u0161tem u Budvi, u Ulcinju su ove sedmice po?eli radovi na izgradnje\",\"breadcrumb\":{\"@id\":\"https:\/\/www.visit-ulcinj.com\/blog\/2008\/10\/24\/ulcinjiznevjerena-obecanjamarina-spala-na-lucicu\/#breadcrumb\"},\"inLanguage\":\"en-US\",\"potentialAction\":[{\"@type\":\"ReadAction\",\"target\":[\"https:\/\/www.visit-ulcinj.com\/blog\/2008\/10\/24\/ulcinjiznevjerena-obecanjamarina-spala-na-lucicu\/\"]}]},{\"@type\":\"BreadcrumbList\",\"@id\":\"https:\/\/www.visit-ulcinj.com\/blog\/2008\/10\/24\/ulcinjiznevjerena-obecanjamarina-spala-na-lucicu\/#breadcrumb\",\"itemListElement\":[{\"@type\":\"ListItem\",\"position\":1,\"name\":\"Ulcinj:Iznevjerena obe?anja,Marina spala na lu?icu\"}]},{\"@type\":\"Person\",\"@id\":\"https:\/\/www.visit-ulcinj.com\/blog\/#\/schema\/person\/dcab619c614d3038751c63bc2aadc06d\",\"name\":\"ulqini\",\"sameAs\":[\"http:\/\/www.visit-ulcinj.com\"],\"url\":\"https:\/\/www.visit-ulcinj.com\/blog\/author\/admin\/\"}]}<\/script>\n<!-- \/ Yoast SEO plugin. -->","yoast_head_json":{"title":"Ulcinj:Iznevjerena obe?anja,Marina spala na lu?icu - Lajme nga Ulqini","description":"Ba\u0161 kao \u0161to je i najavljeno iz Javnog preduze?a za upravljanje morskim dobrom sa sjedi\u0161tem u Budvi, u Ulcinju su ove sedmice po?eli radovi na izgradnje","robots":{"index":"index","follow":"follow","max-snippet":"max-snippet:-1","max-image-preview":"max-image-preview:large","max-video-preview":"max-video-preview:-1"},"canonical":"https:\/\/www.visit-ulcinj.com\/blog\/2008\/10\/24\/ulcinjiznevjerena-obecanjamarina-spala-na-lucicu\/","og_locale":"en_US","og_type":"article","og_title":"Ulcinj:Iznevjerena obe?anja,Marina spala na lu?icu - Lajme nga Ulqini","og_description":"Ba\u0161 kao \u0161to je i najavljeno iz Javnog preduze?a za upravljanje morskim dobrom sa sjedi\u0161tem u Budvi, u Ulcinju su ove sedmice po?eli radovi na izgradnje","og_url":"https:\/\/www.visit-ulcinj.com\/blog\/2008\/10\/24\/ulcinjiznevjerena-obecanjamarina-spala-na-lucicu\/","og_site_name":"Lajme nga Ulqini","article_published_time":"2008-10-24T22:20:04+00:00","article_modified_time":"2008-10-26T11:06:33+00:00","og_image":[{"url":"http:\/\/www.visit-ulcinj.com\/blog\/wp-content\/uploads\/2008\/10\/kaceme-ulcinj-300x199.jpg"}],"twitter_misc":{"Written by":"ulqini","Est. reading time":"5 minutes"},"schema":{"@context":"https:\/\/schema.org","@graph":[{"@type":"WebSite","@id":"https:\/\/www.visit-ulcinj.com\/blog\/#website","url":"https:\/\/www.visit-ulcinj.com\/blog\/","name":"Lajme nga Ulqini","description":"Lajme,Vijesti,Ulqini,Ulqin,Crna Gora,Mali i Zi","potentialAction":[{"@type":"SearchAction","target":{"@type":"EntryPoint","urlTemplate":"https:\/\/www.visit-ulcinj.com\/blog\/?s={search_term_string}"},"query-input":"required name=search_term_string"}],"inLanguage":"en-US"},{"@type":"ImageObject","inLanguage":"en-US","@id":"https:\/\/www.visit-ulcinj.com\/blog\/2008\/10\/24\/ulcinjiznevjerena-obecanjamarina-spala-na-lucicu\/#primaryimage","url":"http:\/\/www.visit-ulcinj.com\/blog\/wp-content\/uploads\/2008\/10\/kaceme-ulcinj-300x199.jpg","contentUrl":"http:\/\/www.visit-ulcinj.com\/blog\/wp-content\/uploads\/2008\/10\/kaceme-ulcinj-300x199.jpg"},{"@type":"WebPage","@id":"https:\/\/www.visit-ulcinj.com\/blog\/2008\/10\/24\/ulcinjiznevjerena-obecanjamarina-spala-na-lucicu\/#webpage","url":"https:\/\/www.visit-ulcinj.com\/blog\/2008\/10\/24\/ulcinjiznevjerena-obecanjamarina-spala-na-lucicu\/","name":"Ulcinj:Iznevjerena obe?anja,Marina spala na lu?icu - Lajme nga Ulqini","isPartOf":{"@id":"https:\/\/www.visit-ulcinj.com\/blog\/#website"},"primaryImageOfPage":{"@id":"https:\/\/www.visit-ulcinj.com\/blog\/2008\/10\/24\/ulcinjiznevjerena-obecanjamarina-spala-na-lucicu\/#primaryimage"},"datePublished":"2008-10-24T22:20:04+00:00","dateModified":"2008-10-26T11:06:33+00:00","author":{"@id":"https:\/\/www.visit-ulcinj.com\/blog\/#\/schema\/person\/dcab619c614d3038751c63bc2aadc06d"},"description":"Ba\u0161 kao \u0161to je i najavljeno iz Javnog preduze?a za upravljanje morskim dobrom sa sjedi\u0161tem u Budvi, u Ulcinju su ove sedmice po?eli radovi na izgradnje","breadcrumb":{"@id":"https:\/\/www.visit-ulcinj.com\/blog\/2008\/10\/24\/ulcinjiznevjerena-obecanjamarina-spala-na-lucicu\/#breadcrumb"},"inLanguage":"en-US","potentialAction":[{"@type":"ReadAction","target":["https:\/\/www.visit-ulcinj.com\/blog\/2008\/10\/24\/ulcinjiznevjerena-obecanjamarina-spala-na-lucicu\/"]}]},{"@type":"BreadcrumbList","@id":"https:\/\/www.visit-ulcinj.com\/blog\/2008\/10\/24\/ulcinjiznevjerena-obecanjamarina-spala-na-lucicu\/#breadcrumb","itemListElement":[{"@type":"ListItem","position":1,"name":"Ulcinj:Iznevjerena obe?anja,Marina spala na lu?icu"}]},{"@type":"Person","@id":"https:\/\/www.visit-ulcinj.com\/blog\/#\/schema\/person\/dcab619c614d3038751c63bc2aadc06d","name":"ulqini","sameAs":["http:\/\/www.visit-ulcinj.com"],"url":"https:\/\/www.visit-ulcinj.com\/blog\/author\/admin\/"}]}},"jetpack_featured_media_url":"","jetpack_sharing_enabled":true,"jetpack_shortlink":"https:\/\/wp.me\/pe6lTn-1k6","_links":{"self":[{"href":"https:\/\/www.visit-ulcinj.com\/blog\/wp-json\/wp\/v2\/posts\/5090"}],"collection":[{"href":"https:\/\/www.visit-ulcinj.com\/blog\/wp-json\/wp\/v2\/posts"}],"about":[{"href":"https:\/\/www.visit-ulcinj.com\/blog\/wp-json\/wp\/v2\/types\/post"}],"author":[{"embeddable":true,"href":"https:\/\/www.visit-ulcinj.com\/blog\/wp-json\/wp\/v2\/users\/1"}],"replies":[{"embeddable":true,"href":"https:\/\/www.visit-ulcinj.com\/blog\/wp-json\/wp\/v2\/comments?post=5090"}],"version-history":[{"count":0,"href":"https:\/\/www.visit-ulcinj.com\/blog\/wp-json\/wp\/v2\/posts\/5090\/revisions"}],"wp:attachment":[{"href":"https:\/\/www.visit-ulcinj.com\/blog\/wp-json\/wp\/v2\/media?parent=5090"}],"wp:term":[{"taxonomy":"category","embeddable":true,"href":"https:\/\/www.visit-ulcinj.com\/blog\/wp-json\/wp\/v2\/categories?post=5090"},{"taxonomy":"post_tag","embeddable":true,"href":"https:\/\/www.visit-ulcinj.com\/blog\/wp-json\/wp\/v2\/tags?post=5090"}],"curies":[{"name":"wp","href":"https:\/\/api.w.org\/{rel}","templated":true}]}}