{"id":50903,"date":"2011-09-14T08:18:46","date_gmt":"2011-09-14T07:18:46","guid":{"rendered":"http:\/\/www.visit-ulcinj.com\/blog\/?p=50903"},"modified":"2011-09-14T22:28:57","modified_gmt":"2011-09-14T21:28:57","slug":"sinishtaj-nje-pjese-te-fajit-e-mbane-edhe-dinosha","status":"publish","type":"post","link":"https:\/\/www.visit-ulcinj.com\/blog\/2011\/09\/14\/sinishtaj-nje-pjese-te-fajit-e-mbane-edhe-dinosha\/","title":{"rendered":"Sinishtaj: Nj\u00eb pjes\u00eb t\u00eb fajit e mban\u00eb edhe Dinosha"},"content":{"rendered":"<p><a href=\"http:\/\/www.visit-ulcinj.com\/blog\/wp-content\/uploads\/2011\/09\/Vasel-Sinishtaj1.jpg\"><img loading=\"lazy\" class=\"alignleft size-full wp-image-50904\" title=\"Vasel Sinishtaj\" src=\"http:\/\/www.visit-ulcinj.com\/blog\/wp-content\/uploads\/2011\/09\/Vasel-Sinishtaj1.jpg\" alt=\"\" width=\"320\" height=\"401\" \/><\/a>Kryetari i Klubit t\u00eb deputet\u00ebve t\u00eb partive shqiptare Vasel Sinishtaj ka vler\u00ebsuar se ministri p\u00ebr t\u00eb drejtat e njeriut dhe t\u00eb pakicave Ferhat Dinosha e mban nj\u00eb pjes\u00eb t\u00eb fajit pse me miratimin e ligjit p\u00ebr zgjedhjen e k\u00ebshilltar\u00ebve dhe t\u00eb deputet\u00ebve, shqiptar\u00ebt kan\u00eb mbetur pa 5 mandate t\u00eb garantuara.<\/p>\n<p>Duke komentuar q\u00ebndrimin e Dinosh\u00ebs se pa rrethin e dyt\u00eb t\u00eb votimeve n\u00eb Kuvend nuk mund t\u00eb vendoset p\u00ebr t\u00eb drejtat e pakicave dhe se p\u00ebr k\u00ebt\u00eb arsye ligji nuk \u00ebsht\u00eb miratuar p\u00ebrfundimisht, Sinishtaj ka vler\u00ebsuar se kjo nuk \u00ebsht\u00eb n\u00eb pajtim me Kushtetut\u00ebn. Ai ka theksuar se edhe p\u00ebr kund\u00ebr faktit se Dinosha \u00ebsht\u00eb minist\u00ebr n\u00eb Qeverin\u00eb e Malit t\u00eb Zi, ende ekziston distanc\u00eb e madhe ndaj shqiptar\u00ebve dhe se n\u00eb strukturat e pushtetit ka m\u00eb s\u00eb paku p\u00ebrfaq\u00ebsuese t\u00eb k\u00ebtij populli bile as p\u00ebr af\u00ebrsisht p\u00ebrfaq\u00ebsimit autentik t\u00eb tyre.<\/p>\n<p>\u00cbsht\u00eb merit\u00eb e Dinosh\u00ebs q\u00eb ende nuk kemi Komun\u00eb t\u00eb plot\u00eb t\u00eb Mal\u00ebsis\u00eb me qend\u00ebr n\u00eb Tuz sepse vota e tij ishte vendimtare p\u00ebr ligjin p\u00ebr kryeqytetin ka theksuar Sinishtaj. Sinishtaj p\u00ebrs\u00ebriti se Mali i Zi me miratimin e ligjit zgjedhor ka filluar shkat\u00ebrrimin e konceptit t\u00eb shtetit qytetar\u00eb. Sipas fjal\u00ebve t\u00eb tij shqiptar\u00ebve p\u00ebr her\u00eb t\u00eb par\u00eb prej vitit 1998 u merret e drejta e arritur sipas t\u00eb gjitha normave dhe standardeve nd\u00ebrkomb\u00ebtare. Ai konsideron se partit\u00eb shqiptar\u00eb kan\u00eb treguar qart\u00eb q\u00ebndrimet e veta dhe paralajm\u00ebron se do t\u00eb luftojn\u00eb me t\u00eb gjitha mjetet politike q\u00eb shqiptar\u00ebve tu kthehen 5 mandate dhe nj\u00ebsia e ve\u00e7ant\u00eb zgjedhore.<\/p>\n<p>Sinishtaj ka paralajm\u00ebruar se Partis\u00eb shqiptare do ti njoftojn\u00eb p\u00ebr k\u00ebt\u00eb problem ambasad\u00ebn e SHBA dhe misionin e OSBE n\u00eb Podgoric\u00eb si dhe p\u00ebrfaq\u00ebsuesit e pushteteve n\u00eb Shqip\u00ebri dhe n\u00eb Kosov\u00eb. Ai shtoi se nuk mund t\u00eb flitet p\u00ebr marr\u00ebdh\u00ebnie t\u00eb mira fqinj\u00ebsore dhe t\u00eb k\u00ebrkohen t\u00eb drejtat p\u00ebr malazez\u00ebt n\u00eb Kosov\u00eb , kurse nj\u00ebkoh\u00ebsisht tu merren t\u00eb drejtat shqiptar\u00ebve n\u00eb Mal t\u00eb Zi.<\/p>\n<p><strong>RTCG<\/strong><\/p>\n<p><strong>VIDEO TVCG<\/strong><br \/>\n<!--YouTube Error: bad URL entered--><\/p>\n","protected":false},"excerpt":{"rendered":"<p>Kryetari i Klubit t\u00eb deputet\u00ebve t\u00eb partive shqiptare Vasel Sinishtaj ka vler\u00ebsuar se ministri p\u00ebr t\u00eb drejtat e njeriut dhe t\u00eb pakicave Ferhat Dinosha e mban nj\u00eb pjes\u00eb t\u00eb fajit pse me miratimin e ligjit p\u00ebr zgjedhjen e k\u00ebshilltar\u00ebve dhe t\u00eb deputet\u00ebve, shqiptar\u00ebt kan\u00eb mbetur pa 5 mandate t\u00eb garantuara. Duke komentuar q\u00ebndrimin e Dinosh\u00ebs [&hellip;]<\/p>\n","protected":false},"author":1,"featured_media":0,"comment_status":"open","ping_status":"closed","sticky":false,"template":"","format":"standard","meta":{"spay_email":"","jetpack_publicize_message":"","jetpack_is_tweetstorm":false,"jetpack_publicize_feature_enabled":true},"categories":[1,14249],"tags":[348],"jetpack_publicize_connections":[],"yoast_head":"<!-- This site is optimized with the Yoast SEO plugin v19.1 - https:\/\/yoast.com\/wordpress\/plugins\/seo\/ -->\n<title>Sinishtaj: Nj\u00eb pjes\u00eb t\u00eb fajit e mban\u00eb edhe Dinosha - Lajme nga Ulqini<\/title>\n<meta name=\"description\" content=\"Kryetari i Klubit t\u00eb deputet\u00ebve t\u00eb partive shqiptare Vasel Sinishtaj ka vler\u00ebsuar se ministri p\u00ebr t\u00eb drejtat e njeriut dhe t\u00eb pakicave Ferhat Dinosha e\" \/>\n<meta name=\"robots\" content=\"index, follow, max-snippet:-1, max-image-preview:large, max-video-preview:-1\" \/>\n<link rel=\"canonical\" href=\"https:\/\/www.visit-ulcinj.com\/blog\/2011\/09\/14\/sinishtaj-nje-pjese-te-fajit-e-mbane-edhe-dinosha\/\" \/>\n<meta property=\"og:locale\" content=\"en_US\" \/>\n<meta property=\"og:type\" content=\"article\" \/>\n<meta property=\"og:title\" content=\"Sinishtaj: Nj\u00eb pjes\u00eb t\u00eb fajit e mban\u00eb edhe Dinosha - Lajme nga Ulqini\" \/>\n<meta property=\"og:description\" content=\"Kryetari i Klubit t\u00eb deputet\u00ebve t\u00eb partive shqiptare Vasel Sinishtaj ka vler\u00ebsuar se ministri p\u00ebr t\u00eb drejtat e njeriut dhe t\u00eb pakicave Ferhat Dinosha e\" \/>\n<meta property=\"og:url\" content=\"https:\/\/www.visit-ulcinj.com\/blog\/2011\/09\/14\/sinishtaj-nje-pjese-te-fajit-e-mbane-edhe-dinosha\/\" \/>\n<meta property=\"og:site_name\" content=\"Lajme nga Ulqini\" \/>\n<meta property=\"article:published_time\" content=\"2011-09-14T07:18:46+00:00\" \/>\n<meta property=\"article:modified_time\" content=\"2011-09-14T21:28:57+00:00\" \/>\n<meta property=\"og:image\" content=\"http:\/\/www.visit-ulcinj.com\/blog\/wp-content\/uploads\/2011\/09\/Vasel-Sinishtaj1.jpg\" \/>\n<meta name=\"twitter:label1\" content=\"Written by\" \/>\n\t<meta name=\"twitter:data1\" content=\"ulqini\" \/>\n\t<meta name=\"twitter:label2\" content=\"Est. reading time\" \/>\n\t<meta name=\"twitter:data2\" content=\"2 minutes\" \/>\n<script type=\"application\/ld+json\" class=\"yoast-schema-graph\">{\"@context\":\"https:\/\/schema.org\",\"@graph\":[{\"@type\":\"WebSite\",\"@id\":\"https:\/\/www.visit-ulcinj.com\/blog\/#website\",\"url\":\"https:\/\/www.visit-ulcinj.com\/blog\/\",\"name\":\"Lajme nga Ulqini\",\"description\":\"Lajme,Vijesti,Ulqini,Ulqin,Crna Gora,Mali i Zi\",\"potentialAction\":[{\"@type\":\"SearchAction\",\"target\":{\"@type\":\"EntryPoint\",\"urlTemplate\":\"https:\/\/www.visit-ulcinj.com\/blog\/?s={search_term_string}\"},\"query-input\":\"required name=search_term_string\"}],\"inLanguage\":\"en-US\"},{\"@type\":\"ImageObject\",\"inLanguage\":\"en-US\",\"@id\":\"https:\/\/www.visit-ulcinj.com\/blog\/2011\/09\/14\/sinishtaj-nje-pjese-te-fajit-e-mbane-edhe-dinosha\/#primaryimage\",\"url\":\"https:\/\/www.visit-ulcinj.com\/blog\/wp-content\/uploads\/2011\/09\/Vasel-Sinishtaj1.jpg\",\"contentUrl\":\"https:\/\/www.visit-ulcinj.com\/blog\/wp-content\/uploads\/2011\/09\/Vasel-Sinishtaj1.jpg\",\"width\":\"306\",\"height\":\"401\"},{\"@type\":\"WebPage\",\"@id\":\"https:\/\/www.visit-ulcinj.com\/blog\/2011\/09\/14\/sinishtaj-nje-pjese-te-fajit-e-mbane-edhe-dinosha\/#webpage\",\"url\":\"https:\/\/www.visit-ulcinj.com\/blog\/2011\/09\/14\/sinishtaj-nje-pjese-te-fajit-e-mbane-edhe-dinosha\/\",\"name\":\"Sinishtaj: Nj\u00eb pjes\u00eb t\u00eb fajit e mban\u00eb edhe Dinosha - Lajme nga Ulqini\",\"isPartOf\":{\"@id\":\"https:\/\/www.visit-ulcinj.com\/blog\/#website\"},\"primaryImageOfPage\":{\"@id\":\"https:\/\/www.visit-ulcinj.com\/blog\/2011\/09\/14\/sinishtaj-nje-pjese-te-fajit-e-mbane-edhe-dinosha\/#primaryimage\"},\"datePublished\":\"2011-09-14T07:18:46+00:00\",\"dateModified\":\"2011-09-14T21:28:57+00:00\",\"author\":{\"@id\":\"https:\/\/www.visit-ulcinj.com\/blog\/#\/schema\/person\/dcab619c614d3038751c63bc2aadc06d\"},\"description\":\"Kryetari i Klubit t\u00eb deputet\u00ebve t\u00eb partive shqiptare Vasel Sinishtaj ka vler\u00ebsuar se ministri p\u00ebr t\u00eb drejtat e njeriut dhe t\u00eb pakicave Ferhat Dinosha e\",\"breadcrumb\":{\"@id\":\"https:\/\/www.visit-ulcinj.com\/blog\/2011\/09\/14\/sinishtaj-nje-pjese-te-fajit-e-mbane-edhe-dinosha\/#breadcrumb\"},\"inLanguage\":\"en-US\",\"potentialAction\":[{\"@type\":\"ReadAction\",\"target\":[\"https:\/\/www.visit-ulcinj.com\/blog\/2011\/09\/14\/sinishtaj-nje-pjese-te-fajit-e-mbane-edhe-dinosha\/\"]}]},{\"@type\":\"BreadcrumbList\",\"@id\":\"https:\/\/www.visit-ulcinj.com\/blog\/2011\/09\/14\/sinishtaj-nje-pjese-te-fajit-e-mbane-edhe-dinosha\/#breadcrumb\",\"itemListElement\":[{\"@type\":\"ListItem\",\"position\":1,\"name\":\"Sinishtaj: Nj\u00eb pjes\u00eb t\u00eb fajit e mban\u00eb edhe Dinosha\"}]},{\"@type\":\"Person\",\"@id\":\"https:\/\/www.visit-ulcinj.com\/blog\/#\/schema\/person\/dcab619c614d3038751c63bc2aadc06d\",\"name\":\"ulqini\",\"sameAs\":[\"http:\/\/www.visit-ulcinj.com\"],\"url\":\"https:\/\/www.visit-ulcinj.com\/blog\/author\/admin\/\"}]}<\/script>\n<!-- \/ Yoast SEO plugin. -->","yoast_head_json":{"title":"Sinishtaj: Nj\u00eb pjes\u00eb t\u00eb fajit e mban\u00eb edhe Dinosha - Lajme nga Ulqini","description":"Kryetari i Klubit t\u00eb deputet\u00ebve t\u00eb partive shqiptare Vasel Sinishtaj ka vler\u00ebsuar se ministri p\u00ebr t\u00eb drejtat e njeriut dhe t\u00eb pakicave Ferhat Dinosha e","robots":{"index":"index","follow":"follow","max-snippet":"max-snippet:-1","max-image-preview":"max-image-preview:large","max-video-preview":"max-video-preview:-1"},"canonical":"https:\/\/www.visit-ulcinj.com\/blog\/2011\/09\/14\/sinishtaj-nje-pjese-te-fajit-e-mbane-edhe-dinosha\/","og_locale":"en_US","og_type":"article","og_title":"Sinishtaj: Nj\u00eb pjes\u00eb t\u00eb fajit e mban\u00eb edhe Dinosha - Lajme nga Ulqini","og_description":"Kryetari i Klubit t\u00eb deputet\u00ebve t\u00eb partive shqiptare Vasel Sinishtaj ka vler\u00ebsuar se ministri p\u00ebr t\u00eb drejtat e njeriut dhe t\u00eb pakicave Ferhat Dinosha e","og_url":"https:\/\/www.visit-ulcinj.com\/blog\/2011\/09\/14\/sinishtaj-nje-pjese-te-fajit-e-mbane-edhe-dinosha\/","og_site_name":"Lajme nga Ulqini","article_published_time":"2011-09-14T07:18:46+00:00","article_modified_time":"2011-09-14T21:28:57+00:00","og_image":[{"url":"http:\/\/www.visit-ulcinj.com\/blog\/wp-content\/uploads\/2011\/09\/Vasel-Sinishtaj1.jpg"}],"twitter_misc":{"Written by":"ulqini","Est. reading time":"2 minutes"},"schema":{"@context":"https:\/\/schema.org","@graph":[{"@type":"WebSite","@id":"https:\/\/www.visit-ulcinj.com\/blog\/#website","url":"https:\/\/www.visit-ulcinj.com\/blog\/","name":"Lajme nga Ulqini","description":"Lajme,Vijesti,Ulqini,Ulqin,Crna Gora,Mali i Zi","potentialAction":[{"@type":"SearchAction","target":{"@type":"EntryPoint","urlTemplate":"https:\/\/www.visit-ulcinj.com\/blog\/?s={search_term_string}"},"query-input":"required name=search_term_string"}],"inLanguage":"en-US"},{"@type":"ImageObject","inLanguage":"en-US","@id":"https:\/\/www.visit-ulcinj.com\/blog\/2011\/09\/14\/sinishtaj-nje-pjese-te-fajit-e-mbane-edhe-dinosha\/#primaryimage","url":"https:\/\/www.visit-ulcinj.com\/blog\/wp-content\/uploads\/2011\/09\/Vasel-Sinishtaj1.jpg","contentUrl":"https:\/\/www.visit-ulcinj.com\/blog\/wp-content\/uploads\/2011\/09\/Vasel-Sinishtaj1.jpg","width":"306","height":"401"},{"@type":"WebPage","@id":"https:\/\/www.visit-ulcinj.com\/blog\/2011\/09\/14\/sinishtaj-nje-pjese-te-fajit-e-mbane-edhe-dinosha\/#webpage","url":"https:\/\/www.visit-ulcinj.com\/blog\/2011\/09\/14\/sinishtaj-nje-pjese-te-fajit-e-mbane-edhe-dinosha\/","name":"Sinishtaj: Nj\u00eb pjes\u00eb t\u00eb fajit e mban\u00eb edhe Dinosha - Lajme nga Ulqini","isPartOf":{"@id":"https:\/\/www.visit-ulcinj.com\/blog\/#website"},"primaryImageOfPage":{"@id":"https:\/\/www.visit-ulcinj.com\/blog\/2011\/09\/14\/sinishtaj-nje-pjese-te-fajit-e-mbane-edhe-dinosha\/#primaryimage"},"datePublished":"2011-09-14T07:18:46+00:00","dateModified":"2011-09-14T21:28:57+00:00","author":{"@id":"https:\/\/www.visit-ulcinj.com\/blog\/#\/schema\/person\/dcab619c614d3038751c63bc2aadc06d"},"description":"Kryetari i Klubit t\u00eb deputet\u00ebve t\u00eb partive shqiptare Vasel Sinishtaj ka vler\u00ebsuar se ministri p\u00ebr t\u00eb drejtat e njeriut dhe t\u00eb pakicave Ferhat Dinosha e","breadcrumb":{"@id":"https:\/\/www.visit-ulcinj.com\/blog\/2011\/09\/14\/sinishtaj-nje-pjese-te-fajit-e-mbane-edhe-dinosha\/#breadcrumb"},"inLanguage":"en-US","potentialAction":[{"@type":"ReadAction","target":["https:\/\/www.visit-ulcinj.com\/blog\/2011\/09\/14\/sinishtaj-nje-pjese-te-fajit-e-mbane-edhe-dinosha\/"]}]},{"@type":"BreadcrumbList","@id":"https:\/\/www.visit-ulcinj.com\/blog\/2011\/09\/14\/sinishtaj-nje-pjese-te-fajit-e-mbane-edhe-dinosha\/#breadcrumb","itemListElement":[{"@type":"ListItem","position":1,"name":"Sinishtaj: Nj\u00eb pjes\u00eb t\u00eb fajit e mban\u00eb edhe Dinosha"}]},{"@type":"Person","@id":"https:\/\/www.visit-ulcinj.com\/blog\/#\/schema\/person\/dcab619c614d3038751c63bc2aadc06d","name":"ulqini","sameAs":["http:\/\/www.visit-ulcinj.com"],"url":"https:\/\/www.visit-ulcinj.com\/blog\/author\/admin\/"}]}},"jetpack_featured_media_url":"","jetpack_sharing_enabled":true,"jetpack_shortlink":"https:\/\/wp.me\/pe6lTn-df1","_links":{"self":[{"href":"https:\/\/www.visit-ulcinj.com\/blog\/wp-json\/wp\/v2\/posts\/50903"}],"collection":[{"href":"https:\/\/www.visit-ulcinj.com\/blog\/wp-json\/wp\/v2\/posts"}],"about":[{"href":"https:\/\/www.visit-ulcinj.com\/blog\/wp-json\/wp\/v2\/types\/post"}],"author":[{"embeddable":true,"href":"https:\/\/www.visit-ulcinj.com\/blog\/wp-json\/wp\/v2\/users\/1"}],"replies":[{"embeddable":true,"href":"https:\/\/www.visit-ulcinj.com\/blog\/wp-json\/wp\/v2\/comments?post=50903"}],"version-history":[{"count":4,"href":"https:\/\/www.visit-ulcinj.com\/blog\/wp-json\/wp\/v2\/posts\/50903\/revisions"}],"predecessor-version":[{"id":50950,"href":"https:\/\/www.visit-ulcinj.com\/blog\/wp-json\/wp\/v2\/posts\/50903\/revisions\/50950"}],"wp:attachment":[{"href":"https:\/\/www.visit-ulcinj.com\/blog\/wp-json\/wp\/v2\/media?parent=50903"}],"wp:term":[{"taxonomy":"category","embeddable":true,"href":"https:\/\/www.visit-ulcinj.com\/blog\/wp-json\/wp\/v2\/categories?post=50903"},{"taxonomy":"post_tag","embeddable":true,"href":"https:\/\/www.visit-ulcinj.com\/blog\/wp-json\/wp\/v2\/tags?post=50903"}],"curies":[{"name":"wp","href":"https:\/\/api.w.org\/{rel}","templated":true}]}}