{"id":50919,"date":"2011-09-14T19:06:20","date_gmt":"2011-09-14T18:06:20","guid":{"rendered":"http:\/\/www.visit-ulcinj.com\/blog\/?p=50919"},"modified":"2011-09-14T19:08:26","modified_gmt":"2011-09-14T18:08:26","slug":"dinosa-pogresno-tumaci-ustav","status":"publish","type":"post","link":"https:\/\/www.visit-ulcinj.com\/blog\/2011\/09\/14\/dinosa-pogresno-tumaci-ustav\/","title":{"rendered":"Dino\u0161a pogre\u0161no tuma\u010di Ustav &#8211; Video"},"content":{"rendered":"<p><strong><a href=\"http:\/\/www.visit-ulcinj.com\/blog\/wp-content\/uploads\/2011\/09\/Dragan-Soc.jpg\"><img loading=\"lazy\" class=\"alignleft size-full wp-image-50920\" title=\"Dragan Soc\" src=\"http:\/\/www.visit-ulcinj.com\/blog\/wp-content\/uploads\/2011\/09\/Dragan-Soc.jpg\" alt=\"\" width=\"490\" height=\"290\" \/><\/a>Poslanici i pravnici kritikovali ocjene predsjednika DUA o izbornom zakonu<\/strong><\/p>\n<p>PODGORICA &#8211; Ocjena predsjednika DUA Ferhata Dino\u0161e da \u0107e, ako ne bude drugog kruga glasanja za izborni zakon biti prekr\u0161en Ustav, neutemeljena je &#8211; saglasni su pravnici i poslanici.<\/p>\n<p>\u010clan Odbora za ustavna pitanja i zakonodavstvo Neven Go\u0161ovi\u0107 i biv\u0161i ministar pravde Dragan \u0160o\u0107 ocijenili su da Dino\u0161a nije pravilno protuma\u010dio Ustav tvrde\u0107i da izborni zakon nije i kona\u010dan ako nije usvojen u prvom glasanju dvotre\u0107inskom ve\u0107inom, a zatim u drugom glasanju ve\u0107inom svih poslanika, najranije nakon tri mjeseca.<br \/>\n<a href=\"http:\/\/www.visit-ulcinj.com\/blog\/wp-content\/uploads\/2011\/09\/Neven-Gosovic.jpg\"><img loading=\"lazy\" class=\"alignleft size-full wp-image-50921\" title=\"Neven Gosovic\" src=\"http:\/\/www.visit-ulcinj.com\/blog\/wp-content\/uploads\/2011\/09\/Neven-Gosovic.jpg\" alt=\"\" width=\"508\" height=\"340\" \/><\/a><\/p>\n<p><strong>Nema drugog glasanja <\/strong><\/p>\n<p>Go\u0161ovi\u0107 isti\u010de da je odredba Ustava, koja ka\u017ee da izborno zakonodavstvo podlije\u017ee dvotre\u0107inskom usvajanju jasna, te da ne postoje izuzeci, a, shodno tome, ni obaveza drugog kruga glasanja.<\/p>\n<p>Biv\u0161i ministar pravde Dragan \u0160o\u0107, u izjavi za Antenu M, ka\u017ee da je pozivanje na tu odredbu Ustava pravno neutemeljeno.<\/p>\n<p>&#8211; Smatram da gospodin Dino\u0161a nije dobro protuma\u010dio Ustav. Jasna je odredba koja izri\u010dito ka\u017ee da izborno zakonodavstvo podlije\u017ee dvotre\u0107inskom usvajanju tako da tu nema izuzetka. Dakle, stav 4, na koji se Dino\u0161a poziva, ne odnosi se na to izborno zakonodavstvo &#8211; objasnio je \u0160o\u0107.<\/p>\n<p>\u0160o\u0107, tako\u0111e, smatra neta\u010dnim i tvrdnje Dino\u0161e da je izbornim zakonom povrije\u0111eno ste\u010deno pravo albanske manjine, jer zakonom nije bilo definisano pravo odre\u0111enih nacionalnih manjina.<\/p>\n<p>&#8211; Postojala je samo mogu\u0107nost koju je Skup\u0161tina koristila kao dio politi\u010dkog dogovora da svojom odlukom defini\u0161e odre\u0111enu izbornu jedinicu u kojoj se na poseban na\u010din vr\u0161io obra\u010dun mandata. To \u0161to se ta izborna jedinica podudarala sa teritorijom op\u0161tine ili njenih djelova u kojima Albanci \u010dine ve\u0107inu, drugo je pitanje. Ta\u010dno je da se su\u0161tinski privilegovala albanska nacionalna zajednica, ali formalno to nije bilo njihovo pravo &#8211; objasnio je \u0160o\u0107.<br \/>\n<a href=\"http:\/\/www.visit-ulcinj.com\/blog\/wp-content\/uploads\/2011\/09\/Mehmet-Bardhi.jpg\"><img loading=\"lazy\" class=\"alignleft size-full wp-image-50922\" title=\"Mehmet Bardhi\" src=\"http:\/\/www.visit-ulcinj.com\/blog\/wp-content\/uploads\/2011\/09\/Mehmet-Bardhi.jpg\" alt=\"\" width=\"508\" height=\"316\" \/><\/a><\/p>\n<p><strong>Bardhi nezadovoljan <\/strong><\/p>\n<p>Lider Demokratskog saveza u Crnoj Gori Mehmed Bardhi optu\u017eio je Dino\u0161u da je zahtjevom za drugi krug glasanja o izbornom zakonu pokazao elementarno nepoznavanje zakona, Ustava i Poslovnika u Skup\u0161tini.<\/p>\n<p>Bardhi je Dino\u0161u kritikovao i zbog njegove tvrdnje da Albanci nijesu prevareni usvajanjem izbornog zakona.<\/p>\n<p>&#8211; Dino\u0161a je pokazao dosljednost i privr\u017eenost prema gospodaru ili gosodarima njegove politi\u010dke opredijeljenosti i posve\u0107enosti. Dino\u0161a je poku\u0161ao da dr\u017ei tutorstvo nad njegovom strankom i uva\u017eenim poslanikom njegove stranke, \u0161to nije u redu, kazao je Bardhi za Radio Slobodna Evropa.<\/p>\n<p><strong><a href=\"http:\/\/www.visit-ulcinj.com\/blog\/wp-content\/uploads\/2011\/09\/Ferhat-Dinosa.jpg\"><img loading=\"lazy\" class=\"alignleft size-full wp-image-50923\" title=\"Ferhat Dinosa\" src=\"http:\/\/www.visit-ulcinj.com\/blog\/wp-content\/uploads\/2011\/09\/Ferhat-Dinosa.jpg\" alt=\"\" width=\"300\" height=\"274\" \/><\/a>Sini\u0161taj: Dino\u0161a prespavao <\/strong><\/p>\n<p>Predsjednik poslani\u010dkog Kluba albanskih stranaka Vaselj Sini\u0161taj optu\u017eio je ministra za ljudska i manjinska prava Ferhata Dino\u0161u da snosi dio krivice \u0161to su, usvajanjem Zakona o izboru odbornika i poslanika, Albanci ostali bez pet garantovanih mandata.<\/p>\n<p>&#8211; Dino\u0161a je prespavao \u010ditavo vrijeme dok smo radili na utvr\u0111ivanju prava, i kao ministar koji ima aktivno u\u010de\u0161\u0107e u Vladi nije se bavio ovom problematikom na tom nivou, a znao je da premijer pregovara sa drugima. Sad kad gubimo ste\u010dena prava i pet mandata u posebnoj izbornoj jedinici, on govori da je bolje imati tri mercedesa nego \u010detiri golfa &#8211; rekao je Sini\u0161taj agenciji Mina.<\/p>\n<p>On je rekao da i pored toga \u0161to je Dino\u0161a ministar u Vladi i dalje najve\u0107a etni\u010dka distanca prema Albancima i da predstavnika tog naroda ima najmanje u strukturama vlasti gdje nijesu ni pribli\u017eno srazmjerne zastupljeni.<\/p>\n<p>&#8211; Dino\u0161ina je zasluga \u0161to nemamo punopravnu op\u0161tinu Malesija sa mjesnim centrom Tuzi, jer je njegov glas bio presudan za glasanje o glavnom gradu &#8211; kazao je Sini\u0161taj.<br \/>\n<a href=\"http:\/\/www.visit-ulcinj.com\/blog\/wp-content\/uploads\/2011\/09\/Vaselj-Sinistaj.jpg\"><img loading=\"lazy\" class=\"alignleft size-full wp-image-50924\" title=\"Vaselj Sinistaj\" src=\"http:\/\/www.visit-ulcinj.com\/blog\/wp-content\/uploads\/2011\/09\/Vaselj-Sinistaj.jpg\" alt=\"\" width=\"508\" height=\"340\" \/><\/a><\/p>\n<p><strong>Sini\u0161taj: Albanci da tra\u017ee od Vujanovi\u0107a da ne potpi\u0161e izborni zakon <\/strong><\/p>\n<p>Sini\u0161taj je ocijenio da je bolje da se Albanci udru\u017ee i zatra\u017ee od predsjednika Filipa Vujanovi\u0107a da ne potpi\u0161e zakon o izboru odbornika i poslanika, jer zadire u manjinska prava Albanaca i vrati Skup\u0161tini na ponovno glasanje.<\/p>\n<p>Prema njegovim rije\u010dima, Albancima je prvi put od 1998. godine ukinuto ste\u010deno pravo po svim ne\u0111unarodnim normama i standardima.<\/p>\n<p>&#8211; Na ovaj na\u010din smo duplo diskriminisani, jer gubimo ste\u010dena prava i zato \u0161to nas niko nije zvao na pregovore kod premijera. U Crnoj Gori jedino se mogu ujediniti sve stranke kada je oduzimanje na\u0161ih prava u pitanju &#8211; poru\u010dio je Sini\u0161taj.<\/p>\n<p>Sini\u0161taj je najavio da \u0107e albanske partije o ovom problemu obavijestiti Ameri\u010dku ambasadu i misiju OEBS-a u Podgorici, kao i predstavnike vlasti Albanije i Kosova.<br \/>\n<a href=\"http:\/\/www.pobjeda.me\/citanje.php?datum=2011-09-14&amp;id=218658\" target=\"_blank\"><strong>Du\u0161anka \u0106irovi\u0107<\/strong><strong><br \/>\nPobjeda<\/strong><\/a><\/p>\n<p><strong>VIDEO TVCG<\/strong><br \/>\n<!--YouTube Error: bad URL entered--><\/p>\n","protected":false},"excerpt":{"rendered":"<p>Poslanici i pravnici kritikovali ocjene predsjednika DUA o izbornom zakonu PODGORICA &#8211; Ocjena predsjednika DUA Ferhata Dino\u0161e da \u0107e, ako ne bude drugog kruga glasanja za izborni zakon biti prekr\u0161en Ustav, neutemeljena je &#8211; saglasni su pravnici i poslanici. \u010clan Odbora za ustavna pitanja i zakonodavstvo Neven Go\u0161ovi\u0107 i biv\u0161i ministar pravde Dragan \u0160o\u0107 ocijenili [&hellip;]<\/p>\n","protected":false},"author":1,"featured_media":0,"comment_status":"open","ping_status":"closed","sticky":false,"template":"","format":"standard","meta":{"spay_email":"","jetpack_publicize_message":"","jetpack_is_tweetstorm":false,"jetpack_publicize_feature_enabled":true},"categories":[8337],"tags":[88],"jetpack_publicize_connections":[],"yoast_head":"<!-- This site is optimized with the Yoast SEO plugin v19.1 - https:\/\/yoast.com\/wordpress\/plugins\/seo\/ -->\n<title>Dino\u0161a pogre\u0161no tuma\u010di Ustav - Video - Lajme nga Ulqini<\/title>\n<meta name=\"description\" content=\"Poslanici i pravnici kritikovali ocjene predsjednika DUA o izbornom zakonu PODGORICA - Ocjena predsjednika DUA Ferhata Dino\u0161e da \u0107e, ako ne bude drugog\" \/>\n<meta name=\"robots\" content=\"index, follow, max-snippet:-1, max-image-preview:large, max-video-preview:-1\" \/>\n<link rel=\"canonical\" href=\"https:\/\/www.visit-ulcinj.com\/blog\/2011\/09\/14\/dinosa-pogresno-tumaci-ustav\/\" \/>\n<meta property=\"og:locale\" content=\"en_US\" \/>\n<meta property=\"og:type\" content=\"article\" \/>\n<meta property=\"og:title\" content=\"Dino\u0161a pogre\u0161no tuma\u010di Ustav - Video - Lajme nga Ulqini\" \/>\n<meta property=\"og:description\" content=\"Poslanici i pravnici kritikovali ocjene predsjednika DUA o izbornom zakonu PODGORICA - Ocjena predsjednika DUA Ferhata Dino\u0161e da \u0107e, ako ne bude drugog\" \/>\n<meta property=\"og:url\" content=\"https:\/\/www.visit-ulcinj.com\/blog\/2011\/09\/14\/dinosa-pogresno-tumaci-ustav\/\" \/>\n<meta property=\"og:site_name\" content=\"Lajme nga Ulqini\" \/>\n<meta property=\"article:published_time\" content=\"2011-09-14T18:06:20+00:00\" \/>\n<meta property=\"article:modified_time\" content=\"2011-09-14T18:08:26+00:00\" \/>\n<meta property=\"og:image\" content=\"http:\/\/www.visit-ulcinj.com\/blog\/wp-content\/uploads\/2011\/09\/Dragan-Soc.jpg\" \/>\n<meta name=\"twitter:label1\" content=\"Written by\" \/>\n\t<meta name=\"twitter:data1\" content=\"ulqini\" \/>\n\t<meta name=\"twitter:label2\" content=\"Est. reading time\" \/>\n\t<meta name=\"twitter:data2\" content=\"4 minutes\" \/>\n<script type=\"application\/ld+json\" class=\"yoast-schema-graph\">{\"@context\":\"https:\/\/schema.org\",\"@graph\":[{\"@type\":\"WebSite\",\"@id\":\"https:\/\/www.visit-ulcinj.com\/blog\/#website\",\"url\":\"https:\/\/www.visit-ulcinj.com\/blog\/\",\"name\":\"Lajme nga Ulqini\",\"description\":\"Lajme,Vijesti,Ulqini,Ulqin,Crna Gora,Mali i Zi\",\"potentialAction\":[{\"@type\":\"SearchAction\",\"target\":{\"@type\":\"EntryPoint\",\"urlTemplate\":\"https:\/\/www.visit-ulcinj.com\/blog\/?s={search_term_string}\"},\"query-input\":\"required name=search_term_string\"}],\"inLanguage\":\"en-US\"},{\"@type\":\"ImageObject\",\"inLanguage\":\"en-US\",\"@id\":\"https:\/\/www.visit-ulcinj.com\/blog\/2011\/09\/14\/dinosa-pogresno-tumaci-ustav\/#primaryimage\",\"url\":\"https:\/\/www.visit-ulcinj.com\/blog\/wp-content\/uploads\/2011\/09\/Dragan-Soc.jpg\",\"contentUrl\":\"https:\/\/www.visit-ulcinj.com\/blog\/wp-content\/uploads\/2011\/09\/Dragan-Soc.jpg\",\"width\":\"480\",\"height\":\"290\"},{\"@type\":\"WebPage\",\"@id\":\"https:\/\/www.visit-ulcinj.com\/blog\/2011\/09\/14\/dinosa-pogresno-tumaci-ustav\/#webpage\",\"url\":\"https:\/\/www.visit-ulcinj.com\/blog\/2011\/09\/14\/dinosa-pogresno-tumaci-ustav\/\",\"name\":\"Dino\u0161a pogre\u0161no tuma\u010di Ustav - Video - Lajme nga Ulqini\",\"isPartOf\":{\"@id\":\"https:\/\/www.visit-ulcinj.com\/blog\/#website\"},\"primaryImageOfPage\":{\"@id\":\"https:\/\/www.visit-ulcinj.com\/blog\/2011\/09\/14\/dinosa-pogresno-tumaci-ustav\/#primaryimage\"},\"datePublished\":\"2011-09-14T18:06:20+00:00\",\"dateModified\":\"2011-09-14T18:08:26+00:00\",\"author\":{\"@id\":\"https:\/\/www.visit-ulcinj.com\/blog\/#\/schema\/person\/dcab619c614d3038751c63bc2aadc06d\"},\"description\":\"Poslanici i pravnici kritikovali ocjene predsjednika DUA o izbornom zakonu PODGORICA - Ocjena predsjednika DUA Ferhata Dino\u0161e da \u0107e, ako ne bude drugog\",\"breadcrumb\":{\"@id\":\"https:\/\/www.visit-ulcinj.com\/blog\/2011\/09\/14\/dinosa-pogresno-tumaci-ustav\/#breadcrumb\"},\"inLanguage\":\"en-US\",\"potentialAction\":[{\"@type\":\"ReadAction\",\"target\":[\"https:\/\/www.visit-ulcinj.com\/blog\/2011\/09\/14\/dinosa-pogresno-tumaci-ustav\/\"]}]},{\"@type\":\"BreadcrumbList\",\"@id\":\"https:\/\/www.visit-ulcinj.com\/blog\/2011\/09\/14\/dinosa-pogresno-tumaci-ustav\/#breadcrumb\",\"itemListElement\":[{\"@type\":\"ListItem\",\"position\":1,\"name\":\"Dino\u0161a pogre\u0161no tuma\u010di Ustav &#8211; Video\"}]},{\"@type\":\"Person\",\"@id\":\"https:\/\/www.visit-ulcinj.com\/blog\/#\/schema\/person\/dcab619c614d3038751c63bc2aadc06d\",\"name\":\"ulqini\",\"sameAs\":[\"http:\/\/www.visit-ulcinj.com\"],\"url\":\"https:\/\/www.visit-ulcinj.com\/blog\/author\/admin\/\"}]}<\/script>\n<!-- \/ Yoast SEO plugin. -->","yoast_head_json":{"title":"Dino\u0161a pogre\u0161no tuma\u010di Ustav - Video - Lajme nga Ulqini","description":"Poslanici i pravnici kritikovali ocjene predsjednika DUA o izbornom zakonu PODGORICA - Ocjena predsjednika DUA Ferhata Dino\u0161e da \u0107e, ako ne bude drugog","robots":{"index":"index","follow":"follow","max-snippet":"max-snippet:-1","max-image-preview":"max-image-preview:large","max-video-preview":"max-video-preview:-1"},"canonical":"https:\/\/www.visit-ulcinj.com\/blog\/2011\/09\/14\/dinosa-pogresno-tumaci-ustav\/","og_locale":"en_US","og_type":"article","og_title":"Dino\u0161a pogre\u0161no tuma\u010di Ustav - Video - Lajme nga Ulqini","og_description":"Poslanici i pravnici kritikovali ocjene predsjednika DUA o izbornom zakonu PODGORICA - Ocjena predsjednika DUA Ferhata Dino\u0161e da \u0107e, ako ne bude drugog","og_url":"https:\/\/www.visit-ulcinj.com\/blog\/2011\/09\/14\/dinosa-pogresno-tumaci-ustav\/","og_site_name":"Lajme nga Ulqini","article_published_time":"2011-09-14T18:06:20+00:00","article_modified_time":"2011-09-14T18:08:26+00:00","og_image":[{"url":"http:\/\/www.visit-ulcinj.com\/blog\/wp-content\/uploads\/2011\/09\/Dragan-Soc.jpg"}],"twitter_misc":{"Written by":"ulqini","Est. reading time":"4 minutes"},"schema":{"@context":"https:\/\/schema.org","@graph":[{"@type":"WebSite","@id":"https:\/\/www.visit-ulcinj.com\/blog\/#website","url":"https:\/\/www.visit-ulcinj.com\/blog\/","name":"Lajme nga Ulqini","description":"Lajme,Vijesti,Ulqini,Ulqin,Crna Gora,Mali i Zi","potentialAction":[{"@type":"SearchAction","target":{"@type":"EntryPoint","urlTemplate":"https:\/\/www.visit-ulcinj.com\/blog\/?s={search_term_string}"},"query-input":"required name=search_term_string"}],"inLanguage":"en-US"},{"@type":"ImageObject","inLanguage":"en-US","@id":"https:\/\/www.visit-ulcinj.com\/blog\/2011\/09\/14\/dinosa-pogresno-tumaci-ustav\/#primaryimage","url":"https:\/\/www.visit-ulcinj.com\/blog\/wp-content\/uploads\/2011\/09\/Dragan-Soc.jpg","contentUrl":"https:\/\/www.visit-ulcinj.com\/blog\/wp-content\/uploads\/2011\/09\/Dragan-Soc.jpg","width":"480","height":"290"},{"@type":"WebPage","@id":"https:\/\/www.visit-ulcinj.com\/blog\/2011\/09\/14\/dinosa-pogresno-tumaci-ustav\/#webpage","url":"https:\/\/www.visit-ulcinj.com\/blog\/2011\/09\/14\/dinosa-pogresno-tumaci-ustav\/","name":"Dino\u0161a pogre\u0161no tuma\u010di Ustav - Video - Lajme nga Ulqini","isPartOf":{"@id":"https:\/\/www.visit-ulcinj.com\/blog\/#website"},"primaryImageOfPage":{"@id":"https:\/\/www.visit-ulcinj.com\/blog\/2011\/09\/14\/dinosa-pogresno-tumaci-ustav\/#primaryimage"},"datePublished":"2011-09-14T18:06:20+00:00","dateModified":"2011-09-14T18:08:26+00:00","author":{"@id":"https:\/\/www.visit-ulcinj.com\/blog\/#\/schema\/person\/dcab619c614d3038751c63bc2aadc06d"},"description":"Poslanici i pravnici kritikovali ocjene predsjednika DUA o izbornom zakonu PODGORICA - Ocjena predsjednika DUA Ferhata Dino\u0161e da \u0107e, ako ne bude drugog","breadcrumb":{"@id":"https:\/\/www.visit-ulcinj.com\/blog\/2011\/09\/14\/dinosa-pogresno-tumaci-ustav\/#breadcrumb"},"inLanguage":"en-US","potentialAction":[{"@type":"ReadAction","target":["https:\/\/www.visit-ulcinj.com\/blog\/2011\/09\/14\/dinosa-pogresno-tumaci-ustav\/"]}]},{"@type":"BreadcrumbList","@id":"https:\/\/www.visit-ulcinj.com\/blog\/2011\/09\/14\/dinosa-pogresno-tumaci-ustav\/#breadcrumb","itemListElement":[{"@type":"ListItem","position":1,"name":"Dino\u0161a pogre\u0161no tuma\u010di Ustav &#8211; Video"}]},{"@type":"Person","@id":"https:\/\/www.visit-ulcinj.com\/blog\/#\/schema\/person\/dcab619c614d3038751c63bc2aadc06d","name":"ulqini","sameAs":["http:\/\/www.visit-ulcinj.com"],"url":"https:\/\/www.visit-ulcinj.com\/blog\/author\/admin\/"}]}},"jetpack_featured_media_url":"","jetpack_sharing_enabled":true,"jetpack_shortlink":"https:\/\/wp.me\/pe6lTn-dfh","_links":{"self":[{"href":"https:\/\/www.visit-ulcinj.com\/blog\/wp-json\/wp\/v2\/posts\/50919"}],"collection":[{"href":"https:\/\/www.visit-ulcinj.com\/blog\/wp-json\/wp\/v2\/posts"}],"about":[{"href":"https:\/\/www.visit-ulcinj.com\/blog\/wp-json\/wp\/v2\/types\/post"}],"author":[{"embeddable":true,"href":"https:\/\/www.visit-ulcinj.com\/blog\/wp-json\/wp\/v2\/users\/1"}],"replies":[{"embeddable":true,"href":"https:\/\/www.visit-ulcinj.com\/blog\/wp-json\/wp\/v2\/comments?post=50919"}],"version-history":[{"count":4,"href":"https:\/\/www.visit-ulcinj.com\/blog\/wp-json\/wp\/v2\/posts\/50919\/revisions"}],"predecessor-version":[{"id":50928,"href":"https:\/\/www.visit-ulcinj.com\/blog\/wp-json\/wp\/v2\/posts\/50919\/revisions\/50928"}],"wp:attachment":[{"href":"https:\/\/www.visit-ulcinj.com\/blog\/wp-json\/wp\/v2\/media?parent=50919"}],"wp:term":[{"taxonomy":"category","embeddable":true,"href":"https:\/\/www.visit-ulcinj.com\/blog\/wp-json\/wp\/v2\/categories?post=50919"},{"taxonomy":"post_tag","embeddable":true,"href":"https:\/\/www.visit-ulcinj.com\/blog\/wp-json\/wp\/v2\/tags?post=50919"}],"curies":[{"name":"wp","href":"https:\/\/api.w.org\/{rel}","templated":true}]}}