{"id":50937,"date":"2011-09-14T19:47:03","date_gmt":"2011-09-14T18:47:03","guid":{"rendered":"http:\/\/www.visit-ulcinj.com\/blog\/?p=50937"},"modified":"2011-09-14T19:58:21","modified_gmt":"2011-09-14T18:58:21","slug":"bardhi-diskriminimi-vazhdon","status":"publish","type":"post","link":"https:\/\/www.visit-ulcinj.com\/blog\/2011\/09\/14\/bardhi-diskriminimi-vazhdon\/","title":{"rendered":"Bardhi: Diskriminimi vazhdon"},"content":{"rendered":"<p>&nbsp;<\/p>\n<p><a href=\"http:\/\/www.visit-ulcinj.com\/blog\/wp-content\/uploads\/2011\/09\/Mehmet-Bardhi_Ulqin.jpg\"><img loading=\"lazy\" class=\"alignleft size-full wp-image-50938\" title=\"OLYMPUS DIGITAL CAMERA\" src=\"http:\/\/www.visit-ulcinj.com\/blog\/wp-content\/uploads\/2011\/09\/Mehmet-Bardhi_Ulqin.jpg\" alt=\"\" width=\"330\" height=\"400\" \/><\/a>Lideri i LD n\u00eb MZ, Mehmet Bardhi e ka akuzuar pushtetin dhe opozit\u00ebn, ose si\u00e7 i quajti n\u00eb intervist\u00ebn p\u00ebr gazet\u00ebn &#8220;DAN&#8221;, &#8220;shumic\u00ebn ortodokse sllave&#8221;, se me miratimin e kodit zgjedhor i kan\u00eb penguar shqiptar\u00ebt q\u00eb ti realizojn\u00eb t\u00eb drejtat e arritura p\u00ebr 5 vende deputet\u00ebsh n\u00eb parlament.<\/p>\n<p>Duke kritikuar kodin zgjedhor, Bardhi m\u00eb par\u00eb n\u00eb Kuvend u ka rekomanduar pushtetit dhe opozit\u00ebs q\u00eb ta shohin gjeografin\u00eb e rajonit dhe pastaj do t\u00eb v\u00ebrejn\u00eb se kurdoher\u00eb do t\u00eb marrin edhe p\u00ebrgjigjen adekuate.<\/p>\n<p>Ai megjithat\u00eb nuk d\u00ebshiroi t\u00eb p\u00ebrgjigjet drejt\u00eb p\u00ebr drejt\u00eb n\u00eb pyetjen n\u00ebse me k\u00ebt\u00eb moto mendon n\u00eb shembullin e Kosov\u00ebs. Bardhi theksoi se k\u00ebshtu vazhdon diskriminimi dhe shtoi se shqiptar\u00ebve duhet tu mund\u00ebsohet t\u00eb ken\u00eb num\u00ebr proporcional t\u00eb mandateve n\u00eb Kuvendin e Malit t\u00eb Zi respektivisht 5 mandate sa edhe u takojn\u00eb.<\/p>\n<p><strong>TVCG<\/strong><\/p>\n<p><strong>VIDEO TV IN N\u00cb\u00a0 7 MINUT<\/strong><br \/>\n[flv]http:\/\/stream.rtvin.com\/inpuls\/inpuls_08_09.flv[\/flv]<\/p>\n","protected":false},"excerpt":{"rendered":"<p>&nbsp; Lideri i LD n\u00eb MZ, Mehmet Bardhi e ka akuzuar pushtetin dhe opozit\u00ebn, ose si\u00e7 i quajti n\u00eb intervist\u00ebn p\u00ebr gazet\u00ebn &#8220;DAN&#8221;, &#8220;shumic\u00ebn ortodokse sllave&#8221;, se me miratimin e kodit zgjedhor i kan\u00eb penguar shqiptar\u00ebt q\u00eb ti realizojn\u00eb t\u00eb drejtat e arritura p\u00ebr 5 vende deputet\u00ebsh n\u00eb parlament. Duke kritikuar kodin zgjedhor, Bardhi m\u00eb [&hellip;]<\/p>\n","protected":false},"author":1,"featured_media":0,"comment_status":"open","ping_status":"closed","sticky":false,"template":"","format":"standard","meta":{"spay_email":"","jetpack_publicize_message":"","jetpack_is_tweetstorm":false,"jetpack_publicize_feature_enabled":true},"categories":[1],"tags":[95,347,200,18],"jetpack_publicize_connections":[],"yoast_head":"<!-- This site is optimized with the Yoast SEO plugin v19.1 - https:\/\/yoast.com\/wordpress\/plugins\/seo\/ -->\n<title>Bardhi: Diskriminimi vazhdon - Lajme nga Ulqini<\/title>\n<meta name=\"description\" content=\"&nbsp; Lideri i LD n\u00eb MZ, Mehmet Bardhi e ka akuzuar pushtetin dhe opozit\u00ebn, ose si\u00e7 i quajti n\u00eb intervist\u00ebn p\u00ebr gazet\u00ebn &quot;DAN&quot;, &quot;shumic\u00ebn ortodokse\" \/>\n<meta name=\"robots\" content=\"index, follow, max-snippet:-1, max-image-preview:large, max-video-preview:-1\" \/>\n<link rel=\"canonical\" href=\"https:\/\/www.visit-ulcinj.com\/blog\/2011\/09\/14\/bardhi-diskriminimi-vazhdon\/\" \/>\n<meta property=\"og:locale\" content=\"en_US\" \/>\n<meta property=\"og:type\" content=\"article\" \/>\n<meta property=\"og:title\" content=\"Bardhi: Diskriminimi vazhdon - Lajme nga Ulqini\" \/>\n<meta property=\"og:description\" content=\"&nbsp; Lideri i LD n\u00eb MZ, Mehmet Bardhi e ka akuzuar pushtetin dhe opozit\u00ebn, ose si\u00e7 i quajti n\u00eb intervist\u00ebn p\u00ebr gazet\u00ebn &quot;DAN&quot;, &quot;shumic\u00ebn ortodokse\" \/>\n<meta property=\"og:url\" content=\"https:\/\/www.visit-ulcinj.com\/blog\/2011\/09\/14\/bardhi-diskriminimi-vazhdon\/\" \/>\n<meta property=\"og:site_name\" content=\"Lajme nga Ulqini\" \/>\n<meta property=\"article:published_time\" content=\"2011-09-14T18:47:03+00:00\" \/>\n<meta property=\"article:modified_time\" content=\"2011-09-14T18:58:21+00:00\" \/>\n<meta property=\"og:image\" content=\"http:\/\/www.visit-ulcinj.com\/blog\/wp-content\/uploads\/2011\/09\/Mehmet-Bardhi_Ulqin.jpg\" \/>\n<meta name=\"twitter:label1\" content=\"Written by\" \/>\n\t<meta name=\"twitter:data1\" content=\"ulqini\" \/>\n\t<meta name=\"twitter:label2\" content=\"Est. reading time\" \/>\n\t<meta name=\"twitter:data2\" content=\"1 minute\" \/>\n<script type=\"application\/ld+json\" class=\"yoast-schema-graph\">{\"@context\":\"https:\/\/schema.org\",\"@graph\":[{\"@type\":\"WebSite\",\"@id\":\"https:\/\/www.visit-ulcinj.com\/blog\/#website\",\"url\":\"https:\/\/www.visit-ulcinj.com\/blog\/\",\"name\":\"Lajme nga Ulqini\",\"description\":\"Lajme,Vijesti,Ulqini,Ulqin,Crna Gora,Mali i Zi\",\"potentialAction\":[{\"@type\":\"SearchAction\",\"target\":{\"@type\":\"EntryPoint\",\"urlTemplate\":\"https:\/\/www.visit-ulcinj.com\/blog\/?s={search_term_string}\"},\"query-input\":\"required name=search_term_string\"}],\"inLanguage\":\"en-US\"},{\"@type\":\"ImageObject\",\"inLanguage\":\"en-US\",\"@id\":\"https:\/\/www.visit-ulcinj.com\/blog\/2011\/09\/14\/bardhi-diskriminimi-vazhdon\/#primaryimage\",\"url\":\"https:\/\/www.visit-ulcinj.com\/blog\/wp-content\/uploads\/2011\/09\/Mehmet-Bardhi_Ulqin.jpg\",\"contentUrl\":\"https:\/\/www.visit-ulcinj.com\/blog\/wp-content\/uploads\/2011\/09\/Mehmet-Bardhi_Ulqin.jpg\",\"width\":\"461\",\"height\":\"460\"},{\"@type\":\"WebPage\",\"@id\":\"https:\/\/www.visit-ulcinj.com\/blog\/2011\/09\/14\/bardhi-diskriminimi-vazhdon\/#webpage\",\"url\":\"https:\/\/www.visit-ulcinj.com\/blog\/2011\/09\/14\/bardhi-diskriminimi-vazhdon\/\",\"name\":\"Bardhi: Diskriminimi vazhdon - Lajme nga Ulqini\",\"isPartOf\":{\"@id\":\"https:\/\/www.visit-ulcinj.com\/blog\/#website\"},\"primaryImageOfPage\":{\"@id\":\"https:\/\/www.visit-ulcinj.com\/blog\/2011\/09\/14\/bardhi-diskriminimi-vazhdon\/#primaryimage\"},\"datePublished\":\"2011-09-14T18:47:03+00:00\",\"dateModified\":\"2011-09-14T18:58:21+00:00\",\"author\":{\"@id\":\"https:\/\/www.visit-ulcinj.com\/blog\/#\/schema\/person\/dcab619c614d3038751c63bc2aadc06d\"},\"description\":\"&nbsp; Lideri i LD n\u00eb MZ, Mehmet Bardhi e ka akuzuar pushtetin dhe opozit\u00ebn, ose si\u00e7 i quajti n\u00eb intervist\u00ebn p\u00ebr gazet\u00ebn \\\"DAN\\\", \\\"shumic\u00ebn ortodokse\",\"breadcrumb\":{\"@id\":\"https:\/\/www.visit-ulcinj.com\/blog\/2011\/09\/14\/bardhi-diskriminimi-vazhdon\/#breadcrumb\"},\"inLanguage\":\"en-US\",\"potentialAction\":[{\"@type\":\"ReadAction\",\"target\":[\"https:\/\/www.visit-ulcinj.com\/blog\/2011\/09\/14\/bardhi-diskriminimi-vazhdon\/\"]}]},{\"@type\":\"BreadcrumbList\",\"@id\":\"https:\/\/www.visit-ulcinj.com\/blog\/2011\/09\/14\/bardhi-diskriminimi-vazhdon\/#breadcrumb\",\"itemListElement\":[{\"@type\":\"ListItem\",\"position\":1,\"name\":\"Bardhi: Diskriminimi vazhdon\"}]},{\"@type\":\"Person\",\"@id\":\"https:\/\/www.visit-ulcinj.com\/blog\/#\/schema\/person\/dcab619c614d3038751c63bc2aadc06d\",\"name\":\"ulqini\",\"sameAs\":[\"http:\/\/www.visit-ulcinj.com\"],\"url\":\"https:\/\/www.visit-ulcinj.com\/blog\/author\/admin\/\"}]}<\/script>\n<!-- \/ Yoast SEO plugin. -->","yoast_head_json":{"title":"Bardhi: Diskriminimi vazhdon - Lajme nga Ulqini","description":"&nbsp; Lideri i LD n\u00eb MZ, Mehmet Bardhi e ka akuzuar pushtetin dhe opozit\u00ebn, ose si\u00e7 i quajti n\u00eb intervist\u00ebn p\u00ebr gazet\u00ebn \"DAN\", \"shumic\u00ebn ortodokse","robots":{"index":"index","follow":"follow","max-snippet":"max-snippet:-1","max-image-preview":"max-image-preview:large","max-video-preview":"max-video-preview:-1"},"canonical":"https:\/\/www.visit-ulcinj.com\/blog\/2011\/09\/14\/bardhi-diskriminimi-vazhdon\/","og_locale":"en_US","og_type":"article","og_title":"Bardhi: Diskriminimi vazhdon - Lajme nga Ulqini","og_description":"&nbsp; Lideri i LD n\u00eb MZ, Mehmet Bardhi e ka akuzuar pushtetin dhe opozit\u00ebn, ose si\u00e7 i quajti n\u00eb intervist\u00ebn p\u00ebr gazet\u00ebn \"DAN\", \"shumic\u00ebn ortodokse","og_url":"https:\/\/www.visit-ulcinj.com\/blog\/2011\/09\/14\/bardhi-diskriminimi-vazhdon\/","og_site_name":"Lajme nga Ulqini","article_published_time":"2011-09-14T18:47:03+00:00","article_modified_time":"2011-09-14T18:58:21+00:00","og_image":[{"url":"http:\/\/www.visit-ulcinj.com\/blog\/wp-content\/uploads\/2011\/09\/Mehmet-Bardhi_Ulqin.jpg"}],"twitter_misc":{"Written by":"ulqini","Est. reading time":"1 minute"},"schema":{"@context":"https:\/\/schema.org","@graph":[{"@type":"WebSite","@id":"https:\/\/www.visit-ulcinj.com\/blog\/#website","url":"https:\/\/www.visit-ulcinj.com\/blog\/","name":"Lajme nga Ulqini","description":"Lajme,Vijesti,Ulqini,Ulqin,Crna Gora,Mali i Zi","potentialAction":[{"@type":"SearchAction","target":{"@type":"EntryPoint","urlTemplate":"https:\/\/www.visit-ulcinj.com\/blog\/?s={search_term_string}"},"query-input":"required name=search_term_string"}],"inLanguage":"en-US"},{"@type":"ImageObject","inLanguage":"en-US","@id":"https:\/\/www.visit-ulcinj.com\/blog\/2011\/09\/14\/bardhi-diskriminimi-vazhdon\/#primaryimage","url":"https:\/\/www.visit-ulcinj.com\/blog\/wp-content\/uploads\/2011\/09\/Mehmet-Bardhi_Ulqin.jpg","contentUrl":"https:\/\/www.visit-ulcinj.com\/blog\/wp-content\/uploads\/2011\/09\/Mehmet-Bardhi_Ulqin.jpg","width":"461","height":"460"},{"@type":"WebPage","@id":"https:\/\/www.visit-ulcinj.com\/blog\/2011\/09\/14\/bardhi-diskriminimi-vazhdon\/#webpage","url":"https:\/\/www.visit-ulcinj.com\/blog\/2011\/09\/14\/bardhi-diskriminimi-vazhdon\/","name":"Bardhi: Diskriminimi vazhdon - Lajme nga Ulqini","isPartOf":{"@id":"https:\/\/www.visit-ulcinj.com\/blog\/#website"},"primaryImageOfPage":{"@id":"https:\/\/www.visit-ulcinj.com\/blog\/2011\/09\/14\/bardhi-diskriminimi-vazhdon\/#primaryimage"},"datePublished":"2011-09-14T18:47:03+00:00","dateModified":"2011-09-14T18:58:21+00:00","author":{"@id":"https:\/\/www.visit-ulcinj.com\/blog\/#\/schema\/person\/dcab619c614d3038751c63bc2aadc06d"},"description":"&nbsp; Lideri i LD n\u00eb MZ, Mehmet Bardhi e ka akuzuar pushtetin dhe opozit\u00ebn, ose si\u00e7 i quajti n\u00eb intervist\u00ebn p\u00ebr gazet\u00ebn \"DAN\", \"shumic\u00ebn ortodokse","breadcrumb":{"@id":"https:\/\/www.visit-ulcinj.com\/blog\/2011\/09\/14\/bardhi-diskriminimi-vazhdon\/#breadcrumb"},"inLanguage":"en-US","potentialAction":[{"@type":"ReadAction","target":["https:\/\/www.visit-ulcinj.com\/blog\/2011\/09\/14\/bardhi-diskriminimi-vazhdon\/"]}]},{"@type":"BreadcrumbList","@id":"https:\/\/www.visit-ulcinj.com\/blog\/2011\/09\/14\/bardhi-diskriminimi-vazhdon\/#breadcrumb","itemListElement":[{"@type":"ListItem","position":1,"name":"Bardhi: Diskriminimi vazhdon"}]},{"@type":"Person","@id":"https:\/\/www.visit-ulcinj.com\/blog\/#\/schema\/person\/dcab619c614d3038751c63bc2aadc06d","name":"ulqini","sameAs":["http:\/\/www.visit-ulcinj.com"],"url":"https:\/\/www.visit-ulcinj.com\/blog\/author\/admin\/"}]}},"jetpack_featured_media_url":"","jetpack_sharing_enabled":true,"jetpack_shortlink":"https:\/\/wp.me\/pe6lTn-dfz","_links":{"self":[{"href":"https:\/\/www.visit-ulcinj.com\/blog\/wp-json\/wp\/v2\/posts\/50937"}],"collection":[{"href":"https:\/\/www.visit-ulcinj.com\/blog\/wp-json\/wp\/v2\/posts"}],"about":[{"href":"https:\/\/www.visit-ulcinj.com\/blog\/wp-json\/wp\/v2\/types\/post"}],"author":[{"embeddable":true,"href":"https:\/\/www.visit-ulcinj.com\/blog\/wp-json\/wp\/v2\/users\/1"}],"replies":[{"embeddable":true,"href":"https:\/\/www.visit-ulcinj.com\/blog\/wp-json\/wp\/v2\/comments?post=50937"}],"version-history":[{"count":3,"href":"https:\/\/www.visit-ulcinj.com\/blog\/wp-json\/wp\/v2\/posts\/50937\/revisions"}],"predecessor-version":[{"id":50941,"href":"https:\/\/www.visit-ulcinj.com\/blog\/wp-json\/wp\/v2\/posts\/50937\/revisions\/50941"}],"wp:attachment":[{"href":"https:\/\/www.visit-ulcinj.com\/blog\/wp-json\/wp\/v2\/media?parent=50937"}],"wp:term":[{"taxonomy":"category","embeddable":true,"href":"https:\/\/www.visit-ulcinj.com\/blog\/wp-json\/wp\/v2\/categories?post=50937"},{"taxonomy":"post_tag","embeddable":true,"href":"https:\/\/www.visit-ulcinj.com\/blog\/wp-json\/wp\/v2\/tags?post=50937"}],"curies":[{"name":"wp","href":"https:\/\/api.w.org\/{rel}","templated":true}]}}