{"id":50944,"date":"2011-09-14T20:33:48","date_gmt":"2011-09-14T19:33:48","guid":{"rendered":"http:\/\/www.visit-ulcinj.com\/blog\/?p=50944"},"modified":"2011-09-14T20:33:48","modified_gmt":"2011-09-14T19:33:48","slug":"diellza-%e2%80%9cfoto-lakuriqe-pse-jo%e2%80%9d","status":"publish","type":"post","link":"https:\/\/www.visit-ulcinj.com\/blog\/2011\/09\/14\/diellza-%e2%80%9cfoto-lakuriqe-pse-jo%e2%80%9d\/","title":{"rendered":"Diellza: \u201cFoto lakuriqe, pse jo\u201d"},"content":{"rendered":"<p><a href=\"http:\/\/www.visit-ulcinj.com\/blog\/wp-content\/uploads\/2011\/09\/Diellza-Kolgeci.jpg\"><img loading=\"lazy\" class=\"alignleft size-full wp-image-50946\" title=\"Diellza Kolgeci\" src=\"http:\/\/www.visit-ulcinj.com\/blog\/wp-content\/uploads\/2011\/09\/Diellza-Kolgeci.jpg\" alt=\"\" width=\"508\" height=\"620\" \/><\/a>Diellza Kolgeci si gjithnj\u00eb t\u00ebrheq\u00ebse dhe e dh\u00ebn\u00eb pas pun\u00ebs, sapo ka ardhur nga pushimi veror, ku brenda dy muajve ka vizituar disa vende t\u00eb bot\u00ebs. Tani ajo do t\u00eb udh\u00ebtoj\u00eb p\u00ebr n\u00eb Nju-Jork p\u00ebr t\u00eb realizuar disa projekte t\u00eb saj, ndon\u00ebse arti dhe drejt\u00ebsia vazhdojn\u00eb t\u00eb jen\u00eb profesionet e dashura t\u00eb saj. M\u00eb shum\u00eb rreth pun\u00ebs dhe \u00e7do gj\u00eb tjet\u00ebr flet p\u00ebr \u201cZ\u00ebri\u201d.<\/p>\n<p><strong>Tashm\u00eb jeni nj\u00eb person me karrier\u00eb, mendoni se i keni realizuar t\u00eb gjitha planet?<\/strong><\/p>\n<p>Njeriu derisa jeton ka plane dhe d\u00ebshira, k\u00ebshtu q\u00eb asnj\u00ebher\u00eb nuk ndjehet i p\u00ebrmbushur. Un\u00eb deri m\u00eb tani kam realizuar shum\u00eb plane dhe jam fatlume p\u00ebr k\u00ebt\u00eb, mir\u00ebpo jeta dinamike b\u00ebn q\u00eb t\u00eb kemi plane t\u00eb koh\u00ebpaskohshme, q\u00eb rrjedhin bashk\u00eb me fazat e jet\u00ebs.<\/p>\n<p>Edhe un\u00eb shpresoj q\u00eb n\u00eb t\u00eb ardhmen t\u00eb kem nj\u00eb Diellz\u00eb t\u00eb vog\u00ebl, me t\u00eb cil\u00ebn besoj se do ta p\u00ebrmbush d\u00ebshir\u00ebn time jet\u00ebsore. Tani nuk kam ndonj\u00eb plan t\u00eb till\u00eb p\u00ebr t\u2019u b\u00ebr\u00eb n\u00ebn\u00eb, mir\u00ebpo pas nj\u00eb kohe patjet\u00ebr se po. Tash kam n\u00eb plan t\u00eb shkoj n\u00eb Nju-Jork p\u00ebr t\u2019i realizuar disa projekte t\u00eb mia, t\u00eb cilat do t\u2019i zbuloj me koh\u00eb.<\/p>\n<p><a href=\"http:\/\/www.visit-ulcinj.com\/blog\/wp-content\/uploads\/2011\/09\/Diellza-Kolgeci.1.jpg\"><img loading=\"lazy\" class=\"alignleft size-full wp-image-50947\" title=\"Diellza Kolgeci.1\" src=\"http:\/\/www.visit-ulcinj.com\/blog\/wp-content\/uploads\/2011\/09\/Diellza-Kolgeci.1.jpg\" alt=\"\" width=\"298\" height=\"497\" \/><\/a><\/p>\n<p><strong>Sapo jeni kthyer nga pushimi veror n\u00eb shoq\u00ebri t\u00eb Edisit, si kaluat?<\/strong><\/p>\n<p>Si gjithmon\u00eb pushimin e filloj n\u00eb Ulqin, pasi q\u00eb e kam banes\u00ebn time dhe q\u00ebndrova rreth nj\u00eb muaj.<\/p>\n<p>Pas Ulqinit p\u00ebr her\u00eb t\u00eb par\u00eb me vetur\u00ebn time shkova n\u00eb Milano dhe q\u00ebndrova nj\u00eb jav\u00eb, pastaj shkova n\u00eb San Trope dhe n\u00eb fund n\u00eb Venecia. Ka qen\u00eb nj\u00eb pushim sa aktiv dhe relaksues p\u00ebr t\u00eb cilin kam pasur shum\u00eb nevoj\u00eb pas humbjes s\u00eb njeriut m\u00eb t\u00eb dashur t\u00eb jet\u00ebs sime, babait.<\/p>\n<p><strong>Vazhdoni t\u00eb jeni imazh i disa kompanive t\u00eb njohura n\u00eb vend, cila \u00ebsht\u00eb marr\u00ebdh\u00ebnia juaj me fotografin\u00eb?<\/strong><\/p>\n<p>Jam personi q\u00eb m\u00eb s\u00eb paku kam foto profesionale. Nuk mund t\u00eb q\u00ebndroj nj\u00eb koh\u00eb t\u00eb gjat\u00eb para fotoaparatit, mjaftojn\u00eb 10 apo 15 minuta. Jam nj\u00eb njeri q\u00eb nuk mund t\u00eb q\u00ebndroj gjat\u00eb pa folur (qesh). Koh\u00ebve t\u00eb fundit jam duke bashk\u00ebpunuar me fotografin Avni Selmanin, me t\u00eb cilin jam shum\u00eb e k\u00ebnaqur.<\/p>\n<p><strong>N\u00ebse do t\u00eb jepej rasti do t\u00eb kishe pozuar nudo?<\/strong><\/p>\n<p>T\u00eb gjitha femrat thon\u00eb jo, edhe un\u00eb m\u00eb her\u00ebt kam th\u00ebn\u00eb jo. Mir\u00ebpo, me mosh\u00ebn e pjekuris\u00eb si fem\u00ebr dhe me ndryshimin e koh\u00ebs tani them se po.<\/p>\n<p>Ato gj\u00ebra mund t\u00eb arsyetohen n\u00ebse pozat jan\u00eb artistike dhe pjes\u00ebt intime mund t\u00eb mbulohen po me k\u00ebto pjes\u00eb artistike. Jam nj\u00eb person q\u00eb kurr\u00eb nuk them kurr\u00eb dhe n\u00eb k\u00ebt\u00eb rast p\u00ebr foto lakuriqe kisha menduar sepse nuk e kam problem.<br \/>\n<a href=\"http:\/\/www.visit-ulcinj.com\/blog\/wp-content\/uploads\/2011\/09\/Diellza-Kolgeci.2.jpg\"><img loading=\"lazy\" class=\"alignleft size-full wp-image-50948\" title=\"Diellza Kolgeci.2\" src=\"http:\/\/www.visit-ulcinj.com\/blog\/wp-content\/uploads\/2011\/09\/Diellza-Kolgeci.2.jpg\" alt=\"\" width=\"600\" height=\"609\" \/><\/a><\/p>\n<p><strong>Jeni nj\u00ebra nd\u00ebr personat publik q\u00eb nuk keni ndryshuar n\u00eb look, gjithnj\u00eb dukeni e till\u00eb, keni ndonj\u00eb nd\u00ebrhyrje kirurgjike n\u00eb trup apo fytyr\u00eb?<\/strong><\/p>\n<p>Me s\u00eb 20 vjet jam para publikut dhe t\u00eb gjith\u00eb m\u00eb njohin po me k\u00ebt\u00eb trup dhe fytyr\u00eb. Pjesa d\u00ebrrmuese e tyre e din\u00eb se jam kund\u00ebr nd\u00ebrhyrjeve kirurgjike.<\/p>\n<p>Nuk i kritikoj ato q\u00eb b\u00ebjn\u00eb, n\u00ebse nuk je e k\u00ebnaqur b\u00ebje, por mendoj se m\u00eb e r\u00ebnd\u00ebsishme \u00ebsht\u00eb sh\u00ebndeti sesa dukja me nj\u00eb nd\u00ebrhyrje kirurgjike. N\u00eb t\u00eb ardhmen edhe n\u00ebse rrudhat q\u00eb do t\u00eb m\u00eb dalin n\u00eb ball\u00eb do t\u00eb m\u00eb kujtojn\u00eb nj\u00eb periudh\u00eb t\u00eb jet\u00ebs sime.<\/p>\n<p>Lumturia me nd\u00ebrhyrje kirurgjike nuk arrihet. Tani operacionet plastike jan\u00eb b\u00ebr\u00eb n\u00eb trend k\u00ebtu te ne, pjesa d\u00ebrrmuese e personave publik\u00eb por edhe t\u00eb r\u00ebndomt\u00eb kan\u00eb b\u00ebr\u00eb nd\u00ebrhyrje kirurgjike n\u00eb hund\u00eb dhe buz\u00eb, ku t\u00eb gjitha po duken nj\u00ebsoj. Thuajse t\u00eb gjith\u00eb po operohen vet\u00ebm te nj\u00eb mjek dhe k\u00ebshtu q\u00eb t\u00eb gjitha hund\u00ebt dhe buz\u00ebt e tyre po duken nj\u00ebsoj.<\/p>\n<p><strong>Di\u00e7ka p\u00ebr fund?<\/strong><\/p>\n<p>As autoritetin as dashurin\u00eb me pamje nuk mund t\u2019i blesh, ajo fitohet me q\u00ebndrim t\u00eb njeriut.<\/p>\n<p><strong>Kastriote Bajrami<br \/>\nZ\u00cbRI<br \/>\n<!--YouTube Error: bad URL entered--><br \/>\n<\/strong><\/p>\n","protected":false},"excerpt":{"rendered":"<p>Diellza Kolgeci si gjithnj\u00eb t\u00ebrheq\u00ebse dhe e dh\u00ebn\u00eb pas pun\u00ebs, sapo ka ardhur nga pushimi veror, ku brenda dy muajve ka vizituar disa vende t\u00eb bot\u00ebs. Tani ajo do t\u00eb udh\u00ebtoj\u00eb p\u00ebr n\u00eb Nju-Jork p\u00ebr t\u00eb realizuar disa projekte t\u00eb saj, ndon\u00ebse arti dhe drejt\u00ebsia vazhdojn\u00eb t\u00eb jen\u00eb profesionet e dashura t\u00eb saj. M\u00eb shum\u00eb [&hellip;]<\/p>\n","protected":false},"author":1,"featured_media":0,"comment_status":"open","ping_status":"closed","sticky":false,"template":"","format":"standard","meta":{"spay_email":"","jetpack_publicize_message":"","jetpack_is_tweetstorm":false,"jetpack_publicize_feature_enabled":true},"categories":[1],"tags":[6002],"jetpack_publicize_connections":[],"yoast_head":"<!-- This site is optimized with the Yoast SEO plugin v19.1 - https:\/\/yoast.com\/wordpress\/plugins\/seo\/ -->\n<title>Diellza: \u201cFoto lakuriqe, pse jo\u201d - Lajme nga Ulqini<\/title>\n<meta name=\"description\" content=\"Diellza Kolgeci si gjithnj\u00eb t\u00ebrheq\u00ebse dhe e dh\u00ebn\u00eb pas pun\u00ebs, sapo ka ardhur nga pushimi veror, ku brenda dy muajve ka vizituar disa vende t\u00eb bot\u00ebs. Tani\" \/>\n<meta name=\"robots\" content=\"index, follow, max-snippet:-1, max-image-preview:large, max-video-preview:-1\" \/>\n<link rel=\"canonical\" href=\"https:\/\/www.visit-ulcinj.com\/blog\/2011\/09\/14\/diellza-\u201cfoto-lakuriqe-pse-jo\u201d\/\" \/>\n<meta property=\"og:locale\" content=\"en_US\" \/>\n<meta property=\"og:type\" content=\"article\" \/>\n<meta property=\"og:title\" content=\"Diellza: \u201cFoto lakuriqe, pse jo\u201d - Lajme nga Ulqini\" \/>\n<meta property=\"og:description\" content=\"Diellza Kolgeci si gjithnj\u00eb t\u00ebrheq\u00ebse dhe e dh\u00ebn\u00eb pas pun\u00ebs, sapo ka ardhur nga pushimi veror, ku brenda dy muajve ka vizituar disa vende t\u00eb bot\u00ebs. Tani\" \/>\n<meta property=\"og:url\" content=\"https:\/\/www.visit-ulcinj.com\/blog\/2011\/09\/14\/diellza-\u201cfoto-lakuriqe-pse-jo\u201d\/\" \/>\n<meta property=\"og:site_name\" content=\"Lajme nga Ulqini\" \/>\n<meta property=\"article:published_time\" content=\"2011-09-14T19:33:48+00:00\" \/>\n<meta property=\"og:image\" content=\"http:\/\/www.visit-ulcinj.com\/blog\/wp-content\/uploads\/2011\/09\/Diellza-Kolgeci.jpg\" \/>\n<meta name=\"twitter:label1\" content=\"Written by\" \/>\n\t<meta name=\"twitter:data1\" content=\"ulqini\" \/>\n\t<meta name=\"twitter:label2\" content=\"Est. reading time\" \/>\n\t<meta name=\"twitter:data2\" content=\"4 minutes\" \/>\n<script type=\"application\/ld+json\" class=\"yoast-schema-graph\">{\"@context\":\"https:\/\/schema.org\",\"@graph\":[{\"@type\":\"WebSite\",\"@id\":\"https:\/\/www.visit-ulcinj.com\/blog\/#website\",\"url\":\"https:\/\/www.visit-ulcinj.com\/blog\/\",\"name\":\"Lajme nga Ulqini\",\"description\":\"Lajme,Vijesti,Ulqini,Ulqin,Crna Gora,Mali i Zi\",\"potentialAction\":[{\"@type\":\"SearchAction\",\"target\":{\"@type\":\"EntryPoint\",\"urlTemplate\":\"https:\/\/www.visit-ulcinj.com\/blog\/?s={search_term_string}\"},\"query-input\":\"required name=search_term_string\"}],\"inLanguage\":\"en-US\"},{\"@type\":\"ImageObject\",\"inLanguage\":\"en-US\",\"@id\":\"https:\/\/www.visit-ulcinj.com\/blog\/2011\/09\/14\/diellza-%e2%80%9cfoto-lakuriqe-pse-jo%e2%80%9d\/#primaryimage\",\"url\":\"http:\/\/www.visit-ulcinj.com\/blog\/wp-content\/uploads\/2011\/09\/Diellza-Kolgeci.jpg\",\"contentUrl\":\"http:\/\/www.visit-ulcinj.com\/blog\/wp-content\/uploads\/2011\/09\/Diellza-Kolgeci.jpg\"},{\"@type\":\"WebPage\",\"@id\":\"https:\/\/www.visit-ulcinj.com\/blog\/2011\/09\/14\/diellza-%e2%80%9cfoto-lakuriqe-pse-jo%e2%80%9d\/#webpage\",\"url\":\"https:\/\/www.visit-ulcinj.com\/blog\/2011\/09\/14\/diellza-%e2%80%9cfoto-lakuriqe-pse-jo%e2%80%9d\/\",\"name\":\"Diellza: \u201cFoto lakuriqe, pse jo\u201d - Lajme nga Ulqini\",\"isPartOf\":{\"@id\":\"https:\/\/www.visit-ulcinj.com\/blog\/#website\"},\"primaryImageOfPage\":{\"@id\":\"https:\/\/www.visit-ulcinj.com\/blog\/2011\/09\/14\/diellza-%e2%80%9cfoto-lakuriqe-pse-jo%e2%80%9d\/#primaryimage\"},\"datePublished\":\"2011-09-14T19:33:48+00:00\",\"dateModified\":\"2011-09-14T19:33:48+00:00\",\"author\":{\"@id\":\"https:\/\/www.visit-ulcinj.com\/blog\/#\/schema\/person\/dcab619c614d3038751c63bc2aadc06d\"},\"description\":\"Diellza Kolgeci si gjithnj\u00eb t\u00ebrheq\u00ebse dhe e dh\u00ebn\u00eb pas pun\u00ebs, sapo ka ardhur nga pushimi veror, ku brenda dy muajve ka vizituar disa vende t\u00eb bot\u00ebs. Tani\",\"breadcrumb\":{\"@id\":\"https:\/\/www.visit-ulcinj.com\/blog\/2011\/09\/14\/diellza-%e2%80%9cfoto-lakuriqe-pse-jo%e2%80%9d\/#breadcrumb\"},\"inLanguage\":\"en-US\",\"potentialAction\":[{\"@type\":\"ReadAction\",\"target\":[\"https:\/\/www.visit-ulcinj.com\/blog\/2011\/09\/14\/diellza-%e2%80%9cfoto-lakuriqe-pse-jo%e2%80%9d\/\"]}]},{\"@type\":\"BreadcrumbList\",\"@id\":\"https:\/\/www.visit-ulcinj.com\/blog\/2011\/09\/14\/diellza-%e2%80%9cfoto-lakuriqe-pse-jo%e2%80%9d\/#breadcrumb\",\"itemListElement\":[{\"@type\":\"ListItem\",\"position\":1,\"name\":\"Diellza: \u201cFoto lakuriqe, pse jo\u201d\"}]},{\"@type\":\"Person\",\"@id\":\"https:\/\/www.visit-ulcinj.com\/blog\/#\/schema\/person\/dcab619c614d3038751c63bc2aadc06d\",\"name\":\"ulqini\",\"sameAs\":[\"http:\/\/www.visit-ulcinj.com\"],\"url\":\"https:\/\/www.visit-ulcinj.com\/blog\/author\/admin\/\"}]}<\/script>\n<!-- \/ Yoast SEO plugin. -->","yoast_head_json":{"title":"Diellza: \u201cFoto lakuriqe, pse jo\u201d - Lajme nga Ulqini","description":"Diellza Kolgeci si gjithnj\u00eb t\u00ebrheq\u00ebse dhe e dh\u00ebn\u00eb pas pun\u00ebs, sapo ka ardhur nga pushimi veror, ku brenda dy muajve ka vizituar disa vende t\u00eb bot\u00ebs. Tani","robots":{"index":"index","follow":"follow","max-snippet":"max-snippet:-1","max-image-preview":"max-image-preview:large","max-video-preview":"max-video-preview:-1"},"canonical":"https:\/\/www.visit-ulcinj.com\/blog\/2011\/09\/14\/diellza-\u201cfoto-lakuriqe-pse-jo\u201d\/","og_locale":"en_US","og_type":"article","og_title":"Diellza: \u201cFoto lakuriqe, pse jo\u201d - Lajme nga Ulqini","og_description":"Diellza Kolgeci si gjithnj\u00eb t\u00ebrheq\u00ebse dhe e dh\u00ebn\u00eb pas pun\u00ebs, sapo ka ardhur nga pushimi veror, ku brenda dy muajve ka vizituar disa vende t\u00eb bot\u00ebs. Tani","og_url":"https:\/\/www.visit-ulcinj.com\/blog\/2011\/09\/14\/diellza-\u201cfoto-lakuriqe-pse-jo\u201d\/","og_site_name":"Lajme nga Ulqini","article_published_time":"2011-09-14T19:33:48+00:00","og_image":[{"url":"http:\/\/www.visit-ulcinj.com\/blog\/wp-content\/uploads\/2011\/09\/Diellza-Kolgeci.jpg"}],"twitter_misc":{"Written by":"ulqini","Est. reading time":"4 minutes"},"schema":{"@context":"https:\/\/schema.org","@graph":[{"@type":"WebSite","@id":"https:\/\/www.visit-ulcinj.com\/blog\/#website","url":"https:\/\/www.visit-ulcinj.com\/blog\/","name":"Lajme nga Ulqini","description":"Lajme,Vijesti,Ulqini,Ulqin,Crna Gora,Mali i Zi","potentialAction":[{"@type":"SearchAction","target":{"@type":"EntryPoint","urlTemplate":"https:\/\/www.visit-ulcinj.com\/blog\/?s={search_term_string}"},"query-input":"required name=search_term_string"}],"inLanguage":"en-US"},{"@type":"ImageObject","inLanguage":"en-US","@id":"https:\/\/www.visit-ulcinj.com\/blog\/2011\/09\/14\/diellza-%e2%80%9cfoto-lakuriqe-pse-jo%e2%80%9d\/#primaryimage","url":"http:\/\/www.visit-ulcinj.com\/blog\/wp-content\/uploads\/2011\/09\/Diellza-Kolgeci.jpg","contentUrl":"http:\/\/www.visit-ulcinj.com\/blog\/wp-content\/uploads\/2011\/09\/Diellza-Kolgeci.jpg"},{"@type":"WebPage","@id":"https:\/\/www.visit-ulcinj.com\/blog\/2011\/09\/14\/diellza-%e2%80%9cfoto-lakuriqe-pse-jo%e2%80%9d\/#webpage","url":"https:\/\/www.visit-ulcinj.com\/blog\/2011\/09\/14\/diellza-%e2%80%9cfoto-lakuriqe-pse-jo%e2%80%9d\/","name":"Diellza: \u201cFoto lakuriqe, pse jo\u201d - Lajme nga Ulqini","isPartOf":{"@id":"https:\/\/www.visit-ulcinj.com\/blog\/#website"},"primaryImageOfPage":{"@id":"https:\/\/www.visit-ulcinj.com\/blog\/2011\/09\/14\/diellza-%e2%80%9cfoto-lakuriqe-pse-jo%e2%80%9d\/#primaryimage"},"datePublished":"2011-09-14T19:33:48+00:00","dateModified":"2011-09-14T19:33:48+00:00","author":{"@id":"https:\/\/www.visit-ulcinj.com\/blog\/#\/schema\/person\/dcab619c614d3038751c63bc2aadc06d"},"description":"Diellza Kolgeci si gjithnj\u00eb t\u00ebrheq\u00ebse dhe e dh\u00ebn\u00eb pas pun\u00ebs, sapo ka ardhur nga pushimi veror, ku brenda dy muajve ka vizituar disa vende t\u00eb bot\u00ebs. Tani","breadcrumb":{"@id":"https:\/\/www.visit-ulcinj.com\/blog\/2011\/09\/14\/diellza-%e2%80%9cfoto-lakuriqe-pse-jo%e2%80%9d\/#breadcrumb"},"inLanguage":"en-US","potentialAction":[{"@type":"ReadAction","target":["https:\/\/www.visit-ulcinj.com\/blog\/2011\/09\/14\/diellza-%e2%80%9cfoto-lakuriqe-pse-jo%e2%80%9d\/"]}]},{"@type":"BreadcrumbList","@id":"https:\/\/www.visit-ulcinj.com\/blog\/2011\/09\/14\/diellza-%e2%80%9cfoto-lakuriqe-pse-jo%e2%80%9d\/#breadcrumb","itemListElement":[{"@type":"ListItem","position":1,"name":"Diellza: \u201cFoto lakuriqe, pse jo\u201d"}]},{"@type":"Person","@id":"https:\/\/www.visit-ulcinj.com\/blog\/#\/schema\/person\/dcab619c614d3038751c63bc2aadc06d","name":"ulqini","sameAs":["http:\/\/www.visit-ulcinj.com"],"url":"https:\/\/www.visit-ulcinj.com\/blog\/author\/admin\/"}]}},"jetpack_featured_media_url":"","jetpack_sharing_enabled":true,"jetpack_shortlink":"https:\/\/wp.me\/pe6lTn-dfG","_links":{"self":[{"href":"https:\/\/www.visit-ulcinj.com\/blog\/wp-json\/wp\/v2\/posts\/50944"}],"collection":[{"href":"https:\/\/www.visit-ulcinj.com\/blog\/wp-json\/wp\/v2\/posts"}],"about":[{"href":"https:\/\/www.visit-ulcinj.com\/blog\/wp-json\/wp\/v2\/types\/post"}],"author":[{"embeddable":true,"href":"https:\/\/www.visit-ulcinj.com\/blog\/wp-json\/wp\/v2\/users\/1"}],"replies":[{"embeddable":true,"href":"https:\/\/www.visit-ulcinj.com\/blog\/wp-json\/wp\/v2\/comments?post=50944"}],"version-history":[{"count":1,"href":"https:\/\/www.visit-ulcinj.com\/blog\/wp-json\/wp\/v2\/posts\/50944\/revisions"}],"predecessor-version":[{"id":50949,"href":"https:\/\/www.visit-ulcinj.com\/blog\/wp-json\/wp\/v2\/posts\/50944\/revisions\/50949"}],"wp:attachment":[{"href":"https:\/\/www.visit-ulcinj.com\/blog\/wp-json\/wp\/v2\/media?parent=50944"}],"wp:term":[{"taxonomy":"category","embeddable":true,"href":"https:\/\/www.visit-ulcinj.com\/blog\/wp-json\/wp\/v2\/categories?post=50944"},{"taxonomy":"post_tag","embeddable":true,"href":"https:\/\/www.visit-ulcinj.com\/blog\/wp-json\/wp\/v2\/tags?post=50944"}],"curies":[{"name":"wp","href":"https:\/\/api.w.org\/{rel}","templated":true}]}}