{"id":5095,"date":"2008-10-25T14:03:06","date_gmt":"2008-10-25T19:03:06","guid":{"rendered":"http:\/\/www.visit-ulcinj.com\/blog\/?p=5095"},"modified":"2008-10-25T14:13:38","modified_gmt":"2008-10-25T19:13:38","slug":"manaxhimi-i-dobet-i-sezonit-turistik-2008-ne-ulqin","status":"publish","type":"post","link":"https:\/\/www.visit-ulcinj.com\/blog\/2008\/10\/25\/manaxhimi-i-dobet-i-sezonit-turistik-2008-ne-ulqin\/","title":{"rendered":"Menaxhim i dob\u00ebt i sezonit turistik 2008 n\u00eb Ulqin"},"content":{"rendered":"<p><a href=\"http:\/\/www.visit-ulcinj.com\/blog\/wp-content\/uploads\/2008\/09\/velika-plaza01.jpg\"><img loading=\"lazy\" class=\"size-medium wp-image-3297 alignleft\" title=\"velika-plaza01\" src=\"http:\/\/www.visit-ulcinj.com\/blog\/wp-content\/uploads\/2008\/09\/velika-plaza01-300x210.jpg\" alt=\"Gro\u00dfe Strand Ulcinj\" width=\"300\" height=\"210\" srcset=\"https:\/\/www.visit-ulcinj.com\/blog\/wp-content\/uploads\/2008\/09\/velika-plaza01-300x210.jpg 300w, https:\/\/www.visit-ulcinj.com\/blog\/wp-content\/uploads\/2008\/09\/velika-plaza01.jpg 980w\" sizes=\"(max-width: 300px) 100vw, 300px\" \/><\/a>Pas suksesit t\u00eb sezonit turistik t\u00eb vitit t\u00eb kaluar 2007 n\u00eb Ulqin, shpresa p\u00ebr nj\u00eb p\u00ebrs\u00ebritje t\u00eb tij edhe sivjet ishte akoma m\u00eb e madhe.<br \/>\nPor pronar\u00ebt e hoteleve dhe shteti malazias akoma nuk kan\u00eb kuptuar se oferta turistike nuk mund t\u00eb mb\u00ebshtetet vet\u00ebm n\u00eb bukurit\u00eb e natyr\u00ebs,r\u00ebr\u00ebn,plazhet e bukura dhe n\u00eb monopolin e krijuar deri diku p\u00ebr turist\u00ebt,por n\u00eb t\u00ebrheqjen e turist\u00ebve n\u00ebp\u00ebrmjet p\u00ebrmir\u00ebsimin t\u00eb k\u00ebsaj oferte.<br \/>\nMe t\u00eb drejt\u00eb \u00ebsht\u00eb vler\u00ebsuar se turizmi pritet t\u00eb p\u00ebrb\u00ebj\u00eb nj\u00eb nga deg\u00ebt kryesore t\u00eb ekonomis\u00eb s\u00eb vendit, sepse nga zhvillimi i tij varet edhe zhvillimi i shum\u00eb deg\u00ebve t\u00eb tjera n\u00eb komun\u00ebn e Ulqinit.Por,a \u00ebsht\u00eb punuar seriozisht p\u00ebr k\u00ebt\u00eb?<br \/>\nP\u00ebrgjigjja nuk \u00ebsht\u00eb e v\u00ebshtir\u00eb t\u00eb jepet. Madje, p\u00ebrgjigjen e dhan vet\u00eb kosovar\u00ebt k\u00ebtij viti turistik 2008, \u201cfatkeq\u00ebsisht,k\u00ebt\u00eb vit shumica e kosovar\u00ebve jan\u00eb drejtuar drejt Bregdetit Shqip\u00ebtar\u201d sikurse Dur\u00ebsi,Saranda,etj.<br \/>\nEnde dhe ala sot n\u00eb deklaratat e ministrit t\u00eb turizmit malazias nuk\u00a0 ka p\u00ebrmendur edhe shkaqet e k\u00ebtij bojkoti,n\u00eb bregun e detit malazias.:Por e v\u00ebrteta esht\u00eb se Shqiperija dhe Kroacija ka qen\u00eb konkurrent\u00eb n\u00eb \u00e7mim. Nj\u00eb krevat atje kushton 5 euro n\u00eb nat\u00eb.<br \/>\nAjo \u00e7ka na mbetet \u00ebsht\u00eb vet\u00ebm t\u00eb analizojm\u00eb.Turist\u00ebt nuk duhet t\u00eb priten, por t\u00eb t\u00ebrhiqen.Kjo n\u00ebnkupton fushata publicitare t\u00eb organizuara mir\u00eb, p\u00ebrpara dhe gjat\u00eb sezonit, koordinim me agjecit\u00eb turistike brenda dhe jasht\u00eb vendit, krijimin e kushteve p\u00ebr akomodimin si dhe nj\u00eb sh\u00ebrbim me nivel. N\u00eb k\u00ebt\u00eb kontekst nuk duhen neglizhuar \u00e7mimet. Aplikimi i \u00e7mimeve t\u00eb arsyeshme dhe konkurruese m\u00eb vendet e rajonit, n\u00eb baz\u00eb t\u00eb kushteve q\u00eb ofrojm\u00eb, \u00ebsht\u00eb nj\u00eb pik\u00eb e ndjeshme q\u00eb ndikon n\u00eb reagimin e turist\u00ebve. Kjo p\u00ebr m\u00eb tep\u00ebr \u00ebsht\u00eb edhe fillimi i fushat\u00ebs p\u00ebr vitin tjet\u00ebr.\u00c7mimet e aplikuara vitin q\u00eb kaloi, kur dominoi vendosja abuzive p\u00ebr t\u00eb shfryt\u00ebzuar n\u00eb maksimum situat\u00ebn euforike q\u00eb mbizot\u00ebronte,p\u00ebrb\u00ebjn\u00eb faktorin kryesor q\u00eb po ndikon n\u00eb numrin e turist\u00ebve kosovar\u00eb t\u00eb sivjetsh\u00ebm n\u00eb rivier\u00ebn e Ulqinit.Po t\u00eb b\u00ebsh llogarit\u00eb, q\u00eb nga rruga ikje-ardhje, akomodimi dhe sh\u00ebrbimi,kostoja e turizmit n\u00eb Ulqin \u00ebsht\u00eb e lart\u00eb. Biletat e tragetit Bari-Tivar,ose Ankona-Tivar jan\u00eb m\u00eb t\u00eb larta se Bari-Dures apo Bari-Patra (Greqi), pavar\u00ebsisht se distanca \u00ebsht\u00eb gati tri her\u00eb m\u00eb e shkurt\u00ebr.Kurse shqiptar\u00ebt e Kosov\u00ebs duhet t\u00eb p\u00ebrshkojn\u00eb nj\u00eb rrug\u00eb t\u00eb gjat\u00eb dhe t\u00eb v\u00ebshtir\u00eb, gjat\u00eb s\u00eb cil\u00ebs tek-tuk u vihen edhe gjoba nga \u201ctaksidar\u00ebt\u201d privat\u00eb. P\u00ebr t\u00eb gjitha k\u00ebto nevojitet nj\u00eb organizim qendror, q\u00eb patjet\u00ebr duhet t\u00eb drejtohet nga qeveria me entet e saj p\u00ebrkat\u00ebse.<br \/>\nNumri i turist\u00ebve me komb\u00ebsi t\u00eb huaj po vjen n\u00eb rritje, por p\u00ebrs\u00ebri mbetet modest. Pjesa d\u00ebrrmuese e turist\u00ebve q\u00eb vijn\u00eb nga jasht\u00eb jan\u00eb emigrant\u00ebt shqiptar\u00eb n\u00eb vendet fqinj\u00eb dhe shqiptar\u00ebt nga Kosova dhe Maqedonia.Pra,duhet kuptuar se p\u00ebr pjes\u00ebn d\u00ebrrmuese t\u00eb turist\u00ebve q\u00eb na vizitojn\u00eb sot Malin e Zi,z\u00eb nj\u00eb vend t\u00eb privilegjuar mes alternativave t\u00eb tjera.N\u00ebse vazhdimisht do t\u2019i r\u00ebndonim me \u00e7mime t\u00eb larta dhe t\u00eb pajustifikuara nga oferta,at\u00ebher\u00eb Mali i Zi jo vet\u00ebm q\u00eb do ta humbas\u00eb k\u00ebt\u00eb vend t\u00eb privilegjuar,por do t\u00eb ket\u00eb rrjedhje edhe nga banor\u00ebt e saj, aq m\u00eb tep\u00ebr q\u00eb p\u00ebr k\u00ebt\u00eb konkurrojn\u00eb edhe fqinj\u00ebt tan\u00eb t\u00eb af\u00ebrt.<br \/>\nAjo q\u00eb tregoi viti i kaluar nuk duhet marr\u00eb plot\u00ebsisht si \u00e7\u00ebshtje nacionalizmi, pasi ashtu si dhe n\u00eb deg\u00ebt tjera, edhe n\u00eb turiz\u00ebm, vlen ligji i ofert\u00ebs dhe i k\u00ebrkes\u00ebs.Dyndja e nj\u00eb val\u00eb t\u00eb re dhe t\u00eb papar\u00eb turist\u00ebsh ver\u00ebn e kaluar ndikoi n\u00eb rritjen e \u00e7mimeve n\u00eb p\u00ebrgjith\u00ebsi e ve\u00e7an\u00ebrisht edhe n\u00eb fush\u00ebn e turizmit.Prandaj duhet pasur kujdes, sepse turist\u00ebt nuk t\u2019i falin gabimet.N\u00eb t\u00eb kund\u00ebrt,ne nuk kemi pse t\u2019i akuzojm\u00eb kosovar\u00ebt n\u00ebse ata do t\u00eb k\u00ebrkonin vende t\u00eb tjera p\u00ebr t\u00eb pushuar (gj\u00eb t\u00eb cil\u00ebn nj\u00eb pjes\u00eb e tyre e ka b\u00ebr\u00eb), por duhet t\u00eb shikojn\u00eb se \u00e7far\u00eb po b\u00ebjm\u00eb ne vet\u00eb p\u00ebr t\u2019i t\u00ebrhequr ata.<br \/>\nNga ana tjet\u00ebr, mungesa deri tani e nj\u00eb strategjie p\u00ebr zhvillimin e k\u00ebtij sektori, qoft\u00eb p\u00ebr zona t\u00eb caktuara ose edhe p\u00ebr krejt vendin, ka ndikuar n\u00eb zhvillimin e shum\u00eb dukurive negative.Konkretisht,investimet q\u00eb jan\u00eb b\u00ebr\u00eb n\u00eb sektorin privat, t\u00eb cilat, \u00e7\u2019\u00ebsht\u00eb e v\u00ebrteta,nuk kan\u00eb qen\u00eb t\u00eb vogla,nuk jan\u00eb b\u00ebr\u00eb n\u00eb m\u00ebnyr\u00eb t\u00eb planifikuar. Kurse p\u00ebr lokalet dhe restorantet ekzistuese mungojn\u00eb kategorizimet dhe nivelet e \u00e7mimeve p\u00ebr secil\u00ebn kategori.Pra,shteti n\u00eb m\u00ebnyr\u00eb absolute nuk i kontrollon \u00e7mimet.Kjo ka qen\u00eb dhe vazhdon t\u00eb mbetet arsyeja kryesore q\u00eb ka \u00e7uar n\u00eb vendosjen e tyre abuzive dhe her\u00eb pas here krejt t\u00eb pajustifikuar me kushtet q\u00eb ofrohen.Nuk duhet t\u00eb harrojm\u00eb se n\u00eb k\u00ebt\u00eb rast nuk b\u00ebhet fjal\u00eb p\u00ebr konkurrenc\u00eb mes ofertave turistike t\u00eb bizneseve t\u00eb ndryshme,por mes ofertave turistike t\u00eb vendeve t\u00eb ndryshme.<strong><br \/>\nLajme nga Ulqini<\/strong><\/p>\n<!--YouTube Error: bad URL entered-->\n","protected":false},"excerpt":{"rendered":"<p>Pas suksesit t\u00eb sezonit turistik t\u00eb vitit t\u00eb kaluar 2007 n\u00eb Ulqin, shpresa p\u00ebr nj\u00eb p\u00ebrs\u00ebritje t\u00eb tij edhe sivjet ishte akoma m\u00eb e madhe. Por pronar\u00ebt e hoteleve dhe shteti malazias akoma nuk kan\u00eb kuptuar se oferta turistike nuk mund t\u00eb mb\u00ebshtetet vet\u00ebm n\u00eb bukurit\u00eb e natyr\u00ebs,r\u00ebr\u00ebn,plazhet e bukura dhe n\u00eb monopolin e krijuar [&hellip;]<\/p>\n","protected":false},"author":1,"featured_media":0,"comment_status":"open","ping_status":"closed","sticky":false,"template":"","format":"standard","meta":{"spay_email":"","jetpack_publicize_message":"","jetpack_is_tweetstorm":false,"jetpack_publicize_feature_enabled":true},"categories":[15],"tags":[49,95,200,18],"jetpack_publicize_connections":[],"yoast_head":"<!-- This site is optimized with the Yoast SEO plugin v19.1 - https:\/\/yoast.com\/wordpress\/plugins\/seo\/ -->\n<title>Menaxhim i dob\u00ebt i sezonit turistik 2008 n\u00eb Ulqin - Lajme nga Ulqini<\/title>\n<meta name=\"description\" content=\"Pas suksesit t\u00eb sezonit turistik t\u00eb vitit t\u00eb kaluar 2007 n\u00eb Ulqin, shpresa p\u00ebr nj\u00eb p\u00ebrs\u00ebritje t\u00eb tij edhe sivjet ishte akoma m\u00eb e madhe. Por pronar\u00ebt e\" \/>\n<meta name=\"robots\" content=\"index, follow, max-snippet:-1, max-image-preview:large, max-video-preview:-1\" \/>\n<link rel=\"canonical\" href=\"https:\/\/www.visit-ulcinj.com\/blog\/2008\/10\/25\/manaxhimi-i-dobet-i-sezonit-turistik-2008-ne-ulqin\/\" \/>\n<meta property=\"og:locale\" content=\"en_US\" \/>\n<meta property=\"og:type\" content=\"article\" \/>\n<meta property=\"og:title\" content=\"Menaxhim i dob\u00ebt i sezonit turistik 2008 n\u00eb Ulqin - Lajme nga Ulqini\" \/>\n<meta property=\"og:description\" content=\"Pas suksesit t\u00eb sezonit turistik t\u00eb vitit t\u00eb kaluar 2007 n\u00eb Ulqin, shpresa p\u00ebr nj\u00eb p\u00ebrs\u00ebritje t\u00eb tij edhe sivjet ishte akoma m\u00eb e madhe. Por pronar\u00ebt e\" \/>\n<meta property=\"og:url\" content=\"https:\/\/www.visit-ulcinj.com\/blog\/2008\/10\/25\/manaxhimi-i-dobet-i-sezonit-turistik-2008-ne-ulqin\/\" \/>\n<meta property=\"og:site_name\" content=\"Lajme nga Ulqini\" \/>\n<meta property=\"article:published_time\" content=\"2008-10-25T19:03:06+00:00\" \/>\n<meta property=\"article:modified_time\" content=\"2008-10-25T19:13:38+00:00\" \/>\n<meta property=\"og:image\" content=\"http:\/\/www.visit-ulcinj.com\/blog\/wp-content\/uploads\/2008\/09\/velika-plaza01-300x210.jpg\" \/>\n<meta name=\"twitter:label1\" content=\"Written by\" \/>\n\t<meta name=\"twitter:data1\" content=\"ulqini\" \/>\n\t<meta name=\"twitter:label2\" content=\"Est. reading time\" \/>\n\t<meta name=\"twitter:data2\" content=\"5 minutes\" \/>\n<script type=\"application\/ld+json\" class=\"yoast-schema-graph\">{\"@context\":\"https:\/\/schema.org\",\"@graph\":[{\"@type\":\"WebSite\",\"@id\":\"https:\/\/www.visit-ulcinj.com\/blog\/#website\",\"url\":\"https:\/\/www.visit-ulcinj.com\/blog\/\",\"name\":\"Lajme nga Ulqini\",\"description\":\"Lajme,Vijesti,Ulqini,Ulqin,Crna Gora,Mali i Zi\",\"potentialAction\":[{\"@type\":\"SearchAction\",\"target\":{\"@type\":\"EntryPoint\",\"urlTemplate\":\"https:\/\/www.visit-ulcinj.com\/blog\/?s={search_term_string}\"},\"query-input\":\"required name=search_term_string\"}],\"inLanguage\":\"en-US\"},{\"@type\":\"ImageObject\",\"inLanguage\":\"en-US\",\"@id\":\"https:\/\/www.visit-ulcinj.com\/blog\/2008\/10\/25\/manaxhimi-i-dobet-i-sezonit-turistik-2008-ne-ulqin\/#primaryimage\",\"url\":\"http:\/\/www.visit-ulcinj.com\/blog\/wp-content\/uploads\/2008\/09\/velika-plaza01-300x210.jpg\",\"contentUrl\":\"http:\/\/www.visit-ulcinj.com\/blog\/wp-content\/uploads\/2008\/09\/velika-plaza01-300x210.jpg\"},{\"@type\":\"WebPage\",\"@id\":\"https:\/\/www.visit-ulcinj.com\/blog\/2008\/10\/25\/manaxhimi-i-dobet-i-sezonit-turistik-2008-ne-ulqin\/#webpage\",\"url\":\"https:\/\/www.visit-ulcinj.com\/blog\/2008\/10\/25\/manaxhimi-i-dobet-i-sezonit-turistik-2008-ne-ulqin\/\",\"name\":\"Menaxhim i dob\u00ebt i sezonit turistik 2008 n\u00eb Ulqin - Lajme nga Ulqini\",\"isPartOf\":{\"@id\":\"https:\/\/www.visit-ulcinj.com\/blog\/#website\"},\"primaryImageOfPage\":{\"@id\":\"https:\/\/www.visit-ulcinj.com\/blog\/2008\/10\/25\/manaxhimi-i-dobet-i-sezonit-turistik-2008-ne-ulqin\/#primaryimage\"},\"datePublished\":\"2008-10-25T19:03:06+00:00\",\"dateModified\":\"2008-10-25T19:13:38+00:00\",\"author\":{\"@id\":\"https:\/\/www.visit-ulcinj.com\/blog\/#\/schema\/person\/dcab619c614d3038751c63bc2aadc06d\"},\"description\":\"Pas suksesit t\u00eb sezonit turistik t\u00eb vitit t\u00eb kaluar 2007 n\u00eb Ulqin, shpresa p\u00ebr nj\u00eb p\u00ebrs\u00ebritje t\u00eb tij edhe sivjet ishte akoma m\u00eb e madhe. Por pronar\u00ebt e\",\"breadcrumb\":{\"@id\":\"https:\/\/www.visit-ulcinj.com\/blog\/2008\/10\/25\/manaxhimi-i-dobet-i-sezonit-turistik-2008-ne-ulqin\/#breadcrumb\"},\"inLanguage\":\"en-US\",\"potentialAction\":[{\"@type\":\"ReadAction\",\"target\":[\"https:\/\/www.visit-ulcinj.com\/blog\/2008\/10\/25\/manaxhimi-i-dobet-i-sezonit-turistik-2008-ne-ulqin\/\"]}]},{\"@type\":\"BreadcrumbList\",\"@id\":\"https:\/\/www.visit-ulcinj.com\/blog\/2008\/10\/25\/manaxhimi-i-dobet-i-sezonit-turistik-2008-ne-ulqin\/#breadcrumb\",\"itemListElement\":[{\"@type\":\"ListItem\",\"position\":1,\"name\":\"Menaxhim i dob\u00ebt i sezonit turistik 2008 n\u00eb Ulqin\"}]},{\"@type\":\"Person\",\"@id\":\"https:\/\/www.visit-ulcinj.com\/blog\/#\/schema\/person\/dcab619c614d3038751c63bc2aadc06d\",\"name\":\"ulqini\",\"sameAs\":[\"http:\/\/www.visit-ulcinj.com\"],\"url\":\"https:\/\/www.visit-ulcinj.com\/blog\/author\/admin\/\"}]}<\/script>\n<!-- \/ Yoast SEO plugin. -->","yoast_head_json":{"title":"Menaxhim i dob\u00ebt i sezonit turistik 2008 n\u00eb Ulqin - Lajme nga Ulqini","description":"Pas suksesit t\u00eb sezonit turistik t\u00eb vitit t\u00eb kaluar 2007 n\u00eb Ulqin, shpresa p\u00ebr nj\u00eb p\u00ebrs\u00ebritje t\u00eb tij edhe sivjet ishte akoma m\u00eb e madhe. Por pronar\u00ebt e","robots":{"index":"index","follow":"follow","max-snippet":"max-snippet:-1","max-image-preview":"max-image-preview:large","max-video-preview":"max-video-preview:-1"},"canonical":"https:\/\/www.visit-ulcinj.com\/blog\/2008\/10\/25\/manaxhimi-i-dobet-i-sezonit-turistik-2008-ne-ulqin\/","og_locale":"en_US","og_type":"article","og_title":"Menaxhim i dob\u00ebt i sezonit turistik 2008 n\u00eb Ulqin - Lajme nga Ulqini","og_description":"Pas suksesit t\u00eb sezonit turistik t\u00eb vitit t\u00eb kaluar 2007 n\u00eb Ulqin, shpresa p\u00ebr nj\u00eb p\u00ebrs\u00ebritje t\u00eb tij edhe sivjet ishte akoma m\u00eb e madhe. Por pronar\u00ebt e","og_url":"https:\/\/www.visit-ulcinj.com\/blog\/2008\/10\/25\/manaxhimi-i-dobet-i-sezonit-turistik-2008-ne-ulqin\/","og_site_name":"Lajme nga Ulqini","article_published_time":"2008-10-25T19:03:06+00:00","article_modified_time":"2008-10-25T19:13:38+00:00","og_image":[{"url":"http:\/\/www.visit-ulcinj.com\/blog\/wp-content\/uploads\/2008\/09\/velika-plaza01-300x210.jpg"}],"twitter_misc":{"Written by":"ulqini","Est. reading time":"5 minutes"},"schema":{"@context":"https:\/\/schema.org","@graph":[{"@type":"WebSite","@id":"https:\/\/www.visit-ulcinj.com\/blog\/#website","url":"https:\/\/www.visit-ulcinj.com\/blog\/","name":"Lajme nga Ulqini","description":"Lajme,Vijesti,Ulqini,Ulqin,Crna Gora,Mali i Zi","potentialAction":[{"@type":"SearchAction","target":{"@type":"EntryPoint","urlTemplate":"https:\/\/www.visit-ulcinj.com\/blog\/?s={search_term_string}"},"query-input":"required name=search_term_string"}],"inLanguage":"en-US"},{"@type":"ImageObject","inLanguage":"en-US","@id":"https:\/\/www.visit-ulcinj.com\/blog\/2008\/10\/25\/manaxhimi-i-dobet-i-sezonit-turistik-2008-ne-ulqin\/#primaryimage","url":"http:\/\/www.visit-ulcinj.com\/blog\/wp-content\/uploads\/2008\/09\/velika-plaza01-300x210.jpg","contentUrl":"http:\/\/www.visit-ulcinj.com\/blog\/wp-content\/uploads\/2008\/09\/velika-plaza01-300x210.jpg"},{"@type":"WebPage","@id":"https:\/\/www.visit-ulcinj.com\/blog\/2008\/10\/25\/manaxhimi-i-dobet-i-sezonit-turistik-2008-ne-ulqin\/#webpage","url":"https:\/\/www.visit-ulcinj.com\/blog\/2008\/10\/25\/manaxhimi-i-dobet-i-sezonit-turistik-2008-ne-ulqin\/","name":"Menaxhim i dob\u00ebt i sezonit turistik 2008 n\u00eb Ulqin - Lajme nga Ulqini","isPartOf":{"@id":"https:\/\/www.visit-ulcinj.com\/blog\/#website"},"primaryImageOfPage":{"@id":"https:\/\/www.visit-ulcinj.com\/blog\/2008\/10\/25\/manaxhimi-i-dobet-i-sezonit-turistik-2008-ne-ulqin\/#primaryimage"},"datePublished":"2008-10-25T19:03:06+00:00","dateModified":"2008-10-25T19:13:38+00:00","author":{"@id":"https:\/\/www.visit-ulcinj.com\/blog\/#\/schema\/person\/dcab619c614d3038751c63bc2aadc06d"},"description":"Pas suksesit t\u00eb sezonit turistik t\u00eb vitit t\u00eb kaluar 2007 n\u00eb Ulqin, shpresa p\u00ebr nj\u00eb p\u00ebrs\u00ebritje t\u00eb tij edhe sivjet ishte akoma m\u00eb e madhe. Por pronar\u00ebt e","breadcrumb":{"@id":"https:\/\/www.visit-ulcinj.com\/blog\/2008\/10\/25\/manaxhimi-i-dobet-i-sezonit-turistik-2008-ne-ulqin\/#breadcrumb"},"inLanguage":"en-US","potentialAction":[{"@type":"ReadAction","target":["https:\/\/www.visit-ulcinj.com\/blog\/2008\/10\/25\/manaxhimi-i-dobet-i-sezonit-turistik-2008-ne-ulqin\/"]}]},{"@type":"BreadcrumbList","@id":"https:\/\/www.visit-ulcinj.com\/blog\/2008\/10\/25\/manaxhimi-i-dobet-i-sezonit-turistik-2008-ne-ulqin\/#breadcrumb","itemListElement":[{"@type":"ListItem","position":1,"name":"Menaxhim i dob\u00ebt i sezonit turistik 2008 n\u00eb Ulqin"}]},{"@type":"Person","@id":"https:\/\/www.visit-ulcinj.com\/blog\/#\/schema\/person\/dcab619c614d3038751c63bc2aadc06d","name":"ulqini","sameAs":["http:\/\/www.visit-ulcinj.com"],"url":"https:\/\/www.visit-ulcinj.com\/blog\/author\/admin\/"}]}},"jetpack_featured_media_url":"","jetpack_sharing_enabled":true,"jetpack_shortlink":"https:\/\/wp.me\/pe6lTn-1kb","_links":{"self":[{"href":"https:\/\/www.visit-ulcinj.com\/blog\/wp-json\/wp\/v2\/posts\/5095"}],"collection":[{"href":"https:\/\/www.visit-ulcinj.com\/blog\/wp-json\/wp\/v2\/posts"}],"about":[{"href":"https:\/\/www.visit-ulcinj.com\/blog\/wp-json\/wp\/v2\/types\/post"}],"author":[{"embeddable":true,"href":"https:\/\/www.visit-ulcinj.com\/blog\/wp-json\/wp\/v2\/users\/1"}],"replies":[{"embeddable":true,"href":"https:\/\/www.visit-ulcinj.com\/blog\/wp-json\/wp\/v2\/comments?post=5095"}],"version-history":[{"count":0,"href":"https:\/\/www.visit-ulcinj.com\/blog\/wp-json\/wp\/v2\/posts\/5095\/revisions"}],"wp:attachment":[{"href":"https:\/\/www.visit-ulcinj.com\/blog\/wp-json\/wp\/v2\/media?parent=5095"}],"wp:term":[{"taxonomy":"category","embeddable":true,"href":"https:\/\/www.visit-ulcinj.com\/blog\/wp-json\/wp\/v2\/categories?post=5095"},{"taxonomy":"post_tag","embeddable":true,"href":"https:\/\/www.visit-ulcinj.com\/blog\/wp-json\/wp\/v2\/tags?post=5095"}],"curies":[{"name":"wp","href":"https:\/\/api.w.org\/{rel}","templated":true}]}}