{"id":50971,"date":"2011-09-15T16:25:52","date_gmt":"2011-09-15T15:25:52","guid":{"rendered":"http:\/\/www.visit-ulcinj.com\/blog\/?p=50971"},"modified":"2011-09-15T16:25:52","modified_gmt":"2011-09-15T15:25:52","slug":"klubi-i-karatese-ulqini-fillon-sezonin-e-dyte-te-garave-video","status":"publish","type":"post","link":"https:\/\/www.visit-ulcinj.com\/blog\/2011\/09\/15\/klubi-i-karatese-ulqini-fillon-sezonin-e-dyte-te-garave-video\/","title":{"rendered":"Klubi i Karates\u00eb Ulqini fillon sezonin e dyt\u00eb t\u00eb garave &#8211; Video"},"content":{"rendered":"<p><a href=\"http:\/\/www.visit-ulcinj.com\/blog\/wp-content\/uploads\/2011\/09\/KK_ULQINI_Kupa-e-Gostivarit.2011.jpg\"><img loading=\"lazy\" class=\"alignleft size-full wp-image-50976\" title=\"KK_ULQINI_Kupa e Gostivarit.2011\" src=\"http:\/\/www.visit-ulcinj.com\/blog\/wp-content\/uploads\/2011\/09\/KK_ULQINI_Kupa-e-Gostivarit.2011.jpg\" alt=\"\" width=\"330\" height=\"420\" \/><\/a>M\u00eb 11 shtator 2011 Klubi i Karates\u00eb \u201cUlqini\u201d mori pjes\u00eb n\u00eb Turneun nd\u00ebrkomb\u00ebtar t\u00eb karates\u00eb \u201cKupa e Gostivarit\u201d n\u00eb Gostivar, Maqedoni. Klubi i Karates\u00eb \u201cUlqini\u201d n\u00eb k\u00ebt\u00eb gar\u00eb mori pjes\u00eb me gjasht\u00eb garues t\u00eb cil\u00ebt u kuror\u00ebzuan me 5 medalje: 2 t\u00eb argjendta dhe 3 t\u00eb bronzta.<\/p>\n<p>Me medalje t\u00eb argjendta u kuror\u00ebzuan Venesa Nuhi dhe Hantie Ibro\u00e7i, kurse me medalje t\u00eb bronzta u kuror\u00ebzuan Izabella Ivanoviq, Edin Kraja dhe Antigona Rama.<br \/>\nMe k\u00ebt\u00eb gar\u00eb Klubi i Karates\u00eb \u201cUlqini\u201d filloi sezonin e dyt\u00eb t\u00eb garave t\u00eb k\u00ebtij viti. Ky ishte nj\u00eb turne mjaft i fort\u00eb p\u00ebr kah konkurrenca dhe n\u00eb t\u00eb mor\u00ebn pjes\u00eb rreth 500 garues nga Bosna, Shqip\u00ebria, Kosova, Mali i Zi, Serbia dhe nga Maqedonija.<\/p>\n<p>Nuk mund t\u00eb themi q\u00eb jemi t\u00eb k\u00ebnaqur me rezultatin e arritur, por pak a shum\u00eb ishte i pritur, sepse gjat\u00eb ver\u00ebs kemi pasur nj\u00eb pauz\u00eb mjaft t\u00eb gjat\u00eb nga st\u00ebrvitjet p\u00ebr shkak t\u00eb sezonit turistik dhe t\u00eb nxehtit t\u00eb madh. Sidoqoft\u00eb, kjo gar\u00eb \u00ebsht\u00eb nj\u00eb p\u00ebrvoj\u00eb m\u00eb tep\u00ebr dhe nj\u00eb test p\u00ebr t\u00eb ardhmen ku na presin edhe shum\u00eb turne t\u00eb fort\u00eb n\u00eb vend dhe jasht\u00eb. Turneu n\u00eb Maqedoni ishte n\u00eb nj\u00eb nivel shum\u00eb t\u00eb lart\u00eb si nga ana e organizimit, ashtu dhe nga ana e konkurrenc\u00ebs, &#8211; shprehen udh\u00ebheq\u00ebsit e Klubit q\u00eb ishin n\u00eb k\u00ebt\u00eb gar\u00eb drejtori i marketingut Skender Tahiri dhe trajner\u00ebt Kujtim Sukaliqi dhe Anell Beganoviq.<\/p>\n<p>Udh\u00ebheq\u00ebsia e Klubit t\u00eb karates\u00eb \u201cUlqini\u201d fal\u00ebnderon L\u00ebvizjen Qytetare \u201cPerspektiva\u201dq\u00eb e mund\u00ebsoi pjes\u00ebmarrjen n\u00eb turneun n\u00eb Maqedoni.<\/p>\n<p>Sh\u00ebrbimi informativ i Klubit t\u00eb Karates\u00eb \u201cUlqini\u201d<br \/>\n\n\t\t<style type=\"text\/css\">\n\t\t\t#gallery-1 {\n\t\t\t\tmargin: auto;\n\t\t\t}\n\t\t\t#gallery-1 .gallery-item {\n\t\t\t\tfloat: left;\n\t\t\t\tmargin-top: 10px;\n\t\t\t\ttext-align: center;\n\t\t\t\twidth: 33%;\n\t\t\t}\n\t\t\t#gallery-1 img {\n\t\t\t\tborder: 2px solid #cfcfcf;\n\t\t\t}\n\t\t\t#gallery-1 .gallery-caption {\n\t\t\t\tmargin-left: 0;\n\t\t\t}\n\t\t\t\/* see gallery_shortcode() in wp-includes\/media.php *\/\n\t\t<\/style>\n\t\t<div id='gallery-1' class='gallery galleryid-50971 gallery-columns-3 gallery-size-thumbnail'><dl class='gallery-item'>\n\t\t\t<dt class='gallery-icon landscape'>\n\t\t\t\t<a href='https:\/\/www.visit-ulcinj.com\/blog\/wp-content\/uploads\/2011\/09\/KK_ULQINI_Kupa-e-Gostivarit.2011.1.jpg'><img width=\"150\" height=\"150\" src=\"https:\/\/www.visit-ulcinj.com\/blog\/wp-content\/uploads\/2011\/09\/KK_ULQINI_Kupa-e-Gostivarit.2011.1-150x150.jpg\" class=\"attachment-thumbnail size-thumbnail\" alt=\"\" loading=\"lazy\" \/><\/a>\n\t\t\t<\/dt><\/dl><dl class='gallery-item'>\n\t\t\t<dt class='gallery-icon landscape'>\n\t\t\t\t<a href='https:\/\/www.visit-ulcinj.com\/blog\/wp-content\/uploads\/2011\/09\/KK_ULQINI_Kupa-e-Gostivarit.2011.2.jpg'><img width=\"150\" height=\"150\" src=\"https:\/\/www.visit-ulcinj.com\/blog\/wp-content\/uploads\/2011\/09\/KK_ULQINI_Kupa-e-Gostivarit.2011.2-150x150.jpg\" class=\"attachment-thumbnail size-thumbnail\" alt=\"\" loading=\"lazy\" \/><\/a>\n\t\t\t<\/dt><\/dl><dl class='gallery-item'>\n\t\t\t<dt class='gallery-icon landscape'>\n\t\t\t\t<a href='https:\/\/www.visit-ulcinj.com\/blog\/wp-content\/uploads\/2011\/09\/KK_ULQINI_Kupa-e-Gostivarit.2011.3.jpg'><img width=\"150\" height=\"150\" src=\"https:\/\/www.visit-ulcinj.com\/blog\/wp-content\/uploads\/2011\/09\/KK_ULQINI_Kupa-e-Gostivarit.2011.3-150x150.jpg\" class=\"attachment-thumbnail size-thumbnail\" alt=\"\" loading=\"lazy\" \/><\/a>\n\t\t\t<\/dt><\/dl><br style=\"clear: both\" \/><dl class='gallery-item'>\n\t\t\t<dt class='gallery-icon landscape'>\n\t\t\t\t<a href='https:\/\/www.visit-ulcinj.com\/blog\/wp-content\/uploads\/2011\/09\/KK_ULQINI_Kupa-e-Gostivarit.2011.4.jpg'><img width=\"150\" height=\"150\" src=\"https:\/\/www.visit-ulcinj.com\/blog\/wp-content\/uploads\/2011\/09\/KK_ULQINI_Kupa-e-Gostivarit.2011.4-150x150.jpg\" class=\"attachment-thumbnail size-thumbnail\" alt=\"\" loading=\"lazy\" \/><\/a>\n\t\t\t<\/dt><\/dl><dl class='gallery-item'>\n\t\t\t<dt class='gallery-icon portrait'>\n\t\t\t\t<a href='https:\/\/www.visit-ulcinj.com\/blog\/wp-content\/uploads\/2011\/09\/KK_ULQINI_Kupa-e-Gostivarit.2011.jpg'><img width=\"150\" height=\"150\" src=\"https:\/\/www.visit-ulcinj.com\/blog\/wp-content\/uploads\/2011\/09\/KK_ULQINI_Kupa-e-Gostivarit.2011-150x150.jpg\" class=\"attachment-thumbnail size-thumbnail\" alt=\"\" loading=\"lazy\" \/><\/a>\n\t\t\t<\/dt><\/dl>\n\t\t\t<br style='clear: both' \/>\n\t\t<\/div>\n<br \/>\n<!--YouTube Error: bad URL entered--><\/p>\n","protected":false},"excerpt":{"rendered":"<p>M\u00eb 11 shtator 2011 Klubi i Karates\u00eb \u201cUlqini\u201d mori pjes\u00eb n\u00eb Turneun nd\u00ebrkomb\u00ebtar t\u00eb karates\u00eb \u201cKupa e Gostivarit\u201d n\u00eb Gostivar, Maqedoni. Klubi i Karates\u00eb \u201cUlqini\u201d n\u00eb k\u00ebt\u00eb gar\u00eb mori pjes\u00eb me gjasht\u00eb garues t\u00eb cil\u00ebt u kuror\u00ebzuan me 5 medalje: 2 t\u00eb argjendta dhe 3 t\u00eb bronzta. Me medalje t\u00eb argjendta u kuror\u00ebzuan Venesa Nuhi [&hellip;]<\/p>\n","protected":false},"author":1,"featured_media":0,"comment_status":"open","ping_status":"closed","sticky":false,"template":"","format":"standard","meta":{"spay_email":"","jetpack_publicize_message":"","jetpack_is_tweetstorm":false,"jetpack_publicize_feature_enabled":true},"categories":[3],"tags":[5025],"jetpack_publicize_connections":[],"yoast_head":"<!-- This site is optimized with the Yoast SEO plugin v19.1 - https:\/\/yoast.com\/wordpress\/plugins\/seo\/ -->\n<title>Klubi i Karates\u00eb Ulqini fillon sezonin e dyt\u00eb t\u00eb garave - Video - Lajme nga Ulqini<\/title>\n<meta name=\"description\" content=\"M\u00eb 11 shtator 2011 Klubi i Karates\u00eb \u201cUlqini\u201d mori pjes\u00eb n\u00eb Turneun nd\u00ebrkomb\u00ebtar t\u00eb karates\u00eb \u201cKupa e Gostivarit\u201d n\u00eb Gostivar, Maqedoni. Klubi i Karates\u00eb\" \/>\n<meta name=\"robots\" content=\"index, follow, max-snippet:-1, max-image-preview:large, max-video-preview:-1\" \/>\n<link rel=\"canonical\" href=\"https:\/\/www.visit-ulcinj.com\/blog\/2011\/09\/15\/klubi-i-karatese-ulqini-fillon-sezonin-e-dyte-te-garave-video\/\" \/>\n<meta property=\"og:locale\" content=\"en_US\" \/>\n<meta property=\"og:type\" content=\"article\" \/>\n<meta property=\"og:title\" content=\"Klubi i Karates\u00eb Ulqini fillon sezonin e dyt\u00eb t\u00eb garave - Video - Lajme nga Ulqini\" \/>\n<meta property=\"og:description\" content=\"M\u00eb 11 shtator 2011 Klubi i Karates\u00eb \u201cUlqini\u201d mori pjes\u00eb n\u00eb Turneun nd\u00ebrkomb\u00ebtar t\u00eb karates\u00eb \u201cKupa e Gostivarit\u201d n\u00eb Gostivar, Maqedoni. Klubi i Karates\u00eb\" \/>\n<meta property=\"og:url\" content=\"https:\/\/www.visit-ulcinj.com\/blog\/2011\/09\/15\/klubi-i-karatese-ulqini-fillon-sezonin-e-dyte-te-garave-video\/\" \/>\n<meta property=\"og:site_name\" content=\"Lajme nga Ulqini\" \/>\n<meta property=\"article:published_time\" content=\"2011-09-15T15:25:52+00:00\" \/>\n<meta property=\"og:image\" content=\"https:\/\/www.visit-ulcinj.com\/blog\/wp-content\/uploads\/2011\/09\/KK_ULQINI_Kupa-e-Gostivarit.2011.1-150x150.jpg\" \/>\n<meta name=\"twitter:label1\" content=\"Written by\" \/>\n\t<meta name=\"twitter:data1\" content=\"ulqini\" \/>\n\t<meta name=\"twitter:label2\" content=\"Est. reading time\" \/>\n\t<meta name=\"twitter:data2\" content=\"1 minute\" \/>\n<script type=\"application\/ld+json\" class=\"yoast-schema-graph\">{\"@context\":\"https:\/\/schema.org\",\"@graph\":[{\"@type\":\"WebSite\",\"@id\":\"https:\/\/www.visit-ulcinj.com\/blog\/#website\",\"url\":\"https:\/\/www.visit-ulcinj.com\/blog\/\",\"name\":\"Lajme nga Ulqini\",\"description\":\"Lajme,Vijesti,Ulqini,Ulqin,Crna Gora,Mali i Zi\",\"potentialAction\":[{\"@type\":\"SearchAction\",\"target\":{\"@type\":\"EntryPoint\",\"urlTemplate\":\"https:\/\/www.visit-ulcinj.com\/blog\/?s={search_term_string}\"},\"query-input\":\"required name=search_term_string\"}],\"inLanguage\":\"en-US\"},{\"@type\":\"ImageObject\",\"inLanguage\":\"en-US\",\"@id\":\"https:\/\/www.visit-ulcinj.com\/blog\/2011\/09\/15\/klubi-i-karatese-ulqini-fillon-sezonin-e-dyte-te-garave-video\/#primaryimage\",\"url\":\"https:\/\/www.visit-ulcinj.com\/blog\/wp-content\/uploads\/2011\/09\/KK_ULQINI_Kupa-e-Gostivarit.2011.jpg\",\"contentUrl\":\"https:\/\/www.visit-ulcinj.com\/blog\/wp-content\/uploads\/2011\/09\/KK_ULQINI_Kupa-e-Gostivarit.2011.jpg\",\"width\":\"540\",\"height\":\"720\"},{\"@type\":\"WebPage\",\"@id\":\"https:\/\/www.visit-ulcinj.com\/blog\/2011\/09\/15\/klubi-i-karatese-ulqini-fillon-sezonin-e-dyte-te-garave-video\/#webpage\",\"url\":\"https:\/\/www.visit-ulcinj.com\/blog\/2011\/09\/15\/klubi-i-karatese-ulqini-fillon-sezonin-e-dyte-te-garave-video\/\",\"name\":\"Klubi i Karates\u00eb Ulqini fillon sezonin e dyt\u00eb t\u00eb garave - Video - Lajme nga Ulqini\",\"isPartOf\":{\"@id\":\"https:\/\/www.visit-ulcinj.com\/blog\/#website\"},\"primaryImageOfPage\":{\"@id\":\"https:\/\/www.visit-ulcinj.com\/blog\/2011\/09\/15\/klubi-i-karatese-ulqini-fillon-sezonin-e-dyte-te-garave-video\/#primaryimage\"},\"datePublished\":\"2011-09-15T15:25:52+00:00\",\"dateModified\":\"2011-09-15T15:25:52+00:00\",\"author\":{\"@id\":\"https:\/\/www.visit-ulcinj.com\/blog\/#\/schema\/person\/dcab619c614d3038751c63bc2aadc06d\"},\"description\":\"M\u00eb 11 shtator 2011 Klubi i Karates\u00eb \u201cUlqini\u201d mori pjes\u00eb n\u00eb Turneun nd\u00ebrkomb\u00ebtar t\u00eb karates\u00eb \u201cKupa e Gostivarit\u201d n\u00eb Gostivar, Maqedoni. Klubi i Karates\u00eb\",\"breadcrumb\":{\"@id\":\"https:\/\/www.visit-ulcinj.com\/blog\/2011\/09\/15\/klubi-i-karatese-ulqini-fillon-sezonin-e-dyte-te-garave-video\/#breadcrumb\"},\"inLanguage\":\"en-US\",\"potentialAction\":[{\"@type\":\"ReadAction\",\"target\":[\"https:\/\/www.visit-ulcinj.com\/blog\/2011\/09\/15\/klubi-i-karatese-ulqini-fillon-sezonin-e-dyte-te-garave-video\/\"]}]},{\"@type\":\"BreadcrumbList\",\"@id\":\"https:\/\/www.visit-ulcinj.com\/blog\/2011\/09\/15\/klubi-i-karatese-ulqini-fillon-sezonin-e-dyte-te-garave-video\/#breadcrumb\",\"itemListElement\":[{\"@type\":\"ListItem\",\"position\":1,\"name\":\"Klubi i Karates\u00eb Ulqini fillon sezonin e dyt\u00eb t\u00eb garave &#8211; Video\"}]},{\"@type\":\"Person\",\"@id\":\"https:\/\/www.visit-ulcinj.com\/blog\/#\/schema\/person\/dcab619c614d3038751c63bc2aadc06d\",\"name\":\"ulqini\",\"sameAs\":[\"http:\/\/www.visit-ulcinj.com\"],\"url\":\"https:\/\/www.visit-ulcinj.com\/blog\/author\/admin\/\"}]}<\/script>\n<!-- \/ Yoast SEO plugin. -->","yoast_head_json":{"title":"Klubi i Karates\u00eb Ulqini fillon sezonin e dyt\u00eb t\u00eb garave - Video - Lajme nga Ulqini","description":"M\u00eb 11 shtator 2011 Klubi i Karates\u00eb \u201cUlqini\u201d mori pjes\u00eb n\u00eb Turneun nd\u00ebrkomb\u00ebtar t\u00eb karates\u00eb \u201cKupa e Gostivarit\u201d n\u00eb Gostivar, Maqedoni. Klubi i Karates\u00eb","robots":{"index":"index","follow":"follow","max-snippet":"max-snippet:-1","max-image-preview":"max-image-preview:large","max-video-preview":"max-video-preview:-1"},"canonical":"https:\/\/www.visit-ulcinj.com\/blog\/2011\/09\/15\/klubi-i-karatese-ulqini-fillon-sezonin-e-dyte-te-garave-video\/","og_locale":"en_US","og_type":"article","og_title":"Klubi i Karates\u00eb Ulqini fillon sezonin e dyt\u00eb t\u00eb garave - Video - Lajme nga Ulqini","og_description":"M\u00eb 11 shtator 2011 Klubi i Karates\u00eb \u201cUlqini\u201d mori pjes\u00eb n\u00eb Turneun nd\u00ebrkomb\u00ebtar t\u00eb karates\u00eb \u201cKupa e Gostivarit\u201d n\u00eb Gostivar, Maqedoni. Klubi i Karates\u00eb","og_url":"https:\/\/www.visit-ulcinj.com\/blog\/2011\/09\/15\/klubi-i-karatese-ulqini-fillon-sezonin-e-dyte-te-garave-video\/","og_site_name":"Lajme nga Ulqini","article_published_time":"2011-09-15T15:25:52+00:00","og_image":[{"url":"https:\/\/www.visit-ulcinj.com\/blog\/wp-content\/uploads\/2011\/09\/KK_ULQINI_Kupa-e-Gostivarit.2011.1-150x150.jpg"}],"twitter_misc":{"Written by":"ulqini","Est. reading time":"1 minute"},"schema":{"@context":"https:\/\/schema.org","@graph":[{"@type":"WebSite","@id":"https:\/\/www.visit-ulcinj.com\/blog\/#website","url":"https:\/\/www.visit-ulcinj.com\/blog\/","name":"Lajme nga Ulqini","description":"Lajme,Vijesti,Ulqini,Ulqin,Crna Gora,Mali i Zi","potentialAction":[{"@type":"SearchAction","target":{"@type":"EntryPoint","urlTemplate":"https:\/\/www.visit-ulcinj.com\/blog\/?s={search_term_string}"},"query-input":"required name=search_term_string"}],"inLanguage":"en-US"},{"@type":"ImageObject","inLanguage":"en-US","@id":"https:\/\/www.visit-ulcinj.com\/blog\/2011\/09\/15\/klubi-i-karatese-ulqini-fillon-sezonin-e-dyte-te-garave-video\/#primaryimage","url":"https:\/\/www.visit-ulcinj.com\/blog\/wp-content\/uploads\/2011\/09\/KK_ULQINI_Kupa-e-Gostivarit.2011.jpg","contentUrl":"https:\/\/www.visit-ulcinj.com\/blog\/wp-content\/uploads\/2011\/09\/KK_ULQINI_Kupa-e-Gostivarit.2011.jpg","width":"540","height":"720"},{"@type":"WebPage","@id":"https:\/\/www.visit-ulcinj.com\/blog\/2011\/09\/15\/klubi-i-karatese-ulqini-fillon-sezonin-e-dyte-te-garave-video\/#webpage","url":"https:\/\/www.visit-ulcinj.com\/blog\/2011\/09\/15\/klubi-i-karatese-ulqini-fillon-sezonin-e-dyte-te-garave-video\/","name":"Klubi i Karates\u00eb Ulqini fillon sezonin e dyt\u00eb t\u00eb garave - Video - Lajme nga Ulqini","isPartOf":{"@id":"https:\/\/www.visit-ulcinj.com\/blog\/#website"},"primaryImageOfPage":{"@id":"https:\/\/www.visit-ulcinj.com\/blog\/2011\/09\/15\/klubi-i-karatese-ulqini-fillon-sezonin-e-dyte-te-garave-video\/#primaryimage"},"datePublished":"2011-09-15T15:25:52+00:00","dateModified":"2011-09-15T15:25:52+00:00","author":{"@id":"https:\/\/www.visit-ulcinj.com\/blog\/#\/schema\/person\/dcab619c614d3038751c63bc2aadc06d"},"description":"M\u00eb 11 shtator 2011 Klubi i Karates\u00eb \u201cUlqini\u201d mori pjes\u00eb n\u00eb Turneun nd\u00ebrkomb\u00ebtar t\u00eb karates\u00eb \u201cKupa e Gostivarit\u201d n\u00eb Gostivar, Maqedoni. Klubi i Karates\u00eb","breadcrumb":{"@id":"https:\/\/www.visit-ulcinj.com\/blog\/2011\/09\/15\/klubi-i-karatese-ulqini-fillon-sezonin-e-dyte-te-garave-video\/#breadcrumb"},"inLanguage":"en-US","potentialAction":[{"@type":"ReadAction","target":["https:\/\/www.visit-ulcinj.com\/blog\/2011\/09\/15\/klubi-i-karatese-ulqini-fillon-sezonin-e-dyte-te-garave-video\/"]}]},{"@type":"BreadcrumbList","@id":"https:\/\/www.visit-ulcinj.com\/blog\/2011\/09\/15\/klubi-i-karatese-ulqini-fillon-sezonin-e-dyte-te-garave-video\/#breadcrumb","itemListElement":[{"@type":"ListItem","position":1,"name":"Klubi i Karates\u00eb Ulqini fillon sezonin e dyt\u00eb t\u00eb garave &#8211; Video"}]},{"@type":"Person","@id":"https:\/\/www.visit-ulcinj.com\/blog\/#\/schema\/person\/dcab619c614d3038751c63bc2aadc06d","name":"ulqini","sameAs":["http:\/\/www.visit-ulcinj.com"],"url":"https:\/\/www.visit-ulcinj.com\/blog\/author\/admin\/"}]}},"jetpack_featured_media_url":"","jetpack_sharing_enabled":true,"jetpack_shortlink":"https:\/\/wp.me\/pe6lTn-dg7","_links":{"self":[{"href":"https:\/\/www.visit-ulcinj.com\/blog\/wp-json\/wp\/v2\/posts\/50971"}],"collection":[{"href":"https:\/\/www.visit-ulcinj.com\/blog\/wp-json\/wp\/v2\/posts"}],"about":[{"href":"https:\/\/www.visit-ulcinj.com\/blog\/wp-json\/wp\/v2\/types\/post"}],"author":[{"embeddable":true,"href":"https:\/\/www.visit-ulcinj.com\/blog\/wp-json\/wp\/v2\/users\/1"}],"replies":[{"embeddable":true,"href":"https:\/\/www.visit-ulcinj.com\/blog\/wp-json\/wp\/v2\/comments?post=50971"}],"version-history":[{"count":2,"href":"https:\/\/www.visit-ulcinj.com\/blog\/wp-json\/wp\/v2\/posts\/50971\/revisions"}],"predecessor-version":[{"id":50978,"href":"https:\/\/www.visit-ulcinj.com\/blog\/wp-json\/wp\/v2\/posts\/50971\/revisions\/50978"}],"wp:attachment":[{"href":"https:\/\/www.visit-ulcinj.com\/blog\/wp-json\/wp\/v2\/media?parent=50971"}],"wp:term":[{"taxonomy":"category","embeddable":true,"href":"https:\/\/www.visit-ulcinj.com\/blog\/wp-json\/wp\/v2\/categories?post=50971"},{"taxonomy":"post_tag","embeddable":true,"href":"https:\/\/www.visit-ulcinj.com\/blog\/wp-json\/wp\/v2\/tags?post=50971"}],"curies":[{"name":"wp","href":"https:\/\/api.w.org\/{rel}","templated":true}]}}