{"id":51010,"date":"2011-09-15T17:44:13","date_gmt":"2011-09-15T16:44:13","guid":{"rendered":"http:\/\/www.visit-ulcinj.com\/blog\/?p=51010"},"modified":"2011-09-17T15:24:05","modified_gmt":"2011-09-17T14:24:05","slug":"kalaja-e-ulqinit-dhe-sfidat-aktuale","status":"publish","type":"post","link":"https:\/\/www.visit-ulcinj.com\/blog\/2011\/09\/15\/kalaja-e-ulqinit-dhe-sfidat-aktuale\/","title":{"rendered":"Kalaja e Ulqinit dhe sfidat aktuale"},"content":{"rendered":"<p><strong><a href=\"http:\/\/www.visit-ulcinj.com\/blog\/wp-content\/uploads\/2011\/09\/Kalaja-e-Ulqinit.jpg\"><img loading=\"lazy\" class=\"alignleft size-full wp-image-51011\" title=\"Kalaja e Ulqinit\" src=\"http:\/\/www.visit-ulcinj.com\/blog\/wp-content\/uploads\/2011\/09\/Kalaja-e-Ulqinit.jpg\" alt=\"\" width=\"508\" height=\"380\" \/><\/a>Gur\u00ebt q\u00eb k\u00ebrkojn\u00eb respect <\/strong><br \/>\n<strong>Nga Enver Mollabeqiri &#8211; Eno<\/strong><br \/>\nN\u00ebn diellin p\u00ebrv\u00eblues t\u00eb gushtit q\u00ebndron\u00a0hijer\u00ebnd\u00eb Kalaja e Ulqinit, me bedenat\u00a0e vet mij\u00ebravje\u00e7ar\u00eb dhe me nd\u00ebrtesat\u00a0e lashta nga guri, t\u00eb cilat ende jan\u00eb\u00a0aty, duke sfiduar dh\u00ebmbin e koh\u00ebs dhe\u00a0pap\u00ebrgjegjshm\u00ebrin\u00eb dhe mosinteresimin\u00a0njer\u00ebzor. N\u00eb k\u00ebt\u00eb kala-qytet, i cili paraqet\u00a0dhe shpreh lasht\u00ebsin\u00eb dhe tradit\u00ebn m\u00eb t\u00eb\u00a0shk\u00eblqyer qytetare dhe kultur\u00ebn shekullore,\u00a0po nd\u00ebrtohet pa mend dhe pa rend,\u00a0duke shkelur principet elementare historike,\u00a0arkeologjike, kulturore, arkitektonike\u00a0dhe urbanistike. Nuk \u00ebsht\u00eb v\u00ebshtir\u00eb t\u00eb\u00a0konstatojm\u00eb q\u00eb njeriu \u00ebsht\u00eb keqb\u00ebr\u00ebsi m\u00eb\u00a0i madh dhe m\u00eb i rreziksh\u00ebm n\u00eb rruzullin\u00a0tok\u00ebsor. N\u00eb vend q\u00eb t\u00eb ruajm\u00eb dhe t\u00eb kultivojm\u00eb\u00a0traditat shekullore t\u00eb nd\u00ebrtimit t\u00eb cilat jan\u00eb t\u00eb domosdoshme dhe karakteristike\u00a0p\u00ebr k\u00ebso objektesh impresiv\u00eb, t\u00eb\u00a0lasht\u00eb dhe monumental\u00eb, ne nuk nd\u00ebrtojm\u00eb,\u00a0por me k\u00ebso nd\u00ebrtimesh shkat\u00ebrrojm\u00eb\u00a0edhe at\u00eb pak \u00e7far\u00eb ka mbetur nga\u00a0tradita e lasht\u00eb arkitektonike e Kalas\u00eb s\u00eb\u00a0Ulqinit. Me k\u00ebt\u00eb nuk shkat\u00ebrrojm\u00eb vet\u00ebm\u00a0historin\u00eb dhe tradit\u00ebn e njeriut t\u00eb sot\u00ebm,\u00a0por edhe tradit\u00ebn dhe kultur\u00ebn ilire, greke,\u00a0romake, t\u00eb Dukl\u00ebs, Arb\u00ebris\u00eb, Venedikut,\u00a0at\u00eb turke, e deri n\u00eb dit\u00ebt e sotme. T\u00eb gjitha\u00a0k\u00ebto kultura dhe civilizime t\u00eb lashta kan\u00eb\u00a0nd\u00ebrtuar dhe rind\u00ebrtuar, edhe pse dikush\u00a0mund t\u00eb thot\u00eb se, p\u00ebr shembull, kan\u00eb\u00a0nd\u00ebrtuar kish\u00eb n\u00eb vendin e kultit pagan\u00a0apo xhami n\u00eb vend t\u00eb kish\u00ebs. Por ky nuk\u00a0\u00ebsht\u00eb shkat\u00ebrrim, por nd\u00ebrtim dhe rind\u00ebrtim\u00a0i vendit t\u00eb kultit, kushtuar Per\u00ebndis\u00eb.\u00a0Kan\u00eb nd\u00ebrtuar sht\u00ebpi t\u00eb Zotit, vendin e lutjeve\u00a0dhe t\u00eb shpres\u00ebs njer\u00ebzore.\u00a0Andaj njeriu i sot\u00ebm duhet t\u00eb ndalet nj\u00eb \u00e7ast dhe t\u00eb mendoj\u00eb mir\u00eb, \u00e7far\u00eb \u00ebsht\u00eb\u00a0duke i b\u00ebr\u00eb vetes, tradit\u00ebs, kultur\u00ebs dhe\u00a0ekzistenc\u00ebs s\u00eb vet. Ne jemi fajtor\u00ebt kryesor\u00eb\u00a0p\u00ebr k\u00ebt\u00eb gjendje t\u00eb Kalas\u00eb s\u00eb Ulqinit.\u00a0Ne nuk duhet t\u00eb lejojm\u00eb t\u00eb nd\u00ebrtohet\u00a0pa vend dhe pa plan rregullues t\u00eb p\u00ebrshtatsh\u00ebm\u00a0me arkitektur\u00ebn dhe kultur\u00ebn\u00a0nd\u00ebrtimore q\u00eb e karakterizon k\u00ebt\u00eb kala t\u00eb\u00a0lasht\u00eb shekullore. K\u00ebtu duhet t\u00eb angazhohen\u00a0edhe institucionet shtet\u00ebrore m\u00eb seriozisht.\u00a0Duhet ndjer\u00eb \u201cdora\u201d e shtetit p\u00ebr\u00a0k\u00ebt\u00eb problematik\u00eb, pasi q\u00eb ajo s\u00eb bashku\u00a0me angazhimin dhe p\u00ebrkushtimin m\u00eb serioz\u00a0t\u00eb vet\u00eb banor\u00ebve t\u00eb Kalas\u00eb s\u00eb Ulqinit\u00a0dhe t\u00eb gjith\u00eb banor\u00ebve t\u00eb Ulqinit, mund t\u00eb\u00a0jap\u00eb rezultate t\u00eb k\u00ebnaqshme n\u00eb k\u00ebt\u00eb drejtim.\u00a0Pra, duhet vet\u00eb ne banor\u00ebt e Ulqinit\u00a0t\u00eb nd\u00ebrgjegj\u00ebsohemi p\u00ebr vlerat e pamohueshme\u00a0kolosale historike, kulturore\u00a0dhe arkitektonike t\u00eb Kalas\u00eb dhe t\u00eb gjith\u00eb\u00a0s\u00eb bashku, t\u00eb ndihmuar nga strukturat shtet\u00ebrore, t\u00eb krijojm\u00eb kushtet q\u00eb edhe\u00a0kjo kala e lasht\u00eb t\u00eb p\u00ebrfshihet n\u00eb programet\u00a0dhe mbrojtjen e UNESCO-s dhe\u00a0t\u00eb arrijm\u00eb t\u00eb vjelim fondet p\u00ebrkat\u00ebse p\u00ebr\u00a0ruajtjen dhe restaurimin e saj.\u00a0Po ashtu duhet b\u00ebr\u00eb pun\u00eb m\u00eb serioze q\u00eb\u00a0muzeumi n\u00eb Kala t\u00eb punoj\u00eb rregullisht, si\u00a0dhe q\u00eb t\u00eb gjitha objektet e lashta muzeale\u00a0origjinale, t\u00eb cilat i p\u00ebrkasin muzeumit\u00a0dhe Ulqinit, t\u2019i kthehen k\u00ebtij muzeumi, t\u00eb\u00a0sistemohen dhe t\u00eb vendosen n\u00eb vende\u00a0adekuate dhe t\u00eb p\u00ebrshtatshme p\u00ebr k\u00ebso\u00a0objektesh t\u00eb vjet\u00ebr mij\u00ebvje\u00e7ar\u00eb. Kjo mund\u00a0t\u00eb b\u00ebhet me p\u00ebrkushtimin dhe p\u00ebrpjekjen\u00a0e t\u00eb gjith\u00ebve. Dhe duhet b\u00ebr\u00eb sa m\u00eb par\u00eb,\u00a0pasi q\u00eb koha e shkat\u00ebrron t\u00eb pambrojturin.\u00a0K\u00ebt\u00eb duhet b\u00ebr\u00eb p\u00ebr shkak t\u00eb vetes,\u00a0t\u00eb brezave t\u00eb ardhsh\u00ebm, p\u00ebr shkak t\u00eb historis\u00eb,\u00a0kultur\u00ebs dhe t\u00eb sotmes, si dhe t\u00eb\u00a0ardhmes turistike t\u00eb Ulqinit dhe t\u00eb Malit\u00a0t\u00eb Zi.<\/p>\n<p><strong>Koha Javore<br \/>\n<!--YouTube Error: bad URL entered--><br \/>\n<\/strong><\/p>\n","protected":false},"excerpt":{"rendered":"<p>Gur\u00ebt q\u00eb k\u00ebrkojn\u00eb respect Nga Enver Mollabeqiri &#8211; Eno N\u00ebn diellin p\u00ebrv\u00eblues t\u00eb gushtit q\u00ebndron\u00a0hijer\u00ebnd\u00eb Kalaja e Ulqinit, me bedenat\u00a0e vet mij\u00ebravje\u00e7ar\u00eb dhe me nd\u00ebrtesat\u00a0e lashta nga guri, t\u00eb cilat ende jan\u00eb\u00a0aty, duke sfiduar dh\u00ebmbin e koh\u00ebs dhe\u00a0pap\u00ebrgjegjshm\u00ebrin\u00eb dhe mosinteresimin\u00a0njer\u00ebzor. N\u00eb k\u00ebt\u00eb kala-qytet, i cili paraqet\u00a0dhe shpreh lasht\u00ebsin\u00eb dhe tradit\u00ebn m\u00eb t\u00eb\u00a0shk\u00eblqyer qytetare dhe kultur\u00ebn [&hellip;]<\/p>\n","protected":false},"author":1,"featured_media":0,"comment_status":"open","ping_status":"closed","sticky":false,"template":"","format":"standard","meta":{"spay_email":"","jetpack_publicize_message":"","jetpack_is_tweetstorm":false,"jetpack_publicize_feature_enabled":true},"categories":[14249],"tags":[309,310,200,18],"jetpack_publicize_connections":[],"yoast_head":"<!-- This site is optimized with the Yoast SEO plugin v19.1 - https:\/\/yoast.com\/wordpress\/plugins\/seo\/ -->\n<title>Kalaja e Ulqinit dhe sfidat aktuale - Lajme nga Ulqini<\/title>\n<meta name=\"description\" content=\"Gur\u00ebt q\u00eb k\u00ebrkojn\u00eb respect Nga Enver Mollabeqiri - Eno N\u00ebn diellin p\u00ebrv\u00eblues t\u00eb gushtit q\u00ebndron\u00a0hijer\u00ebnd\u00eb Kalaja e Ulqinit, me bedenat\u00a0e vet mij\u00ebravje\u00e7ar\u00eb\" \/>\n<meta name=\"robots\" content=\"index, follow, max-snippet:-1, max-image-preview:large, max-video-preview:-1\" \/>\n<link rel=\"canonical\" href=\"https:\/\/www.visit-ulcinj.com\/blog\/2011\/09\/15\/kalaja-e-ulqinit-dhe-sfidat-aktuale\/\" \/>\n<meta property=\"og:locale\" content=\"en_US\" \/>\n<meta property=\"og:type\" content=\"article\" \/>\n<meta property=\"og:title\" content=\"Kalaja e Ulqinit dhe sfidat aktuale - Lajme nga Ulqini\" \/>\n<meta property=\"og:description\" content=\"Gur\u00ebt q\u00eb k\u00ebrkojn\u00eb respect Nga Enver Mollabeqiri - Eno N\u00ebn diellin p\u00ebrv\u00eblues t\u00eb gushtit q\u00ebndron\u00a0hijer\u00ebnd\u00eb Kalaja e Ulqinit, me bedenat\u00a0e vet mij\u00ebravje\u00e7ar\u00eb\" \/>\n<meta property=\"og:url\" content=\"https:\/\/www.visit-ulcinj.com\/blog\/2011\/09\/15\/kalaja-e-ulqinit-dhe-sfidat-aktuale\/\" \/>\n<meta property=\"og:site_name\" content=\"Lajme nga Ulqini\" \/>\n<meta property=\"article:published_time\" content=\"2011-09-15T16:44:13+00:00\" \/>\n<meta property=\"article:modified_time\" content=\"2011-09-17T14:24:05+00:00\" \/>\n<meta property=\"og:image\" content=\"http:\/\/www.visit-ulcinj.com\/blog\/wp-content\/uploads\/2011\/09\/Kalaja-e-Ulqinit.jpg\" \/>\n<meta name=\"twitter:label1\" content=\"Written by\" \/>\n\t<meta name=\"twitter:data1\" content=\"ulqini\" \/>\n\t<meta name=\"twitter:label2\" content=\"Est. reading time\" \/>\n\t<meta name=\"twitter:data2\" content=\"3 minutes\" \/>\n<script type=\"application\/ld+json\" class=\"yoast-schema-graph\">{\"@context\":\"https:\/\/schema.org\",\"@graph\":[{\"@type\":\"WebSite\",\"@id\":\"https:\/\/www.visit-ulcinj.com\/blog\/#website\",\"url\":\"https:\/\/www.visit-ulcinj.com\/blog\/\",\"name\":\"Lajme nga Ulqini\",\"description\":\"Lajme,Vijesti,Ulqini,Ulqin,Crna Gora,Mali i Zi\",\"potentialAction\":[{\"@type\":\"SearchAction\",\"target\":{\"@type\":\"EntryPoint\",\"urlTemplate\":\"https:\/\/www.visit-ulcinj.com\/blog\/?s={search_term_string}\"},\"query-input\":\"required name=search_term_string\"}],\"inLanguage\":\"en-US\"},{\"@type\":\"ImageObject\",\"inLanguage\":\"en-US\",\"@id\":\"https:\/\/www.visit-ulcinj.com\/blog\/2011\/09\/15\/kalaja-e-ulqinit-dhe-sfidat-aktuale\/#primaryimage\",\"url\":\"https:\/\/www.visit-ulcinj.com\/blog\/wp-content\/uploads\/2011\/09\/Kalaja-e-Ulqinit.jpg\",\"contentUrl\":\"https:\/\/www.visit-ulcinj.com\/blog\/wp-content\/uploads\/2011\/09\/Kalaja-e-Ulqinit.jpg\",\"width\":\"767\",\"height\":\"542\"},{\"@type\":\"WebPage\",\"@id\":\"https:\/\/www.visit-ulcinj.com\/blog\/2011\/09\/15\/kalaja-e-ulqinit-dhe-sfidat-aktuale\/#webpage\",\"url\":\"https:\/\/www.visit-ulcinj.com\/blog\/2011\/09\/15\/kalaja-e-ulqinit-dhe-sfidat-aktuale\/\",\"name\":\"Kalaja e Ulqinit dhe sfidat aktuale - Lajme nga Ulqini\",\"isPartOf\":{\"@id\":\"https:\/\/www.visit-ulcinj.com\/blog\/#website\"},\"primaryImageOfPage\":{\"@id\":\"https:\/\/www.visit-ulcinj.com\/blog\/2011\/09\/15\/kalaja-e-ulqinit-dhe-sfidat-aktuale\/#primaryimage\"},\"datePublished\":\"2011-09-15T16:44:13+00:00\",\"dateModified\":\"2011-09-17T14:24:05+00:00\",\"author\":{\"@id\":\"https:\/\/www.visit-ulcinj.com\/blog\/#\/schema\/person\/dcab619c614d3038751c63bc2aadc06d\"},\"description\":\"Gur\u00ebt q\u00eb k\u00ebrkojn\u00eb respect Nga Enver Mollabeqiri - Eno N\u00ebn diellin p\u00ebrv\u00eblues t\u00eb gushtit q\u00ebndron\u00a0hijer\u00ebnd\u00eb Kalaja e Ulqinit, me bedenat\u00a0e vet mij\u00ebravje\u00e7ar\u00eb\",\"breadcrumb\":{\"@id\":\"https:\/\/www.visit-ulcinj.com\/blog\/2011\/09\/15\/kalaja-e-ulqinit-dhe-sfidat-aktuale\/#breadcrumb\"},\"inLanguage\":\"en-US\",\"potentialAction\":[{\"@type\":\"ReadAction\",\"target\":[\"https:\/\/www.visit-ulcinj.com\/blog\/2011\/09\/15\/kalaja-e-ulqinit-dhe-sfidat-aktuale\/\"]}]},{\"@type\":\"BreadcrumbList\",\"@id\":\"https:\/\/www.visit-ulcinj.com\/blog\/2011\/09\/15\/kalaja-e-ulqinit-dhe-sfidat-aktuale\/#breadcrumb\",\"itemListElement\":[{\"@type\":\"ListItem\",\"position\":1,\"name\":\"Kalaja e Ulqinit dhe sfidat aktuale\"}]},{\"@type\":\"Person\",\"@id\":\"https:\/\/www.visit-ulcinj.com\/blog\/#\/schema\/person\/dcab619c614d3038751c63bc2aadc06d\",\"name\":\"ulqini\",\"sameAs\":[\"http:\/\/www.visit-ulcinj.com\"],\"url\":\"https:\/\/www.visit-ulcinj.com\/blog\/author\/admin\/\"}]}<\/script>\n<!-- \/ Yoast SEO plugin. -->","yoast_head_json":{"title":"Kalaja e Ulqinit dhe sfidat aktuale - Lajme nga Ulqini","description":"Gur\u00ebt q\u00eb k\u00ebrkojn\u00eb respect Nga Enver Mollabeqiri - Eno N\u00ebn diellin p\u00ebrv\u00eblues t\u00eb gushtit q\u00ebndron\u00a0hijer\u00ebnd\u00eb Kalaja e Ulqinit, me bedenat\u00a0e vet mij\u00ebravje\u00e7ar\u00eb","robots":{"index":"index","follow":"follow","max-snippet":"max-snippet:-1","max-image-preview":"max-image-preview:large","max-video-preview":"max-video-preview:-1"},"canonical":"https:\/\/www.visit-ulcinj.com\/blog\/2011\/09\/15\/kalaja-e-ulqinit-dhe-sfidat-aktuale\/","og_locale":"en_US","og_type":"article","og_title":"Kalaja e Ulqinit dhe sfidat aktuale - Lajme nga Ulqini","og_description":"Gur\u00ebt q\u00eb k\u00ebrkojn\u00eb respect Nga Enver Mollabeqiri - Eno N\u00ebn diellin p\u00ebrv\u00eblues t\u00eb gushtit q\u00ebndron\u00a0hijer\u00ebnd\u00eb Kalaja e Ulqinit, me bedenat\u00a0e vet mij\u00ebravje\u00e7ar\u00eb","og_url":"https:\/\/www.visit-ulcinj.com\/blog\/2011\/09\/15\/kalaja-e-ulqinit-dhe-sfidat-aktuale\/","og_site_name":"Lajme nga Ulqini","article_published_time":"2011-09-15T16:44:13+00:00","article_modified_time":"2011-09-17T14:24:05+00:00","og_image":[{"url":"http:\/\/www.visit-ulcinj.com\/blog\/wp-content\/uploads\/2011\/09\/Kalaja-e-Ulqinit.jpg"}],"twitter_misc":{"Written by":"ulqini","Est. reading time":"3 minutes"},"schema":{"@context":"https:\/\/schema.org","@graph":[{"@type":"WebSite","@id":"https:\/\/www.visit-ulcinj.com\/blog\/#website","url":"https:\/\/www.visit-ulcinj.com\/blog\/","name":"Lajme nga Ulqini","description":"Lajme,Vijesti,Ulqini,Ulqin,Crna Gora,Mali i Zi","potentialAction":[{"@type":"SearchAction","target":{"@type":"EntryPoint","urlTemplate":"https:\/\/www.visit-ulcinj.com\/blog\/?s={search_term_string}"},"query-input":"required name=search_term_string"}],"inLanguage":"en-US"},{"@type":"ImageObject","inLanguage":"en-US","@id":"https:\/\/www.visit-ulcinj.com\/blog\/2011\/09\/15\/kalaja-e-ulqinit-dhe-sfidat-aktuale\/#primaryimage","url":"https:\/\/www.visit-ulcinj.com\/blog\/wp-content\/uploads\/2011\/09\/Kalaja-e-Ulqinit.jpg","contentUrl":"https:\/\/www.visit-ulcinj.com\/blog\/wp-content\/uploads\/2011\/09\/Kalaja-e-Ulqinit.jpg","width":"767","height":"542"},{"@type":"WebPage","@id":"https:\/\/www.visit-ulcinj.com\/blog\/2011\/09\/15\/kalaja-e-ulqinit-dhe-sfidat-aktuale\/#webpage","url":"https:\/\/www.visit-ulcinj.com\/blog\/2011\/09\/15\/kalaja-e-ulqinit-dhe-sfidat-aktuale\/","name":"Kalaja e Ulqinit dhe sfidat aktuale - Lajme nga Ulqini","isPartOf":{"@id":"https:\/\/www.visit-ulcinj.com\/blog\/#website"},"primaryImageOfPage":{"@id":"https:\/\/www.visit-ulcinj.com\/blog\/2011\/09\/15\/kalaja-e-ulqinit-dhe-sfidat-aktuale\/#primaryimage"},"datePublished":"2011-09-15T16:44:13+00:00","dateModified":"2011-09-17T14:24:05+00:00","author":{"@id":"https:\/\/www.visit-ulcinj.com\/blog\/#\/schema\/person\/dcab619c614d3038751c63bc2aadc06d"},"description":"Gur\u00ebt q\u00eb k\u00ebrkojn\u00eb respect Nga Enver Mollabeqiri - Eno N\u00ebn diellin p\u00ebrv\u00eblues t\u00eb gushtit q\u00ebndron\u00a0hijer\u00ebnd\u00eb Kalaja e Ulqinit, me bedenat\u00a0e vet mij\u00ebravje\u00e7ar\u00eb","breadcrumb":{"@id":"https:\/\/www.visit-ulcinj.com\/blog\/2011\/09\/15\/kalaja-e-ulqinit-dhe-sfidat-aktuale\/#breadcrumb"},"inLanguage":"en-US","potentialAction":[{"@type":"ReadAction","target":["https:\/\/www.visit-ulcinj.com\/blog\/2011\/09\/15\/kalaja-e-ulqinit-dhe-sfidat-aktuale\/"]}]},{"@type":"BreadcrumbList","@id":"https:\/\/www.visit-ulcinj.com\/blog\/2011\/09\/15\/kalaja-e-ulqinit-dhe-sfidat-aktuale\/#breadcrumb","itemListElement":[{"@type":"ListItem","position":1,"name":"Kalaja e Ulqinit dhe sfidat aktuale"}]},{"@type":"Person","@id":"https:\/\/www.visit-ulcinj.com\/blog\/#\/schema\/person\/dcab619c614d3038751c63bc2aadc06d","name":"ulqini","sameAs":["http:\/\/www.visit-ulcinj.com"],"url":"https:\/\/www.visit-ulcinj.com\/blog\/author\/admin\/"}]}},"jetpack_featured_media_url":"","jetpack_sharing_enabled":true,"jetpack_shortlink":"https:\/\/wp.me\/pe6lTn-dgK","_links":{"self":[{"href":"https:\/\/www.visit-ulcinj.com\/blog\/wp-json\/wp\/v2\/posts\/51010"}],"collection":[{"href":"https:\/\/www.visit-ulcinj.com\/blog\/wp-json\/wp\/v2\/posts"}],"about":[{"href":"https:\/\/www.visit-ulcinj.com\/blog\/wp-json\/wp\/v2\/types\/post"}],"author":[{"embeddable":true,"href":"https:\/\/www.visit-ulcinj.com\/blog\/wp-json\/wp\/v2\/users\/1"}],"replies":[{"embeddable":true,"href":"https:\/\/www.visit-ulcinj.com\/blog\/wp-json\/wp\/v2\/comments?post=51010"}],"version-history":[{"count":3,"href":"https:\/\/www.visit-ulcinj.com\/blog\/wp-json\/wp\/v2\/posts\/51010\/revisions"}],"predecessor-version":[{"id":51055,"href":"https:\/\/www.visit-ulcinj.com\/blog\/wp-json\/wp\/v2\/posts\/51010\/revisions\/51055"}],"wp:attachment":[{"href":"https:\/\/www.visit-ulcinj.com\/blog\/wp-json\/wp\/v2\/media?parent=51010"}],"wp:term":[{"taxonomy":"category","embeddable":true,"href":"https:\/\/www.visit-ulcinj.com\/blog\/wp-json\/wp\/v2\/categories?post=51010"},{"taxonomy":"post_tag","embeddable":true,"href":"https:\/\/www.visit-ulcinj.com\/blog\/wp-json\/wp\/v2\/tags?post=51010"}],"curies":[{"name":"wp","href":"https:\/\/api.w.org\/{rel}","templated":true}]}}