{"id":51040,"date":"2011-09-16T10:05:09","date_gmt":"2011-09-16T09:05:09","guid":{"rendered":"http:\/\/www.visit-ulcinj.com\/blog\/?p=51040"},"modified":"2011-09-16T18:59:59","modified_gmt":"2011-09-16T17:59:59","slug":"bardhi-mos-ja-germoni-gropen-te-tjereve","status":"publish","type":"post","link":"https:\/\/www.visit-ulcinj.com\/blog\/2011\/09\/16\/bardhi-mos-ja-germoni-gropen-te-tjereve\/","title":{"rendered":"Bardhi: Mos ja g\u00ebrmoni grop\u00ebn  t\u00eb tjer\u00ebve"},"content":{"rendered":"<div id=\"attachment_51041\" style=\"width: 350px\" class=\"wp-caption alignleft\"><a href=\"http:\/\/www.visit-ulcinj.com\/blog\/wp-content\/uploads\/2011\/09\/MEHMET-BARDHI.jpg\"><img aria-describedby=\"caption-attachment-51041\" loading=\"lazy\" class=\"size-full wp-image-51041 \" title=\"MEHMET BARDHI\" src=\"http:\/\/www.visit-ulcinj.com\/blog\/wp-content\/uploads\/2011\/09\/MEHMET-BARDHI.jpg\" alt=\"\" width=\"340\" height=\"440\" \/><\/a><p id=\"caption-attachment-51041\" class=\"wp-caption-text\">Foto: DAN<\/p><\/div>\n<p>Kryetari dhe deputeti\u00a0 i LD n\u00eb MZ, Mehmet Bardhi\u00a0ka akuzuar pushtetin dhe opozit\u00ebn, ose si\u00e7 i quajti n\u00eb intervist\u00ebn p\u00ebr gazet\u00ebn \u201cDAN\u201d, \u201cshumic\u00ebn ortodokse sllave\u201d, se me miratimin e kodit zgjedhor i kan\u00eb penguar shqiptar\u00ebt q\u00eb ti realizojn\u00eb t\u00eb drejtat e arritura p\u00ebr 5 vende deputet\u00ebsh n\u00eb parlament.<br \/>\nSi\u00e7\u00a0 raporton\u00eb gazeta malazeze \u201cDan\u201d Bardhi \u00a0nuk d\u00ebshiroi t\u00eb p\u00ebrgjigjet drejt\u00eb p\u00ebr drejt\u00eb n\u00eb pyetjen q\u00eb\u00a0 i ka th\u00ebn\u00eb\u00a0 n\u00eb\u00a0 Kuv\u00ebnd, qeveris\u00eb dhe opozit\u00ebs &#8220;q\u00eb t\u00eb\u00a0 shikojn\u00eb n\u00eb gjeografin\u00eb e rajonit, dhe do ta shohin se von\u00eb apo her\u00ebt do t\u00eb ken\u00eb nj\u00eb p\u00ebrgjigje adekuate&#8221;, se me k\u00ebt\u00eb ka menduar n\u00eb shembullin e Kosov\u00ebs.<br \/>\nNga pyetja\u00a0 q\u00eb i b\u00ebn \u201cDan\u201d Bardhit\u00a0 shkruan : Ju duke Kritikuar\u00a0ligjin zgjedhor\u00a0keni th\u00ebn\u00eb\u00a0 &#8220;n\u00ebse shikoni n\u00eb gjeografin\u00eb e rajonit, von\u00eb apo her\u00ebt do t\u00eb keni nj\u00eb p\u00ebrgjigje adekuate&#8221;. Me\u00a0 k\u00ebto\u00a0 fjal\u00eb, t\u00eb cil\u00ebt shum\u00eb e kan\u00eb kuptuar\u00a0 si k\u00ebrc\u00ebnim,\u00a0 a kini m\u00ebnduar n\u00eb Kosov\u00eb?<br \/>\nBardhi theksoi se \u00ebsht\u00eb e nevojshme\u00a0t\u00eb kini parasysh\u00a0t\u00eb t\u00ebr\u00eb pasusin e\u00a0fjal\u00ebs sime, e cila\u00a0 \u00ebsht\u00eb si m\u00eb posht\u00eb:<br \/>\nPra,\u00a0zot\u00ebrinj,\u00a0dometh\u00ebn\u00eb ky \u00a0ishte dhe \u00ebsht\u00eb\u00a0q\u00ebllimi juaj,q\u00eb t\u00eb \u00a0na\u00a0hedhni\u00a0nga parlamenti,\u00a0dhe k\u00ebshtu\u00a0t\u00eb jet\u00eb \u00a0triumfuese\u00a0fitorja\u00a0 q\u00eb d\u00ebshirojn\u00eb zot\u00ebrinj\u00ebt\u00a0 nga radha e \u00a0DPS-it.<br \/>\n\u201c\u00cbsht\u00eb arritur\u00a0 qellimi\u00a0 yj\u00eb\u201d, un\u00eb\u00a0 v\u00ebndosm\u00ebrisht\u00a0 m\u00ebndoj\u00eb se\u00a0 gabimisht p\u00ebrfundoni dhe\u00a0\u00a0 gabimisht\u00a0 v\u00ebndosni. P\u00ebr\u00a0 ata ,se me vetdije\u00a0 dhe me plan e b\u00ebni k\u00ebt\u00eb gj\u00eb, p\u00ebrgjegj\u00ebsisht ua them, se p\u00ebrgjegj\u00ebsia\u00a0e vetme\u00a0 do jet\u00eb e juaja. Pa marr\u00eb parasysh se\u00a0ju p\u00ebrpiqeni q\u00eb me\u00a0 gj\u00ebra t\u00eb vogla t\u00eb t\u00ebrheqni privilegjet\u00a0 e\u00a0 nj\u00eb shqiptarit\u00a0\u00a0 t\u00eb ndegjuashem, shqiptar\u00ebt\u00a0 jan\u00eb pjekur politikisht dhe n\u00eb qoft\u00eb se\u00a0ju shikoni edhe\u00a0 n\u00eb\u00a0gjeografin\u00eb\u00a0e rajonit, do ta keni \u00a0t\u00eb qart\u00eb se\u00a0her\u00ebt apo von\u00eb\u00a0ju do t\u00eb keni\u00a0nj\u00eb p\u00ebrgjigje adekuate.Politikisht\u00a0 t\u00eb ju thuhet qart\u00eb, duke pasur parasysh\u00a0historin\u00eb e rajonit,t\u00eb largt\u00ebn\u00a0 dhe\u00a0 t\u00eb af\u00ebrm\u00ebn edhe m\u00eb t\u00ebj\u00eb, historia dhe\u00a0gjeografia e\u00a0\u00e7do\u00a0 njeriut inteligjent\u00eb paralajm\u00ebron\u00eb. Mos\u00a0 ja g\u00ebrmoni\u00a0 grop\u00ebn\u00a0 t\u00eb tjer\u00ebve, thot\u00eb populli dhe di\u00e7ka t\u00eb ju them\u00eb se kurr\u00eb si profesor nuk e kam pyetur nx\u00ebn\u00ebsin se\u00a0 \u00e7far\u00eb shkrimtari me k\u00ebt\u00eb gj\u00eb ka dasht\u00eb me th\u00ebn\u00eb deklaroi Bardhi.<br \/>\nN\u00eb pyetjen tjet\u00ebr se \u00e7far\u00eb\u00a0p\u00ebr shqiptar\u00eb,\u00a0n\u00eb drejtim t\u00eb\u00a0p\u00ebrfaq\u00ebsimit\u00a0autentik\u00a0n\u00eb parlament,\u00a0do t\u00eb thot\u00eb rregullat e ligjit\u00a0 zgjedhor t\u00eb miratuar\u00a0koh\u00ebt e fundit,Bardhi u p\u00ebrgjigj\u00eb se me\u00a0k\u00ebt\u00eb ligj\u00a0p\u00ebr ndryshimet\u00a0e Ligjit p\u00ebr\u00a0zgjedhjen e\u00a0K\u00ebshilltar\u00ebve\u00a0dhe Deputet\u00ebve, q\u00eb\u00a0u miratua\u00a0n\u00eb Parlamentin malazez,pa p\u00ebrfaq\u00ebsues\u00a0 t\u00eb shqip\u00ebtar\u00ebve t\u00eb cil\u00ebt n\u00eb sh\u00ebnj\u00eb mospajtimit\u00a0 dhe proteste tet\u00a0 kat\u00ebr deputet kan\u00eb braktisur parlamentin e Malit t\u00eb Zi para se t\u00eb miratohej ligji i ri zgjedhor,shumica sllavo-ortodokse, pozit\u00eb e opozit\u00eb, n\u00eb m\u00ebnyr\u00eb t\u00eb p\u00ebrbashk\u00ebt\u00a0 e kan\u00eb instaluar pabarazin\u00eb e mosrespektimi\u00a0t\u00eb t\u00eb drejtave\u00a0politike t\u00eb pakicave, duke mos respektuar as n\u00eb m\u00ebnyr\u00eb\u00a0historike, as\u00a0kulturore, as\u00a0komb\u00ebtare, t\u00eb drejtat e\u00a0 fituara t\u00eb shqiptar\u00ebve.Kjo bie n\u00eb kontrast\u00a0me gjendjen\u00a0reale n\u00eb\u00a0Mal t\u00eb Zi, kontributin e shqip\u00ebtar\u00ebve\u00a0 p\u00ebr ruajtjen e\u00a0 paq\u00ebs, kur u orjentuam n\u00eb m\u00ebnyr\u00eb t\u00eb qart\u00eb\u00a0e t\u00eb\u00a0 hapur kund\u00ebr luft\u00ebs.<br \/>\nNd\u00ebrkaq,kjo \u00ebsht\u00eb edhe\u00a0n\u00eb kund\u00ebrshtim me\u00a0Kushtetut\u00ebn\u00a0e Malit t\u00eb Zi, k\u00ebshtu vazhdon diskriminimi\u00a0q\u00eb shqip\u00ebtar\u00ebve\u00a0 t\u00eb u pamund\u00ebsohet\u00a0 t\u00eb ken\u00eb nj\u00eb num\u00ebr\u00a0proporcional\u00a0t\u00eb vendeve\u00a0n\u00eb Parlamentin Malazez, pra p\u00ebs\u00eb v\u00ebnde, aq sa tani na p\u00ebrkasin u shpreh Bardhi.<br \/>\nN\u00eb pyetjen se\u00a0 si e komenton\u00a0 k\u00ebrkes\u00ebn\u00a0e Kreut t\u00eb UDSH-s\u00eb ,Ferhat\u00a0Dinosha\u00a0, p\u00ebr t\u00eb shpallur votimin e dyt\u00eb\u00a0p\u00ebr\u00a0ligjin zgjedhor, ai u shpreh se n\u00eb\u00a0 pyetje \u00ebsht\u00eb\u00a0 nj\u00eb keqinterpretim i\u00a0gabuar\u00a0i dispozitave dhe i\u00a0 ligjit, Kushtetut\u00ebs\u00a0dhe rregullave, ose\u00a0mungesa e tij apo me q\u00ebllim, n\u00eb m\u00ebnyr\u00eb q\u00eb t\u00eb mos relatizivohen\u00a0 problemet e mosrespektimi\u00a0t\u00eb t\u00eb drejtave t\u00eb\u00a0shqiptar\u00ebve\u00a0n\u00eb Mal t\u00eb Zi.<\/p>\n<p>Duket se\u00a0e gjith\u00eb kjo \u00ebsht\u00eb\u00a0p\u00ebr t\u00eb prishur\u00a0kohezionin\u00a0monolit\u00a0t\u00eb faktor\u00ebve\u00a0politik shqiptar, p\u00ebrfaq\u00ebsuesve legjitim\u00eb t\u00eb\u00a0partive shqiptare\u00a0n\u00eb parlamentin malazez, p\u00ebr \u00e7\u00ebshtjen\u00a0e p\u00ebrfaq\u00ebsimit\u00a0politik,n\u00eb lidhje me miratimin\u00a0e\u00a0 ligjit\u00a0 zgjedhor nga ana\u00a0 shumic\u00ebs\u00a0sllavo-ortodokse, pozit\u00eb e opozit\u00eb deklaroi Bardhi.<\/p>\n<p>N\u00eb pyetjen se me cilat mjete Shqip\u00ebtar\u00ebt n\u00eb Mal t\u00eb Zi,n\u00eb t\u00eb ardhm\u00ebn do t\u00eb luftojn\u00eb p\u00ebr drejtata e tyre ai u\u00a0 p\u00ebrgjigj se me mjete\u00a0 demokratike do t\u00eb mbrojm\u00eb t\u00eb drejtat tona.Demokracija\u00a0 njeh spekter\u00a0 m\u00eb t\u00eb gj\u00ebr\u00eb t\u00eb mjeteve\u00a0 demokratike.<br \/>\nLidhja\u00a0 Demokratike e shqip\u00ebtar\u00ebve n\u00ebn Mal t\u00eb Zi, ka p\u00ebrvoj\u00eb n\u00eb k\u00ebt\u00eb por edhe k\u00ebto partit e reja politike deklaroi Bardhi.<\/p>\n<p><strong>Albert Camaj<\/strong><br \/>\n<strong> MALESIA.ORG<br \/>\n<strong>VIDEO TV IN N\u00cb\u00a0 7 MINUT<\/strong><br \/>\n[flv]http:\/\/stream.rtvin.com\/inpuls\/inpuls_08_09.flv[\/flv]<br \/>\n<\/strong><\/p>\n","protected":false},"excerpt":{"rendered":"<p>Kryetari dhe deputeti\u00a0 i LD n\u00eb MZ, Mehmet Bardhi\u00a0ka akuzuar pushtetin dhe opozit\u00ebn, ose si\u00e7 i quajti n\u00eb intervist\u00ebn p\u00ebr gazet\u00ebn \u201cDAN\u201d, \u201cshumic\u00ebn ortodokse sllave\u201d, se me miratimin e kodit zgjedhor i kan\u00eb penguar shqiptar\u00ebt q\u00eb ti realizojn\u00eb t\u00eb drejtat e arritura p\u00ebr 5 vende deputet\u00ebsh n\u00eb parlament. Si\u00e7\u00a0 raporton\u00eb gazeta malazeze \u201cDan\u201d Bardhi \u00a0nuk [&hellip;]<\/p>\n","protected":false},"author":1,"featured_media":0,"comment_status":"open","ping_status":"closed","sticky":false,"template":"","format":"standard","meta":{"spay_email":"","jetpack_publicize_message":"","jetpack_is_tweetstorm":false,"jetpack_publicize_feature_enabled":true},"categories":[1,12],"tags":[347],"jetpack_publicize_connections":[],"yoast_head":"<!-- This site is optimized with the Yoast SEO plugin v19.1 - https:\/\/yoast.com\/wordpress\/plugins\/seo\/ -->\n<title>Bardhi: Mos ja g\u00ebrmoni grop\u00ebn t\u00eb tjer\u00ebve - Lajme nga Ulqini<\/title>\n<meta name=\"description\" content=\"Kryetari dhe deputeti\u00a0 i LD n\u00eb MZ, Mehmet Bardhi\u00a0ka akuzuar pushtetin dhe opozit\u00ebn, ose si\u00e7 i quajti n\u00eb intervist\u00ebn p\u00ebr gazet\u00ebn \u201cDAN\u201d, \u201cshumic\u00ebn ortodokse\" \/>\n<meta name=\"robots\" content=\"index, follow, max-snippet:-1, max-image-preview:large, max-video-preview:-1\" \/>\n<link rel=\"canonical\" href=\"https:\/\/www.visit-ulcinj.com\/blog\/2011\/09\/16\/bardhi-mos-ja-germoni-gropen-te-tjereve\/\" \/>\n<meta property=\"og:locale\" content=\"en_US\" \/>\n<meta property=\"og:type\" content=\"article\" \/>\n<meta property=\"og:title\" content=\"Bardhi: Mos ja g\u00ebrmoni grop\u00ebn t\u00eb tjer\u00ebve - Lajme nga Ulqini\" \/>\n<meta property=\"og:description\" content=\"Kryetari dhe deputeti\u00a0 i LD n\u00eb MZ, Mehmet Bardhi\u00a0ka akuzuar pushtetin dhe opozit\u00ebn, ose si\u00e7 i quajti n\u00eb intervist\u00ebn p\u00ebr gazet\u00ebn \u201cDAN\u201d, \u201cshumic\u00ebn ortodokse\" \/>\n<meta property=\"og:url\" content=\"https:\/\/www.visit-ulcinj.com\/blog\/2011\/09\/16\/bardhi-mos-ja-germoni-gropen-te-tjereve\/\" \/>\n<meta property=\"og:site_name\" content=\"Lajme nga Ulqini\" \/>\n<meta property=\"article:published_time\" content=\"2011-09-16T09:05:09+00:00\" \/>\n<meta property=\"article:modified_time\" content=\"2011-09-16T17:59:59+00:00\" \/>\n<meta property=\"og:image\" content=\"http:\/\/www.visit-ulcinj.com\/blog\/wp-content\/uploads\/2011\/09\/MEHMET-BARDHI.jpg\" \/>\n<meta name=\"twitter:label1\" content=\"Written by\" \/>\n\t<meta name=\"twitter:data1\" content=\"ulqini\" \/>\n\t<meta name=\"twitter:label2\" content=\"Est. reading time\" \/>\n\t<meta name=\"twitter:data2\" content=\"4 minutes\" \/>\n<script type=\"application\/ld+json\" class=\"yoast-schema-graph\">{\"@context\":\"https:\/\/schema.org\",\"@graph\":[{\"@type\":\"WebSite\",\"@id\":\"https:\/\/www.visit-ulcinj.com\/blog\/#website\",\"url\":\"https:\/\/www.visit-ulcinj.com\/blog\/\",\"name\":\"Lajme nga Ulqini\",\"description\":\"Lajme,Vijesti,Ulqini,Ulqin,Crna Gora,Mali i Zi\",\"potentialAction\":[{\"@type\":\"SearchAction\",\"target\":{\"@type\":\"EntryPoint\",\"urlTemplate\":\"https:\/\/www.visit-ulcinj.com\/blog\/?s={search_term_string}\"},\"query-input\":\"required name=search_term_string\"}],\"inLanguage\":\"en-US\"},{\"@type\":\"ImageObject\",\"inLanguage\":\"en-US\",\"@id\":\"https:\/\/www.visit-ulcinj.com\/blog\/2011\/09\/16\/bardhi-mos-ja-germoni-gropen-te-tjereve\/#primaryimage\",\"url\":\"https:\/\/www.visit-ulcinj.com\/blog\/wp-content\/uploads\/2011\/09\/MEHMET-BARDHI.jpg\",\"contentUrl\":\"https:\/\/www.visit-ulcinj.com\/blog\/wp-content\/uploads\/2011\/09\/MEHMET-BARDHI.jpg\",\"width\":\"407\",\"height\":\"637\",\"caption\":\"Foto: DAN\"},{\"@type\":\"WebPage\",\"@id\":\"https:\/\/www.visit-ulcinj.com\/blog\/2011\/09\/16\/bardhi-mos-ja-germoni-gropen-te-tjereve\/#webpage\",\"url\":\"https:\/\/www.visit-ulcinj.com\/blog\/2011\/09\/16\/bardhi-mos-ja-germoni-gropen-te-tjereve\/\",\"name\":\"Bardhi: Mos ja g\u00ebrmoni grop\u00ebn t\u00eb tjer\u00ebve - Lajme nga Ulqini\",\"isPartOf\":{\"@id\":\"https:\/\/www.visit-ulcinj.com\/blog\/#website\"},\"primaryImageOfPage\":{\"@id\":\"https:\/\/www.visit-ulcinj.com\/blog\/2011\/09\/16\/bardhi-mos-ja-germoni-gropen-te-tjereve\/#primaryimage\"},\"datePublished\":\"2011-09-16T09:05:09+00:00\",\"dateModified\":\"2011-09-16T17:59:59+00:00\",\"author\":{\"@id\":\"https:\/\/www.visit-ulcinj.com\/blog\/#\/schema\/person\/dcab619c614d3038751c63bc2aadc06d\"},\"description\":\"Kryetari dhe deputeti\u00a0 i LD n\u00eb MZ, Mehmet Bardhi\u00a0ka akuzuar pushtetin dhe opozit\u00ebn, ose si\u00e7 i quajti n\u00eb intervist\u00ebn p\u00ebr gazet\u00ebn \u201cDAN\u201d, \u201cshumic\u00ebn ortodokse\",\"breadcrumb\":{\"@id\":\"https:\/\/www.visit-ulcinj.com\/blog\/2011\/09\/16\/bardhi-mos-ja-germoni-gropen-te-tjereve\/#breadcrumb\"},\"inLanguage\":\"en-US\",\"potentialAction\":[{\"@type\":\"ReadAction\",\"target\":[\"https:\/\/www.visit-ulcinj.com\/blog\/2011\/09\/16\/bardhi-mos-ja-germoni-gropen-te-tjereve\/\"]}]},{\"@type\":\"BreadcrumbList\",\"@id\":\"https:\/\/www.visit-ulcinj.com\/blog\/2011\/09\/16\/bardhi-mos-ja-germoni-gropen-te-tjereve\/#breadcrumb\",\"itemListElement\":[{\"@type\":\"ListItem\",\"position\":1,\"name\":\"Bardhi: Mos ja g\u00ebrmoni grop\u00ebn t\u00eb tjer\u00ebve\"}]},{\"@type\":\"Person\",\"@id\":\"https:\/\/www.visit-ulcinj.com\/blog\/#\/schema\/person\/dcab619c614d3038751c63bc2aadc06d\",\"name\":\"ulqini\",\"sameAs\":[\"http:\/\/www.visit-ulcinj.com\"],\"url\":\"https:\/\/www.visit-ulcinj.com\/blog\/author\/admin\/\"}]}<\/script>\n<!-- \/ Yoast SEO plugin. -->","yoast_head_json":{"title":"Bardhi: Mos ja g\u00ebrmoni grop\u00ebn t\u00eb tjer\u00ebve - Lajme nga Ulqini","description":"Kryetari dhe deputeti\u00a0 i LD n\u00eb MZ, Mehmet Bardhi\u00a0ka akuzuar pushtetin dhe opozit\u00ebn, ose si\u00e7 i quajti n\u00eb intervist\u00ebn p\u00ebr gazet\u00ebn \u201cDAN\u201d, \u201cshumic\u00ebn ortodokse","robots":{"index":"index","follow":"follow","max-snippet":"max-snippet:-1","max-image-preview":"max-image-preview:large","max-video-preview":"max-video-preview:-1"},"canonical":"https:\/\/www.visit-ulcinj.com\/blog\/2011\/09\/16\/bardhi-mos-ja-germoni-gropen-te-tjereve\/","og_locale":"en_US","og_type":"article","og_title":"Bardhi: Mos ja g\u00ebrmoni grop\u00ebn t\u00eb tjer\u00ebve - Lajme nga Ulqini","og_description":"Kryetari dhe deputeti\u00a0 i LD n\u00eb MZ, Mehmet Bardhi\u00a0ka akuzuar pushtetin dhe opozit\u00ebn, ose si\u00e7 i quajti n\u00eb intervist\u00ebn p\u00ebr gazet\u00ebn \u201cDAN\u201d, \u201cshumic\u00ebn ortodokse","og_url":"https:\/\/www.visit-ulcinj.com\/blog\/2011\/09\/16\/bardhi-mos-ja-germoni-gropen-te-tjereve\/","og_site_name":"Lajme nga Ulqini","article_published_time":"2011-09-16T09:05:09+00:00","article_modified_time":"2011-09-16T17:59:59+00:00","og_image":[{"url":"http:\/\/www.visit-ulcinj.com\/blog\/wp-content\/uploads\/2011\/09\/MEHMET-BARDHI.jpg"}],"twitter_misc":{"Written by":"ulqini","Est. reading time":"4 minutes"},"schema":{"@context":"https:\/\/schema.org","@graph":[{"@type":"WebSite","@id":"https:\/\/www.visit-ulcinj.com\/blog\/#website","url":"https:\/\/www.visit-ulcinj.com\/blog\/","name":"Lajme nga Ulqini","description":"Lajme,Vijesti,Ulqini,Ulqin,Crna Gora,Mali i Zi","potentialAction":[{"@type":"SearchAction","target":{"@type":"EntryPoint","urlTemplate":"https:\/\/www.visit-ulcinj.com\/blog\/?s={search_term_string}"},"query-input":"required name=search_term_string"}],"inLanguage":"en-US"},{"@type":"ImageObject","inLanguage":"en-US","@id":"https:\/\/www.visit-ulcinj.com\/blog\/2011\/09\/16\/bardhi-mos-ja-germoni-gropen-te-tjereve\/#primaryimage","url":"https:\/\/www.visit-ulcinj.com\/blog\/wp-content\/uploads\/2011\/09\/MEHMET-BARDHI.jpg","contentUrl":"https:\/\/www.visit-ulcinj.com\/blog\/wp-content\/uploads\/2011\/09\/MEHMET-BARDHI.jpg","width":"407","height":"637","caption":"Foto: DAN"},{"@type":"WebPage","@id":"https:\/\/www.visit-ulcinj.com\/blog\/2011\/09\/16\/bardhi-mos-ja-germoni-gropen-te-tjereve\/#webpage","url":"https:\/\/www.visit-ulcinj.com\/blog\/2011\/09\/16\/bardhi-mos-ja-germoni-gropen-te-tjereve\/","name":"Bardhi: Mos ja g\u00ebrmoni grop\u00ebn t\u00eb tjer\u00ebve - Lajme nga Ulqini","isPartOf":{"@id":"https:\/\/www.visit-ulcinj.com\/blog\/#website"},"primaryImageOfPage":{"@id":"https:\/\/www.visit-ulcinj.com\/blog\/2011\/09\/16\/bardhi-mos-ja-germoni-gropen-te-tjereve\/#primaryimage"},"datePublished":"2011-09-16T09:05:09+00:00","dateModified":"2011-09-16T17:59:59+00:00","author":{"@id":"https:\/\/www.visit-ulcinj.com\/blog\/#\/schema\/person\/dcab619c614d3038751c63bc2aadc06d"},"description":"Kryetari dhe deputeti\u00a0 i LD n\u00eb MZ, Mehmet Bardhi\u00a0ka akuzuar pushtetin dhe opozit\u00ebn, ose si\u00e7 i quajti n\u00eb intervist\u00ebn p\u00ebr gazet\u00ebn \u201cDAN\u201d, \u201cshumic\u00ebn ortodokse","breadcrumb":{"@id":"https:\/\/www.visit-ulcinj.com\/blog\/2011\/09\/16\/bardhi-mos-ja-germoni-gropen-te-tjereve\/#breadcrumb"},"inLanguage":"en-US","potentialAction":[{"@type":"ReadAction","target":["https:\/\/www.visit-ulcinj.com\/blog\/2011\/09\/16\/bardhi-mos-ja-germoni-gropen-te-tjereve\/"]}]},{"@type":"BreadcrumbList","@id":"https:\/\/www.visit-ulcinj.com\/blog\/2011\/09\/16\/bardhi-mos-ja-germoni-gropen-te-tjereve\/#breadcrumb","itemListElement":[{"@type":"ListItem","position":1,"name":"Bardhi: Mos ja g\u00ebrmoni grop\u00ebn t\u00eb tjer\u00ebve"}]},{"@type":"Person","@id":"https:\/\/www.visit-ulcinj.com\/blog\/#\/schema\/person\/dcab619c614d3038751c63bc2aadc06d","name":"ulqini","sameAs":["http:\/\/www.visit-ulcinj.com"],"url":"https:\/\/www.visit-ulcinj.com\/blog\/author\/admin\/"}]}},"jetpack_featured_media_url":"","jetpack_sharing_enabled":true,"jetpack_shortlink":"https:\/\/wp.me\/pe6lTn-dhe","_links":{"self":[{"href":"https:\/\/www.visit-ulcinj.com\/blog\/wp-json\/wp\/v2\/posts\/51040"}],"collection":[{"href":"https:\/\/www.visit-ulcinj.com\/blog\/wp-json\/wp\/v2\/posts"}],"about":[{"href":"https:\/\/www.visit-ulcinj.com\/blog\/wp-json\/wp\/v2\/types\/post"}],"author":[{"embeddable":true,"href":"https:\/\/www.visit-ulcinj.com\/blog\/wp-json\/wp\/v2\/users\/1"}],"replies":[{"embeddable":true,"href":"https:\/\/www.visit-ulcinj.com\/blog\/wp-json\/wp\/v2\/comments?post=51040"}],"version-history":[{"count":3,"href":"https:\/\/www.visit-ulcinj.com\/blog\/wp-json\/wp\/v2\/posts\/51040\/revisions"}],"predecessor-version":[{"id":51053,"href":"https:\/\/www.visit-ulcinj.com\/blog\/wp-json\/wp\/v2\/posts\/51040\/revisions\/51053"}],"wp:attachment":[{"href":"https:\/\/www.visit-ulcinj.com\/blog\/wp-json\/wp\/v2\/media?parent=51040"}],"wp:term":[{"taxonomy":"category","embeddable":true,"href":"https:\/\/www.visit-ulcinj.com\/blog\/wp-json\/wp\/v2\/categories?post=51040"},{"taxonomy":"post_tag","embeddable":true,"href":"https:\/\/www.visit-ulcinj.com\/blog\/wp-json\/wp\/v2\/tags?post=51040"}],"curies":[{"name":"wp","href":"https:\/\/api.w.org\/{rel}","templated":true}]}}