{"id":51046,"date":"2011-09-17T18:02:27","date_gmt":"2011-09-17T17:02:27","guid":{"rendered":"http:\/\/www.visit-ulcinj.com\/blog\/?p=51046"},"modified":"2011-09-20T15:31:05","modified_gmt":"2011-09-20T14:31:05","slug":"ulqini-mbledh-folkloristet-shqiptare-video","status":"publish","type":"post","link":"https:\/\/www.visit-ulcinj.com\/blog\/2011\/09\/17\/ulqini-mbledh-folkloristet-shqiptare-video\/","title":{"rendered":"Ulqini mbledh folklorist\u00ebt shqiptar\u00eb &#8211; Video"},"content":{"rendered":"<p><a href=\"http:\/\/www.visit-ulcinj.com\/blog\/wp-content\/uploads\/2011\/09\/SHKA_-ZANA-_ULQIN.jpg\"><img loading=\"lazy\" class=\"alignleft size-full wp-image-51068\" title=\"SHKA_ ZANA _ULQIN\" src=\"http:\/\/www.visit-ulcinj.com\/blog\/wp-content\/uploads\/2011\/09\/SHKA_-ZANA-_ULQIN.jpg\" alt=\"\" width=\"508\" height=\"380\" \/><\/a>K\u00ebshilli Nacional i Shqiptar\u00ebve n\u00eb Malin e Zi \/KNSHMZ\/ \u00ebsht\u00eb duke kontribuar n\u00eb mas\u00eb t\u00eb dukshme n\u00eb zhvillimin dhe afirmimin e kultur\u00ebs shqiptare n\u00eb k\u00ebt\u00eb vend. K\u00ebt\u00eb ver\u00eb, nd\u00ebr t\u00eb tjera, n\u00eb bashk\u00ebpunim me shoq\u00ebrin\u00eb civile, ka realizuar me sukses manifestimin tradicional letrar \u201cDita e poezis\u00eb shqipe n\u00eb Shas\u201d, nd\u00ebrsa nga data 17 deri m\u00eb 19 t\u00eb k\u00ebtij muaji, organizon simpoziumin nd\u00ebrkomb\u00ebtar,\u201dLet\u00ebrsia gojore dhe identiteti komb\u00ebtar shqiptar\u201d.<\/p>\n<p>Kryetari i KNSHMZ, Tahir Tahiri dit\u00ebn e enjte tha p\u00ebr Kosovalive se p\u00ebr her\u00eb t\u00eb par\u00eb n\u00eb Mal t\u00eb Zi, n\u00eb nivelin komb\u00ebtar, trajtohet let\u00ebrsia jon\u00eb gojore, e cila, pa dyshim ajo paraqet nj\u00eb shtyll\u00eb shum\u00eb t\u00eb r\u00ebnd\u00ebsishme t\u00eb identitetit ton\u00eb komb\u00ebtar shqiptar.<\/p>\n<p>Sipas Programit, n\u00eb k\u00ebt\u00eb tubim shkencor do t\u00eb paraqiten studiues nga mbar\u00eb hap\u00ebsira shqiptare n\u00eb Ballkan.<\/p>\n<p>K\u00ebshtu, autori i projekti, Mr. Ismail Doda do t\u00eb paraqes\u00eb tem\u00ebn \u201cLet\u00ebrsia gojore (k\u00ebng\u00ebt popullore) dhe identiteti komb\u00ebtar shqiptar\u201d, Prof. Dr. Ruzhdi Ushaku,\u201dAspekte t\u00eb identitetit shqiptar te disa motive t\u00eb romanit \u201c Florimont\u201d ngashek. XII\u201d.<\/p>\n<p>Klara Kodra,\u201dRuajtja e identitetit komb\u00ebtar p\u00ebrmes baladave epike-lirike arb\u00ebreshe\u201d, Zeqirja Neziri,\u201dBalada e motivit t\u00eb martes\u00ebs me grabitje dhe mashtrim te arb\u00ebnesh\u00ebt e Zar\u00ebs dhe n\u00eb Shestan\u201c, Adem Jakllari, \u201cEposi shqiptar si struktur\u00eb qendrore e kultur\u00ebs shqiptare t\u00eb Mesjet\u00ebs\u201c, Zymer Neziri \u201eK\u00ebng\u00eb t\u00eb kreshnik\u00ebve nga krahina e Plav\u00ebs dhe Gucis\u00eb n\u00eb Koleksionin e profesorit amerikan Albert Lord n\u00eb Universitetin e<\/p>\n<p>Harvardit\u201c, akademik Kolec Topalli, \u201cLasht\u00ebsia e eposit t\u00eb kreshnik\u00ebve n\u00ebp\u00ebrmjet arkaizmave gramatikore\u201c, Rudina Llazari, \u201dBesa p\u00ebr shqiptar\u00ebt: Kult, mit, monument i shenjt\u00eb, identitet me rr\u00ebnj\u00eb n\u00eb krijimtarin\u00eb folklorike\u201c, Albin Sadiku, \u201dRoli i etnomuzikologjis\u00eb n\u00eb ruajtjen e identitetit komb\u00ebtar\u201d etj.<\/p>\n<p>Projekti \u00ebsht\u00eb p\u00ebrkrahur financiarisht nga Fondi i pakicave t\u00eb Malit t\u00eb Zi.<\/p>\n<p>\n\t\t<style type=\"text\/css\">\n\t\t\t#gallery-1 {\n\t\t\t\tmargin: auto;\n\t\t\t}\n\t\t\t#gallery-1 .gallery-item {\n\t\t\t\tfloat: left;\n\t\t\t\tmargin-top: 10px;\n\t\t\t\ttext-align: center;\n\t\t\t\twidth: 33%;\n\t\t\t}\n\t\t\t#gallery-1 img {\n\t\t\t\tborder: 2px solid #cfcfcf;\n\t\t\t}\n\t\t\t#gallery-1 .gallery-caption {\n\t\t\t\tmargin-left: 0;\n\t\t\t}\n\t\t\t\/* see gallery_shortcode() in wp-includes\/media.php *\/\n\t\t<\/style>\n\t\t<div id='gallery-1' class='gallery galleryid-51046 gallery-columns-3 gallery-size-thumbnail'><dl class='gallery-item'>\n\t\t\t<dt class='gallery-icon landscape'>\n\t\t\t\t<a href='https:\/\/www.visit-ulcinj.com\/blog\/wp-content\/uploads\/2011\/09\/SHKA-ULQINI.2.jpg'><img width=\"150\" height=\"150\" src=\"https:\/\/www.visit-ulcinj.com\/blog\/wp-content\/uploads\/2011\/09\/SHKA-ULQINI.2-150x150.jpg\" class=\"attachment-thumbnail size-thumbnail\" alt=\"\" loading=\"lazy\" \/><\/a>\n\t\t\t<\/dt><\/dl><dl class='gallery-item'>\n\t\t\t<dt class='gallery-icon landscape'>\n\t\t\t\t<a href='https:\/\/www.visit-ulcinj.com\/blog\/wp-content\/uploads\/2011\/09\/SHKA-ULQINI.jpg'><img width=\"150\" height=\"150\" src=\"https:\/\/www.visit-ulcinj.com\/blog\/wp-content\/uploads\/2011\/09\/SHKA-ULQINI-150x150.jpg\" class=\"attachment-thumbnail size-thumbnail\" alt=\"\" loading=\"lazy\" \/><\/a>\n\t\t\t<\/dt><\/dl><dl class='gallery-item'>\n\t\t\t<dt class='gallery-icon landscape'>\n\t\t\t\t<a href='https:\/\/www.visit-ulcinj.com\/blog\/wp-content\/uploads\/2011\/09\/SHKA_-ZANA-_ULQIN.1.jpg'><img width=\"150\" height=\"150\" src=\"https:\/\/www.visit-ulcinj.com\/blog\/wp-content\/uploads\/2011\/09\/SHKA_-ZANA-_ULQIN.1-150x150.jpg\" class=\"attachment-thumbnail size-thumbnail\" alt=\"\" loading=\"lazy\" \/><\/a>\n\t\t\t<\/dt><\/dl><br style=\"clear: both\" \/><dl class='gallery-item'>\n\t\t\t<dt class='gallery-icon portrait'>\n\t\t\t\t<a href='https:\/\/www.visit-ulcinj.com\/blog\/wp-content\/uploads\/2011\/09\/SHKA_-ZANA-_ULQIN.2.jpg'><img width=\"150\" height=\"150\" src=\"https:\/\/www.visit-ulcinj.com\/blog\/wp-content\/uploads\/2011\/09\/SHKA_-ZANA-_ULQIN.2-150x150.jpg\" class=\"attachment-thumbnail size-thumbnail\" alt=\"\" loading=\"lazy\" \/><\/a>\n\t\t\t<\/dt><\/dl><dl class='gallery-item'>\n\t\t\t<dt class='gallery-icon landscape'>\n\t\t\t\t<a href='https:\/\/www.visit-ulcinj.com\/blog\/wp-content\/uploads\/2011\/09\/SHKA_-ZANA-_ULQIN.3.jpg'><img width=\"150\" height=\"150\" src=\"https:\/\/www.visit-ulcinj.com\/blog\/wp-content\/uploads\/2011\/09\/SHKA_-ZANA-_ULQIN.3-150x150.jpg\" class=\"attachment-thumbnail size-thumbnail\" alt=\"\" loading=\"lazy\" \/><\/a>\n\t\t\t<\/dt><\/dl><dl class='gallery-item'>\n\t\t\t<dt class='gallery-icon landscape'>\n\t\t\t\t<a href='https:\/\/www.visit-ulcinj.com\/blog\/wp-content\/uploads\/2011\/09\/SHKA_-ZANA-_ULQIN.4.jpg'><img width=\"150\" height=\"150\" src=\"https:\/\/www.visit-ulcinj.com\/blog\/wp-content\/uploads\/2011\/09\/SHKA_-ZANA-_ULQIN.4-150x150.jpg\" class=\"attachment-thumbnail size-thumbnail\" alt=\"\" loading=\"lazy\" \/><\/a>\n\t\t\t<\/dt><\/dl><br style=\"clear: both\" \/><dl class='gallery-item'>\n\t\t\t<dt class='gallery-icon landscape'>\n\t\t\t\t<a href='https:\/\/www.visit-ulcinj.com\/blog\/wp-content\/uploads\/2011\/09\/SHKA_-ZANA-_ULQIN.6.jpg'><img width=\"150\" height=\"150\" src=\"https:\/\/www.visit-ulcinj.com\/blog\/wp-content\/uploads\/2011\/09\/SHKA_-ZANA-_ULQIN.6-150x150.jpg\" class=\"attachment-thumbnail size-thumbnail\" alt=\"\" loading=\"lazy\" \/><\/a>\n\t\t\t<\/dt><\/dl><dl class='gallery-item'>\n\t\t\t<dt class='gallery-icon landscape'>\n\t\t\t\t<a href='https:\/\/www.visit-ulcinj.com\/blog\/wp-content\/uploads\/2011\/09\/SHKA_-ZANA-_ULQIN.jpg'><img width=\"150\" height=\"150\" src=\"https:\/\/www.visit-ulcinj.com\/blog\/wp-content\/uploads\/2011\/09\/SHKA_-ZANA-_ULQIN-150x150.jpg\" class=\"attachment-thumbnail size-thumbnail\" alt=\"\" loading=\"lazy\" \/><\/a>\n\t\t\t<\/dt><\/dl><dl class='gallery-item'>\n\t\t\t<dt class='gallery-icon landscape'>\n\t\t\t\t<a href='https:\/\/www.visit-ulcinj.com\/blog\/wp-content\/uploads\/2011\/09\/ANSAMBLI-KOMBETAR-SHOTA-NE-ULQIN.2.jpg'><img width=\"150\" height=\"150\" src=\"https:\/\/www.visit-ulcinj.com\/blog\/wp-content\/uploads\/2011\/09\/ANSAMBLI-KOMBETAR-SHOTA-NE-ULQIN.2-150x150.jpg\" class=\"attachment-thumbnail size-thumbnail\" alt=\"\" loading=\"lazy\" \/><\/a>\n\t\t\t<\/dt><\/dl><br style=\"clear: both\" \/><dl class='gallery-item'>\n\t\t\t<dt class='gallery-icon landscape'>\n\t\t\t\t<a href='https:\/\/www.visit-ulcinj.com\/blog\/wp-content\/uploads\/2011\/09\/ANSAMBLI-KOMBETAR-SHOTA-NE-ULQIN.jpg'><img width=\"150\" height=\"150\" src=\"https:\/\/www.visit-ulcinj.com\/blog\/wp-content\/uploads\/2011\/09\/ANSAMBLI-KOMBETAR-SHOTA-NE-ULQIN-150x150.jpg\" class=\"attachment-thumbnail size-thumbnail\" alt=\"\" loading=\"lazy\" \/><\/a>\n\t\t\t<\/dt><\/dl><dl class='gallery-item'>\n\t\t\t<dt class='gallery-icon landscape'>\n\t\t\t\t<a href='https:\/\/www.visit-ulcinj.com\/blog\/wp-content\/uploads\/2011\/09\/ANSAMBLI-KOMBETAR-SHOTA-NE-ULQIN.3.jpg'><img width=\"150\" height=\"150\" src=\"https:\/\/www.visit-ulcinj.com\/blog\/wp-content\/uploads\/2011\/09\/ANSAMBLI-KOMBETAR-SHOTA-NE-ULQIN.3-150x150.jpg\" class=\"attachment-thumbnail size-thumbnail\" alt=\"\" loading=\"lazy\" \/><\/a>\n\t\t\t<\/dt><\/dl><dl class='gallery-item'>\n\t\t\t<dt class='gallery-icon landscape'>\n\t\t\t\t<a href='https:\/\/www.visit-ulcinj.com\/blog\/wp-content\/uploads\/2011\/09\/Folklori-i-ulqinit.jpg'><img width=\"150\" height=\"150\" src=\"https:\/\/www.visit-ulcinj.com\/blog\/wp-content\/uploads\/2011\/09\/Folklori-i-ulqinit-150x150.jpg\" class=\"attachment-thumbnail size-thumbnail\" alt=\"\" loading=\"lazy\" \/><\/a>\n\t\t\t<\/dt><\/dl><br style=\"clear: both\" \/>\n\t\t<\/div>\n<br \/>\n<!--YouTube Error: bad URL entered--><\/p>\n","protected":false},"excerpt":{"rendered":"<p>K\u00ebshilli Nacional i Shqiptar\u00ebve n\u00eb Malin e Zi \/KNSHMZ\/ \u00ebsht\u00eb duke kontribuar n\u00eb mas\u00eb t\u00eb dukshme n\u00eb zhvillimin dhe afirmimin e kultur\u00ebs shqiptare n\u00eb k\u00ebt\u00eb vend. K\u00ebt\u00eb ver\u00eb, nd\u00ebr t\u00eb tjera, n\u00eb bashk\u00ebpunim me shoq\u00ebrin\u00eb civile, ka realizuar me sukses manifestimin tradicional letrar \u201cDita e poezis\u00eb shqipe n\u00eb Shas\u201d, nd\u00ebrsa nga data 17 deri m\u00eb [&hellip;]<\/p>\n","protected":false},"author":1,"featured_media":0,"comment_status":"open","ping_status":"closed","sticky":false,"template":"","format":"standard","meta":{"spay_email":"","jetpack_publicize_message":"","jetpack_is_tweetstorm":false,"jetpack_publicize_feature_enabled":true},"categories":[4,1,6950],"tags":[1032,95,200,18],"jetpack_publicize_connections":[],"yoast_head":"<!-- This site is optimized with the Yoast SEO plugin v19.1 - https:\/\/yoast.com\/wordpress\/plugins\/seo\/ -->\n<title>Ulqini mbledh folklorist\u00ebt shqiptar\u00eb - Video - Lajme nga Ulqini<\/title>\n<meta name=\"description\" content=\"K\u00ebshilli Nacional i Shqiptar\u00ebve n\u00eb Malin e Zi \/KNSHMZ\/ \u00ebsht\u00eb duke kontribuar n\u00eb mas\u00eb t\u00eb dukshme n\u00eb zhvillimin dhe afirmimin e kultur\u00ebs shqiptare n\u00eb k\u00ebt\u00eb\" \/>\n<meta name=\"robots\" content=\"index, follow, max-snippet:-1, max-image-preview:large, max-video-preview:-1\" \/>\n<link rel=\"canonical\" href=\"https:\/\/www.visit-ulcinj.com\/blog\/2011\/09\/17\/ulqini-mbledh-folkloristet-shqiptare-video\/\" \/>\n<meta property=\"og:locale\" content=\"en_US\" \/>\n<meta property=\"og:type\" content=\"article\" \/>\n<meta property=\"og:title\" content=\"Ulqini mbledh folklorist\u00ebt shqiptar\u00eb - Video - Lajme nga Ulqini\" \/>\n<meta property=\"og:description\" content=\"K\u00ebshilli Nacional i Shqiptar\u00ebve n\u00eb Malin e Zi \/KNSHMZ\/ \u00ebsht\u00eb duke kontribuar n\u00eb mas\u00eb t\u00eb dukshme n\u00eb zhvillimin dhe afirmimin e kultur\u00ebs shqiptare n\u00eb k\u00ebt\u00eb\" \/>\n<meta property=\"og:url\" content=\"https:\/\/www.visit-ulcinj.com\/blog\/2011\/09\/17\/ulqini-mbledh-folkloristet-shqiptare-video\/\" \/>\n<meta property=\"og:site_name\" content=\"Lajme nga Ulqini\" \/>\n<meta property=\"article:published_time\" content=\"2011-09-17T17:02:27+00:00\" \/>\n<meta property=\"article:modified_time\" content=\"2011-09-20T14:31:05+00:00\" \/>\n<meta property=\"og:image\" content=\"https:\/\/www.visit-ulcinj.com\/blog\/wp-content\/uploads\/2011\/09\/SHKA-ULQINI.2-150x150.jpg\" \/>\n<meta name=\"twitter:label1\" content=\"Written by\" \/>\n\t<meta name=\"twitter:data1\" content=\"ulqini\" \/>\n\t<meta name=\"twitter:label2\" content=\"Est. reading time\" \/>\n\t<meta name=\"twitter:data2\" content=\"2 minutes\" \/>\n<script type=\"application\/ld+json\" class=\"yoast-schema-graph\">{\"@context\":\"https:\/\/schema.org\",\"@graph\":[{\"@type\":\"WebSite\",\"@id\":\"https:\/\/www.visit-ulcinj.com\/blog\/#website\",\"url\":\"https:\/\/www.visit-ulcinj.com\/blog\/\",\"name\":\"Lajme nga Ulqini\",\"description\":\"Lajme,Vijesti,Ulqini,Ulqin,Crna Gora,Mali i Zi\",\"potentialAction\":[{\"@type\":\"SearchAction\",\"target\":{\"@type\":\"EntryPoint\",\"urlTemplate\":\"https:\/\/www.visit-ulcinj.com\/blog\/?s={search_term_string}\"},\"query-input\":\"required name=search_term_string\"}],\"inLanguage\":\"en-US\"},{\"@type\":\"ImageObject\",\"inLanguage\":\"en-US\",\"@id\":\"https:\/\/www.visit-ulcinj.com\/blog\/2011\/09\/17\/ulqini-mbledh-folkloristet-shqiptare-video\/#primaryimage\",\"url\":\"https:\/\/www.visit-ulcinj.com\/blog\/wp-content\/uploads\/2011\/09\/SHKA_-ZANA-_ULQIN.jpg\",\"contentUrl\":\"https:\/\/www.visit-ulcinj.com\/blog\/wp-content\/uploads\/2011\/09\/SHKA_-ZANA-_ULQIN.jpg\",\"width\":\"719\",\"height\":\"461\"},{\"@type\":\"WebPage\",\"@id\":\"https:\/\/www.visit-ulcinj.com\/blog\/2011\/09\/17\/ulqini-mbledh-folkloristet-shqiptare-video\/#webpage\",\"url\":\"https:\/\/www.visit-ulcinj.com\/blog\/2011\/09\/17\/ulqini-mbledh-folkloristet-shqiptare-video\/\",\"name\":\"Ulqini mbledh folklorist\u00ebt shqiptar\u00eb - Video - Lajme nga Ulqini\",\"isPartOf\":{\"@id\":\"https:\/\/www.visit-ulcinj.com\/blog\/#website\"},\"primaryImageOfPage\":{\"@id\":\"https:\/\/www.visit-ulcinj.com\/blog\/2011\/09\/17\/ulqini-mbledh-folkloristet-shqiptare-video\/#primaryimage\"},\"datePublished\":\"2011-09-17T17:02:27+00:00\",\"dateModified\":\"2011-09-20T14:31:05+00:00\",\"author\":{\"@id\":\"https:\/\/www.visit-ulcinj.com\/blog\/#\/schema\/person\/dcab619c614d3038751c63bc2aadc06d\"},\"description\":\"K\u00ebshilli Nacional i Shqiptar\u00ebve n\u00eb Malin e Zi \/KNSHMZ\/ \u00ebsht\u00eb duke kontribuar n\u00eb mas\u00eb t\u00eb dukshme n\u00eb zhvillimin dhe afirmimin e kultur\u00ebs shqiptare n\u00eb k\u00ebt\u00eb\",\"breadcrumb\":{\"@id\":\"https:\/\/www.visit-ulcinj.com\/blog\/2011\/09\/17\/ulqini-mbledh-folkloristet-shqiptare-video\/#breadcrumb\"},\"inLanguage\":\"en-US\",\"potentialAction\":[{\"@type\":\"ReadAction\",\"target\":[\"https:\/\/www.visit-ulcinj.com\/blog\/2011\/09\/17\/ulqini-mbledh-folkloristet-shqiptare-video\/\"]}]},{\"@type\":\"BreadcrumbList\",\"@id\":\"https:\/\/www.visit-ulcinj.com\/blog\/2011\/09\/17\/ulqini-mbledh-folkloristet-shqiptare-video\/#breadcrumb\",\"itemListElement\":[{\"@type\":\"ListItem\",\"position\":1,\"name\":\"Ulqini mbledh folklorist\u00ebt shqiptar\u00eb &#8211; Video\"}]},{\"@type\":\"Person\",\"@id\":\"https:\/\/www.visit-ulcinj.com\/blog\/#\/schema\/person\/dcab619c614d3038751c63bc2aadc06d\",\"name\":\"ulqini\",\"sameAs\":[\"http:\/\/www.visit-ulcinj.com\"],\"url\":\"https:\/\/www.visit-ulcinj.com\/blog\/author\/admin\/\"}]}<\/script>\n<!-- \/ Yoast SEO plugin. -->","yoast_head_json":{"title":"Ulqini mbledh folklorist\u00ebt shqiptar\u00eb - Video - Lajme nga Ulqini","description":"K\u00ebshilli Nacional i Shqiptar\u00ebve n\u00eb Malin e Zi \/KNSHMZ\/ \u00ebsht\u00eb duke kontribuar n\u00eb mas\u00eb t\u00eb dukshme n\u00eb zhvillimin dhe afirmimin e kultur\u00ebs shqiptare n\u00eb k\u00ebt\u00eb","robots":{"index":"index","follow":"follow","max-snippet":"max-snippet:-1","max-image-preview":"max-image-preview:large","max-video-preview":"max-video-preview:-1"},"canonical":"https:\/\/www.visit-ulcinj.com\/blog\/2011\/09\/17\/ulqini-mbledh-folkloristet-shqiptare-video\/","og_locale":"en_US","og_type":"article","og_title":"Ulqini mbledh folklorist\u00ebt shqiptar\u00eb - Video - Lajme nga Ulqini","og_description":"K\u00ebshilli Nacional i Shqiptar\u00ebve n\u00eb Malin e Zi \/KNSHMZ\/ \u00ebsht\u00eb duke kontribuar n\u00eb mas\u00eb t\u00eb dukshme n\u00eb zhvillimin dhe afirmimin e kultur\u00ebs shqiptare n\u00eb k\u00ebt\u00eb","og_url":"https:\/\/www.visit-ulcinj.com\/blog\/2011\/09\/17\/ulqini-mbledh-folkloristet-shqiptare-video\/","og_site_name":"Lajme nga Ulqini","article_published_time":"2011-09-17T17:02:27+00:00","article_modified_time":"2011-09-20T14:31:05+00:00","og_image":[{"url":"https:\/\/www.visit-ulcinj.com\/blog\/wp-content\/uploads\/2011\/09\/SHKA-ULQINI.2-150x150.jpg"}],"twitter_misc":{"Written by":"ulqini","Est. reading time":"2 minutes"},"schema":{"@context":"https:\/\/schema.org","@graph":[{"@type":"WebSite","@id":"https:\/\/www.visit-ulcinj.com\/blog\/#website","url":"https:\/\/www.visit-ulcinj.com\/blog\/","name":"Lajme nga Ulqini","description":"Lajme,Vijesti,Ulqini,Ulqin,Crna Gora,Mali i Zi","potentialAction":[{"@type":"SearchAction","target":{"@type":"EntryPoint","urlTemplate":"https:\/\/www.visit-ulcinj.com\/blog\/?s={search_term_string}"},"query-input":"required name=search_term_string"}],"inLanguage":"en-US"},{"@type":"ImageObject","inLanguage":"en-US","@id":"https:\/\/www.visit-ulcinj.com\/blog\/2011\/09\/17\/ulqini-mbledh-folkloristet-shqiptare-video\/#primaryimage","url":"https:\/\/www.visit-ulcinj.com\/blog\/wp-content\/uploads\/2011\/09\/SHKA_-ZANA-_ULQIN.jpg","contentUrl":"https:\/\/www.visit-ulcinj.com\/blog\/wp-content\/uploads\/2011\/09\/SHKA_-ZANA-_ULQIN.jpg","width":"719","height":"461"},{"@type":"WebPage","@id":"https:\/\/www.visit-ulcinj.com\/blog\/2011\/09\/17\/ulqini-mbledh-folkloristet-shqiptare-video\/#webpage","url":"https:\/\/www.visit-ulcinj.com\/blog\/2011\/09\/17\/ulqini-mbledh-folkloristet-shqiptare-video\/","name":"Ulqini mbledh folklorist\u00ebt shqiptar\u00eb - Video - Lajme nga Ulqini","isPartOf":{"@id":"https:\/\/www.visit-ulcinj.com\/blog\/#website"},"primaryImageOfPage":{"@id":"https:\/\/www.visit-ulcinj.com\/blog\/2011\/09\/17\/ulqini-mbledh-folkloristet-shqiptare-video\/#primaryimage"},"datePublished":"2011-09-17T17:02:27+00:00","dateModified":"2011-09-20T14:31:05+00:00","author":{"@id":"https:\/\/www.visit-ulcinj.com\/blog\/#\/schema\/person\/dcab619c614d3038751c63bc2aadc06d"},"description":"K\u00ebshilli Nacional i Shqiptar\u00ebve n\u00eb Malin e Zi \/KNSHMZ\/ \u00ebsht\u00eb duke kontribuar n\u00eb mas\u00eb t\u00eb dukshme n\u00eb zhvillimin dhe afirmimin e kultur\u00ebs shqiptare n\u00eb k\u00ebt\u00eb","breadcrumb":{"@id":"https:\/\/www.visit-ulcinj.com\/blog\/2011\/09\/17\/ulqini-mbledh-folkloristet-shqiptare-video\/#breadcrumb"},"inLanguage":"en-US","potentialAction":[{"@type":"ReadAction","target":["https:\/\/www.visit-ulcinj.com\/blog\/2011\/09\/17\/ulqini-mbledh-folkloristet-shqiptare-video\/"]}]},{"@type":"BreadcrumbList","@id":"https:\/\/www.visit-ulcinj.com\/blog\/2011\/09\/17\/ulqini-mbledh-folkloristet-shqiptare-video\/#breadcrumb","itemListElement":[{"@type":"ListItem","position":1,"name":"Ulqini mbledh folklorist\u00ebt shqiptar\u00eb &#8211; Video"}]},{"@type":"Person","@id":"https:\/\/www.visit-ulcinj.com\/blog\/#\/schema\/person\/dcab619c614d3038751c63bc2aadc06d","name":"ulqini","sameAs":["http:\/\/www.visit-ulcinj.com"],"url":"https:\/\/www.visit-ulcinj.com\/blog\/author\/admin\/"}]}},"jetpack_featured_media_url":"","jetpack_sharing_enabled":true,"jetpack_shortlink":"https:\/\/wp.me\/pe6lTn-dhk","_links":{"self":[{"href":"https:\/\/www.visit-ulcinj.com\/blog\/wp-json\/wp\/v2\/posts\/51046"}],"collection":[{"href":"https:\/\/www.visit-ulcinj.com\/blog\/wp-json\/wp\/v2\/posts"}],"about":[{"href":"https:\/\/www.visit-ulcinj.com\/blog\/wp-json\/wp\/v2\/types\/post"}],"author":[{"embeddable":true,"href":"https:\/\/www.visit-ulcinj.com\/blog\/wp-json\/wp\/v2\/users\/1"}],"replies":[{"embeddable":true,"href":"https:\/\/www.visit-ulcinj.com\/blog\/wp-json\/wp\/v2\/comments?post=51046"}],"version-history":[{"count":6,"href":"https:\/\/www.visit-ulcinj.com\/blog\/wp-json\/wp\/v2\/posts\/51046\/revisions"}],"predecessor-version":[{"id":51134,"href":"https:\/\/www.visit-ulcinj.com\/blog\/wp-json\/wp\/v2\/posts\/51046\/revisions\/51134"}],"wp:attachment":[{"href":"https:\/\/www.visit-ulcinj.com\/blog\/wp-json\/wp\/v2\/media?parent=51046"}],"wp:term":[{"taxonomy":"category","embeddable":true,"href":"https:\/\/www.visit-ulcinj.com\/blog\/wp-json\/wp\/v2\/categories?post=51046"},{"taxonomy":"post_tag","embeddable":true,"href":"https:\/\/www.visit-ulcinj.com\/blog\/wp-json\/wp\/v2\/tags?post=51046"}],"curies":[{"name":"wp","href":"https:\/\/api.w.org\/{rel}","templated":true}]}}