{"id":51048,"date":"2011-09-16T18:59:22","date_gmt":"2011-09-16T17:59:22","guid":{"rendered":"http:\/\/www.visit-ulcinj.com\/blog\/?p=51048"},"modified":"2011-09-17T18:48:07","modified_gmt":"2011-09-17T17:48:07","slug":"lidhja-demokratike-ne-mz-shenoi-21-vjetorin-video","status":"publish","type":"post","link":"https:\/\/www.visit-ulcinj.com\/blog\/2011\/09\/16\/lidhja-demokratike-ne-mz-shenoi-21-vjetorin-video\/","title":{"rendered":"Lidhja Demokratike n\u00eb MZ, sh\u00ebnoi 21 vjetorin &#8211; Video"},"content":{"rendered":"<p><strong><a href=\"http:\/\/www.visit-ulcinj.com\/blog\/wp-content\/uploads\/2011\/09\/Lidhja-Demokratike-n%C3%AB-MZ-sh%C3%ABnoi-21-vjetorin.jpg\"><img loading=\"lazy\" class=\"alignleft size-full wp-image-51051\" title=\"Lidhja Demokratike n\u00eb MZ, sh\u00ebnoi 21 vjetorin\" src=\"http:\/\/www.visit-ulcinj.com\/blog\/wp-content\/uploads\/2011\/09\/Lidhja-Demokratike-n%C3%AB-MZ-sh%C3%ABnoi-21-vjetorin.jpg\" alt=\"\" width=\"508\" height=\"380\" \/><\/a>Mbledhja solemne u mbajt n\u00eb Ulqin, n\u00eb restorantin \u201cKALLABA\u201d. N\u00eb k\u00ebt\u00eb tubim ishin t\u00eb pranish\u00ebm udh\u00ebheq\u00ebsit m\u00eb t\u00eb lart\u00eb t\u00eb k\u00ebsaj partie, udh\u00ebheq\u00ebsit e deg\u00ebve t\u00eb saj, k\u00ebshilltar\u00eb dhe simpatizues t\u00eb shumt\u00eb partiak.<\/strong><strong><\/p>\n<p><\/strong>Kryetari i LD n\u00eb MZ Mehmet Bardhi, duke i p\u00ebrsh\u00ebndetur t\u00eb pranishmit, foli lidhur me veprimtarin\u00eb e deritashme t\u00eb subjektit t\u00eb par\u00eb nacional t\u00eb shqiptar\u00ebve n\u00eb Mal t\u00eb Zi, q\u00eb u formua m\u00eb 09. 09.1990, n\u00eb Tuz, ku kryetar i Kuvendit themelues ishte zot\u00ebri Lek\u00eb Lulgjuraj. LDn\u00ebMZ gjat\u00eb gjith\u00eb k\u00ebsaj koh\u00eb, u mbeti besnike orientimeve dhe postulateve programore t\u00eb saj, t\u00eb miratuara me dokumentet programore duke shtuar se kjo parti nuk i ka ndryshuar parimet programore dhe orientuese, ka qen\u00eb dhe mbetet \u201ckujdestare e t\u00eb drejtave t\u00eb shqiptar\u00ebve n\u00eb Mal t\u00eb Zi. LDn\u00ebMZ trasoj\u00eb rrug\u00ebn e shum\u00eb-partiaksis\u00eb shqiptare n\u00eb\u00a0 MZ, kurse si motr\u00ebs\u00a0 e Lidhjes Demokratike\u00a0 t\u00eb Kosov\u00ebs, themelueses e\u00a0 shumpartiaksis\u00eb shqiptare n\u00eb ish Jugosllavi.Besoj. Q\u00eb at\u00ebher\u00eb ne vendos\u00ebm q\u00eb t\u00eb organizohemi dhe t\u00eb flasim n\u00eb m\u00ebnyr\u00eb t\u00eb organizuar si subjekt politik n\u00eb em\u00ebr\u00a0 t\u00eb shqiptar\u00ebve n\u00eb MZ, dhe\u00a0 t\u2019i artikulojm\u00eb, t\u2019i mbrojm\u00eb e t\u2019i p\u00ebrfaq\u00ebsojm\u00eb interesat e shqiptar\u00ebve q\u00eb sot jemi n\u00eb Malin e Zi. Vitet shkuan, historia e ka b\u00ebr\u00eb t\u00eb vet\u00ebn dhe p\u00ebrs\u00ebri pas 21 vitesh jemi k\u00ebtu s\u00eb bashku, n\u00eb k\u00ebt\u00eb rrug\u00eb 21 vje\u00e7are kemi pa edhe ndarje dhe ndarje, t\u00eb cilat\u00a0 ndoshta n\u00eb fillim kemi th\u00ebn\u00eb se mund t\u00eb jen\u00eb t\u00eb zakonshme n\u00eb m\u00ebnyr\u00eb q\u00eb sa m\u00eb tep\u00ebr\u00a0 q\u00eb shtoheshin vitet e shum\u00ebpartiak\u00ebsis\u00eb, aq m\u00eb tep\u00ebr\u00a0 kjo \u00e7\u00ebshtje b\u00ebhej\u00a0 madje alarmuese p\u00ebr baz\u00ebn zgjedhore t\u00eb shqiptar\u00ebve\u00a0 n\u00eb MZ, dhe besoj se kemi mb\u00ebrri n\u00eb nj\u00eb skaj ku besoj se duhet t\u00eb jemi shum\u00eb t\u00eb vendosur q\u00eb ta shohim pozit\u00ebn ton\u00eb e cila\u00a0 nuk \u00ebsht\u00eb aspak e lakmueshme, shtoi Bardhi.<br \/>\n<a href=\"http:\/\/www.visit-ulcinj.com\/blog\/wp-content\/uploads\/2011\/09\/Lidhja-Demokratike-n%C3%AB-MZ-sh%C3%ABnoi-21-vjetorin.2.jpg\"><img loading=\"lazy\" class=\"alignleft size-full wp-image-51050\" title=\"Lidhja Demokratike n\u00eb MZ, sh\u00ebnoi 21 vjetorin.2\" src=\"http:\/\/www.visit-ulcinj.com\/blog\/wp-content\/uploads\/2011\/09\/Lidhja-Demokratike-n%C3%AB-MZ-sh%C3%ABnoi-21-vjetorin.2.jpg\" alt=\"\" width=\"508\" height=\"330\" \/><\/a><br \/>\nShembulli m\u00eb tipik\u00a0 p\u00ebr shkeljet q\u00eb vazhdojn\u00eb t\u00eb na b\u00ebhen ne shqiptar\u00ebve n\u00eb Mal t\u00eb Zi \u00ebsht\u00eb shembulli i djesh\u00ebm. Megjith\u00ebse ne vendosem q\u00eb duke marr\u00eb pjes\u00eb n\u00eb sistemin politik, duke mare pjes\u00eb n\u00eb institucionet\u00a0 politike dhe shtet\u00ebrore t\u00eb MZ, t\u00eb realizojm\u00eb t\u00eb drejtat tona dhe kur menduam se kemi avancuar n\u00eb k\u00ebt\u00eb drejtim, dje besoj\u00eb se ran\u00eb maskat dhe doli fytyra e v\u00ebrtet e shumic\u00ebs sllavo-pravosllave, pozit\u00eb dhe opozit\u00eb n\u00eb q\u00ebndrimet e tyre antishqiptare. Duke mos respektuar realitetin e MZ, ku n\u00eb MZ, nuk kemi nj\u00eb shumic\u00eb qoft\u00eb nacionale\u00a0 qoft\u00eb gjuh\u00ebsore, duke mos respektuar kontributin q\u00eb dhan\u00eb shqiptar\u00ebt n\u00eb fillim t\u00eb viteve\u00a0 90-t\u00eb, kur orientuam fort qart\u00eb n\u00eb drejtimin anti-luft\u00eb, kund\u00ebr organizator\u00ebve t\u00eb luft\u00ebs okupuese\u00a0 t\u00eb Beogradit, kur ne i tham\u00eb se nuk pranojm\u00eb, nuk duam dhe nuk do t\u2019i l\u00ebm\u00eb t\u00eb rinjt\u00eb ton\u00eb t\u2019i \u00e7ojn\u00eb n\u00eb luft\u00eb n\u00eb Dubrovnik, n\u00eb luft\u00eb n\u00eb Konavle, besoj se ja zbardhem fytyr\u00ebn jo vet\u00ebm shqiptar\u00ebve por edhe vet\u00a0 Malit t\u00eb Zi, kur\u00a0 dham\u00eb kontributin ton\u00eb n\u00eb stabilitetin q\u00eb t\u00eb ruhet\u00a0 qet\u00ebsia n\u00eb MZ, kur ne ishim t\u00eb qart\u00eb, dhe\u00a0 i d\u00ebnuam t\u00eb gjitha aksionet: ushtarake, luftarake, paramilitare, militare t\u00eb forcave t\u00eb asaj kohe Serbi-Mali i Zi, dhe tham\u00eb qart\u00eb q\u00eb ne nuk do t\u00eb jemi me k\u00ebto forca, kur dham\u00eb kontributin ton\u00eb vendimtar\u00eb edhe n\u00eb referendumin p\u00ebr pavar\u00ebsin\u00eb e MZ, n\u00eb nj\u00eb far diktati-k\u00ebrkese edhe\u00a0 t\u00eb Shqip\u00ebris\u00eb edhe t\u00eb Kosov\u00ebs, duke qen\u00eb sipas situat\u00ebs q\u00eb t\u00eb jemi pragmatist\u00eb, me gjith\u00eb se Lidhja\u00a0 Demokratike n\u00eb p\u00ebrb\u00ebrje shum\u00eb t\u00eb qart\u00eb edhe t\u00eb delegacionit kur ishim n\u00eb Shqip\u00ebri, dhe kur ne i tham\u00eb q\u00eb k\u00ebrkojm\u00eb q\u00eb Shqip\u00ebria\u00a0 am\u00eb t\u00eb jet\u00eb garant q\u00eb Mali i Zi do t\u00eb respektoj\u00eb t\u00eb drejtat tona, kur ishim\u00a0 n\u00eb delegacion zyrtar\u00eb dhe kur mor\u00ebm nj\u00eb p\u00ebrgjigje q\u00eb nuk jan\u00eb n\u00eb gjendje\u00a0 t\u00eb na thon\u00eb dhe t\u00eb na mb\u00ebshtesim q\u00eb ne n\u00eb nj\u00eb far dore jo t\u2019i kusht\u00ebzojm\u00eb, por t\u2019i themi se cilat jan\u00eb k\u00ebrkesat\u00a0 t\u00eb cilat duhet ti p\u00ebrmbushin n\u00eb MZ t\u00eb pavarur, pra edhe k\u00ebt\u00eb kontributin ton\u00eb fort qart\u00eb e shkel\u00ebn dhe nuk e mor\u00ebn parasysh as pushteti e as ata q\u00eb jan\u00eb n\u00eb opozit\u00eb, t\u00eb cil\u00ebn\u00a0 un\u00eb e kam p\u00ebrcaktuar\u00a0 fare qart\u00eb si shumic\u00eb sllavo-pravosllave opozit\u00eb-pozit\u00eb, kund\u00ebr interesave t\u00eb shqiptar\u00ebve. Prandaj kemi menduar q\u00eb do t\u00eb shkojm\u00eb n\u00eb drejtim t\u00eb asaj q\u00eb me k\u00ebt\u00eb do t\u00eb njoftojm\u00eb diplomacin\u00eb q\u00eb \u00ebsht\u00eb n\u00eb MZ, para s\u00eb gjithash ata t\u00eb cil\u00ebt na kan\u00eb mb\u00ebshtet gjith\u00eb her\u00eb, duke u nis prej shteti\u00a0 am\u00eb Shqip\u00ebris\u00eb, Kosov\u00ebs dhe sidomos\u00a0 SH.B.A, Gjermanin\u00eb dhe shtetet tjera t\u00eb Evrop\u00ebs, deri n\u00eb at\u00eb q\u00eb t\u00eb dokumentojm\u00eb k\u00ebt\u00eb diskriminim\u00a0 dhe k\u00ebt\u00eb heqje t\u00eb drejtave t\u00eb arritura deri n\u00eb mjetet tjera q\u00eb demokracia i njeh, para s\u00eb gjithash duhet t\u00eb organizojm\u00eb protest\u00eb dhe t\u00eb definojn\u00eb ata\u00a0 ardhm\u00ebrin\u00eb ton\u00eb n\u00eb k\u00ebt\u00eb drejtim.\u00a0 Po Bardhi p\u00ebrmendi amendamentin e deputet\u00ebve shqiptar t\u00eb cilin e p\u00ebrkrah\u00ebn vet\u00ebm 3 deputet e partis\u00eb Boshnjake. Qart\u00eb duhet t\u00eb themi se dy shqiptar\u00ebt q\u00eb ishin n\u00eb partin\u00eb n\u00eb pushtet p\u00ebrkrah\u00ebn diskriminimin ton\u00eb dhe p\u00ebrkrah\u00ebn politik\u00ebn diskriminuese serbo-sllave apo malazeze-sllave .<\/p>\n<p>Si\u00e7 u shpreh p\u00ebr portalin ton\u00eb\u00a0 Kryetari i deg\u00ebs s\u00eb\u00a0 Mal\u00ebsis\u00eb Nikoll\u00eb Camaj,Lidhja Demokratike n\u00eb Mal t\u00eb Zi po sh\u00ebnon edhe nj\u00eb p\u00ebrvjetor si parti parlamentare, gjithnj\u00eb n\u00eb mbrojtje t\u00eb interesave t\u00eb pjestar\u00ebve t\u00eb popullat\u00ebs shqiptare n\u00eb Mal t\u00eb Zi. Andaj, n\u00eb 21-vjetorin e themelimit t\u00eb vet, si parti politike nacionale shqiptare n\u00eb t\u00eb gjitha trojet shqiptare n\u00eb Mal t\u00eb Zi, p\u00ebrfitojm\u00eb nga rasti t\u00eb p\u00ebrsh\u00ebndesim dhe t\u00eb fal\u00ebnderojm\u00eb t\u00eb gjith\u00eb votuesit e k\u00ebsaj partie gjat\u00eb gjith\u00eb k\u00ebtyre viteve, themeluesit dhe veprimtar\u00ebt partiak\u00eb, t\u00eb cil\u00ebt me p\u00ebrkushtim t\u00eb thell\u00eb u mbet\u00ebn besnik\u00eb orientimeve programore t\u00eb LD n\u00eb MZ.<br \/>\n<a href=\"http:\/\/www.visit-ulcinj.com\/blog\/wp-content\/uploads\/2011\/09\/Lidhja-Demokratike-n%C3%AB-MZ-sh%C3%ABnoi-21-vjetorin.1.jpg\"><img loading=\"lazy\" class=\"alignleft size-full wp-image-51049\" title=\"Lidhja Demokratike n\u00eb MZ, sh\u00ebnoi 21 vjetorin.1\" src=\"http:\/\/www.visit-ulcinj.com\/blog\/wp-content\/uploads\/2011\/09\/Lidhja-Demokratike-n%C3%AB-MZ-sh%C3%ABnoi-21-vjetorin.1.jpg\" alt=\"\" width=\"508\" height=\"330\" \/><\/a><br \/>\nN\u00eb k\u00ebt\u00eb p\u00ebrvjetor, kur p\u00ebrkujtojm\u00eb nj\u00eb moment t\u00eb r\u00ebnd\u00ebsish\u00ebm n\u00eb vetorganizimin politik t\u00eb shqiptar\u00ebve n\u00eb Mal t\u00eb Zi, duam t\u00eb jemi m\u00eb modest\u00eb, p\u00ebr sa i p\u00ebrket festimit, pasi q\u00eb kemi edhe shum\u00eb pun\u00eb p\u00ebr t\u00eb realizuar n\u00eb kuad\u00ebr t\u00eb programit ton\u00eb partiak, n\u00eb radh\u00eb t\u00eb par\u00eb n\u00eb realizimin e projektit p\u00ebr Komun\u00eb t\u00eb plot t\u00eb Mal\u00ebsis\u00eb, por duam t\u00eb p\u00ebrkujtojm\u00eb se LD n\u00eb MZ, edhe n\u00eb t\u00eb ardhmen do t\u00eb vazhdoj\u00eb angazhimin maksimal n\u00eb ruajtjen dhe afirmimin e interesave dhe vlerave tona nacionale, qofshin ato politike, kulturore, civilizuese apo shpirt\u00ebrore, duke i ftuar t\u00eb gjitha partit\u00eb e tjera nacionale shqiptare q\u00eb, n\u00eb k\u00ebt\u00eb drejtim, t\u00eb na bashk\u00ebngjiten.<br \/>\nShpresojm\u00eb se 22 vjetorin e themelimit t\u00eb subjektit t\u00eb par\u00eb nacional-shqiptar n\u00eb Mal t\u00eb Zi, do ta festojm\u00eb t\u00eb gjith\u00eb s\u00eb bashku, n\u00eb komun\u00ebn e plot\u00eb.<br \/>\nN\u00eb t\u00eb nj\u00ebjt\u00ebn koh\u00eb, edhe n\u00eb k\u00ebt\u00eb p\u00ebrvjetor, edhe nj\u00eb her\u00eb, duam q\u00eb t\u00eb p\u00ebrs\u00ebrisim indinjat\u00ebn ton\u00eb t\u00eb thell\u00eb lidhur me aksionin fam\u00ebkeq policor, t\u00eb realizuar m\u00eb 09. shtator 2006, me \u00e7\u2019rast, n\u00eb em\u00ebr t\u00eb shteti t\u00eb Malit t\u00eb Zi, u torturuan familjet mal\u00ebsore, u p\u00ebrdhos flasmuri yn\u00eb, u fyen ndjenjat tona nacionale dhe u arrestuan 18 mal\u00ebsor\u00eb, q\u00eb pjesa m\u00eb e madhe e tyre, pastaj u d\u00ebnuan n\u00eb nj\u00eb proces t\u00eb montuar politik t\u00eb realizuar n\u00eb p\u00ebrvjetorin e 16. t\u00eb Lidhjes demokratike.<\/p>\n<p><a href=\"http:\/\/malesia.org\/ngjarjet\/2011\/shtator\/festimi_i_21vjetorit_te_LDneMZ\/index2.html\" target=\"_blank\"><strong>Albert Camaj<\/strong><br \/>\n<strong>MALESIA.ORG<\/strong><\/a><\/p>\n<p align=\"center\"><strong><a href=\"http:\/\/malesia.org\/ngjarjet\/2011\/shtator\/festimi_i_21vjetorit_te_LDneMZ\/index.html\" target=\"_blank\">P\u00cbR MA TEPER\u00a0 FOTOGRAFI <strong>MALESIA.ORG&#8230;..KLIKO<\/strong><\/a><\/strong><\/p>\n<p align=\"center\">\n<p style=\"text-align: left;\" align=\"center\"><strong> <!--YouTube Error: bad URL entered--><\/strong><\/p>\n","protected":false},"excerpt":{"rendered":"<p>Mbledhja solemne u mbajt n\u00eb Ulqin, n\u00eb restorantin \u201cKALLABA\u201d. N\u00eb k\u00ebt\u00eb tubim ishin t\u00eb pranish\u00ebm udh\u00ebheq\u00ebsit m\u00eb t\u00eb lart\u00eb t\u00eb k\u00ebsaj partie, udh\u00ebheq\u00ebsit e deg\u00ebve t\u00eb saj, k\u00ebshilltar\u00eb dhe simpatizues t\u00eb shumt\u00eb partiak. Kryetari i LD n\u00eb MZ Mehmet Bardhi, duke i p\u00ebrsh\u00ebndetur t\u00eb pranishmit, foli lidhur me veprimtarin\u00eb e deritashme t\u00eb subjektit t\u00eb par\u00eb [&hellip;]<\/p>\n","protected":false},"author":1,"featured_media":0,"comment_status":"open","ping_status":"closed","sticky":false,"template":"","format":"standard","meta":{"spay_email":"","jetpack_publicize_message":"","jetpack_is_tweetstorm":false,"jetpack_publicize_feature_enabled":true},"categories":[1,13],"tags":[128,19099,347,1940,200,18],"jetpack_publicize_connections":[],"yoast_head":"<!-- This site is optimized with the Yoast SEO plugin v19.1 - https:\/\/yoast.com\/wordpress\/plugins\/seo\/ -->\n<title>Lidhja Demokratike n\u00eb MZ, sh\u00ebnoi 21 vjetorin - Video - Lajme nga Ulqini<\/title>\n<meta name=\"description\" content=\"Mbledhja solemne u mbajt n\u00eb Ulqin, n\u00eb restorantin \u201cKALLABA\u201d. N\u00eb k\u00ebt\u00eb tubim ishin t\u00eb pranish\u00ebm udh\u00ebheq\u00ebsit m\u00eb t\u00eb lart\u00eb t\u00eb k\u00ebsaj partie, udh\u00ebheq\u00ebsit e\" \/>\n<meta name=\"robots\" content=\"index, follow, max-snippet:-1, max-image-preview:large, max-video-preview:-1\" \/>\n<link rel=\"canonical\" href=\"https:\/\/www.visit-ulcinj.com\/blog\/2011\/09\/16\/lidhja-demokratike-ne-mz-shenoi-21-vjetorin-video\/\" \/>\n<meta property=\"og:locale\" content=\"en_US\" \/>\n<meta property=\"og:type\" content=\"article\" \/>\n<meta property=\"og:title\" content=\"Lidhja Demokratike n\u00eb MZ, sh\u00ebnoi 21 vjetorin - Video - Lajme nga Ulqini\" \/>\n<meta property=\"og:description\" content=\"Mbledhja solemne u mbajt n\u00eb Ulqin, n\u00eb restorantin \u201cKALLABA\u201d. N\u00eb k\u00ebt\u00eb tubim ishin t\u00eb pranish\u00ebm udh\u00ebheq\u00ebsit m\u00eb t\u00eb lart\u00eb t\u00eb k\u00ebsaj partie, udh\u00ebheq\u00ebsit e\" \/>\n<meta property=\"og:url\" content=\"https:\/\/www.visit-ulcinj.com\/blog\/2011\/09\/16\/lidhja-demokratike-ne-mz-shenoi-21-vjetorin-video\/\" \/>\n<meta property=\"og:site_name\" content=\"Lajme nga Ulqini\" \/>\n<meta property=\"article:published_time\" content=\"2011-09-16T17:59:22+00:00\" \/>\n<meta property=\"article:modified_time\" content=\"2011-09-17T17:48:07+00:00\" \/>\n<meta property=\"og:image\" content=\"http:\/\/www.visit-ulcinj.com\/blog\/wp-content\/uploads\/2011\/09\/Lidhja-Demokratike-n%C3%AB-MZ-sh%C3%ABnoi-21-vjetorin.jpg\" \/>\n<meta name=\"twitter:label1\" content=\"Written by\" \/>\n\t<meta name=\"twitter:data1\" content=\"ulqini\" \/>\n\t<meta name=\"twitter:label2\" content=\"Est. reading time\" \/>\n\t<meta name=\"twitter:data2\" content=\"6 minutes\" \/>\n<script type=\"application\/ld+json\" class=\"yoast-schema-graph\">{\"@context\":\"https:\/\/schema.org\",\"@graph\":[{\"@type\":\"WebSite\",\"@id\":\"https:\/\/www.visit-ulcinj.com\/blog\/#website\",\"url\":\"https:\/\/www.visit-ulcinj.com\/blog\/\",\"name\":\"Lajme nga Ulqini\",\"description\":\"Lajme,Vijesti,Ulqini,Ulqin,Crna Gora,Mali i Zi\",\"potentialAction\":[{\"@type\":\"SearchAction\",\"target\":{\"@type\":\"EntryPoint\",\"urlTemplate\":\"https:\/\/www.visit-ulcinj.com\/blog\/?s={search_term_string}\"},\"query-input\":\"required name=search_term_string\"}],\"inLanguage\":\"en-US\"},{\"@type\":\"ImageObject\",\"inLanguage\":\"en-US\",\"@id\":\"https:\/\/www.visit-ulcinj.com\/blog\/2011\/09\/16\/lidhja-demokratike-ne-mz-shenoi-21-vjetorin-video\/#primaryimage\",\"url\":\"http:\/\/www.visit-ulcinj.com\/blog\/wp-content\/uploads\/2011\/09\/Lidhja-Demokratike-n%C3%AB-MZ-sh%C3%ABnoi-21-vjetorin.jpg\",\"contentUrl\":\"http:\/\/www.visit-ulcinj.com\/blog\/wp-content\/uploads\/2011\/09\/Lidhja-Demokratike-n%C3%AB-MZ-sh%C3%ABnoi-21-vjetorin.jpg\"},{\"@type\":\"WebPage\",\"@id\":\"https:\/\/www.visit-ulcinj.com\/blog\/2011\/09\/16\/lidhja-demokratike-ne-mz-shenoi-21-vjetorin-video\/#webpage\",\"url\":\"https:\/\/www.visit-ulcinj.com\/blog\/2011\/09\/16\/lidhja-demokratike-ne-mz-shenoi-21-vjetorin-video\/\",\"name\":\"Lidhja Demokratike n\u00eb MZ, sh\u00ebnoi 21 vjetorin - Video - Lajme nga Ulqini\",\"isPartOf\":{\"@id\":\"https:\/\/www.visit-ulcinj.com\/blog\/#website\"},\"primaryImageOfPage\":{\"@id\":\"https:\/\/www.visit-ulcinj.com\/blog\/2011\/09\/16\/lidhja-demokratike-ne-mz-shenoi-21-vjetorin-video\/#primaryimage\"},\"datePublished\":\"2011-09-16T17:59:22+00:00\",\"dateModified\":\"2011-09-17T17:48:07+00:00\",\"author\":{\"@id\":\"https:\/\/www.visit-ulcinj.com\/blog\/#\/schema\/person\/dcab619c614d3038751c63bc2aadc06d\"},\"description\":\"Mbledhja solemne u mbajt n\u00eb Ulqin, n\u00eb restorantin \u201cKALLABA\u201d. N\u00eb k\u00ebt\u00eb tubim ishin t\u00eb pranish\u00ebm udh\u00ebheq\u00ebsit m\u00eb t\u00eb lart\u00eb t\u00eb k\u00ebsaj partie, udh\u00ebheq\u00ebsit e\",\"breadcrumb\":{\"@id\":\"https:\/\/www.visit-ulcinj.com\/blog\/2011\/09\/16\/lidhja-demokratike-ne-mz-shenoi-21-vjetorin-video\/#breadcrumb\"},\"inLanguage\":\"en-US\",\"potentialAction\":[{\"@type\":\"ReadAction\",\"target\":[\"https:\/\/www.visit-ulcinj.com\/blog\/2011\/09\/16\/lidhja-demokratike-ne-mz-shenoi-21-vjetorin-video\/\"]}]},{\"@type\":\"BreadcrumbList\",\"@id\":\"https:\/\/www.visit-ulcinj.com\/blog\/2011\/09\/16\/lidhja-demokratike-ne-mz-shenoi-21-vjetorin-video\/#breadcrumb\",\"itemListElement\":[{\"@type\":\"ListItem\",\"position\":1,\"name\":\"Lidhja Demokratike n\u00eb MZ, sh\u00ebnoi 21 vjetorin &#8211; Video\"}]},{\"@type\":\"Person\",\"@id\":\"https:\/\/www.visit-ulcinj.com\/blog\/#\/schema\/person\/dcab619c614d3038751c63bc2aadc06d\",\"name\":\"ulqini\",\"sameAs\":[\"http:\/\/www.visit-ulcinj.com\"],\"url\":\"https:\/\/www.visit-ulcinj.com\/blog\/author\/admin\/\"}]}<\/script>\n<!-- \/ Yoast SEO plugin. -->","yoast_head_json":{"title":"Lidhja Demokratike n\u00eb MZ, sh\u00ebnoi 21 vjetorin - Video - Lajme nga Ulqini","description":"Mbledhja solemne u mbajt n\u00eb Ulqin, n\u00eb restorantin \u201cKALLABA\u201d. N\u00eb k\u00ebt\u00eb tubim ishin t\u00eb pranish\u00ebm udh\u00ebheq\u00ebsit m\u00eb t\u00eb lart\u00eb t\u00eb k\u00ebsaj partie, udh\u00ebheq\u00ebsit e","robots":{"index":"index","follow":"follow","max-snippet":"max-snippet:-1","max-image-preview":"max-image-preview:large","max-video-preview":"max-video-preview:-1"},"canonical":"https:\/\/www.visit-ulcinj.com\/blog\/2011\/09\/16\/lidhja-demokratike-ne-mz-shenoi-21-vjetorin-video\/","og_locale":"en_US","og_type":"article","og_title":"Lidhja Demokratike n\u00eb MZ, sh\u00ebnoi 21 vjetorin - Video - Lajme nga Ulqini","og_description":"Mbledhja solemne u mbajt n\u00eb Ulqin, n\u00eb restorantin \u201cKALLABA\u201d. N\u00eb k\u00ebt\u00eb tubim ishin t\u00eb pranish\u00ebm udh\u00ebheq\u00ebsit m\u00eb t\u00eb lart\u00eb t\u00eb k\u00ebsaj partie, udh\u00ebheq\u00ebsit e","og_url":"https:\/\/www.visit-ulcinj.com\/blog\/2011\/09\/16\/lidhja-demokratike-ne-mz-shenoi-21-vjetorin-video\/","og_site_name":"Lajme nga Ulqini","article_published_time":"2011-09-16T17:59:22+00:00","article_modified_time":"2011-09-17T17:48:07+00:00","og_image":[{"url":"http:\/\/www.visit-ulcinj.com\/blog\/wp-content\/uploads\/2011\/09\/Lidhja-Demokratike-n%C3%AB-MZ-sh%C3%ABnoi-21-vjetorin.jpg"}],"twitter_misc":{"Written by":"ulqini","Est. reading time":"6 minutes"},"schema":{"@context":"https:\/\/schema.org","@graph":[{"@type":"WebSite","@id":"https:\/\/www.visit-ulcinj.com\/blog\/#website","url":"https:\/\/www.visit-ulcinj.com\/blog\/","name":"Lajme nga Ulqini","description":"Lajme,Vijesti,Ulqini,Ulqin,Crna Gora,Mali i Zi","potentialAction":[{"@type":"SearchAction","target":{"@type":"EntryPoint","urlTemplate":"https:\/\/www.visit-ulcinj.com\/blog\/?s={search_term_string}"},"query-input":"required name=search_term_string"}],"inLanguage":"en-US"},{"@type":"ImageObject","inLanguage":"en-US","@id":"https:\/\/www.visit-ulcinj.com\/blog\/2011\/09\/16\/lidhja-demokratike-ne-mz-shenoi-21-vjetorin-video\/#primaryimage","url":"http:\/\/www.visit-ulcinj.com\/blog\/wp-content\/uploads\/2011\/09\/Lidhja-Demokratike-n%C3%AB-MZ-sh%C3%ABnoi-21-vjetorin.jpg","contentUrl":"http:\/\/www.visit-ulcinj.com\/blog\/wp-content\/uploads\/2011\/09\/Lidhja-Demokratike-n%C3%AB-MZ-sh%C3%ABnoi-21-vjetorin.jpg"},{"@type":"WebPage","@id":"https:\/\/www.visit-ulcinj.com\/blog\/2011\/09\/16\/lidhja-demokratike-ne-mz-shenoi-21-vjetorin-video\/#webpage","url":"https:\/\/www.visit-ulcinj.com\/blog\/2011\/09\/16\/lidhja-demokratike-ne-mz-shenoi-21-vjetorin-video\/","name":"Lidhja Demokratike n\u00eb MZ, sh\u00ebnoi 21 vjetorin - Video - Lajme nga Ulqini","isPartOf":{"@id":"https:\/\/www.visit-ulcinj.com\/blog\/#website"},"primaryImageOfPage":{"@id":"https:\/\/www.visit-ulcinj.com\/blog\/2011\/09\/16\/lidhja-demokratike-ne-mz-shenoi-21-vjetorin-video\/#primaryimage"},"datePublished":"2011-09-16T17:59:22+00:00","dateModified":"2011-09-17T17:48:07+00:00","author":{"@id":"https:\/\/www.visit-ulcinj.com\/blog\/#\/schema\/person\/dcab619c614d3038751c63bc2aadc06d"},"description":"Mbledhja solemne u mbajt n\u00eb Ulqin, n\u00eb restorantin \u201cKALLABA\u201d. N\u00eb k\u00ebt\u00eb tubim ishin t\u00eb pranish\u00ebm udh\u00ebheq\u00ebsit m\u00eb t\u00eb lart\u00eb t\u00eb k\u00ebsaj partie, udh\u00ebheq\u00ebsit e","breadcrumb":{"@id":"https:\/\/www.visit-ulcinj.com\/blog\/2011\/09\/16\/lidhja-demokratike-ne-mz-shenoi-21-vjetorin-video\/#breadcrumb"},"inLanguage":"en-US","potentialAction":[{"@type":"ReadAction","target":["https:\/\/www.visit-ulcinj.com\/blog\/2011\/09\/16\/lidhja-demokratike-ne-mz-shenoi-21-vjetorin-video\/"]}]},{"@type":"BreadcrumbList","@id":"https:\/\/www.visit-ulcinj.com\/blog\/2011\/09\/16\/lidhja-demokratike-ne-mz-shenoi-21-vjetorin-video\/#breadcrumb","itemListElement":[{"@type":"ListItem","position":1,"name":"Lidhja Demokratike n\u00eb MZ, sh\u00ebnoi 21 vjetorin &#8211; Video"}]},{"@type":"Person","@id":"https:\/\/www.visit-ulcinj.com\/blog\/#\/schema\/person\/dcab619c614d3038751c63bc2aadc06d","name":"ulqini","sameAs":["http:\/\/www.visit-ulcinj.com"],"url":"https:\/\/www.visit-ulcinj.com\/blog\/author\/admin\/"}]}},"jetpack_featured_media_url":"","jetpack_sharing_enabled":true,"jetpack_shortlink":"https:\/\/wp.me\/pe6lTn-dhm","_links":{"self":[{"href":"https:\/\/www.visit-ulcinj.com\/blog\/wp-json\/wp\/v2\/posts\/51048"}],"collection":[{"href":"https:\/\/www.visit-ulcinj.com\/blog\/wp-json\/wp\/v2\/posts"}],"about":[{"href":"https:\/\/www.visit-ulcinj.com\/blog\/wp-json\/wp\/v2\/types\/post"}],"author":[{"embeddable":true,"href":"https:\/\/www.visit-ulcinj.com\/blog\/wp-json\/wp\/v2\/users\/1"}],"replies":[{"embeddable":true,"href":"https:\/\/www.visit-ulcinj.com\/blog\/wp-json\/wp\/v2\/comments?post=51048"}],"version-history":[{"count":2,"href":"https:\/\/www.visit-ulcinj.com\/blog\/wp-json\/wp\/v2\/posts\/51048\/revisions"}],"predecessor-version":[{"id":51075,"href":"https:\/\/www.visit-ulcinj.com\/blog\/wp-json\/wp\/v2\/posts\/51048\/revisions\/51075"}],"wp:attachment":[{"href":"https:\/\/www.visit-ulcinj.com\/blog\/wp-json\/wp\/v2\/media?parent=51048"}],"wp:term":[{"taxonomy":"category","embeddable":true,"href":"https:\/\/www.visit-ulcinj.com\/blog\/wp-json\/wp\/v2\/categories?post=51048"},{"taxonomy":"post_tag","embeddable":true,"href":"https:\/\/www.visit-ulcinj.com\/blog\/wp-json\/wp\/v2\/tags?post=51048"}],"curies":[{"name":"wp","href":"https:\/\/api.w.org\/{rel}","templated":true}]}}