{"id":511,"date":"2008-02-13T17:30:59","date_gmt":"2008-02-13T22:30:59","guid":{"rendered":"http:\/\/www.visit-ulcinj.com\/blog\/2008\/02\/13\/jo-vetem-kujtime-por-kronike-e-ulqinit\/"},"modified":"2008-02-15T17:20:22","modified_gmt":"2008-02-15T22:20:22","slug":"jo-vetem-kujtime-por-kronike-e-ulqinit","status":"publish","type":"post","link":"https:\/\/www.visit-ulcinj.com\/blog\/2008\/02\/13\/jo-vetem-kujtime-por-kronike-e-ulqinit\/","title":{"rendered":"Jo vet\u00ebm &#8220;Kujtime&#8221;, por kronik\u00eb e Ulqinit"},"content":{"rendered":"<p><strong><img loading=\"lazy\" border=\"0\" align=\"left\" width=\"180\" src=\"http:\/\/www.visit-ulcinj.com\/blog\/wp-content\/uploads\/2008\/02\/asllan-bisha.jpg\" height=\"240\" \/>Libri i Shaban Dollakut<\/strong><\/p>\n<p><font size=\"2\" face=\"Verdana\">Ngritjen e flamurit shqiptar si dhe k\u00ebrkesat p\u00ebr t\u00eb drejta nacionale. Shabani si dhe shum\u00eb t\u00eb tjer\u00eb ndihmuan sidomos gjat\u00eb periudh\u00ebs s\u00eb t\u00ebrrmetit. Ai flet p\u00ebr kontributin q\u00eb dha Kosova, por edhe p\u00ebr prishjen e pushimores K-1 ku ishin investuar shum\u00eb mjete. Autori i kushton nj\u00eb faqe t\u00eb r\u00ebnd\u00ebsishme edhe viteve t\u00eb 90-ta.<br \/>\nLibri i Shaban Dollakut \u00ebsht\u00eb nj\u00eb kronik\u00eb jo vet\u00ebm familijare, por edhe kronik\u00eb p\u00ebr veprat e tyre, t\u00eb cilat nuk mund t\u00eb sh\u00ebnohen n\u00eb nj\u00eb lib\u00ebr.<br \/>\nLibri i ri i Sh. Dollakut &#8220;Kujtime&#8221; nuk \u00ebsht\u00eb vet\u00ebm kujtime, monografi e familjes Muharremi &#8211; Dollaku, por nj\u00eb kronik\u00eb me r\u00ebnd\u00ebsi, e cila paraqet ngjarjet familjare n\u00ebp\u00ebr shekuj. Autori duke folur p\u00ebr v\u00ebllaz\u00ebrin\u00eb Dollaku dhe familjen Muharremi &#8211; Dollaku sh\u00ebnon shum\u00eb ngjarje me r\u00ebnd\u00ebsi p\u00ebr Ulqinin gjat\u00eb tre shekujve t\u00eb kaluar. Dollaku tregon prejardhjen e familjes s\u00eb tij q\u00eb u vendos n\u00eb Ulqin. Libri shpalos ngjarjet ekonomike t\u00eb Ulqinit, burimet e jetes\u00ebs, ullisht\u00ebn dhe mullinjt\u00eb e vajit, por edhe mullirin e drithit q\u00eb e bleu familja e tij. Autori sh\u00ebnon se n\u00eb Ulqin kishte 30 mullinj vaji, por edhe 6 furra t\u00eb buk\u00ebs. Autori sh\u00ebnon edhe emrat dhe koh\u00ebn kur ato fillojn\u00eb t\u00eb punojn\u00eb me presa. Ai flet p\u00ebr tradit\u00ebn e cila kishte rr\u00ebnj\u00eb t\u00eb thella. Autori rr\u00ebfen edhe p\u00ebr treg\u00ebtin\u00eb, p\u00ebr tregtar\u00ebt ulqinak\u00eb dhe p\u00ebr ngritjen dhe r\u00ebnien e tyre. Ai flet p\u00ebr anijet, p\u00ebr strehimin e tyre n\u00eb Bun\u00eb dhe Valdanos. Autori \u00ebsht\u00eb 80-vje\u00e7ar dhe p\u00ebrvoja e tij jet\u00ebsore \u00ebsht\u00eb e madhe. Ai u shkollua sikurse v\u00ebllez\u00ebrit e tij. \u00cbsht\u00eb kjo nj\u00eb tradit\u00eb q\u00eb dha rezultate. Shumica e v\u00ebllez\u00ebrve t\u00eb tij filluan shkollimin n\u00eb Shqip\u00ebri, por i mbaruan n\u00eb Sarajev\u00eb dhe Beograd. T\u00eb gjith\u00eb ishin t\u00eb dh\u00ebn\u00eb pas shkoll\u00ebs dhe dhan\u00eb nj\u00eb kontribut t\u00eb r\u00ebnd\u00ebsish\u00ebm edhe n\u00eb zhvillimin e Ulqinit. Me zhvillimin ekonomik nuk p\u00ebrfitoi vet\u00ebm familja por edhe qyteti me rrethin\u00eb. Kjo familje ndihmoi popullat\u00ebn n\u00eb dit\u00ebt e v\u00ebshtira n\u00eb bor\u00ebn e madhe para Luft\u00ebs s\u00eb Dyt\u00eb Bot\u00ebrore, kur u dha ushqime, miell pa pages\u00eb, por edhe gjat\u00eb bombardimit. K\u00ebto sh\u00ebnime i jep autori dhe v\u00eb n\u00eb pah jo vet\u00ebm 6 furrat e buk\u00ebs, por edhe furrtar\u00ebt dhe prejardhjen e tyre. Poashtu autori jep edhe emrat e 30 mullinjve t\u00eb vajit. Autori tregon edhe p\u00ebr vitin 1945 t\u00eb pasluft\u00ebs, ku familjes Muharremi i merren pronat. Ajo p\u00ebsoi goditje ekonomike, por nuk u gjunj\u00ebzua, sepse punonin. Ata mor\u00ebn rrug\u00ebn e shkollimit. Sarajeva ishte streha ku shumica e tyre u shkolluan. Dhe si n\u00eb kronik\u00eb p\u00ebrshkruhen vitet kur v\u00ebllai i tij Jakupi me disa ulqinak\u00eb punuan p\u00ebr \u00e7\u00ebshtjen komb\u00ebtare dhe u burgos\u00ebn. Kjo familje e ruajti tradit\u00ebn ekonomike, por edhe at\u00eb politike. Ata ishin familje e shkolluar. Hamiti arrin t\u00eb b\u00ebhet doktor i par\u00eb i shkencave n\u00eb vitin 1959, nd\u00ebrsa m\u00eb 1968 profesor i rregullt n\u00eb Sarajev\u00eb. Hamiti ndihmoi posa\u00e7\u00ebrisht ulqinak\u00ebt pas t\u00ebrrmetit. N\u00ebn mbik\u00ebqyrjen dhe udh\u00ebheqjen e tij ishte diga &#8220;Glava Zeta&#8221;, por diplomoi p\u00ebr pend\u00ebn e Batllav\u00ebs, ku ishte kryeinxhinier.<br \/>\nMe interes jan\u00eb vitet pas \u00e7lirimit m\u00eb 1945, p\u00ebr situat\u00ebn politike n\u00eb qytet, p\u00ebr sekuestrimin e pasuris\u00eb. Kjo familje mbijetoi fal\u00eb pun\u00ebs dhe shkollimit. Pasi mbaroi shkollimin, autori kthehet n\u00eb Ulqin. Vitet 1966 jan\u00eb interesante, pasi autori p\u00ebrmend intelektual\u00ebt q\u00eb mbronin t\u00eb drejtat e shqiptar\u00ebve q\u00eb i kishte shkelur regjimi i Rankoviqit, ngritjen e flamurit shqiptar si dhe k\u00ebrkesat p\u00ebr t\u00eb drejta nacionale. Shabani si dhe shum\u00eb t\u00eb tjer\u00eb ndihmuan sidomos gjat\u00eb periudh\u00ebs s\u00eb t\u00ebrmetit. Ai flet p\u00ebr kontributin q\u00eb dha Kosova, por edhe p\u00ebr prishjen e pushimores K-1, ku ishin investuar shum\u00eb mjete. Autori i kushton nj\u00eb faqe t\u00eb r\u00ebnd\u00ebsishme edhe viteve t\u00eb 90-ta.<br \/>\nLibri i Shaban Dollakut \u00ebsht\u00eb nj\u00eb kronik\u00eb jo vet\u00ebm familiare, por edhe kronik\u00eb p\u00ebr veprat e tyre, t\u00eb cilat nuk mund t\u00eb sh\u00ebnoh\u00ebn n\u00eb nj\u00eb lib\u00ebr. Un\u00eb dua t\u00eb theksoj se nga kjo familje \u00ebsht\u00eb edhe Rifat Muharremi i cili punoi si traktorist i par\u00eb n\u00eb An\u00eb t\u00eb Malit, por edhe si shofer. Ai iu ndihmonte banor\u00ebve t\u00eb k\u00ebsaj ane, sepse p\u00ebr t\u00eb arritur n\u00eb Ulqin nuk ishte e leht\u00eb, ngase s`kishte mjete t\u00eb tjera t\u00eb qarkullimit. Dhe Rifati s`i merrte kujt t\u00eb holla. I merrte sidomos t\u00eb rinjt\u00eb, i porosiste t\u00eb punojn\u00eb dhe t\u00eb shkolloh\u00ebn. Shpeshher\u00eb qortohej, por ai vazhdonte p\u00ebr t\u00eb ndihmuar t\u00eb tjer\u00ebt. Kjo familje ka merit\u00eb edhe p\u00ebr mjek\u00ebt q\u00eb dha. Ata ndihmuan popullat\u00ebn e k\u00ebsaj ane. \u00cbsht\u00eb me r\u00ebnd\u00ebsi t\u00eb theksohet fakti se ata jan\u00eb duke ruajtur dhe vazhduar tradit\u00ebn familiare. Libri &#8220;Kujtime&#8221; ka vler\u00eb t\u00eb madhe p\u00ebr Uqinin me rrethin\u00eb. Librat e till\u00eb jan\u00eb pasuri dhe pasqyr\u00eb e koh\u00ebs.<\/font><font size=\"2\" face=\"Verdana\"><font face=\"Times New Roman\"><strong>Asllan Bisha<\/strong><\/font><\/p>\n<p><\/font><\/p>\n","protected":false},"excerpt":{"rendered":"<p><img loading=\"lazy\" border=\"0\" align=\"left\" width=\"140\" src=\"http:\/\/www.visit-ulcinj.com\/blog\/wp-content\/uploads\/2008\/02\/asllan-bisha.jpg\" height=\"140\" \/><\/p>\n","protected":false},"author":1,"featured_media":0,"comment_status":"open","ping_status":"closed","sticky":false,"template":"","format":"standard","meta":{"spay_email":"","jetpack_publicize_message":"","jetpack_is_tweetstorm":false,"jetpack_publicize_feature_enabled":true},"categories":[4],"tags":[87,1408,1460,49,336,995,1461,200,37,353,136],"jetpack_publicize_connections":[],"yoast_head":"<!-- This site is optimized with the Yoast SEO plugin v19.1 - https:\/\/yoast.com\/wordpress\/plugins\/seo\/ -->\n<title>Jo vet\u00ebm &quot;Kujtime&quot;, por kronik\u00eb e Ulqinit - Lajme nga Ulqini<\/title>\n<meta name=\"robots\" content=\"index, follow, max-snippet:-1, max-image-preview:large, max-video-preview:-1\" \/>\n<link rel=\"canonical\" href=\"https:\/\/www.visit-ulcinj.com\/blog\/2008\/02\/13\/jo-vetem-kujtime-por-kronike-e-ulqinit\/\" \/>\n<meta property=\"og:locale\" content=\"en_US\" \/>\n<meta property=\"og:type\" content=\"article\" \/>\n<meta property=\"og:title\" content=\"Jo vet\u00ebm &quot;Kujtime&quot;, por kronik\u00eb e Ulqinit - Lajme nga Ulqini\" \/>\n<meta property=\"og:url\" content=\"https:\/\/www.visit-ulcinj.com\/blog\/2008\/02\/13\/jo-vetem-kujtime-por-kronike-e-ulqinit\/\" \/>\n<meta property=\"og:site_name\" content=\"Lajme nga Ulqini\" \/>\n<meta property=\"article:published_time\" content=\"2008-02-13T22:30:59+00:00\" \/>\n<meta property=\"article:modified_time\" content=\"2008-02-15T22:20:22+00:00\" \/>\n<meta property=\"og:image\" content=\"http:\/\/www.visit-ulcinj.com\/blog\/wp-content\/uploads\/2008\/02\/asllan-bisha.jpg\" \/>\n<meta name=\"twitter:label1\" content=\"Written by\" \/>\n\t<meta name=\"twitter:data1\" content=\"ulqini\" \/>\n\t<meta name=\"twitter:label2\" content=\"Est. reading time\" \/>\n\t<meta name=\"twitter:data2\" content=\"4 minutes\" \/>\n<script type=\"application\/ld+json\" class=\"yoast-schema-graph\">{\"@context\":\"https:\/\/schema.org\",\"@graph\":[{\"@type\":\"WebSite\",\"@id\":\"https:\/\/www.visit-ulcinj.com\/blog\/#website\",\"url\":\"https:\/\/www.visit-ulcinj.com\/blog\/\",\"name\":\"Lajme nga Ulqini\",\"description\":\"Lajme,Vijesti,Ulqini,Ulqin,Crna Gora,Mali i Zi\",\"potentialAction\":[{\"@type\":\"SearchAction\",\"target\":{\"@type\":\"EntryPoint\",\"urlTemplate\":\"https:\/\/www.visit-ulcinj.com\/blog\/?s={search_term_string}\"},\"query-input\":\"required name=search_term_string\"}],\"inLanguage\":\"en-US\"},{\"@type\":\"ImageObject\",\"inLanguage\":\"en-US\",\"@id\":\"https:\/\/www.visit-ulcinj.com\/blog\/2008\/02\/13\/jo-vetem-kujtime-por-kronike-e-ulqinit\/#primaryimage\",\"url\":\"http:\/\/www.visit-ulcinj.com\/blog\/wp-content\/uploads\/2008\/02\/asllan-bisha.jpg\",\"contentUrl\":\"http:\/\/www.visit-ulcinj.com\/blog\/wp-content\/uploads\/2008\/02\/asllan-bisha.jpg\"},{\"@type\":\"WebPage\",\"@id\":\"https:\/\/www.visit-ulcinj.com\/blog\/2008\/02\/13\/jo-vetem-kujtime-por-kronike-e-ulqinit\/#webpage\",\"url\":\"https:\/\/www.visit-ulcinj.com\/blog\/2008\/02\/13\/jo-vetem-kujtime-por-kronike-e-ulqinit\/\",\"name\":\"Jo vet\u00ebm \\\"Kujtime\\\", por kronik\u00eb e Ulqinit - Lajme nga Ulqini\",\"isPartOf\":{\"@id\":\"https:\/\/www.visit-ulcinj.com\/blog\/#website\"},\"primaryImageOfPage\":{\"@id\":\"https:\/\/www.visit-ulcinj.com\/blog\/2008\/02\/13\/jo-vetem-kujtime-por-kronike-e-ulqinit\/#primaryimage\"},\"datePublished\":\"2008-02-13T22:30:59+00:00\",\"dateModified\":\"2008-02-15T22:20:22+00:00\",\"author\":{\"@id\":\"https:\/\/www.visit-ulcinj.com\/blog\/#\/schema\/person\/dcab619c614d3038751c63bc2aadc06d\"},\"breadcrumb\":{\"@id\":\"https:\/\/www.visit-ulcinj.com\/blog\/2008\/02\/13\/jo-vetem-kujtime-por-kronike-e-ulqinit\/#breadcrumb\"},\"inLanguage\":\"en-US\",\"potentialAction\":[{\"@type\":\"ReadAction\",\"target\":[\"https:\/\/www.visit-ulcinj.com\/blog\/2008\/02\/13\/jo-vetem-kujtime-por-kronike-e-ulqinit\/\"]}]},{\"@type\":\"BreadcrumbList\",\"@id\":\"https:\/\/www.visit-ulcinj.com\/blog\/2008\/02\/13\/jo-vetem-kujtime-por-kronike-e-ulqinit\/#breadcrumb\",\"itemListElement\":[{\"@type\":\"ListItem\",\"position\":1,\"name\":\"Jo vet\u00ebm &#8220;Kujtime&#8221;, por kronik\u00eb e Ulqinit\"}]},{\"@type\":\"Person\",\"@id\":\"https:\/\/www.visit-ulcinj.com\/blog\/#\/schema\/person\/dcab619c614d3038751c63bc2aadc06d\",\"name\":\"ulqini\",\"sameAs\":[\"http:\/\/www.visit-ulcinj.com\"],\"url\":\"https:\/\/www.visit-ulcinj.com\/blog\/author\/admin\/\"}]}<\/script>\n<!-- \/ Yoast SEO plugin. -->","yoast_head_json":{"title":"Jo vet\u00ebm \"Kujtime\", por kronik\u00eb e Ulqinit - Lajme nga Ulqini","robots":{"index":"index","follow":"follow","max-snippet":"max-snippet:-1","max-image-preview":"max-image-preview:large","max-video-preview":"max-video-preview:-1"},"canonical":"https:\/\/www.visit-ulcinj.com\/blog\/2008\/02\/13\/jo-vetem-kujtime-por-kronike-e-ulqinit\/","og_locale":"en_US","og_type":"article","og_title":"Jo vet\u00ebm \"Kujtime\", por kronik\u00eb e Ulqinit - Lajme nga Ulqini","og_url":"https:\/\/www.visit-ulcinj.com\/blog\/2008\/02\/13\/jo-vetem-kujtime-por-kronike-e-ulqinit\/","og_site_name":"Lajme nga Ulqini","article_published_time":"2008-02-13T22:30:59+00:00","article_modified_time":"2008-02-15T22:20:22+00:00","og_image":[{"url":"http:\/\/www.visit-ulcinj.com\/blog\/wp-content\/uploads\/2008\/02\/asllan-bisha.jpg"}],"twitter_misc":{"Written by":"ulqini","Est. reading time":"4 minutes"},"schema":{"@context":"https:\/\/schema.org","@graph":[{"@type":"WebSite","@id":"https:\/\/www.visit-ulcinj.com\/blog\/#website","url":"https:\/\/www.visit-ulcinj.com\/blog\/","name":"Lajme nga Ulqini","description":"Lajme,Vijesti,Ulqini,Ulqin,Crna Gora,Mali i Zi","potentialAction":[{"@type":"SearchAction","target":{"@type":"EntryPoint","urlTemplate":"https:\/\/www.visit-ulcinj.com\/blog\/?s={search_term_string}"},"query-input":"required name=search_term_string"}],"inLanguage":"en-US"},{"@type":"ImageObject","inLanguage":"en-US","@id":"https:\/\/www.visit-ulcinj.com\/blog\/2008\/02\/13\/jo-vetem-kujtime-por-kronike-e-ulqinit\/#primaryimage","url":"http:\/\/www.visit-ulcinj.com\/blog\/wp-content\/uploads\/2008\/02\/asllan-bisha.jpg","contentUrl":"http:\/\/www.visit-ulcinj.com\/blog\/wp-content\/uploads\/2008\/02\/asllan-bisha.jpg"},{"@type":"WebPage","@id":"https:\/\/www.visit-ulcinj.com\/blog\/2008\/02\/13\/jo-vetem-kujtime-por-kronike-e-ulqinit\/#webpage","url":"https:\/\/www.visit-ulcinj.com\/blog\/2008\/02\/13\/jo-vetem-kujtime-por-kronike-e-ulqinit\/","name":"Jo vet\u00ebm \"Kujtime\", por kronik\u00eb e Ulqinit - Lajme nga Ulqini","isPartOf":{"@id":"https:\/\/www.visit-ulcinj.com\/blog\/#website"},"primaryImageOfPage":{"@id":"https:\/\/www.visit-ulcinj.com\/blog\/2008\/02\/13\/jo-vetem-kujtime-por-kronike-e-ulqinit\/#primaryimage"},"datePublished":"2008-02-13T22:30:59+00:00","dateModified":"2008-02-15T22:20:22+00:00","author":{"@id":"https:\/\/www.visit-ulcinj.com\/blog\/#\/schema\/person\/dcab619c614d3038751c63bc2aadc06d"},"breadcrumb":{"@id":"https:\/\/www.visit-ulcinj.com\/blog\/2008\/02\/13\/jo-vetem-kujtime-por-kronike-e-ulqinit\/#breadcrumb"},"inLanguage":"en-US","potentialAction":[{"@type":"ReadAction","target":["https:\/\/www.visit-ulcinj.com\/blog\/2008\/02\/13\/jo-vetem-kujtime-por-kronike-e-ulqinit\/"]}]},{"@type":"BreadcrumbList","@id":"https:\/\/www.visit-ulcinj.com\/blog\/2008\/02\/13\/jo-vetem-kujtime-por-kronike-e-ulqinit\/#breadcrumb","itemListElement":[{"@type":"ListItem","position":1,"name":"Jo vet\u00ebm &#8220;Kujtime&#8221;, por kronik\u00eb e Ulqinit"}]},{"@type":"Person","@id":"https:\/\/www.visit-ulcinj.com\/blog\/#\/schema\/person\/dcab619c614d3038751c63bc2aadc06d","name":"ulqini","sameAs":["http:\/\/www.visit-ulcinj.com"],"url":"https:\/\/www.visit-ulcinj.com\/blog\/author\/admin\/"}]}},"jetpack_featured_media_url":"","jetpack_sharing_enabled":true,"jetpack_shortlink":"https:\/\/wp.me\/pe6lTn-8f","_links":{"self":[{"href":"https:\/\/www.visit-ulcinj.com\/blog\/wp-json\/wp\/v2\/posts\/511"}],"collection":[{"href":"https:\/\/www.visit-ulcinj.com\/blog\/wp-json\/wp\/v2\/posts"}],"about":[{"href":"https:\/\/www.visit-ulcinj.com\/blog\/wp-json\/wp\/v2\/types\/post"}],"author":[{"embeddable":true,"href":"https:\/\/www.visit-ulcinj.com\/blog\/wp-json\/wp\/v2\/users\/1"}],"replies":[{"embeddable":true,"href":"https:\/\/www.visit-ulcinj.com\/blog\/wp-json\/wp\/v2\/comments?post=511"}],"version-history":[{"count":0,"href":"https:\/\/www.visit-ulcinj.com\/blog\/wp-json\/wp\/v2\/posts\/511\/revisions"}],"wp:attachment":[{"href":"https:\/\/www.visit-ulcinj.com\/blog\/wp-json\/wp\/v2\/media?parent=511"}],"wp:term":[{"taxonomy":"category","embeddable":true,"href":"https:\/\/www.visit-ulcinj.com\/blog\/wp-json\/wp\/v2\/categories?post=511"},{"taxonomy":"post_tag","embeddable":true,"href":"https:\/\/www.visit-ulcinj.com\/blog\/wp-json\/wp\/v2\/tags?post=511"}],"curies":[{"name":"wp","href":"https:\/\/api.w.org\/{rel}","templated":true}]}}